{"id":10004,"date":"2017-08-22T17:55:19","date_gmt":"2017-08-22T15:55:19","guid":{"rendered":"http:\/\/www.atomcomics.net\/?p=10004"},"modified":"2017-08-22T17:55:31","modified_gmt":"2017-08-22T15:55:31","slug":"playphonia-muestra-sinfonica-musical-de-videojuegos","status":"publish","type":"post","link":"https:\/\/www.atomcomics.net\/blog\/2017\/08\/22\/playphonia-muestra-sinfonica-musical-de-videojuegos\/","title":{"rendered":"PLAYPHONIA: Muestra sinf\u00f3nica musical para videojuegos"},"content":{"rendered":"<p>El pr\u00f3ximo viernes <strong>29 de septiembre a las 22:30<\/strong> tendr\u00e1 lugar en el <strong>Auditorio Nacional de M\u00fasica<\/strong> el estreno de <strong>PLAYPHONIA<\/strong>, la primera \u2018gran muestra sinf\u00f3nica\u2019 dedicada a la creaci\u00f3n musical para los videojuegos que se celebra en nuestro pa\u00eds.<\/p>\n<p>Se trata de un concierto de 95 minutos de duraci\u00f3n interpretado por Orquesta Metropolitana de Madrid y Coro Tal\u00eda [Grupo Concertante Tal\u00eda] bajo la direcci\u00f3n de su Directora Titular, Silvia Sanz Torre, que ofrecer\u00e1 una selecto ramillete de bandas sonoras de videojuegos presentadas en formato suite.<\/p>\n<p>&nbsp;<\/p>\n<p><a href=\"http:\/\/www.auditorionacional.mcu.es\/es\/programacion\/grupo-concertante-talia-playphonia\"><img data-recalc-dims=\"1\" loading=\"lazy\" decoding=\"async\" data-attachment-id=\"10006\" data-permalink=\"https:\/\/www.atomcomics.net\/blog\/2017\/08\/22\/playphonia-muestra-sinfonica-musical-de-videojuegos\/bioshock-background\/\" data-orig-file=\"https:\/\/i0.wp.com\/www.atomcomics.net\/blog\/wp-content\/uploads\/BIOSHOCK-Background.jpg?fit=2015%2C953&amp;ssl=1\" data-orig-size=\"2015,953\" data-comments-opened=\"0\" data-image-meta=\"{&quot;aperture&quot;:&quot;0&quot;,&quot;credit&quot;:&quot;&quot;,&quot;camera&quot;:&quot;&quot;,&quot;caption&quot;:&quot;&quot;,&quot;created_timestamp&quot;:&quot;0&quot;,&quot;copyright&quot;:&quot;&quot;,&quot;focal_length&quot;:&quot;0&quot;,&quot;iso&quot;:&quot;0&quot;,&quot;shutter_speed&quot;:&quot;0&quot;,&quot;title&quot;:&quot;&quot;,&quot;orientation&quot;:&quot;0&quot;}\" data-image-title=\"BIOSHOCK Background\" data-image-description=\"\" data-image-caption=\"\" data-medium-file=\"https:\/\/i0.wp.com\/www.atomcomics.net\/blog\/wp-content\/uploads\/BIOSHOCK-Background.jpg?fit=744%2C352&amp;ssl=1\" data-large-file=\"https:\/\/i0.wp.com\/www.atomcomics.net\/blog\/wp-content\/uploads\/BIOSHOCK-Background.jpg?fit=1200%2C568&amp;ssl=1\" class=\"aligncenter size-thumbnail wp-image-10006\" src=\"https:\/\/i0.wp.com\/www.atomcomics.net\/wp-content\/uploads\/BIOSHOCK-Background-420x199.jpg?resize=420%2C199\" alt=\"\" width=\"420\" height=\"199\" srcset=\"https:\/\/i0.wp.com\/www.atomcomics.net\/blog\/wp-content\/uploads\/BIOSHOCK-Background.jpg?resize=420%2C199&amp;ssl=1 420w, https:\/\/i0.wp.com\/www.atomcomics.net\/blog\/wp-content\/uploads\/BIOSHOCK-Background.jpg?resize=744%2C352&amp;ssl=1 744w, https:\/\/i0.wp.com\/www.atomcomics.net\/blog\/wp-content\/uploads\/BIOSHOCK-Background.jpg?resize=768%2C363&amp;ssl=1 768w, https:\/\/i0.wp.com\/www.atomcomics.net\/blog\/wp-content\/uploads\/BIOSHOCK-Background.jpg?resize=1200%2C568&amp;ssl=1 1200w, https:\/\/i0.wp.com\/www.atomcomics.net\/blog\/wp-content\/uploads\/BIOSHOCK-Background.jpg?w=2015&amp;ssl=1 2015w\" sizes=\"auto, (max-width: 420px) 100vw, 420px\" \/><\/a><\/p>\n<p><b>Seis estrenos absolutos y un estreno nacional<\/b><\/p>\n<p>Este novedoso concierto, ideado y comisariado por el cr\u00edtico especializado en m\u00fasica audiovisual David Rodriguez Cerd\u00e1n, supone seis estrenos absolutos y un estreno nacional. El programa incluye las creaciones de compositores como Jessica Curry (<em>Everybody\u2019s Gone to the Rapture<\/em>), Olivier Derivi\u00e8re (<em>Remember me, Get even<\/em>), el espa\u00f1ol David Garc\u00eda D\u00edaz (<em>Rime<\/em>), Jon Hillman (<em>That dragon, Cancer<\/em>), Garry Schyman (<em>BioShock<\/em>) y Austin Wintory (<em>Assassin\u2019s Creed Syndicate<\/em>).<\/p>\n<p>Los creadores han mostrado un gran inter\u00e9s en este concierto hasta el punto de que Jessica Curry ha creado, expresamente para este concierto, una extensa suite con la m\u00fasica de <em><strong>Everybody\u2019s Gone to the Rapture<\/strong><\/em>. Lo mismo ocurre con el premiado Garry Schyman, quien ha preparado un poema sinf\u00f3nico en tres movimientos de media hora de duraci\u00f3n basado en la m\u00fasica de los tres juegos de <em><strong>BioShock<\/strong><\/em>.<br \/>\n<b><br \/>\nM\u00fasica sinf\u00f3nica que sale del gueto<\/b><\/p>\n<p>Seg\u00fan explica David Rodr\u00edguez Cerd\u00e1n, creador de <strong>Playphonia<\/strong>, esta iniciativa tiene como objetivo \u201csacar del gueto\u201d unas m\u00fasicas mucho m\u00e1s en sinton\u00eda con nuestro presente sonoro, \u201cabriendo as\u00ed la puerta del futuro a la pujante m\u00fasica sinf\u00f3nica que se realiza en los m\u00e1rgenes de la creaci\u00f3n oficialista\u201d.<\/p>\n<p>M\u00e1s informaci\u00f3n en:<\/p>\n<p><a href=\"http:\/\/www.auditorionacional.mcu.es\/es\/programacion\/grupo-concertante-talia-playphonia\" target=\"_blank\" rel=\"noopener\" data-saferedirecturl=\"https:\/\/www.google.com\/url?hl=en&amp;q=http:\/\/www.auditorionacional.mcu.es\/es\/programacion\/grupo-concertante-talia-playphonia&amp;source=gmail&amp;ust=1503499969408000&amp;usg=AFQjCNH2kZ4byk61X3SWmd4cD8uDncuSOQ\">http:\/\/www.auditorionacional.m<wbr \/>cu.es\/es\/programacion\/grupo-co<wbr \/>ncertante-talia-playphonia<\/a><\/p>\n","protected":false},"excerpt":{"rendered":"<p>El pr\u00f3ximo viernes 29 de septiembre a las 22:30 tendr\u00e1 lugar en el Auditorio Nacional de M\u00fasica el estreno de PLAYPHONIA, la primera \u2018gran muestra sinf\u00f3nica\u2019 dedicada a la creaci\u00f3n musical para los videojuegos que se celebra en nuestro pa\u00eds. <a class=\"read-more-link\" href=\"https:\/\/www.atomcomics.net\/blog\/2017\/08\/22\/playphonia-muestra-sinfonica-musical-de-videojuegos\/\">(seguir leyendo)<\/a><\/p>\n","protected":false},"author":1,"featured_media":10005,"comment_status":"closed","ping_status":"open","sticky":false,"template":"","format":"standard","meta":{"jetpack_post_was_ever_published":false,"_jetpack_newsletter_access":"","_jetpack_dont_email_post_to_subs":false,"_jetpack_newsletter_tier_id":0,"_jetpack_memberships_contains_paywalled_content":false,"_jetpack_memberships_contains_paid_content":false,"footnotes":"","jetpack_publicize_message":"","jetpack_publicize_feature_enabled":true,"jetpack_social_post_already_shared":true,"jetpack_social_options":{"image_generator_settings":{"template":"highway","default_image_id":0,"font":"","enabled":false},"version":2}},"categories":[6],"tags":[],"class_list":["post-10004","post","type-post","status-publish","format-standard","has-post-thumbnail","hentry","category-noticias"],"jetpack_publicize_connections":[],"jetpack_featured_media_url":"https:\/\/i0.wp.com\/www.atomcomics.net\/blog\/wp-content\/uploads\/PLAYPHONIA-2017-Isologo-B%C3%A1sico-B-e1503416707526.jpg?fit=2330%2C1165&ssl=1","jetpack_shortlink":"https:\/\/wp.me\/p53Ua-2Bm","jetpack-related-posts":[{"id":9629,"url":"https:\/\/www.atomcomics.net\/blog\/2017\/04\/21\/presentacion-viernes-21-magia-en-movimiento\/","url_meta":{"origin":10004,"position":0},"title":"Presentaci\u00f3n Viernes 21 &#8211; Magia en Movimiento","author":"ATOM COMICS","date":"21, abril, 2017","format":false,"excerpt":"El pr\u00f3ximo viernes 21 de abril, a las 18:30h, coincidiendo con\u00a0\"La Noche de los Libros\", la editorial Applehead Team Creaciones presenta \"Magia en Movimiento\", que profundiza en la relaci\u00f3n del cantante Michael Jackson con el mundo del cine y los videojuegos. Su autor, Toni Arias y el cr\u00edtico de cine\u2026","rel":"","context":"En \u00abNoticias\u00bb","block_context":{"text":"Noticias","link":"https:\/\/www.atomcomics.net\/blog\/category\/noticias\/"},"img":{"alt_text":"","src":"https:\/\/i0.wp.com\/www.atomcomics.net\/wp-content\/uploads\/C9jUVwWWAAEnfuC-420x221.jpg?resize=350%2C200","width":350,"height":200},"classes":[]},{"id":14317,"url":"https:\/\/www.atomcomics.net\/blog\/2023\/02\/04\/presentacion-expediente-v-misterio-y-videojuegos\/","url_meta":{"origin":10004,"position":1},"title":"Presentaci\u00f3n Expediente V Misterio y videojuegos","author":"ATOM COMICS","date":"4, febrero, 2023","format":false,"excerpt":"\u00abVaya, este juego que hice hace m\u00e1s de treinta a\u00f1os a\u00fan genera debate.La gente todav\u00eda habla de \u00e9l aunque sea para quejarse o para criticarlo\u00bbHoward Scott Warshaw, creador de\u00a0E.T. El Extraterrestre\u00a0para\u00a0Atari 2600. Os invitamos a la presentaci\u00f3n de: Expediente V.\u00a0 Misterio y Videojuegos Juegos malditos relacionados con ominosos cr\u00edmenes,\u00a0creepypastas, contenido\u2026","rel":"","context":"En \u00abNoticias\u00bb","block_context":{"text":"Noticias","link":"https:\/\/www.atomcomics.net\/blog\/category\/noticias\/"},"img":{"alt_text":"","src":"https:\/\/i0.wp.com\/www.atomcomics.net\/blog\/wp-content\/uploads\/logopresentacion-3.png?fit=840%2C362&ssl=1&resize=350%2C200","width":350,"height":200,"srcset":"https:\/\/i0.wp.com\/www.atomcomics.net\/blog\/wp-content\/uploads\/logopresentacion-3.png?fit=840%2C362&ssl=1&resize=350%2C200 1x, https:\/\/i0.wp.com\/www.atomcomics.net\/blog\/wp-content\/uploads\/logopresentacion-3.png?fit=840%2C362&ssl=1&resize=525%2C300 1.5x, https:\/\/i0.wp.com\/www.atomcomics.net\/blog\/wp-content\/uploads\/logopresentacion-3.png?fit=840%2C362&ssl=1&resize=700%2C400 2x"},"classes":[]},{"id":14630,"url":"https:\/\/www.atomcomics.net\/blog\/2024\/04\/14\/feria-del-libro-de-pozuelo\/","url_meta":{"origin":10004,"position":2},"title":"Feria del Libro de Pozuelo","author":"ATOM COMICS","date":"14, abril, 2024","format":false,"excerpt":"El pr\u00f3ximo fin de semana podr\u00e9is encontrarnos lejos de las librer\u00edas, lejos del centro de la capital... \u00a1Nos vamos a Pozuelo! Atom C\u00f3mics tendr\u00e1 caseta en la Feria del Libro de Pozuelo de Alarc\u00f3n. Os dejamos aqu\u00ed mismo los datos b\u00e1sicos de la feria: Fechas:Del viernes 19 al domingo 21\u2026","rel":"","context":"En \u00abNoticias\u00bb","block_context":{"text":"Noticias","link":"https:\/\/www.atomcomics.net\/blog\/category\/noticias\/"},"img":{"alt_text":"","src":"https:\/\/i0.wp.com\/www.atomcomics.net\/blog\/wp-content\/uploads\/Feria-del-Libro-815_0.png?fit=815%2C400&ssl=1&resize=350%2C200","width":350,"height":200,"srcset":"https:\/\/i0.wp.com\/www.atomcomics.net\/blog\/wp-content\/uploads\/Feria-del-Libro-815_0.png?fit=815%2C400&ssl=1&resize=350%2C200 1x, https:\/\/i0.wp.com\/www.atomcomics.net\/blog\/wp-content\/uploads\/Feria-del-Libro-815_0.png?fit=815%2C400&ssl=1&resize=525%2C300 1.5x, https:\/\/i0.wp.com\/www.atomcomics.net\/blog\/wp-content\/uploads\/Feria-del-Libro-815_0.png?fit=815%2C400&ssl=1&resize=700%2C400 2x"},"classes":[]},{"id":66,"url":"https:\/\/www.atomcomics.net\/blog\/2005\/07\/19\/transformers-la-pelicula\/","url_meta":{"origin":10004,"position":3},"title":"Transformers: LA PEL\u00cdCULA","author":"ATOM COMICS","date":"19, julio, 2005","format":false,"excerpt":"Parece confirmad\u00edsimo, habr\u00e1 pel\u00edcula de los Transformers. Debe ser que tras ver el anuncio de Citro\u00ebn, aquel del robot bailando y estirando, las altas esferas de Hollywood se han dado cuenta de las posibilidades de una pel\u00edcula de robots transformables, supongo que la falta de ideas tambi\u00e9n ha ayudado a\u2026","rel":"","context":"Con 1 comentario","block_context":{"text":"Con 1 comentario","link":"https:\/\/www.atomcomics.net\/blog\/2005\/07\/19\/transformers-la-pelicula\/#comments"},"img":{"alt_text":"","src":"","width":0,"height":0},"classes":[]},{"id":8581,"url":"https:\/\/www.atomcomics.net\/blog\/2016\/02\/22\/7a-encuentro-tintinofilo-en-fundacion-carlos-de-amberes\/","url_meta":{"origin":10004,"position":4},"title":"7\u00aa Encuentro Tintin\u00f3filo en Fundaci\u00f3n Carlos de Amberes","author":"ATOM COMICS","date":"22, febrero, 2016","format":false,"excerpt":"CONCESI\u00d3N DEL PREMIO \u201cTINTIN\u00d3FILO DEL A\u00d1O\u201d A JULI\u00c1N HERN\u00c1NDEZ El conocido m\u00fasico del grupo Siniestro Total ser\u00e1 nombrado \u201cTintin\u00f3filo del a\u00f1o 2016\u201d Por tercer a\u00f1o consecutivo, la asociaci\u00f3n Tintin\u00f3fila de habla hispana \u00a1Mil Rayos! har\u00e1\u00a0entrega del premio \u201cTintin\u00f3filo del a\u00f1o\u201d. El reconocido m\u00fasico Juli\u00e1n Hern\u00e1ndez\u00a0seguir\u00e1 los pasos del dibujante Paco\u2026","rel":"","context":"Entrada similar","block_context":{"text":"Entrada similar","link":""},"img":{"alt_text":"","src":"https:\/\/i0.wp.com\/www.milrayos.com\/wp-content\/uploads\/2016\/01\/postal_reverso-01.jpg?resize=350%2C200","width":350,"height":200,"srcset":"https:\/\/i0.wp.com\/www.milrayos.com\/wp-content\/uploads\/2016\/01\/postal_reverso-01.jpg?resize=350%2C200 1x, https:\/\/i0.wp.com\/www.milrayos.com\/wp-content\/uploads\/2016\/01\/postal_reverso-01.jpg?resize=525%2C300 1.5x"},"classes":[]},{"id":5073,"url":"https:\/\/www.atomcomics.net\/blog\/2013\/06\/17\/podcast-altamente-ilogico-1-los-amorios-de-spiderman\/","url_meta":{"origin":10004,"position":5},"title":"Podcast. Altamente il\u00f3gico #1: Los amor\u00edos de Spiderman","author":"ATOM COMICS","date":"17, junio, 2013","format":false,"excerpt":"Altamente Il\u00f3gico\u00a0es el t\u00edtulo del nuevo podcast realizado por\u00a0Atom Comics, con el apoyo de Comicalia. En la primera edici\u00f3n, Dani, Jarillo y Luigi se centran principalmente en los amor\u00edos de Spiderman, aunque tambi\u00e9n hay tiempo para tratar el pr\u00f3ximo estreno de El Hombre de Acero, y muchas cosas m\u00e1s\u2026 hasta\u2026","rel":"","context":"En \u00abPodcast\u00bb","block_context":{"text":"Podcast","link":"https:\/\/www.atomcomics.net\/blog\/category\/pod\/"},"img":{"alt_text":"","src":"http:\/\/upload.wikimedia.org\/wikipedia\/en\/thumb\/3\/31\/Asmannual21.jpg\/250px-Asmannual21.jpg","width":350,"height":200},"classes":[]}],"jetpack_sharing_enabled":true,"_links":{"self":[{"href":"https:\/\/www.atomcomics.net\/blog\/wp-json\/wp\/v2\/posts\/10004","targetHints":{"allow":["GET"]}}],"collection":[{"href":"https:\/\/www.atomcomics.net\/blog\/wp-json\/wp\/v2\/posts"}],"about":[{"href":"https:\/\/www.atomcomics.net\/blog\/wp-json\/wp\/v2\/types\/post"}],"author":[{"embeddable":true,"href":"https:\/\/www.atomcomics.net\/blog\/wp-json\/wp\/v2\/users\/1"}],"replies":[{"embeddable":true,"href":"https:\/\/www.atomcomics.net\/blog\/wp-json\/wp\/v2\/comments?post=10004"}],"version-history":[{"count":2,"href":"https:\/\/www.atomcomics.net\/blog\/wp-json\/wp\/v2\/posts\/10004\/revisions"}],"predecessor-version":[{"id":10008,"href":"https:\/\/www.atomcomics.net\/blog\/wp-json\/wp\/v2\/posts\/10004\/revisions\/10008"}],"wp:featuredmedia":[{"embeddable":true,"href":"https:\/\/www.atomcomics.net\/blog\/wp-json\/wp\/v2\/media\/10005"}],"wp:attachment":[{"href":"https:\/\/www.atomcomics.net\/blog\/wp-json\/wp\/v2\/media?parent=10004"}],"wp:term":[{"taxonomy":"category","embeddable":true,"href":"https:\/\/www.atomcomics.net\/blog\/wp-json\/wp\/v2\/categories?post=10004"},{"taxonomy":"post_tag","embeddable":true,"href":"https:\/\/www.atomcomics.net\/blog\/wp-json\/wp\/v2\/tags?post=10004"}],"curies":[{"name":"wp","href":"https:\/\/api.w.org\/{rel}","templated":true}]}}