{"id":10009,"date":"2017-08-22T19:06:25","date_gmt":"2017-08-22T17:06:25","guid":{"rendered":"http:\/\/www.atomcomics.net\/?p=10009"},"modified":"2017-08-22T19:15:49","modified_gmt":"2017-08-22T17:15:49","slug":"de-todos-los-continentes-para-todos-los-lectores","status":"publish","type":"post","link":"https:\/\/www.atomcomics.net\/blog\/2017\/08\/22\/de-todos-los-continentes-para-todos-los-lectores\/","title":{"rendered":"De todos los continentes para todos los lectores"},"content":{"rendered":"<h4 class=\"product-container\">LA C\u00daPULA<\/h4>\n<div class=\"row\">\n<div class=\"left-block col-xs-4 col-sm-5 col-md-4\">\n<div class=\"product-image-container\"><a class=\"product_img_link\" title=\"LOS IGNORANTES (ED. R\u00daSTICA) (COSECHA 2017)\" href=\"https:\/\/www.comicalia.com\/bd-nueva-ola\/27903-los-ignorantes-ed-rustica-cosecha-2017-9788415724735.html\"><img data-recalc-dims=\"1\" loading=\"lazy\" decoding=\"async\" class=\"replace-2x img-responsive\" title=\"LOS IGNORANTES (ED. RUSTICA) (COSECHA 2017)\" src=\"https:\/\/i0.wp.com\/www.comicalia.com\/28435-home_default\/los-ignorantes-ed-rustica-cosecha-2017.jpg?resize=250%2C250&#038;ssl=1\" alt=\"LOS IGNORANTES (ED. RUSTICA) (COSECHA 2017)\" width=\"250\" height=\"250\" \/><\/a><\/div>\n<h5 class=\"product-image-container\"><a class=\"product-name\" title=\"LOS IGNORANTES (ED. R\u00daSTICA) (COSECHA 2017)\" href=\"https:\/\/www.comicalia.com\/bd-nueva-ola\/27903-los-ignorantes-ed-rustica-cosecha-2017-9788415724735.html\">LOS IGNORANTES (ED. R\u00daSTICA) (COSECHA 2017)<\/a>\u00a019,50 \u20ac<\/h5>\n<div><a class=\"product_img_link\" title=\"EL HOMBRE CADAVER (2a EDICI\u00d3N)\" href=\"https:\/\/www.comicalia.com\/manga-seinen\/27899-el-hombre-cadaver-2a-edicion-9788416400744.html\"><img data-recalc-dims=\"1\" loading=\"lazy\" decoding=\"async\" class=\"replace-2x img-responsive\" title=\"EL HOMBRE CADAVER (2a EDICION)\" src=\"https:\/\/i0.wp.com\/www.comicalia.com\/28430-home_default\/el-hombre-cadaver-2a-edicion.jpg?resize=250%2C250&#038;ssl=1\" alt=\"EL HOMBRE CADAVER (2a EDICION)\" width=\"250\" height=\"250\" \/><\/a><\/div>\n<div>\n<h5><a class=\"product-name\" title=\"EL HOMBRE CADAVER (2a EDICI\u00d3N)\" href=\"https:\/\/www.comicalia.com\/manga-seinen\/27899-el-hombre-cadaver-2a-edicion-9788416400744.html\">EL HOMBRE CADAVER (2a EDICI\u00d3N)<\/a> EDICI\u00d3N REVISADA 10,95 \u20ac<\/h5>\n<div class=\"product-container\">\n<div class=\"row\">\n<div class=\"center-block col-xs-4 col-sm-7 col-md-4\">\n<h4>PANINI<\/h4>\n<div class=\"left-block col-xs-4 col-sm-5 col-md-4\">\n<h5 class=\"product-image-container\"><a class=\"product_img_link\" title=\"CROSSED 03. PSIC\u00d3PATA (COMIC)\" href=\"https:\/\/www.comicalia.com\/fantasia-otros-mundos\/27898-crossed-03-psicopata-comic-9788491670599.html\"><img data-recalc-dims=\"1\" loading=\"lazy\" decoding=\"async\" class=\"replace-2x img-responsive\" title=\"CROSSED 03. PSICOPATA (COMIC)\" src=\"https:\/\/i0.wp.com\/www.comicalia.com\/28429-home_default\/crossed-03-psicopata-comic.jpg?resize=250%2C250&#038;ssl=1\" alt=\"CROSSED 03. PSICOPATA (COMIC)\" width=\"250\" height=\"250\" \/><\/a><\/h5>\n<h5 class=\"product-image-container\"><a class=\"product-name\" title=\"CROSSED 03. PSIC\u00d3PATA (COMIC)\" href=\"https:\/\/www.comicalia.com\/fantasia-otros-mundos\/27898-crossed-03-psicopata-comic-9788491670599.html\">CROSSED 03. PSIC\u00d3PATA (COMIC)<\/a> 16,50 \u20ac<span style=\"font-size: 16px;\">\u00a0<\/span><\/h5>\n<\/div>\n<\/div>\n<\/div>\n<\/div>\n<\/div>\n<\/div>\n<\/div>\n<div class=\"left-block col-xs-4 col-sm-5 col-md-4\">\n<div class=\"product-image-container\"><a class=\"product_img_link\" title=\"CMH 82: MASACRE 03. VERANO CRUEL\" href=\"https:\/\/www.comicalia.com\/superheroes-marvel\/27897-cmh-82-masacre-03-verano-cruel-9788491670544.html\"><img data-recalc-dims=\"1\" loading=\"lazy\" decoding=\"async\" class=\"replace-2x img-responsive\" title=\"CMH 82: MASACRE 03. VERANO CRUEL\" src=\"https:\/\/i0.wp.com\/www.comicalia.com\/28428-home_default\/cmh-82-masacre-03-verano-cruel.jpg?resize=250%2C250&#038;ssl=1\" alt=\"CMH 82: MASACRE 03. VERANO CRUEL\" width=\"250\" height=\"250\" \/><\/a><\/div>\n<h5 class=\"product-image-container\"><a class=\"product-name\" title=\"CMH 82: MASACRE 03. VERANO CRUEL\" href=\"https:\/\/www.comicalia.com\/superheroes-marvel\/27897-cmh-82-masacre-03-verano-cruel-9788491670544.html\">CMH 82: MASACRE 03. VERANO CRUEL<\/a> 39,95 \u20ac<\/h5>\n<\/div>\n<div class=\"row\">\n<div class=\"left-block col-xs-4 col-sm-5 col-md-4\">\n<h5 class=\"product-image-container\"><a class=\"product_img_link\" title=\"BERSERK MAXIMUM 2\" href=\"https:\/\/www.comicalia.com\/manga-seinen\/27895-berserk-maximum-2-9788491670612.html\"><img data-recalc-dims=\"1\" loading=\"lazy\" decoding=\"async\" class=\"replace-2x img-responsive\" title=\"BERSERK MAXIMUM 2\" src=\"https:\/\/i0.wp.com\/www.comicalia.com\/28426-home_default\/berserk-maximum-2.jpg?resize=250%2C250&#038;ssl=1\" alt=\"BERSERK MAXIMUM 2\" width=\"250\" height=\"250\" \/><\/a><\/h5>\n<h5 class=\"product-image-container\"><a class=\"product-name\" title=\"BERSERK MAXIMUM 2\" href=\"https:\/\/www.comicalia.com\/manga-seinen\/27895-berserk-maximum-2-9788491670612.html\">BERSERK MAXIMUM 2<\/a> 15,00 \u20ac<\/h5>\n<div>\n<div class=\"left-block col-xs-4 col-sm-5 col-md-4\">\n<h5 class=\"product-image-container\"><a class=\"product_img_link\" title=\"ASSASSINATION CLASSROOM 19\" href=\"https:\/\/www.comicalia.com\/shonen\/27894-assassination-classroom-19-9788491670605.html\"><img data-recalc-dims=\"1\" loading=\"lazy\" decoding=\"async\" class=\"replace-2x img-responsive\" title=\"ASSASSINATION CLASSROOM 19\" src=\"https:\/\/i0.wp.com\/www.comicalia.com\/28425-home_default\/assassination-classroom-19.jpg?resize=250%2C250&#038;ssl=1\" alt=\"ASSASSINATION CLASSROOM 19\" width=\"250\" height=\"250\" \/><\/a><\/h5>\n<h5 class=\"product-image-container\"><a class=\"product-name\" title=\"ASSASSINATION CLASSROOM 19\" href=\"https:\/\/www.comicalia.com\/shonen\/27894-assassination-classroom-19-9788491670605.html\">ASSASSINATION CLASSROOM 19<\/a> Hora de ir a la escuela 7,95 \u20ac<\/h5>\n<h4>DOLMEN<\/h4>\n<\/div>\n<\/div>\n<\/div>\n<\/div>\n<h5><a class=\"product_img_link\" title=\"SUPERAGENTE 327 1980-1983\" href=\"https:\/\/www.comicalia.com\/bd-aventura\/27904-superagente-327-1980-1983-9788416961450.html\"><img data-recalc-dims=\"1\" loading=\"lazy\" decoding=\"async\" class=\"replace-2x img-responsive\" title=\"SUPERAGENTE 327 1980-1983\" src=\"https:\/\/i0.wp.com\/www.comicalia.com\/28434-home_default\/superagente-327-1980-1983.jpg?resize=250%2C250&#038;ssl=1\" alt=\"SUPERAGENTE 327 1980-1983\" width=\"250\" height=\"250\" \/><\/a><\/h5>\n<h5><a class=\"product-name\" title=\"SUPERAGENTE 327 1980-1983\" href=\"https:\/\/www.comicalia.com\/bd-aventura\/27904-superagente-327-1980-1983-9788416961450.html\">SUPERAGENTE 327 1980-1983<\/a> 29,95 \u20ac<\/h5>\n<h5><a class=\"product_img_link\" title=\"CASACAS AZULES 1983-1985\" href=\"https:\/\/www.comicalia.com\/bd-aventura\/27896-casacas-azules-1983-1985-9788416961382.html\"><img data-recalc-dims=\"1\" loading=\"lazy\" decoding=\"async\" class=\"replace-2x img-responsive\" title=\"CASACAS AZULES 1983-1985\" src=\"https:\/\/i0.wp.com\/www.comicalia.com\/28427-home_default\/casacas-azules-1983-1985.jpg?resize=250%2C250&#038;ssl=1\" alt=\"CASACAS AZULES 1983-1985\" width=\"250\" height=\"250\" \/><\/a><\/h5>\n<h5><a class=\"product-name\" title=\"CASACAS AZULES 1983-1985\" href=\"https:\/\/www.comicalia.com\/bd-aventura\/27896-casacas-azules-1983-1985-9788416961382.html\">CASACAS AZULES 1983-1985<\/a> 29,95 \u20ac<\/h5>\n<h5 class=\"product-desc\"><a class=\"product_img_link\" title=\"HISTORIAS DE LA PUTA MILI 1992-1993\" href=\"https:\/\/www.comicalia.com\/humor\/27901-historias-de-la-puta-mili-1992-1993-9788416961474.html\"><img data-recalc-dims=\"1\" loading=\"lazy\" decoding=\"async\" class=\"replace-2x img-responsive\" title=\"HISTORIAS DE LA PUTA MILI 1992-1993\" src=\"https:\/\/i0.wp.com\/www.comicalia.com\/28432-home_default\/historias-de-la-puta-mili-1992-1993.jpg?resize=250%2C250&#038;ssl=1\" alt=\"HISTORIAS DE LA PUTA MILI 1992-1993\" width=\"250\" height=\"250\" \/><\/a><\/h5>\n<h5 class=\"product-desc\"><a class=\"product-name\" title=\"HISTORIAS DE LA PUTA MILI 1992-1993\" href=\"https:\/\/www.comicalia.com\/humor\/27901-historias-de-la-puta-mili-1992-1993-9788416961474.html\">HISTORIAS DE LA PUTA MILI 1992-1993<\/a> 23,95 \u20ac<\/h5>\n<h4>ASTIBERRI<\/h4>\n<h5 class=\"product-container\"><a class=\"product_img_link\" title=\"LA VOZ QUE NO CESA\" href=\"https:\/\/www.comicalia.com\/bd-nueva-ola\/27902-la-voz-que-no-cesa-9788416880249.html\"><img data-recalc-dims=\"1\" loading=\"lazy\" decoding=\"async\" class=\"replace-2x img-responsive\" title=\"LA VOZ QUE NO CESA\" src=\"https:\/\/i0.wp.com\/www.comicalia.com\/28433-home_default\/la-voz-que-no-cesa.jpg?resize=250%2C250&#038;ssl=1\" alt=\"LA VOZ QUE NO CESA\" width=\"250\" height=\"250\" \/><\/a><\/h5>\n<div class=\"product-container\">\n<div class=\"row\">\n<h5 class=\"product-image-container\"><a class=\"product-name\" title=\"LA VOZ QUE NO CESA\" href=\"https:\/\/www.comicalia.com\/bd-nueva-ola\/27902-la-voz-que-no-cesa-9788416880249.html\">LA VOZ QUE NO CESA<\/a> Vida de Miguel Hern\u00e1ndez. Con pr\u00f3logo de Joan Manuel Serrat 15,00 \u20ac<\/h5>\n<div class=\"center-block col-xs-4 col-sm-7 col-md-4\">\n<h5 class=\"product-image-container\"><a class=\"product_img_link\" title=\"EL \u00daLTIMO RECREO\" href=\"https:\/\/www.comicalia.com\/bd-nueva-ola\/27900-el-ultimo-recreo-9788416880195.html\"><img data-recalc-dims=\"1\" loading=\"lazy\" decoding=\"async\" class=\"replace-2x img-responsive\" title=\"EL ULTIMO RECREO\" src=\"https:\/\/i0.wp.com\/www.comicalia.com\/28431-home_default\/el-ultimo-recreo.jpg?resize=250%2C250&#038;ssl=1\" alt=\"EL ULTIMO RECREO\" width=\"250\" height=\"250\" \/><\/a><\/h5>\n<h5 class=\"product-image-container\"><a class=\"product-name\" title=\"EL \u00daLTIMO RECREO\" href=\"https:\/\/www.comicalia.com\/bd-nueva-ola\/27900-el-ultimo-recreo-9788416880195.html\">EL \u00daLTIMO RECREO<\/a> 16,00 \u20ac<\/h5>\n<\/div>\n<\/div>\n<\/div>\n","protected":false},"excerpt":{"rendered":"<p>Astiberri, La C\u00fapula, Panini y Dolmen nos ofrecen nuevos t\u00edtulos y alguna re-edici\u00f3n.  <a class=\"read-more-link\" href=\"https:\/\/www.atomcomics.net\/blog\/2017\/08\/22\/de-todos-los-continentes-para-todos-los-lectores\/\">(seguir leyendo)<\/a><\/p>\n","protected":false},"author":1,"featured_media":10010,"comment_status":"closed","ping_status":"open","sticky":false,"template":"","format":"standard","meta":{"jetpack_post_was_ever_published":false,"_jetpack_newsletter_access":"","_jetpack_dont_email_post_to_subs":false,"_jetpack_newsletter_tier_id":0,"_jetpack_memberships_contains_paywalled_content":false,"_jetpack_memberships_contains_paid_content":false,"footnotes":"","jetpack_publicize_message":"","jetpack_publicize_feature_enabled":true,"jetpack_social_post_already_shared":true,"jetpack_social_options":{"image_generator_settings":{"template":"highway","default_image_id":0,"font":"","enabled":false},"version":2}},"categories":[3],"tags":[],"class_list":["post-10009","post","type-post","status-publish","format-standard","has-post-thumbnail","hentry","category-novedades"],"jetpack_publicize_connections":[],"jetpack_featured_media_url":"https:\/\/i0.wp.com\/www.atomcomics.net\/blog\/wp-content\/uploads\/ASTULTREC01-e1503421535789.jpg?fit=801%2C400&ssl=1","jetpack_shortlink":"https:\/\/wp.me\/p53Ua-2Br","jetpack-related-posts":[{"id":695,"url":"https:\/\/www.atomcomics.net\/blog\/2007\/01\/30\/novedad-la-cupula\/","url_meta":{"origin":10009,"position":0},"title":"Novedad: La C\u00fapula","author":"ATOM COMICS","date":"30, enero, 2007","format":false,"excerpt":"EDICIONES BLa Voz de los Muertos (Byblos) - 5\u20ac\u00a0LA C\u00daPULAAlex - 18\u20acComo Un Guante de Seda Forjado en Hierro (3\u00aa Edici\u00f3n) - 10,50\u20acTorpe - 12\u20acLouis Riel (Edici\u00f3n Corregida) - 16\u20acEl Club Eltingville - 7,50\u20acFever #3 - 9,95\u20acRagnar\u00f6k #5 - 8,95\u20acNovedad de la C\u00fapula, bastantes t\u00edtulos y todos con buenas referencias.\u2026","rel":"","context":"En \u00abNovedades\u00bb","block_context":{"text":"Novedades","link":"https:\/\/www.atomcomics.net\/blog\/category\/novedades\/"},"img":{"alt_text":"","src":"https:\/\/i0.wp.com\/i62.photobucket.com\/albums\/h108\/atomcomics\/barra-1-1.jpg?resize=350%2C200","width":350,"height":200},"classes":[]},{"id":1107,"url":"https:\/\/www.atomcomics.net\/blog\/2008\/07\/29\/novedad-aleta-la-cupula-y-ian\/","url_meta":{"origin":10009,"position":1},"title":"Novedad: Aleta, La C\u00fapula y IAN","author":"ATOM COMICS","date":"29, julio, 2008","format":false,"excerpt":"ALETA Martin Mystere #37 - 5\u20ac Dylan Dog Un Extra\u00f1o Cliente - 15\u20ac Dampyr La Banda de los Muertos - 15\u20ac\u00a0 DIBBUKS Ian Integral - 18\u20ac 2044... La humanidad es capaz de crear robots perfectos. Son m\u00e1s fuertes, m\u00e1s r\u00e1pidos y menos torpes que nosotros, y realizan d\u00f3cilmente todos los\u2026","rel":"","context":"En \u00abNovedades\u00bb","block_context":{"text":"Novedades","link":"https:\/\/www.atomcomics.net\/blog\/category\/novedades\/"},"img":{"alt_text":"","src":"https:\/\/i0.wp.com\/i62.photobucket.com\/albums\/h108\/atomcomics\/barra-1-1.jpg?resize=350%2C200","width":350,"height":200},"classes":[]},{"id":2221,"url":"https:\/\/www.atomcomics.net\/blog\/2009\/12\/22\/novedad-la-cupula-diciembre\/","url_meta":{"origin":10009,"position":2},"title":"Novedad: La C\u00fapula Diciembre","author":"ATOM COMICS","date":"22, diciembre, 2009","format":false,"excerpt":"LA C\u00daPULA Pinocchio - 32\u20ac Nocturno: El Esp\u00edritu del Viento - 17,50\u20ac Rosalie Blum #2: \u00a1Arriba las Manos! - 18\u20ac El Caso Sorge: Un Esp\u00eda de Stalin en Tokio - 22\u20ac \"El 20 de junio Hitler atacar\u00e1 por sorpresa la Uni\u00f3n Sovi\u00e9tica? \u00a1Yo lo evitar\u00e9! \u00a1Hoy har\u00e9 historia! Yo, Richard\u2026","rel":"","context":"En \u00abNovedades\u00bb","block_context":{"text":"Novedades","link":"https:\/\/www.atomcomics.net\/blog\/category\/novedades\/"},"img":{"alt_text":"","src":"https:\/\/i0.wp.com\/www.sddistribuciones.com\/novedades2009\/diciembre\/18diciembre\/NEWSLETTER\/CUP00038702.jpg?resize=350%2C200","width":350,"height":200},"classes":[]},{"id":4939,"url":"https:\/\/www.atomcomics.net\/blog\/2013\/04\/12\/novedad-norma-salon-y-la-cupula\/","url_meta":{"origin":10009,"position":3},"title":"Novedad: Norma Sal\u00f3n y La C\u00fapula","author":"ATOM COMICS","date":"12, abril, 2013","format":false,"excerpt":"LA C\u00daPULA Poppers 12,00 \u20ac Reset 12,00 \u20ac NORMA TALES FROM THE END OF THE WORLD 18,50 \u20ac TIME KILLERS 8,50 \u20ac EL PROFESOR LAYTON Y SUS... 7,50 \u20ac THERMAE ROMAE 01 8,00 \u20ac ARISTOCRACIA CAMPESINA 7,50 \u20ac CLAYMORE 22 7,50 \u20ac SAILOR MOON 5 8,00 \u20ac PANDORA HEARTS 09\u2026","rel":"","context":"En \u00abNovedades\u00bb","block_context":{"text":"Novedades","link":"https:\/\/www.atomcomics.net\/blog\/category\/novedades\/"},"img":{"alt_text":"Poppers","src":"https:\/\/i0.wp.com\/www.comicalia.com\/10183-9879-large\/poppers.jpg?resize=350%2C200","width":350,"height":200},"classes":[]},{"id":1869,"url":"https:\/\/www.atomcomics.net\/blog\/2009\/06\/29\/novedad-la-cupula-5\/","url_meta":{"origin":10009,"position":4},"title":"Novedad: La C\u00fapula","author":"ATOM COMICS","date":"29, junio, 2009","format":false,"excerpt":"LA C\u00daPULA R\u00edo Veneneo Obra Completa - 8,95\u20ac Ghost World 7\u00aa Ed. - 16\u20ac Gato Saliendo de una Bolsa - 15\u20ac Nocturno El Que Camina con los Muertos - 17,50\u20ac Seck ve como el cuerpo de su padre, muerto desde hace diez a\u00f1os, dirige su vida. \u00c9l obedece. Karen, a\u2026","rel":"","context":"En \u00abNovedades\u00bb","block_context":{"text":"Novedades","link":"https:\/\/www.atomcomics.net\/blog\/category\/novedades\/"},"img":{"alt_text":"","src":"https:\/\/i0.wp.com\/www.lacupula.com\/web\/\/imgs\/tapes_art\/tapa763.jpg?resize=350%2C200","width":350,"height":200},"classes":[]},{"id":4341,"url":"https:\/\/www.atomcomics.net\/blog\/2012\/08\/24\/novedad-cosicas-de-la-cupula\/","url_meta":{"origin":10009,"position":5},"title":"Novedad: Cosicas de la C\u00fapula","author":"ATOM COMICS","date":"24, agosto, 2012","format":false,"excerpt":"LA C\u00daPULA EL SUPERSERDO (1968-1978) - 19\u20ac \u00a0 CAMALE\u00d3N - 15\u20ac \u00a0","rel":"","context":"En \u00abNovedades\u00bb","block_context":{"text":"Novedades","link":"https:\/\/www.atomcomics.net\/blog\/category\/novedades\/"},"img":{"alt_text":"","src":"https:\/\/i0.wp.com\/www.sddistribuciones.com\/novedades2012\/agosto\/del20deagostoal24deagosto\/links%20comics\/CUP78339891.jpg?resize=350%2C200","width":350,"height":200},"classes":[]}],"jetpack_sharing_enabled":true,"_links":{"self":[{"href":"https:\/\/www.atomcomics.net\/blog\/wp-json\/wp\/v2\/posts\/10009","targetHints":{"allow":["GET"]}}],"collection":[{"href":"https:\/\/www.atomcomics.net\/blog\/wp-json\/wp\/v2\/posts"}],"about":[{"href":"https:\/\/www.atomcomics.net\/blog\/wp-json\/wp\/v2\/types\/post"}],"author":[{"embeddable":true,"href":"https:\/\/www.atomcomics.net\/blog\/wp-json\/wp\/v2\/users\/1"}],"replies":[{"embeddable":true,"href":"https:\/\/www.atomcomics.net\/blog\/wp-json\/wp\/v2\/comments?post=10009"}],"version-history":[{"count":14,"href":"https:\/\/www.atomcomics.net\/blog\/wp-json\/wp\/v2\/posts\/10009\/revisions"}],"predecessor-version":[{"id":10024,"href":"https:\/\/www.atomcomics.net\/blog\/wp-json\/wp\/v2\/posts\/10009\/revisions\/10024"}],"wp:featuredmedia":[{"embeddable":true,"href":"https:\/\/www.atomcomics.net\/blog\/wp-json\/wp\/v2\/media\/10010"}],"wp:attachment":[{"href":"https:\/\/www.atomcomics.net\/blog\/wp-json\/wp\/v2\/media?parent=10009"}],"wp:term":[{"taxonomy":"category","embeddable":true,"href":"https:\/\/www.atomcomics.net\/blog\/wp-json\/wp\/v2\/categories?post=10009"},{"taxonomy":"post_tag","embeddable":true,"href":"https:\/\/www.atomcomics.net\/blog\/wp-json\/wp\/v2\/tags?post=10009"}],"curies":[{"name":"wp","href":"https:\/\/api.w.org\/{rel}","templated":true}]}}