{"id":10050,"date":"2017-08-28T11:06:44","date_gmt":"2017-08-28T09:06:44","guid":{"rendered":"http:\/\/www.atomcomics.net\/?p=10050"},"modified":"2017-08-28T12:02:35","modified_gmt":"2017-08-28T10:02:35","slug":"atom-goya-vuelve-de-sus-vacaciones","status":"publish","type":"post","link":"https:\/\/www.atomcomics.net\/blog\/2017\/08\/28\/atom-goya-vuelve-de-sus-vacaciones\/","title":{"rendered":"Atom Goya vuelve de sus vacaciones"},"content":{"rendered":"<p>Desde el d\u00eda 28 de Agosto ya tenemos en pleno rendimiento ambas tiendas. S\u00ed, la noticia que estabais esperando:<\/p>\n<p style=\"text-align: center;\"><strong>Atom Goya (c\/ Fern\u00e1n Gonz\u00e1lez 14) vuelve a la actividad<\/strong><\/p>\n<p>No ten\u00e9is excusa para no venir a vernos.<\/p>\n<p><img data-recalc-dims=\"1\" loading=\"lazy\" decoding=\"async\" data-attachment-id=\"10051\" data-permalink=\"https:\/\/www.atomcomics.net\/blog\/2017\/08\/28\/atom-goya-vuelve-de-sus-vacaciones\/teen-wolf-1985-13\/\" data-orig-file=\"https:\/\/i0.wp.com\/www.atomcomics.net\/blog\/wp-content\/uploads\/TEEN-WOLF-1985-13-e1503911172421.jpg?fit=800%2C400&amp;ssl=1\" data-orig-size=\"800,400\" data-comments-opened=\"0\" data-image-meta=\"{&quot;aperture&quot;:&quot;0&quot;,&quot;credit&quot;:&quot;&quot;,&quot;camera&quot;:&quot;&quot;,&quot;caption&quot;:&quot;&quot;,&quot;created_timestamp&quot;:&quot;0&quot;,&quot;copyright&quot;:&quot;&quot;,&quot;focal_length&quot;:&quot;0&quot;,&quot;iso&quot;:&quot;0&quot;,&quot;shutter_speed&quot;:&quot;0&quot;,&quot;title&quot;:&quot;&quot;,&quot;orientation&quot;:&quot;0&quot;}\" data-image-title=\"TEEN WOLF (1985) 13\" data-image-description=\"\" data-image-caption=\"\" data-medium-file=\"https:\/\/i0.wp.com\/www.atomcomics.net\/blog\/wp-content\/uploads\/TEEN-WOLF-1985-13-e1503911172421.jpg?fit=744%2C372&amp;ssl=1\" data-large-file=\"https:\/\/i0.wp.com\/www.atomcomics.net\/blog\/wp-content\/uploads\/TEEN-WOLF-1985-13-e1503911172421.jpg?fit=1200%2C675&amp;ssl=1\" class=\"aligncenter size-thumbnail wp-image-10051\" src=\"https:\/\/i0.wp.com\/www.atomcomics.net\/wp-content\/uploads\/TEEN-WOLF-1985-13-420x236.jpg?resize=420%2C236\" alt=\"\" width=\"420\" height=\"236\" \/><\/p>\n<p style=\"text-align: center;\"><em>Jug\u00f3n<\/em><\/p>\n","protected":false},"excerpt":{"rendered":"<p>S\u00ed, la noticia que estabais esperando:<\/p>\n<p>Atom Goya (c\/ Fern\u00e1n Gonz\u00e1lez 14) vuelve a la actividad. <a class=\"read-more-link\" href=\"https:\/\/www.atomcomics.net\/blog\/2017\/08\/28\/atom-goya-vuelve-de-sus-vacaciones\/\">(seguir leyendo)<\/a><\/p>\n","protected":false},"author":1,"featured_media":10051,"comment_status":"closed","ping_status":"open","sticky":false,"template":"","format":"standard","meta":{"jetpack_post_was_ever_published":false,"_jetpack_newsletter_access":"","_jetpack_dont_email_post_to_subs":false,"_jetpack_newsletter_tier_id":0,"_jetpack_memberships_contains_paywalled_content":false,"_jetpack_memberships_contains_paid_content":false,"footnotes":"","jetpack_publicize_message":"Atom Goya vuelve de sus vacaciones","jetpack_publicize_feature_enabled":true,"jetpack_social_post_already_shared":true,"jetpack_social_options":{"image_generator_settings":{"template":"highway","default_image_id":0,"font":"","enabled":false},"version":2}},"categories":[6],"tags":[],"class_list":["post-10050","post","type-post","status-publish","format-standard","has-post-thumbnail","hentry","category-noticias"],"jetpack_publicize_connections":[],"jetpack_featured_media_url":"https:\/\/i0.wp.com\/www.atomcomics.net\/blog\/wp-content\/uploads\/TEEN-WOLF-1985-13-e1503911172421.jpg?fit=800%2C400&ssl=1","jetpack_shortlink":"https:\/\/wp.me\/p53Ua-2C6","jetpack-related-posts":[{"id":13508,"url":"https:\/\/www.atomcomics.net\/blog\/2021\/08\/25\/atom-goya-vuelve\/","url_meta":{"origin":10050,"position":0},"title":"Atom Goya vuelve","author":"ATOM COMICS","date":"25, agosto, 2021","format":false,"excerpt":"Hoy d\u00eda 25 volvemos a las andadas en #AtomGoya. Ya sab\u00e9is, nuestra tienda en c\/Fern\u00e1n Gonz\u00e1lez 14 (metro Goya) regresa a la actividad. Si no la conoc\u00e9is puede ser un buen momento para visitarla, si ya la conoces, \u00bfa qu\u00e9 esperas para volver?","rel":"","context":"Entrada similar","block_context":{"text":"Entrada similar","link":""},"img":{"alt_text":"","src":"https:\/\/i0.wp.com\/www.atomcomics.net\/blog\/wp-content\/uploads\/futurama-werebackbaby.png?fit=744%2C402&ssl=1&resize=350%2C200","width":350,"height":200,"srcset":"https:\/\/i0.wp.com\/www.atomcomics.net\/blog\/wp-content\/uploads\/futurama-werebackbaby.png?fit=744%2C402&ssl=1&resize=350%2C200 1x, https:\/\/i0.wp.com\/www.atomcomics.net\/blog\/wp-content\/uploads\/futurama-werebackbaby.png?fit=744%2C402&ssl=1&resize=525%2C300 1.5x, https:\/\/i0.wp.com\/www.atomcomics.net\/blog\/wp-content\/uploads\/futurama-werebackbaby.png?fit=744%2C402&ssl=1&resize=700%2C400 2x"},"classes":[]},{"id":13504,"url":"https:\/\/www.atomcomics.net\/blog\/2021\/08\/14\/vacaciones-atom-comics-2\/","url_meta":{"origin":10050,"position":1},"title":"Vacaciones Atom C\u00f3mics","author":"ATOM COMICS","date":"14, agosto, 2021","format":false,"excerpt":"Ha llegado el momento del descanso total. Atom C\u00f3mics #Bilbao c\/Fuencarral 134 (entrada por Alburquerque) se marcha de vacaciones, bueno, los libreros son los que se marchan de vacaciones. La librer\u00eda permanecer\u00e1 cerrada desde el 15 de agosto hasta el 31 del mismo mes. Volveremos el d\u00eda 1 de septiembre.\u00a0\u2026","rel":"","context":"Entrada similar","block_context":{"text":"Entrada similar","link":""},"img":{"alt_text":"","src":"https:\/\/i0.wp.com\/www.atomcomics.net\/blog\/wp-content\/uploads\/imbattable-pascal-jousselin-journal-spirou-plage.png?fit=900%2C600&ssl=1&resize=350%2C200","width":350,"height":200,"srcset":"https:\/\/i0.wp.com\/www.atomcomics.net\/blog\/wp-content\/uploads\/imbattable-pascal-jousselin-journal-spirou-plage.png?fit=900%2C600&ssl=1&resize=350%2C200 1x, https:\/\/i0.wp.com\/www.atomcomics.net\/blog\/wp-content\/uploads\/imbattable-pascal-jousselin-journal-spirou-plage.png?fit=900%2C600&ssl=1&resize=525%2C300 1.5x, https:\/\/i0.wp.com\/www.atomcomics.net\/blog\/wp-content\/uploads\/imbattable-pascal-jousselin-journal-spirou-plage.png?fit=900%2C600&ssl=1&resize=700%2C400 2x"},"classes":[]},{"id":12717,"url":"https:\/\/www.atomcomics.net\/blog\/2020\/08\/14\/dias-de-descanso\/","url_meta":{"origin":10050,"position":2},"title":"D\u00edas de descanso","author":"ATOM COMICS","date":"14, agosto, 2020","format":false,"excerpt":"Atom C\u00f3mics se toma un \u00bfmerecido? descanso. Pero tranquilos, volveremos bien pronto, una tienda un poco antes que otra. A saber:\u00a0 Atom C\u00f3mics Bilbao c\/ Fuencarral 134 (entrada por Alburquerque) regresa el mi\u00e9rcoles 26 de agosto. Atom C\u00f3mics Goya c\/ Fern\u00e1n Gonz\u00e1lez volver\u00e1 el martes 1 de septiembre. Cuidado con\u2026","rel":"","context":"Entrada similar","block_context":{"text":"Entrada similar","link":""},"img":{"alt_text":"","src":"https:\/\/i0.wp.com\/www.atomcomics.net\/blog\/wp-content\/uploads\/Kirk-Douglass-Bridgitte-Bardot-1280x953-1.jpg?fit=1200%2C893&ssl=1&resize=350%2C200","width":350,"height":200,"srcset":"https:\/\/i0.wp.com\/www.atomcomics.net\/blog\/wp-content\/uploads\/Kirk-Douglass-Bridgitte-Bardot-1280x953-1.jpg?fit=1200%2C893&ssl=1&resize=350%2C200 1x, https:\/\/i0.wp.com\/www.atomcomics.net\/blog\/wp-content\/uploads\/Kirk-Douglass-Bridgitte-Bardot-1280x953-1.jpg?fit=1200%2C893&ssl=1&resize=525%2C300 1.5x, https:\/\/i0.wp.com\/www.atomcomics.net\/blog\/wp-content\/uploads\/Kirk-Douglass-Bridgitte-Bardot-1280x953-1.jpg?fit=1200%2C893&ssl=1&resize=700%2C400 2x, https:\/\/i0.wp.com\/www.atomcomics.net\/blog\/wp-content\/uploads\/Kirk-Douglass-Bridgitte-Bardot-1280x953-1.jpg?fit=1200%2C893&ssl=1&resize=1050%2C600 3x"},"classes":[]},{"id":9334,"url":"https:\/\/www.atomcomics.net\/blog\/2016\/11\/28\/sorteo-en-atom-comics-goya\/","url_meta":{"origin":10050,"position":3},"title":"#Sorteo en Atom C\u00f3mics Goya","author":"ATOM COMICS","date":"28, noviembre, 2016","format":false,"excerpt":"Quieres ganar tres pedazo de tebeos, s\u00f3lo tienes que compartir la informaci\u00f3n de este post en redes sociales y visitar Atom Goya (c\/ Fern\u00e1n Gonz\u00e1lez 14)\u00a0para\u00a0recoger tu papeleta para el sorteo. Sorteamos tres t\u00edtulos para un \u00fanico ganador: \u00a1EDICI\u00d3N CONMEMORATIVA 30 ANIVERSARIO DE BATMAN: EL REGRESO DEL CABALLERO OSCURO! En\u2026","rel":"","context":"Entrada similar","block_context":{"text":"Entrada similar","link":""},"img":{"alt_text":"batman-miller-coleccionista-sorteo-atom-goya","src":"https:\/\/i0.wp.com\/www.atomcomics.net\/wp-content\/uploads\/Batman-Miller-Coleccionista-Sorteo-Atom-Goya-420x201.gif?resize=350%2C200","width":350,"height":200},"classes":[]},{"id":13417,"url":"https:\/\/www.atomcomics.net\/blog\/2021\/07\/06\/doble-sesion-de-buen-comic-terrorifico-desde-atom-goya\/","url_meta":{"origin":10050,"position":4},"title":"Doble sesi\u00f3n de buen c\u00f3mic terror\u00edfico desde Atom Goya","author":"ATOM COMICS","date":"6, julio, 2021","format":false,"excerpt":"Doble sesi\u00f3n desde Atom Goya","rel":"","context":"En \u00abLecturas recomendadas\u00bb","block_context":{"text":"Lecturas recomendadas","link":"https:\/\/www.atomcomics.net\/blog\/category\/aca\/"},"img":{"alt_text":"","src":"https:\/\/i0.wp.com\/www.atomcomics.net\/blog\/wp-content\/uploads\/WhatsApp-Image-2021-07-05-at-12.13.29.jpeg?fit=1200%2C675&ssl=1&resize=350%2C200","width":350,"height":200,"srcset":"https:\/\/i0.wp.com\/www.atomcomics.net\/blog\/wp-content\/uploads\/WhatsApp-Image-2021-07-05-at-12.13.29.jpeg?fit=1200%2C675&ssl=1&resize=350%2C200 1x, https:\/\/i0.wp.com\/www.atomcomics.net\/blog\/wp-content\/uploads\/WhatsApp-Image-2021-07-05-at-12.13.29.jpeg?fit=1200%2C675&ssl=1&resize=525%2C300 1.5x, https:\/\/i0.wp.com\/www.atomcomics.net\/blog\/wp-content\/uploads\/WhatsApp-Image-2021-07-05-at-12.13.29.jpeg?fit=1200%2C675&ssl=1&resize=700%2C400 2x, https:\/\/i0.wp.com\/www.atomcomics.net\/blog\/wp-content\/uploads\/WhatsApp-Image-2021-07-05-at-12.13.29.jpeg?fit=1200%2C675&ssl=1&resize=1050%2C600 3x"},"classes":[]},{"id":14012,"url":"https:\/\/www.atomcomics.net\/blog\/2022\/07\/22\/horario-de-verano-y-en-breve-nos-vamos-de-vacaciones\/","url_meta":{"origin":10050,"position":5},"title":"Horario de verano y en breve nos vamos de vacaciones","author":"ATOM COMICS","date":"22, julio, 2022","format":false,"excerpt":"Os informamos de cositas de vuestro inter\u00e9s. A partir del s\u00e1bado 23 Atom Goya (c\/ Fern\u00e1n Gonz\u00e1lez 14) comienza su horario de verano, los s\u00e1bado s\u00f3lo abriremos por la ma\u00f1ana de 11h a 14.30h Atom C\u00f3mics (c\/Fuencarral 134 ) mantendr\u00e1 su horario normal hasta el mes de agosto, donde los\u2026","rel":"","context":"En \u00abNoticias\u00bb","block_context":{"text":"Noticias","link":"https:\/\/www.atomcomics.net\/blog\/category\/noticias\/"},"img":{"alt_text":"","src":"https:\/\/i0.wp.com\/www.atomcomics.net\/blog\/wp-content\/uploads\/pexels-pixabay-301599-1-scaled.jpg?fit=1200%2C675&ssl=1&resize=350%2C200","width":350,"height":200,"srcset":"https:\/\/i0.wp.com\/www.atomcomics.net\/blog\/wp-content\/uploads\/pexels-pixabay-301599-1-scaled.jpg?fit=1200%2C675&ssl=1&resize=350%2C200 1x, https:\/\/i0.wp.com\/www.atomcomics.net\/blog\/wp-content\/uploads\/pexels-pixabay-301599-1-scaled.jpg?fit=1200%2C675&ssl=1&resize=525%2C300 1.5x, https:\/\/i0.wp.com\/www.atomcomics.net\/blog\/wp-content\/uploads\/pexels-pixabay-301599-1-scaled.jpg?fit=1200%2C675&ssl=1&resize=700%2C400 2x, https:\/\/i0.wp.com\/www.atomcomics.net\/blog\/wp-content\/uploads\/pexels-pixabay-301599-1-scaled.jpg?fit=1200%2C675&ssl=1&resize=1050%2C600 3x"},"classes":[]}],"jetpack_sharing_enabled":true,"_links":{"self":[{"href":"https:\/\/www.atomcomics.net\/blog\/wp-json\/wp\/v2\/posts\/10050","targetHints":{"allow":["GET"]}}],"collection":[{"href":"https:\/\/www.atomcomics.net\/blog\/wp-json\/wp\/v2\/posts"}],"about":[{"href":"https:\/\/www.atomcomics.net\/blog\/wp-json\/wp\/v2\/types\/post"}],"author":[{"embeddable":true,"href":"https:\/\/www.atomcomics.net\/blog\/wp-json\/wp\/v2\/users\/1"}],"replies":[{"embeddable":true,"href":"https:\/\/www.atomcomics.net\/blog\/wp-json\/wp\/v2\/comments?post=10050"}],"version-history":[{"count":2,"href":"https:\/\/www.atomcomics.net\/blog\/wp-json\/wp\/v2\/posts\/10050\/revisions"}],"predecessor-version":[{"id":10058,"href":"https:\/\/www.atomcomics.net\/blog\/wp-json\/wp\/v2\/posts\/10050\/revisions\/10058"}],"wp:featuredmedia":[{"embeddable":true,"href":"https:\/\/www.atomcomics.net\/blog\/wp-json\/wp\/v2\/media\/10051"}],"wp:attachment":[{"href":"https:\/\/www.atomcomics.net\/blog\/wp-json\/wp\/v2\/media?parent=10050"}],"wp:term":[{"taxonomy":"category","embeddable":true,"href":"https:\/\/www.atomcomics.net\/blog\/wp-json\/wp\/v2\/categories?post=10050"},{"taxonomy":"post_tag","embeddable":true,"href":"https:\/\/www.atomcomics.net\/blog\/wp-json\/wp\/v2\/tags?post=10050"}],"curies":[{"name":"wp","href":"https:\/\/api.w.org\/{rel}","templated":true}]}}