{"id":10053,"date":"2017-08-28T11:58:45","date_gmt":"2017-08-28T09:58:45","guid":{"rendered":"http:\/\/www.atomcomics.net\/?p=10053"},"modified":"2017-08-28T12:02:15","modified_gmt":"2017-08-28T10:02:15","slug":"altamente-ilogico-26-autasasinofilia-hulka-bois-maury-y-mas","status":"publish","type":"post","link":"https:\/\/www.atomcomics.net\/blog\/2017\/08\/28\/altamente-ilogico-26-autasasinofilia-hulka-bois-maury-y-mas\/","title":{"rendered":"Altamente il\u00f3gico 26. Autasasinofilia, Hulka, Bois-Maury y m\u00e1s"},"content":{"rendered":"<p>Un<a href=\"https:\/\/www.ivoox.com\/20531804\"> nuevo paseo por la tienda<\/a>, en esta ocasi\u00f3n no s\u00f3lo contamos con Javi Suxinsu, sino que Ana Rodr\u00edguez acompa\u00f1a tambi\u00e9n al librero para charlar sobre todo tipo de lecturas: c\u00f3mic, manga, BD, libros&#8230;<br \/>\n<iframe loading=\"lazy\" id=\"audio_20531804\" style=\"border: 1px solid #EEE; box-sizing: border-box; width: 100%;\" src=\"https:\/\/www.ivoox.com\/player_ej_20531804_4_1.html?c1=ff6600\" width=\"300\" height=\"200\" frameborder=\"0\" scrolling=\"no\" allowfullscreen=\"allowfullscreen\"><\/iframe><br \/>\nUn <a href=\"https:\/\/www.ivoox.com\/20531804\">nuevo cap\u00edtulo de Altamente il\u00f3gico<\/a>. Un podcast cuanto menos il\u00f3gico.<\/p>\n<p>La charla\/paseo tuvo lugar el 25 de Agosto de 2017 en Atom C\u00f3mics (C\/Fuencarral 134, Madrid).<\/p>\n<p>Esperemos que os guste.<\/p>\n","protected":false},"excerpt":{"rendered":"<p>Un nuevo cap\u00edtulo de Altamente il\u00f3gico. Un podcast cuanto menos il\u00f3gico. <a class=\"read-more-link\" href=\"https:\/\/www.atomcomics.net\/blog\/2017\/08\/28\/altamente-ilogico-26-autasasinofilia-hulka-bois-maury-y-mas\/\">(seguir leyendo)<\/a><\/p>\n","protected":false},"author":1,"featured_media":10056,"comment_status":"closed","ping_status":"open","sticky":false,"template":"","format":"standard","meta":{"jetpack_post_was_ever_published":false,"_jetpack_newsletter_access":"","_jetpack_dont_email_post_to_subs":false,"_jetpack_newsletter_tier_id":0,"_jetpack_memberships_contains_paywalled_content":false,"_jetpack_memberships_contains_paid_content":false,"footnotes":"","jetpack_publicize_message":"Altamente il\u00f3gico 26. Autasasinofilia, Hulka, Bois-Maury y m\u00e1s","jetpack_publicize_feature_enabled":true,"jetpack_social_post_already_shared":true,"jetpack_social_options":{"image_generator_settings":{"template":"highway","default_image_id":0,"font":"","enabled":false},"version":2}},"categories":[46],"tags":[],"class_list":["post-10053","post","type-post","status-publish","format-standard","has-post-thumbnail","hentry","category-pod"],"jetpack_publicize_connections":[],"jetpack_featured_media_url":"https:\/\/i0.wp.com\/www.atomcomics.net\/blog\/wp-content\/uploads\/autasasinofilia-01-e1503913919665.jpg?fit=800%2C400&ssl=1","jetpack_shortlink":"https:\/\/wp.me\/p53Ua-2C9","jetpack-related-posts":[{"id":9882,"url":"https:\/\/www.atomcomics.net\/blog\/2017\/08\/03\/altamente-ilogico-25-de-la-raza-superior-a-peter-bagge\/","url_meta":{"origin":10053,"position":0},"title":"Altamente il\u00f3gico 25. De la raza superior a Peter Bagge","author":"ATOM COMICS","date":"3, agosto, 2017","format":false,"excerpt":"Antes de que nos vayamos de vacaciones os dejamos un \u00faltimo cap\u00edtulo del podcast Altamente il\u00f3gico, as\u00ed no nos echareis de menos y quiz\u00e1s nos ech\u00e9is de m\u00e1s. Un nuevo paseo por la tienda, en esta ocasi\u00f3n Javi y el librero charlan sobre lecturas recientes: Qu\u00e9 les ha gustado, que\u2026","rel":"","context":"En \u00abPodcast\u00bb","block_context":{"text":"Podcast","link":"https:\/\/www.atomcomics.net\/blog\/category\/pod\/"},"img":{"alt_text":"","src":"https:\/\/i0.wp.com\/www.atomcomics.net\/blog\/wp-content\/uploads\/rsz-gallerycomics-1920x1080-20170329-dktmr-cv8-58b8753587dc7390959686-1490831836376_400w.jpg?fit=400%2C226&ssl=1&resize=350%2C200","width":350,"height":200},"classes":[]},{"id":10322,"url":"https:\/\/www.atomcomics.net\/blog\/2017\/10\/23\/altamente-ilogico-27-la-radio-da-miedo\/","url_meta":{"origin":10053,"position":1},"title":"Altamente Il\u00f3gico 27. La radio da miedo","author":"ATOM COMICS","date":"23, octubre, 2017","format":false,"excerpt":"Un nuevo paseo, ya van unos cuantos, por la tienda junto a Javi Suxinsu, Ana Rodr\u00edguez y la participaci\u00f3n estelar de Rafa Otero, que junto al librero hablar\u00e1n de de los que m\u00e1s nos gusta: Los c\u00f3mics. En este programa encontrar\u00e9is recomendaciones para todo tipo de lector y bolsillo. Y\u2026","rel":"","context":"En \u00abPodcast\u00bb","block_context":{"text":"Podcast","link":"https:\/\/www.atomcomics.net\/blog\/category\/pod\/"},"img":{"alt_text":"","src":"https:\/\/i0.wp.com\/www.atomcomics.net\/blog\/wp-content\/uploads\/NB15-Nguyen-logo-620x400-e1508754339101.jpg?fit=620%2C400&ssl=1&resize=350%2C200","width":350,"height":200,"srcset":"https:\/\/i0.wp.com\/www.atomcomics.net\/blog\/wp-content\/uploads\/NB15-Nguyen-logo-620x400-e1508754339101.jpg?fit=620%2C400&ssl=1&resize=350%2C200 1x, https:\/\/i0.wp.com\/www.atomcomics.net\/blog\/wp-content\/uploads\/NB15-Nguyen-logo-620x400-e1508754339101.jpg?fit=620%2C400&ssl=1&resize=525%2C300 1.5x"},"classes":[]},{"id":9860,"url":"https:\/\/www.atomcomics.net\/blog\/2017\/07\/26\/podcast-grant-estas-castigado-y-la-busqueda-de-un-regalo\/","url_meta":{"origin":10053,"position":2},"title":"Podcast. Grant est\u00e1s castigado y la b\u00fasqueda de un regalo","author":"ATOM COMICS","date":"26, julio, 2017","format":false,"excerpt":"Nuevo cap\u00edtulo de Altamente Il\u00f3gico. En esta ocasi\u00f3n Javi Suxinsu busca lectura y tambi\u00e9n un regalo. Qu\u00e9 mejor que un nuevo paseo por la tienda para encontrar los objetos deseados. Altamente il\u00f3gico es un podcast sobre c\u00f3mic, lecturas y lo que salga. La charla\/paseo tuvo lugar el 21 de Julio\u2026","rel":"","context":"En \u00abPodcast\u00bb","block_context":{"text":"Podcast","link":"https:\/\/www.atomcomics.net\/blog\/category\/pod\/"},"img":{"alt_text":"","src":"https:\/\/i0.wp.com\/www.atomcomics.net\/blog\/wp-content\/uploads\/Grant-Morrison-by-Frank-quitely.jpg?fit=500%2C225&ssl=1&resize=350%2C200","width":350,"height":200},"classes":[]},{"id":5894,"url":"https:\/\/www.atomcomics.net\/blog\/2013\/08\/01\/podcast-6-altamente-ilogico-entrevista-a-pedro-angosto-cap-1\/","url_meta":{"origin":10053,"position":3},"title":"Podcast #6. Altamente Il\u00f3gico: Entrevista a Pedro Angosto Cap.1","author":"ATOM COMICS","date":"1, agosto, 2013","format":false,"excerpt":"Nuevo cap\u00edtulo de Altamente Il\u00f3gico\u00a0 y nueva entrevista. En este cap\u00edtulo tenemos la primera parte (de dos) de la entrevista a Pedro Angosto donde nos presenta Men of Bronze Studios. Como es normal acabamos hablando de muchas otras cosas relacionadas con el c\u00f3mic: pel\u00edculas de superh\u00e9roes, Marvel y DC, Dan\u2026","rel":"","context":"En \u00abNovedades\u00bb","block_context":{"text":"Novedades","link":"https:\/\/www.atomcomics.net\/blog\/category\/novedades\/"},"img":{"alt_text":"angosto01","src":"https:\/\/i0.wp.com\/www.atomcomics.net\/wp-content\/uploads\/angosto01.jpg?resize=350%2C200","width":350,"height":200},"classes":[]},{"id":10504,"url":"https:\/\/www.atomcomics.net\/blog\/2017\/12\/13\/altamente-ilogico-28-regalos-comiqueros-o-no\/","url_meta":{"origin":10053,"position":4},"title":"Altamente Il\u00f3gico 28. Regalos comiqueros o no","author":"ATOM COMICS","date":"13, diciembre, 2017","format":false,"excerpt":"El tr\u00edo calavera: Ana Rodr\u00edguez, Javi Suxinsu y Dani \"El librero\" hablan de sus lecturas y recomiendan posibles regalos: -Phonogram -Klaus -El Misterio del Mundo Cu\u00e1ntico -La levedad ... y muchos otros c\u00f3mics Un nuevo cap\u00edtulo de Altamente il\u00f3gico. El podcast que sobrevivir\u00e1 en el futuro. Audio grabado el s\u00e1bado\u2026","rel":"","context":"En \u00abPodcast\u00bb","block_context":{"text":"Podcast","link":"https:\/\/www.atomcomics.net\/blog\/category\/pod\/"},"img":{"alt_text":"","src":"https:\/\/i0.wp.com\/www.atomcomics.net\/blog\/wp-content\/uploads\/Klaus-gets-a-surprise-e1513105498128.jpg?fit=800%2C450&ssl=1&resize=350%2C200","width":350,"height":200,"srcset":"https:\/\/i0.wp.com\/www.atomcomics.net\/blog\/wp-content\/uploads\/Klaus-gets-a-surprise-e1513105498128.jpg?fit=800%2C450&ssl=1&resize=350%2C200 1x, https:\/\/i0.wp.com\/www.atomcomics.net\/blog\/wp-content\/uploads\/Klaus-gets-a-surprise-e1513105498128.jpg?fit=800%2C450&ssl=1&resize=525%2C300 1.5x, https:\/\/i0.wp.com\/www.atomcomics.net\/blog\/wp-content\/uploads\/Klaus-gets-a-surprise-e1513105498128.jpg?fit=800%2C450&ssl=1&resize=700%2C400 2x"},"classes":[]},{"id":6571,"url":"https:\/\/www.atomcomics.net\/blog\/2014\/02\/20\/altamente-ilogico-oscars-premios-comiqueros-y-desparrame-mental\/","url_meta":{"origin":10053,"position":5},"title":"Altamente il\u00f3gico: Oscars, premios comiqueros y desparrame mental","author":"ATOM COMICS","date":"20, febrero, 2014","format":false,"excerpt":"Nuevo podcast, el segundo en neo-Atom y esta vez nos vamos al cine. M\u00e1s concretamente a los Oscars. Luigi, Javi (Suxinsu) y el librero apuestan sobre los futuros Oscars. Como no, se menciona a Nathan Fillion aunque nada tenga que ver. Adem\u00e1s, se habla de los premios de c\u00f3mic y\u2026","rel":"","context":"En \u00abPodcast\u00bb","block_context":{"text":"Podcast","link":"https:\/\/www.atomcomics.net\/blog\/category\/pod\/"},"img":{"alt_text":"OSCARS","src":"https:\/\/i0.wp.com\/www.atomcomics.net\/wp-content\/uploads\/OSCARS.jpg?resize=350%2C200","width":350,"height":200},"classes":[]}],"jetpack_sharing_enabled":true,"_links":{"self":[{"href":"https:\/\/www.atomcomics.net\/blog\/wp-json\/wp\/v2\/posts\/10053","targetHints":{"allow":["GET"]}}],"collection":[{"href":"https:\/\/www.atomcomics.net\/blog\/wp-json\/wp\/v2\/posts"}],"about":[{"href":"https:\/\/www.atomcomics.net\/blog\/wp-json\/wp\/v2\/types\/post"}],"author":[{"embeddable":true,"href":"https:\/\/www.atomcomics.net\/blog\/wp-json\/wp\/v2\/users\/1"}],"replies":[{"embeddable":true,"href":"https:\/\/www.atomcomics.net\/blog\/wp-json\/wp\/v2\/comments?post=10053"}],"version-history":[{"count":2,"href":"https:\/\/www.atomcomics.net\/blog\/wp-json\/wp\/v2\/posts\/10053\/revisions"}],"predecessor-version":[{"id":10057,"href":"https:\/\/www.atomcomics.net\/blog\/wp-json\/wp\/v2\/posts\/10053\/revisions\/10057"}],"wp:featuredmedia":[{"embeddable":true,"href":"https:\/\/www.atomcomics.net\/blog\/wp-json\/wp\/v2\/media\/10056"}],"wp:attachment":[{"href":"https:\/\/www.atomcomics.net\/blog\/wp-json\/wp\/v2\/media?parent=10053"}],"wp:term":[{"taxonomy":"category","embeddable":true,"href":"https:\/\/www.atomcomics.net\/blog\/wp-json\/wp\/v2\/categories?post=10053"},{"taxonomy":"post_tag","embeddable":true,"href":"https:\/\/www.atomcomics.net\/blog\/wp-json\/wp\/v2\/tags?post=10053"}],"curies":[{"name":"wp","href":"https:\/\/api.w.org\/{rel}","templated":true}]}}