{"id":10127,"date":"2017-09-13T11:08:57","date_gmt":"2017-09-13T09:08:57","guid":{"rendered":"http:\/\/www.atomcomics.net\/?p=10127"},"modified":"2017-09-13T11:08:57","modified_gmt":"2017-09-13T09:08:57","slug":"novedad-un-libro-siempre-es-util","status":"publish","type":"post","link":"https:\/\/www.atomcomics.net\/blog\/2017\/09\/13\/novedad-un-libro-siempre-es-util\/","title":{"rendered":"Novedad: Un libro siempre es \u00fatil"},"content":{"rendered":"<div class=\"left-block col-xs-4 col-sm-5 col-md-4\">\n<div class=\"product-image-container\">\n<div class=\"left-block col-xs-4 col-sm-5 col-md-4\">\n<h4>LIBROOKS<\/h4>\n<div class=\"product-image-container\"><a class=\"product_img_link\" title=\"ESTE LIBRO CREE QUE ERES UN GENIO DE LAS MATES\" href=\"https:\/\/www.comicalia.com\/libro-ilustrado\/28218-este-libro-cree-que-eres-un-genio-de-las-mates-9788494666834.html\"><img data-recalc-dims=\"1\" loading=\"lazy\" decoding=\"async\" class=\"replace-2x img-responsive\" title=\"ESTE LIBRO CREE QUE ERES UN GENIO DE LAS MATES\" src=\"https:\/\/i0.wp.com\/www.comicalia.com\/28753-home_default\/este-libro-cree-que-eres-un-genio-de-las-mates.jpg?resize=250%2C250&#038;ssl=1\" alt=\"ESTE LIBRO CREE QUE ERES UN GENIO DE LAS MATES\" width=\"250\" height=\"250\" \/><\/a><\/div>\n<div class=\"product-image-container\"><a class=\"product-name\" title=\"ESTE LIBRO CREE QUE ERES UN GENIO DE LAS MATES\" href=\"https:\/\/www.comicalia.com\/libro-ilustrado\/28218-este-libro-cree-que-eres-un-genio-de-las-mates-9788494666834.html\">ESTE LIBRO CREE QUE ERES UN GENIO DE LAS&#8230;<\/a><\/div>\n<\/div>\n<div class=\"center-block col-xs-4 col-sm-7 col-md-4\">\n<p class=\"product-desc\">\u00a1Con este libro aprender Mates deja de ser aburrido! Los mas peque\u00f1os disfrutar\u00e1n realizando los originales y divertidos juegos, ejercicios y actividades que se proponen. 16,50 \u20ac<\/p>\n<h4>N\u00d3RDICA<\/h4>\n<\/div>\n<\/div>\n<\/div>\n<p><a class=\"product_img_link\" title=\"DIEZ D\u00cdAS QUE SACUDIERON EL MUNDO\" href=\"https:\/\/www.comicalia.com\/libro-ilustrado\/28217-diez-dias-que-sacudieron-el-mundo-9788416830688.html\"><img data-recalc-dims=\"1\" loading=\"lazy\" decoding=\"async\" class=\"replace-2x img-responsive\" title=\"DIEZ D\u00cdAS QUE SACUDIERON EL MUNDO\" src=\"https:\/\/i0.wp.com\/www.comicalia.com\/28752-home_default\/diez-dias-que-sacudieron-el-mundo.jpg?resize=250%2C250&#038;ssl=1\" alt=\"DIEZ D\u00cdAS QUE SACUDIERON EL MUNDO\" width=\"250\" height=\"250\" \/><\/a><\/p>\n<p><a class=\"product-name\" title=\"DIEZ D\u00cdAS QUE SACUDIERON EL MUNDO\" href=\"https:\/\/www.comicalia.com\/libro-ilustrado\/28217-diez-dias-que-sacudieron-el-mundo-9788416830688.html\">DIEZ D\u00cdAS QUE SACUDIERON EL MUNDO<\/a><\/p>\n<div class=\"product-container\">\n<div class=\"row\">\n<div class=\"center-block col-xs-4 col-sm-7 col-md-4\">\n<p class=\"product-desc\">El m\u00e1s exhaustivo relato de la Revoluci\u00f3n Rusa de 1917 de la mano del period\u00edsta John Reed. Magnificamente ilustrado por Fernando Vicente. 29,50 \u20ac<\/p>\n<h4>RAYO VERDE EDITORIAL<\/h4>\n<\/div>\n<\/div>\n<\/div>\n<div class=\"product-container\">\n<div class=\"row\">\n<div class=\"left-block col-xs-4 col-sm-5 col-md-4\">\n<div class=\"product-image-container\"><a class=\"product_img_link\" title=\"Cr\u00f3nicas de Amacrana\" href=\"https:\/\/www.comicalia.com\/narrativa\/28216-cronicas-del-amacrana-9788416689460.html\"><img data-recalc-dims=\"1\" loading=\"lazy\" decoding=\"async\" class=\"replace-2x img-responsive\" title=\"CR\u00d3NICAS DEL AMACRANA\" src=\"https:\/\/i0.wp.com\/www.comicalia.com\/28751-home_default\/cronicas-del-amacrana.jpg?resize=250%2C250&#038;ssl=1\" alt=\"CR\u00d3NICAS DEL AMACRANA\" width=\"250\" height=\"250\" \/><\/a><\/div>\n<div class=\"product-image-container\"><a class=\"product-name\" title=\"Cr\u00f3nicas de Amacrana\" href=\"https:\/\/www.comicalia.com\/narrativa\/28216-cronicas-del-amacrana-9788416689460.html\">Cr\u00f3nicas de Amacrana<\/a><\/div>\n<\/div>\n<div class=\"center-block col-xs-4 col-sm-7 col-md-4\">\n<p class=\"product-desc\">David Monteagudo, aclamado por su novela \u00abFin\u00bb publica su nueva obra en Rayo Verde. 18,00 \u20ac<\/p>\n<h4>ERRATA NATURAE<\/h4>\n<\/div>\n<\/div>\n<\/div>\n<div class=\"product-container\">\n<div class=\"row\">\n<div class=\"left-block col-xs-4 col-sm-5 col-md-4\">\n<div class=\"product-image-container\"><a class=\"product_img_link\" title=\"AGENDA 2018 LA RESISTENCIA\" href=\"https:\/\/www.comicalia.com\/merchandise-otros\/28215-agenda-2018-la-resistencia-9788416544578.html\"><img data-recalc-dims=\"1\" loading=\"lazy\" decoding=\"async\" class=\"replace-2x img-responsive\" title=\"AGENDA 2018 LA RESISTENCIA\" src=\"https:\/\/i0.wp.com\/www.comicalia.com\/28750-home_default\/agenda-2018-la-resistencia.jpg?resize=250%2C250&#038;ssl=1\" alt=\"AGENDA 2018 LA RESISTENCIA\" width=\"250\" height=\"250\" \/><\/a><\/div>\n<div class=\"product-image-container\"><a class=\"product-name\" title=\"AGENDA 2018 LA RESISTENCIA\" href=\"https:\/\/www.comicalia.com\/merchandise-otros\/28215-agenda-2018-la-resistencia-9788416544578.html\">AGENDA 2018 LA RESISTENCIA<\/a><\/div>\n<\/div>\n<div class=\"center-block col-xs-4 col-sm-7 col-md-4\">\n<p class=\"product-desc\">La primera Agenda Pol\u00edtica que se edita en nuestro pa\u00eds, para que te acompa\u00f1e todo el a\u00f1o y se convierta en una fuente de inspiraci\u00f3n para las luchas que est\u00e1n por llegar 16,00 \u20ac<\/p>\n<h4>PONENT MON<\/h4>\n<\/div>\n<\/div>\n<\/div>\n<div class=\"product-container\">\n<div class=\"row\">\n<div class=\"left-block col-xs-4 col-sm-5 col-md-4\">\n<div class=\"product-image-container\"><a class=\"product_img_link\" title=\"LA CR\u00d3NICA DE LOS INMORTALES. INTEGRAL 1\" href=\"https:\/\/www.comicalia.com\/bd-aventura\/28213-la-cronica-de-los-inmortales-integral-1-9781912097135.html\"><img data-recalc-dims=\"1\" loading=\"lazy\" decoding=\"async\" class=\"replace-2x img-responsive\" title=\"LA CR\u00d3NICA DE LOS INMORTALES INTEGRAL 1\" src=\"https:\/\/i0.wp.com\/www.comicalia.com\/28749-home_default\/la-cronica-de-los-inmortales-integral-1.jpg?resize=250%2C250&#038;ssl=1\" alt=\"LA CR\u00d3NICA DE LOS INMORTALES INTEGRAL 1\" width=\"250\" height=\"250\" \/><\/a><\/div>\n<div class=\"product-image-container\"><a class=\"product-name\" title=\"LA CR\u00d3NICA DE LOS INMORTALES. INTEGRAL 1\" href=\"https:\/\/www.comicalia.com\/bd-aventura\/28213-la-cronica-de-los-inmortales-integral-1-9781912097135.html\">LA CR\u00d3NICA DE LOS INMORTALES. INTEGRAL 1<\/a><\/div>\n<\/div>\n<div class=\"center-block col-xs-4 col-sm-7 col-md-4\">\n<p class=\"product-desc\">Algunas heridas se curan, otras permanecen abiertas para siempre&#8230; Una obra magistral. 24,00 \u20ac<\/p>\n<\/div>\n<\/div>\n<\/div>\n<div class=\"product-container\">\n<div class=\"row\">\n<div class=\"left-block col-xs-4 col-sm-5 col-md-4\">\n<div class=\"product-image-container\"><a class=\"product_img_link\" title=\"LOS ESCLAVOS OLVIDADOS DE TROMELIN\" href=\"https:\/\/www.comicalia.com\/bd-aventura\/28212-los-esclavos-olvidados-de-tromelin-9781912097128.html\"><img data-recalc-dims=\"1\" loading=\"lazy\" decoding=\"async\" class=\"replace-2x img-responsive\" title=\"LOS ESCLAVOS OLVIDADOS DE TROMELIN\" src=\"https:\/\/i0.wp.com\/www.comicalia.com\/28748-home_default\/los-esclavos-olvidados-de-tromelin.jpg?resize=250%2C250&#038;ssl=1\" alt=\"LOS ESCLAVOS OLVIDADOS DE TROMELIN\" width=\"250\" height=\"250\" \/><\/a><\/div>\n<div class=\"product-image-container\"><a class=\"product-name\" title=\"LOS ESCLAVOS OLVIDADOS DE TROMELIN\" href=\"https:\/\/www.comicalia.com\/bd-aventura\/28212-los-esclavos-olvidados-de-tromelin-9781912097128.html\">LOS ESCLAVOS OLVIDADOS DE TROMELIN<\/a><\/div>\n<\/div>\n<div class=\"center-block col-xs-4 col-sm-7 col-md-4\">\n<p class=\"product-desc\">Un c\u00f3mic que le devuelve la palabra a esos esclavos olvidados de Tromelin. Sylvain Savoia le ofrece a los lectores una magn\u00edfica lecci\u00f3n de humanidad y dignidad. 24,00 \u20ac<\/p>\n<h4>DIBBUKS<\/h4>\n<\/div>\n<\/div>\n<\/div>\n<div class=\"product-container\">\n<div class=\"row\">\n<div class=\"left-block col-xs-4 col-sm-5 col-md-4\">\n<div class=\"product-image-container\"><a class=\"product_img_link\" title=\"SHANGRI-LA\" href=\"https:\/\/www.comicalia.com\/bd-aventura\/28211-shangri-la-9788416507818.html\"><img data-recalc-dims=\"1\" loading=\"lazy\" decoding=\"async\" class=\"replace-2x img-responsive\" title=\"SHANGRI-LA\" src=\"https:\/\/i0.wp.com\/www.comicalia.com\/28747-home_default\/shangri-la.jpg?resize=250%2C250&#038;ssl=1\" alt=\"SHANGRI-LA\" width=\"250\" height=\"250\" \/><\/a><\/div>\n<div class=\"product-image-container\"><a class=\"product-name\" title=\"SHANGRI-LA\" href=\"https:\/\/www.comicalia.com\/bd-aventura\/28211-shangri-la-9788416507818.html\">SHANGRI-LA<\/a><\/div>\n<\/div>\n<div class=\"center-block col-xs-4 col-sm-7 col-md-4\">\n<p class=\"product-desc\">\u00bfQu\u00e9 har\u00eda el ser humano si viviera en una estaci\u00f3n espacial y la tierra no fuera habitable? Ad\u00e9ntrate en \u00abShangri-La\u00bb para descubrir cu\u00e1l es el futuro de la especie humana 28,00 \u20ac<\/p>\n<h4>HERMIDA EDITORES<\/h4>\n<\/div>\n<\/div>\n<\/div>\n<div class=\"product-container\">\n<div class=\"row\">\n<div class=\"left-block col-xs-4 col-sm-5 col-md-4\">\n<div class=\"product-image-container\"><a class=\"product_img_link\" title=\"Hellraiser. El coraz\u00f3n condenado\" href=\"https:\/\/www.comicalia.com\/narrativa\/28210-hellraiser-el-corazon-condenado-9788494664762.html\"><img data-recalc-dims=\"1\" loading=\"lazy\" decoding=\"async\" class=\"replace-2x img-responsive\" title=\"HELLRAISER. EL CORAZ\u00d3N CONDENADO\" src=\"https:\/\/i0.wp.com\/www.comicalia.com\/28746-home_default\/hellraiser-el-corazon-condenado.jpg?resize=250%2C250&#038;ssl=1\" alt=\"HELLRAISER. EL CORAZ\u00d3N CONDENADO\" width=\"250\" height=\"250\" \/><\/a><\/div>\n<div class=\"product-image-container\"><a class=\"product-name\" title=\"Hellraiser. El coraz\u00f3n condenado\" href=\"https:\/\/www.comicalia.com\/narrativa\/28210-hellraiser-el-corazon-condenado-9788494664762.html\">Hellraiser. El coraz\u00f3n condenado<\/a><\/div>\n<\/div>\n<div class=\"center-block col-xs-4 col-sm-7 col-md-4\">\n<p class=\"product-desc\">Una nueva edici\u00f3n y traducci\u00f3n del gran cl\u00e1sico de terror del siglo xx que ha inspirado las pel\u00edculas de culto de Hellraiser 16,90 \u20ac<\/p>\n<h4>ALPHA DECAY<\/h4>\n<\/div>\n<\/div>\n<\/div>\n<div class=\"product-container\">\n<div class=\"row\">\n<div class=\"left-block col-xs-4 col-sm-5 col-md-4\">\n<div class=\"product-image-container\"><a class=\"product_img_link\" title=\"Jap\u00f3n perdido\" href=\"https:\/\/www.comicalia.com\/narrativa\/28209-japon-perdido-9788494644283.html\"><img data-recalc-dims=\"1\" loading=\"lazy\" decoding=\"async\" class=\"replace-2x img-responsive\" title=\"JAPON PERDIDO\" src=\"https:\/\/i0.wp.com\/www.comicalia.com\/28745-home_default\/japon-perdido.jpg?resize=250%2C250&#038;ssl=1\" alt=\"JAPON PERDIDO\" width=\"250\" height=\"250\" \/><\/a><\/div>\n<div class=\"product-image-container\"><a class=\"product-name\" title=\"Jap\u00f3n perdido\" href=\"https:\/\/www.comicalia.com\/narrativa\/28209-japon-perdido-9788494644283.html\">Jap\u00f3n perdido<\/a><\/div>\n<\/div>\n<div class=\"center-block col-xs-4 col-sm-7 col-md-4\">\n<p class=\"product-desc\">Una lectura encantadora para descubrir \u2013ya sea en la distancia, o como lectura sobre el terreno\u2013 ese Jap\u00f3n que no suele aparecer en el mapa: un Jap\u00f3n antiguo e hipn\u00f3tico. 21,90 \u20ac<\/p>\n<h4>IMPEDIMENTA<\/h4>\n<\/div>\n<\/div>\n<\/div>\n<div class=\"product-container\">\n<div class=\"row\">\n<div class=\"left-block col-xs-4 col-sm-5 col-md-4\">\n<div class=\"product-image-container\"><a class=\"product_img_link\" title=\"Stanley y las mujeres\" href=\"https:\/\/www.comicalia.com\/narrativa\/28208-stanley-y-las-mujeres-9788417115142.html\"><img data-recalc-dims=\"1\" loading=\"lazy\" decoding=\"async\" class=\"replace-2x img-responsive\" title=\"STANLEY Y LAS MUJERES\" src=\"https:\/\/i0.wp.com\/www.comicalia.com\/28744-home_default\/stanley-y-las-mujeres.jpg?resize=250%2C250&#038;ssl=1\" alt=\"STANLEY Y LAS MUJERES\" width=\"250\" height=\"250\" \/><\/a><\/div>\n<div class=\"product-image-container\"><a class=\"product-name\" title=\"Stanley y las mujeres\" href=\"https:\/\/www.comicalia.com\/narrativa\/28208-stanley-y-las-mujeres-9788417115142.html\">Stanley y las mujeres<\/a><\/div>\n<\/div>\n<div class=\"center-block col-xs-4 col-sm-7 col-md-4\">\n<p class=\"product-desc\">Una \u00e1cida comedia negra del inimitable Kingsley Amis. Una diatriba sobre la locura, el alcohol, el sur de Londres, el thatcherismo y la guerra de los sexos. 22,80 \u20ac<\/p>\n<\/div>\n<\/div>\n<\/div>\n","protected":false},"excerpt":{"rendered":"<p>\u00c1lbum europeo a cargo de Dibbuks y Ponent Mon. Y adem\u00e1s, unos cuantos libros bien majos que nos har\u00e1n pensar, viajar, sentir&#8230; <a class=\"read-more-link\" href=\"https:\/\/www.atomcomics.net\/blog\/2017\/09\/13\/novedad-un-libro-siempre-es-util\/\">(seguir leyendo)<\/a><\/p>\n","protected":false},"author":1,"featured_media":10128,"comment_status":"closed","ping_status":"open","sticky":false,"template":"","format":"standard","meta":{"jetpack_post_was_ever_published":false,"_jetpack_newsletter_access":"","_jetpack_dont_email_post_to_subs":false,"_jetpack_newsletter_tier_id":0,"_jetpack_memberships_contains_paywalled_content":false,"_jetpack_memberships_contains_paid_content":false,"footnotes":"","jetpack_publicize_message":"Novedad: Un libro siempre es \u00fatil","jetpack_publicize_feature_enabled":true,"jetpack_social_post_already_shared":true,"jetpack_social_options":{"image_generator_settings":{"template":"highway","default_image_id":0,"font":"","enabled":false},"version":2}},"categories":[3],"tags":[],"class_list":["post-10127","post","type-post","status-publish","format-standard","has-post-thumbnail","hentry","category-novedades"],"jetpack_publicize_connections":[],"jetpack_featured_media_url":"https:\/\/i0.wp.com\/www.atomcomics.net\/blog\/wp-content\/uploads\/shangrila-e1505293727804.jpg?fit=799%2C600&ssl=1","jetpack_shortlink":"https:\/\/wp.me\/p53Ua-2Dl","jetpack-related-posts":[{"id":9563,"url":"https:\/\/www.atomcomics.net\/blog\/2017\/03\/22\/novedad-de-aqui-y-de-alli-bravo\/","url_meta":{"origin":10127,"position":0},"title":"Novedad: De aqu\u00ed y de all\u00ed, bravo","author":"ATOM COMICS","date":"22, marzo, 2017","format":false,"excerpt":"GALLO NERO LA MUJER DE AL LADO 20,00 \u20ac LIBROS DEL ZORRO ROJO GRAN BOT, PEQUE\u00d1O BOT EL LIBRO DE LOS ROBOTS OPUESTOS DE MARC ROSENTHAL\u00a012,50 \u20ac REVERT\u00c9 CON\u00c9 Y CONDORITO. 1 7,95 \u20ac CONDORITO. Tercer libro 11,90 \u20ac CONDORITO. Segundo libro 11,90 \u20ac CONDORITO. Primer libro 11,90 \u20ac BLACKIE\u2026","rel":"","context":"En \u00abNovedades\u00bb","block_context":{"text":"Novedades","link":"https:\/\/www.atomcomics.net\/blog\/category\/novedades\/"},"img":{"alt_text":"La mujer de al lado","src":"https:\/\/i0.wp.com\/www.comicalia.com\/26458-home_default\/la-mujer-de-al-lado.jpg?resize=350%2C200&ssl=1","width":350,"height":200},"classes":[]},{"id":7836,"url":"https:\/\/www.atomcomics.net\/blog\/2015\/04\/23\/feliz-dia-del-libro\/","url_meta":{"origin":10127,"position":1},"title":"\u00a1Feliz d\u00eda del libro!","author":"ATOM COMICS","date":"23, abril, 2015","format":false,"excerpt":"","rel":"","context":"En \u00abNoticias\u00bb","block_context":{"text":"Noticias","link":"https:\/\/www.atomcomics.net\/blog\/category\/noticias\/"},"img":{"alt_text":"Atom Dia del Libro (1)","src":"https:\/\/i0.wp.com\/www.atomcomics.net\/wp-content\/uploads\/Atom-Dia-del-Libro-1-744x1052.jpg?resize=350%2C200","width":350,"height":200,"srcset":"https:\/\/i0.wp.com\/www.atomcomics.net\/wp-content\/uploads\/Atom-Dia-del-Libro-1-744x1052.jpg?resize=350%2C200 1x, https:\/\/i0.wp.com\/www.atomcomics.net\/wp-content\/uploads\/Atom-Dia-del-Libro-1-744x1052.jpg?resize=525%2C300 1.5x, https:\/\/i0.wp.com\/www.atomcomics.net\/wp-content\/uploads\/Atom-Dia-del-Libro-1-744x1052.jpg?resize=700%2C400 2x"},"classes":[]},{"id":8739,"url":"https:\/\/www.atomcomics.net\/blog\/2016\/04\/23\/feliz-dias-del-libro\/","url_meta":{"origin":10127,"position":2},"title":"Feliz D\u00eda(s) Del Libro","author":"ATOM COMICS","date":"23, abril, 2016","format":false,"excerpt":"","rel":"","context":"Entrada similar","block_context":{"text":"Entrada similar","link":""},"img":{"alt_text":"Atom Dia del Libro 2016 (1)","src":"https:\/\/i0.wp.com\/www.atomcomics.net\/wp-content\/uploads\/Atom-Dia-del-Libro-2016-1-744x1052.jpg?resize=350%2C200","width":350,"height":200,"srcset":"https:\/\/i0.wp.com\/www.atomcomics.net\/wp-content\/uploads\/Atom-Dia-del-Libro-2016-1-744x1052.jpg?resize=350%2C200 1x, https:\/\/i0.wp.com\/www.atomcomics.net\/wp-content\/uploads\/Atom-Dia-del-Libro-2016-1-744x1052.jpg?resize=525%2C300 1.5x, https:\/\/i0.wp.com\/www.atomcomics.net\/wp-content\/uploads\/Atom-Dia-del-Libro-2016-1-744x1052.jpg?resize=700%2C400 2x"},"classes":[]},{"id":8425,"url":"https:\/\/www.atomcomics.net\/blog\/2015\/12\/17\/esta-navidad-recomienda-un-libro\/","url_meta":{"origin":10127,"position":3},"title":"Esta Navidad recomienda un libro","author":"ATOM COMICS","date":"17, diciembre, 2015","format":false,"excerpt":"Esta Navidad recomienda un libro a quien m\u00e1s te importa y cu\u00e9ntale por qu\u00e9 crees que deber\u00eda leerlo. Es el regalo m\u00e1s personal que puedes hacer. El procedimiento es sencillo: Entra en estanavidad.recomiendaunlibro.es Elige tu Postal. A\u00f1ade tu recomendaci\u00f3n. Indica a quien quieres enviarla.","rel":"","context":"Entrada similar","block_context":{"text":"Entrada similar","link":""},"img":{"alt_text":"libro2","src":"https:\/\/i0.wp.com\/www.atomcomics.net\/wp-content\/uploads\/libro2.jpg?resize=350%2C200","width":350,"height":200},"classes":[]},{"id":4018,"url":"https:\/\/www.atomcomics.net\/blog\/2012\/04\/23\/23-de-abril-dia-del-libro\/","url_meta":{"origin":10127,"position":4},"title":"23 de Abril: D\u00eda del Libro","author":"ATOM COMICS","date":"23, abril, 2012","format":false,"excerpt":"10% de descuento en c\u00f3mics y narrativa \u00a1Feliz d\u00eda del libro, feliz Sant Jordi! \u00a0","rel":"","context":"En \u00abNoticias\u00bb","block_context":{"text":"Noticias","link":"https:\/\/www.atomcomics.net\/blog\/category\/noticias\/"},"img":{"alt_text":"","src":"","width":0,"height":0},"classes":[]},{"id":8603,"url":"https:\/\/www.atomcomics.net\/blog\/2016\/03\/02\/novedad-coleccionables-2\/","url_meta":{"origin":10127,"position":5},"title":"Novedad: Coleccionables","author":"ATOM COMICS","date":"2, marzo, 2016","format":false,"excerpt":"PLANETA Enciclopedia Marvel Libro 7:...8,99 \u20ac Los Pitufos Libro 4: Pitufina...8,99 \u20ac La espada salvaje de Conan...7,99 \u20ac","rel":"","context":"En \u00abNovedades\u00bb","block_context":{"text":"Novedades","link":"https:\/\/www.atomcomics.net\/blog\/category\/novedades\/"},"img":{"alt_text":"Enciclopedia Marvel Libro 7: HULK VOLUMEN 1","src":"https:\/\/i0.wp.com\/www.comicalia.com\/21516-large\/enciclopedia-marvel-libro-7-hulk-volumen-1.jpg?resize=350%2C200","width":350,"height":200},"classes":[]}],"jetpack_sharing_enabled":true,"_links":{"self":[{"href":"https:\/\/www.atomcomics.net\/blog\/wp-json\/wp\/v2\/posts\/10127","targetHints":{"allow":["GET"]}}],"collection":[{"href":"https:\/\/www.atomcomics.net\/blog\/wp-json\/wp\/v2\/posts"}],"about":[{"href":"https:\/\/www.atomcomics.net\/blog\/wp-json\/wp\/v2\/types\/post"}],"author":[{"embeddable":true,"href":"https:\/\/www.atomcomics.net\/blog\/wp-json\/wp\/v2\/users\/1"}],"replies":[{"embeddable":true,"href":"https:\/\/www.atomcomics.net\/blog\/wp-json\/wp\/v2\/comments?post=10127"}],"version-history":[{"count":1,"href":"https:\/\/www.atomcomics.net\/blog\/wp-json\/wp\/v2\/posts\/10127\/revisions"}],"predecessor-version":[{"id":10129,"href":"https:\/\/www.atomcomics.net\/blog\/wp-json\/wp\/v2\/posts\/10127\/revisions\/10129"}],"wp:featuredmedia":[{"embeddable":true,"href":"https:\/\/www.atomcomics.net\/blog\/wp-json\/wp\/v2\/media\/10128"}],"wp:attachment":[{"href":"https:\/\/www.atomcomics.net\/blog\/wp-json\/wp\/v2\/media?parent=10127"}],"wp:term":[{"taxonomy":"category","embeddable":true,"href":"https:\/\/www.atomcomics.net\/blog\/wp-json\/wp\/v2\/categories?post=10127"},{"taxonomy":"post_tag","embeddable":true,"href":"https:\/\/www.atomcomics.net\/blog\/wp-json\/wp\/v2\/tags?post=10127"}],"curies":[{"name":"wp","href":"https:\/\/api.w.org\/{rel}","templated":true}]}}