{"id":103,"date":"2005-09-28T16:01:00","date_gmt":"2005-09-28T23:01:00","guid":{"rendered":"http:\/\/www.atom.foxgame.org\/?p=103"},"modified":"2005-09-28T16:01:00","modified_gmt":"2005-09-28T23:01:00","slug":"emmy-para-william-kirk-shatner","status":"publish","type":"post","link":"https:\/\/www.atomcomics.net\/blog\/2005\/09\/28\/emmy-para-william-kirk-shatner\/","title":{"rendered":"EMMY para William \u00abKirk\u00bb Shatner"},"content":{"rendered":"<p><a href=\"https:\/\/i0.wp.com\/www.brownsteins.net\/Ulpan\/Images\/WilliamShatner.jpg\"><img data-recalc-dims=\"1\" decoding=\"async\" src=\"https:\/\/i0.wp.com\/www.brownsteins.net\/Ulpan\/Images\/WilliamShatner.jpg\" alt=\"\" border=\"0\" \/><\/a>Durante a\u00f1os y a\u00f1os se ha dicho que era mal actor, que era isoportable como persona y en pantalla y va que van los de los EMMYs y le dan su segundo galard\u00f3n consecutivo!!! Est\u00e1 claro que lo importante es estar ah\u00ed, dando el callo que ya se te reconocer\u00e1, \u00bfo no?. En fin, enhorabuena al que ser\u00e1 para siempre, por muchos papeles que interprete, el Capit\u00e1n James T. Kirk de la nave Enterprise.<br \/>\nPor cierto, el Emmy se lo han dado por interpretar el papel de \u00abDenny Crane\u00bb, en la categor\u00eda de Outstanding Supporting Actor in a Drama Series por Boston Legal. Reconozco que la serie no la he visto en mi vida.<br \/>\nComentar que tengo pendiente la escucha de su <a href=\"http:\/\/www.shatnerhasbeen.com\/\">\u00faltimo album<\/a>, s\u00ed este es como David Hasselhoff que tambi\u00e9n canta, pero lo mejor es que es en plan super intelectual producido por Ben Folds. Y aunque parezca todo lo contrario la verdad es que William me cae majete<\/p>\n<p>El tiempo nos alcanza a todos&#8230;<a href=\"https:\/\/i0.wp.com\/entimg.msn.com\/i\/GoldenGlobes2005_Winners\/WilliamShatner_273x400.jpg\"><img data-recalc-dims=\"1\" decoding=\"async\" src=\"https:\/\/i0.wp.com\/entimg.msn.com\/i\/GoldenGlobes2005_Winners\/WilliamShatner_273x400.jpg\" alt=\"\" border=\"0\" \/><\/a><\/p>\n","protected":false},"excerpt":{"rendered":"<p>Durante a\u00f1os y a\u00f1os se ha dicho que era mal actor, que era isoportable como persona y en pantalla y va que van los de los EMMYs y le dan su segundo galard\u00f3n consecutivo!!! Est\u00e1&hellip; <a class=\"read-more-link\" href=\"https:\/\/www.atomcomics.net\/blog\/2005\/09\/28\/emmy-para-william-kirk-shatner\/\">(seguir leyendo)<\/a><\/p>\n","protected":false},"author":1,"featured_media":9921,"comment_status":"open","ping_status":"open","sticky":false,"template":"","format":"standard","meta":{"jetpack_post_was_ever_published":false,"_jetpack_newsletter_access":"","_jetpack_dont_email_post_to_subs":false,"_jetpack_newsletter_tier_id":0,"_jetpack_memberships_contains_paywalled_content":false,"_jetpack_memberships_contains_paid_content":false,"footnotes":"","jetpack_publicize_message":"","jetpack_publicize_feature_enabled":true,"jetpack_social_post_already_shared":false,"jetpack_social_options":{"image_generator_settings":{"template":"highway","default_image_id":0,"font":"","enabled":false},"version":2}},"categories":[1],"tags":[],"class_list":["post-103","post","type-post","status-publish","format-standard","has-post-thumbnail","hentry","category-uncategorized"],"jetpack_publicize_connections":[],"jetpack_featured_media_url":"https:\/\/i0.wp.com\/www.atomcomics.net\/blog\/wp-content\/uploads\/logonegro.png?fit=473%2C191&ssl=1","jetpack_shortlink":"https:\/\/wp.me\/p53Ua-1F","jetpack-related-posts":[{"id":960,"url":"https:\/\/www.atomcomics.net\/blog\/2008\/01\/16\/resultado-encuesta-los-clasicos-lo-son-por-algo\/","url_meta":{"origin":103,"position":0},"title":"Resultado encuesta: Los cl\u00e1sicos lo son por algo","author":"Dani","date":"16, enero, 2008","format":false,"excerpt":"Damos por concluido el periodo de votaci\u00f3n para elegir los mejores personajes de STAR TREK y podemos decir que los cl\u00e1sicos los son por algo. La serie original y las posteriores seis pel\u00edculas cuentan con los personales favoritos entre el p\u00fablico. No es de extra\u00f1ar que los planes de revitalizar\u2026","rel":"","context":"En \u00abCine\u00bb","block_context":{"text":"Cine","link":"https:\/\/www.atomcomics.net\/blog\/category\/cine\/"},"img":{"alt_text":"","src":"https:\/\/i0.wp.com\/i62.photobucket.com\/albums\/h108\/atomcomics\/encuestaST.jpg?resize=350%2C200","width":350,"height":200},"classes":[]},{"id":9126,"url":"https:\/\/www.atomcomics.net\/blog\/2016\/09\/11\/50-aniversario-de-star-trek-en-atom-comics\/","url_meta":{"origin":103,"position":1},"title":"50 aniversario de Star Trek en Atom C\u00f3mics","author":"ATOM COMICS","date":"11, septiembre, 2016","format":false,"excerpt":"50 a\u00f1os pasan volando El jueves 8 de Septiembre celebramos el 50 aniversario de la primera emisi\u00f3n de Star Trek. Para festejar tal hito, constituimos una mesa redonda donde cada uno de los ponentes,\u00a0Francisco Javier Illescas D\u00edaz de\u00a0Fantasymundo;\u00a0 de\u00a0Pedro P.\u00a0Jim\u00e9nez (colaborador de la revista\u00a0CLAPP), \u00a0y con Dani (el librero) de\u2026","rel":"","context":"Entrada similar","block_context":{"text":"Entrada similar","link":""},"img":{"alt_text":"fullsizerender-3","src":"https:\/\/i0.wp.com\/www.atomcomics.net\/wp-content\/uploads\/FullSizeRender-3-420x281.jpg?resize=350%2C200","width":350,"height":200},"classes":[]},{"id":2621,"url":"https:\/\/www.atomcomics.net\/blog\/2010\/08\/26\/novedad-nueva-coleccion-de-batman\/","url_meta":{"origin":103,"position":2},"title":"Novedad: Nueva colecci\u00f3n de Batman y varios de NORMA","author":"ATOM COMICS","date":"26, agosto, 2010","format":false,"excerpt":"PLANETA Batman #1: A\u00f1o uno - 2,99\u20ac Otra vez comienzan con \"A\u00f1o uno\", de Miller y Mazzucchelli. La colecci\u00f3n incluye las historias imprescindibles en tapa dura, en tomos de 192 p\u00e1gs. A tener en cuenta: son 60 tomos. Ideal para no iniciados y para completar huecos en colecciones. LA C\u00daPULA\u2026","rel":"","context":"Entrada similar","block_context":{"text":"Entrada similar","link":""},"img":{"alt_text":"","src":"https:\/\/i0.wp.com\/www.atomcomics.net\/wp-content\/uploads\/110briw-196x300.jpg?resize=350%2C200","width":350,"height":200},"classes":[]},{"id":4378,"url":"https:\/\/www.atomcomics.net\/blog\/2012\/09\/04\/novedad-planeta-septiembre-2\/","url_meta":{"origin":103,"position":3},"title":"Novedad: Planeta Septiembre","author":"ATOM COMICS","date":"4, septiembre, 2012","format":false,"excerpt":"PLANETA BASTARD! COMPLETE EDITION N\u00ba02 -\u00a0 28\u20ac TEGAMIBACHI N\u00ba07 - 7,95\u20ac ONE PIECE N\u00ba65 - 6,95\u20ac RIN-NE N\u00ba07 - 7,95\u20ac STAR WARS:CABALLERO ANDANTE N\u00ba01 - 12,95\u20ac Kerra Holt es un nuevo tipo de jedi, para una nueva era Star Wars. M\u00e1s de mil a\u00f1os antes de Luke Skywalker, la galaxia\u2026","rel":"","context":"En \u00abNovedades\u00bb","block_context":{"text":"Novedades","link":"https:\/\/www.atomcomics.net\/blog\/category\/novedades\/"},"img":{"alt_text":"","src":"https:\/\/i0.wp.com\/img0.planetadelibros.com\/usuaris\/libros\/fotos\/70\/tam_1\/bastard-complete-edition-n2_9788415480273.jpg?resize=350%2C200","width":350,"height":200},"classes":[]},{"id":538,"url":"https:\/\/www.atomcomics.net\/blog\/2006\/09\/04\/renovando-un-clasico-o-una-capa-de-pintura-a-star-trek\/","url_meta":{"origin":103,"position":4},"title":"Renovando un cl\u00e1sico o una capa de pintura a Star Trek","author":"ATOM COMICS","date":"4, septiembre, 2006","format":false,"excerpt":"Amantes del Star Trek cl\u00e1sico - Unite!,\u00a0 pues IGN y StarTrek.com ofrecen jugosas noticias\u00a0sobre la confirmaci\u00f3n\u00a0de\u00a0 CBS y Paramount, las cuales han anunciado\u00a0estar trabajando en la remasterizaci\u00f3n de audio y video, as\u00ed como la actualizaci\u00f3n de efectos digitales de la serie\u00a0cl\u00e1sica y m\u00edtica por su\u00a0trascendencia: Star Trek. S\u00ed, s\u00ed, borra\u00a0la\u2026","rel":"","context":"En \u00abCine\u00bb","block_context":{"text":"Cine","link":"https:\/\/www.atomcomics.net\/blog\/category\/cine\/"},"img":{"alt_text":"","src":"https:\/\/i0.wp.com\/www.startrek.com\/imageuploads\/200410\/tos-intro-crew\/320x240.jpg?resize=350%2C200","width":350,"height":200},"classes":[]},{"id":12153,"url":"https:\/\/www.atomcomics.net\/blog\/2019\/10\/03\/super-jueves-comiquero\/","url_meta":{"origin":103,"position":5},"title":"S\u00faper Jueves comiquero","author":"ATOM COMICS","date":"3, octubre, 2019","format":false,"excerpt":"PANINI COMICS DAREDEVIL 02 4,00 \u20ac\u00a0 CONAN EL B\u00c1RBARO 04 4,00 \u20ac CAPIT\u00c1N AM\u00c9RICA 08 2,20 \u20ac CAPITANA MARVEL 05 2,20 \u20ac LA MAGN\u00cdFICA MS. MARVEL 04 4,00 \u20ac LA IMPOSIBLE PATRULLA-X 08 6,00 \u20ac LA ERA DE HOMBRE-X: X-TREMISTAS 02 5,25 \u20ac LA ERA DE HOMBRE-X: PRISIONERO X 02\u2026","rel":"","context":"En \u00abNovedades\u00bb","block_context":{"text":"Novedades","link":"https:\/\/www.atomcomics.net\/blog\/category\/novedades\/"},"img":{"alt_text":"","src":"https:\/\/i0.wp.com\/www.atomcomics.net\/blog\/wp-content\/uploads\/anatomicum.jpg?fit=800%2C800&ssl=1&resize=350%2C200","width":350,"height":200,"srcset":"https:\/\/i0.wp.com\/www.atomcomics.net\/blog\/wp-content\/uploads\/anatomicum.jpg?fit=800%2C800&ssl=1&resize=350%2C200 1x, https:\/\/i0.wp.com\/www.atomcomics.net\/blog\/wp-content\/uploads\/anatomicum.jpg?fit=800%2C800&ssl=1&resize=525%2C300 1.5x, https:\/\/i0.wp.com\/www.atomcomics.net\/blog\/wp-content\/uploads\/anatomicum.jpg?fit=800%2C800&ssl=1&resize=700%2C400 2x"},"classes":[]}],"jetpack_sharing_enabled":true,"_links":{"self":[{"href":"https:\/\/www.atomcomics.net\/blog\/wp-json\/wp\/v2\/posts\/103","targetHints":{"allow":["GET"]}}],"collection":[{"href":"https:\/\/www.atomcomics.net\/blog\/wp-json\/wp\/v2\/posts"}],"about":[{"href":"https:\/\/www.atomcomics.net\/blog\/wp-json\/wp\/v2\/types\/post"}],"author":[{"embeddable":true,"href":"https:\/\/www.atomcomics.net\/blog\/wp-json\/wp\/v2\/users\/1"}],"replies":[{"embeddable":true,"href":"https:\/\/www.atomcomics.net\/blog\/wp-json\/wp\/v2\/comments?post=103"}],"version-history":[{"count":0,"href":"https:\/\/www.atomcomics.net\/blog\/wp-json\/wp\/v2\/posts\/103\/revisions"}],"wp:featuredmedia":[{"embeddable":true,"href":"https:\/\/www.atomcomics.net\/blog\/wp-json\/wp\/v2\/media\/9921"}],"wp:attachment":[{"href":"https:\/\/www.atomcomics.net\/blog\/wp-json\/wp\/v2\/media?parent=103"}],"wp:term":[{"taxonomy":"category","embeddable":true,"href":"https:\/\/www.atomcomics.net\/blog\/wp-json\/wp\/v2\/categories?post=103"},{"taxonomy":"post_tag","embeddable":true,"href":"https:\/\/www.atomcomics.net\/blog\/wp-json\/wp\/v2\/tags?post=103"}],"curies":[{"name":"wp","href":"https:\/\/api.w.org\/{rel}","templated":true}]}}