{"id":10307,"date":"2017-11-17T18:18:16","date_gmt":"2017-11-17T17:18:16","guid":{"rendered":"http:\/\/www.atomcomics.net\/?p=10307"},"modified":"2017-11-17T19:49:02","modified_gmt":"2017-11-17T18:49:02","slug":"charla-spiderman-al-diablo-con-el-diablo","status":"publish","type":"post","link":"https:\/\/www.atomcomics.net\/blog\/2017\/11\/17\/charla-spiderman-al-diablo-con-el-diablo\/","title":{"rendered":"Charla: Spiderman, al diablo con el diablo"},"content":{"rendered":"<p>Se van a cumplir diez a\u00f1os de <em><strong>\u00abOne More Day\u00bb,<\/strong><\/em> la saga que cambi\u00f3 para siempre (otra vez) a Spiderman. Pero a diferencia mutaciones previas, esta vez Peter Parker sufri\u00f3 lo que para muchos lectores fue un retroceso, un <em>reboot<\/em> encubierto para devolverlo a un estado previo y \u00bfm\u00e1s aut\u00e9ntico?<\/p>\n<p><em>\u00abOne More Day\u00bb<\/em> supuso el final, no falto de pol\u00e9mica, de J. Michael Straczynski como guionista de la serie. Y comenz\u00f3 la era de Dan Slott, guionista amado por unos y odiado por otros. Con \u00e9l llegaron etapas tan atrevidas como <em>\u00abSuperior Spider-man\u00bb<\/em>, <em>\u00abSpider-Island\u00bb<\/em> o <em>\u00abSpider-verse\u00bb<\/em>.<\/p>\n<p>Diez a\u00f1os muy moviditos que merecen ser analizados en profundidad por\u00a0 verdaderos aracno-expertos como son:<\/p>\n<p><strong>Pedro Monje:<\/strong>\u00a0Escribe regularmente en <a href=\"http:\/\/www.zonanegativa.com\/author\/pmonje\/\" target=\"_blank\" rel=\"noopener\"><em>Zona Negativa<\/em><\/a> y\u00a0en la revista especializada\u00a0<em>Dolmen<\/em>. Tambi\u00e9n ha escrito textos para la edici\u00f3n espa\u00f1ola mensual de los c\u00f3mics de\u00a0<em>Spiderman.\u00a0<\/em><\/p>\n<p><strong>Luigi Benedicto Borges<\/strong>. Periodista que lleva m\u00e1s de once a\u00f1os escribiendo sobre c\u00f3mics en el peri\u00f3dico\u00a0<em>El Mundo<\/em>, tanto en su versi\u00f3n impresa como online. Aracn\u00f3filo\u00a0desde tierna edad.<\/p>\n<p><strong>Julian M. Clemente.<\/strong>\u00a0Co-creador de Hero Kids (TVE). Editor Marvel en Espa\u00f1a. Autor de \u201c<em>Los chicos que coleccionaban tebeos<\/em>\u201d y \u201c<em>Spider-Man: La historia jam\u00e1s contada<\/em>\u201d (Panini).<\/p>\n<p>Todos ellos estar\u00e1n presentes en la charla:<\/p>\n<h3 style=\"text-align: center;\">Spiderman, al diablo con el diablo. Una d\u00e9cada desde el cambio.<\/h3>\n<p><a href=\"https:\/\/www.facebook.com\/events\/361836554240600\/?active_tab=about\"><img data-recalc-dims=\"1\" loading=\"lazy\" decoding=\"async\" data-attachment-id=\"10309\" data-permalink=\"https:\/\/www.atomcomics.net\/blog\/2017\/11\/17\/charla-spiderman-al-diablo-con-el-diablo\/273325-56231-one-more-day\/\" data-orig-file=\"https:\/\/i0.wp.com\/www.atomcomics.net\/blog\/wp-content\/uploads\/273325-56231-one-more-day.jpg?fit=640%2C640&amp;ssl=1\" data-orig-size=\"640,640\" data-comments-opened=\"0\" data-image-meta=\"{&quot;aperture&quot;:&quot;0&quot;,&quot;credit&quot;:&quot;&quot;,&quot;camera&quot;:&quot;&quot;,&quot;caption&quot;:&quot;&quot;,&quot;created_timestamp&quot;:&quot;0&quot;,&quot;copyright&quot;:&quot;&quot;,&quot;focal_length&quot;:&quot;0&quot;,&quot;iso&quot;:&quot;0&quot;,&quot;shutter_speed&quot;:&quot;0&quot;,&quot;title&quot;:&quot;&quot;,&quot;orientation&quot;:&quot;0&quot;}\" data-image-title=\"273325-56231-one-more-day\" data-image-description=\"\" data-image-caption=\"\" data-medium-file=\"https:\/\/i0.wp.com\/www.atomcomics.net\/blog\/wp-content\/uploads\/273325-56231-one-more-day.jpg?fit=640%2C640&amp;ssl=1\" data-large-file=\"https:\/\/i0.wp.com\/www.atomcomics.net\/blog\/wp-content\/uploads\/273325-56231-one-more-day.jpg?fit=640%2C640&amp;ssl=1\" class=\"aligncenter size-thumbnail wp-image-10309\" src=\"https:\/\/i0.wp.com\/www.atomcomics.net\/wp-content\/uploads\/273325-56231-one-more-day-420x420.jpg?resize=420%2C420\" alt=\"\" width=\"420\" height=\"420\" srcset=\"https:\/\/i0.wp.com\/www.atomcomics.net\/blog\/wp-content\/uploads\/273325-56231-one-more-day.jpg?resize=420%2C420&amp;ssl=1 420w, https:\/\/i0.wp.com\/www.atomcomics.net\/blog\/wp-content\/uploads\/273325-56231-one-more-day.jpg?w=640&amp;ssl=1 640w\" sizes=\"auto, (max-width: 420px) 100vw, 420px\" \/><\/a><\/p>\n<h4 style=\"text-align: center;\">S\u00e1bado 18 de Noviembre a las 18.30h en Atom C\u00f3mics c\/Fuencarral 134 (entrada por Alburquerque)<\/h4>\n<p>Todos los asistentes podr\u00e1n realizar preguntas y resolver dudas ar\u00e1cnidas. <a href=\"https:\/\/www.facebook.com\/events\/361836554240600\/?active_tab=about\">\u00bfSe os ocurre un mejor spider-plan?<\/a><\/p>\n","protected":false},"excerpt":{"rendered":"<p>Se van a cumplir diez a\u00f1os de \u00abOne More Day\u00bb, la saga que cambi\u00f3 para siempre (otra vez) a Spiderman. Pero a diferencia mutaciones previas, esta vez Peter Parker sufri\u00f3 lo que para muchos lectores&hellip; <a class=\"read-more-link\" href=\"https:\/\/www.atomcomics.net\/blog\/2017\/11\/17\/charla-spiderman-al-diablo-con-el-diablo\/\">(seguir leyendo)<\/a><\/p>\n","protected":false},"author":1,"featured_media":10316,"comment_status":"closed","ping_status":"open","sticky":false,"template":"","format":"standard","meta":{"jetpack_post_was_ever_published":false,"_jetpack_newsletter_access":"","_jetpack_dont_email_post_to_subs":false,"_jetpack_newsletter_tier_id":0,"_jetpack_memberships_contains_paywalled_content":false,"_jetpack_memberships_contains_paid_content":false,"footnotes":"","jetpack_publicize_message":"","jetpack_publicize_feature_enabled":true,"jetpack_social_post_already_shared":true,"jetpack_social_options":{"image_generator_settings":{"template":"highway","default_image_id":0,"font":"","enabled":false},"version":2}},"categories":[6],"tags":[],"class_list":["post-10307","post","type-post","status-publish","format-standard","has-post-thumbnail","hentry","category-noticias"],"jetpack_publicize_connections":[],"jetpack_featured_media_url":"https:\/\/i0.wp.com\/www.atomcomics.net\/blog\/wp-content\/uploads\/81YukmfFioL-e1508427905379.jpg?fit=798%2C450&ssl=1","jetpack_shortlink":"https:\/\/wp.me\/p53Ua-2Gf","jetpack-related-posts":[{"id":10445,"url":"https:\/\/www.atomcomics.net\/blog\/2017\/11\/21\/charla-spiderman-al-diablo-con-el-diablo-audio\/","url_meta":{"origin":10307,"position":0},"title":"Charla: Spiderman, al diablo con el diablo (audio)","author":"ATOM COMICS","date":"21, noviembre, 2017","format":false,"excerpt":"Os ofrecemos el audio de la charla \"Spiderman, al diablo con el diablo\" que tuvo lugar en Atom C\u00f3mics en c\/Fuencarral 134 el s\u00e1bado 18 de Noviembre de 2017. Se van a cumplir diez a\u00f1os de \u201cOne More Day\u201d, la saga que cambi\u00f3 para siempre (otra vez) a Spiderman. Pero\u2026","rel":"","context":"En \u00abPodcast\u00bb","block_context":{"text":"Podcast","link":"https:\/\/www.atomcomics.net\/blog\/category\/pod\/"},"img":{"alt_text":"","src":"https:\/\/i0.wp.com\/www.atomcomics.net\/blog\/wp-content\/uploads\/81YukmfFioL-e1508427905379.jpg?fit=798%2C450&ssl=1&resize=350%2C200","width":350,"height":200,"srcset":"https:\/\/i0.wp.com\/www.atomcomics.net\/blog\/wp-content\/uploads\/81YukmfFioL-e1508427905379.jpg?fit=798%2C450&ssl=1&resize=350%2C200 1x, https:\/\/i0.wp.com\/www.atomcomics.net\/blog\/wp-content\/uploads\/81YukmfFioL-e1508427905379.jpg?fit=798%2C450&ssl=1&resize=525%2C300 1.5x, https:\/\/i0.wp.com\/www.atomcomics.net\/blog\/wp-content\/uploads\/81YukmfFioL-e1508427905379.jpg?fit=798%2C450&ssl=1&resize=700%2C400 2x"},"classes":[]},{"id":271,"url":"https:\/\/www.atomcomics.net\/blog\/2006\/03\/18\/supremeultimateultimate-power\/","url_meta":{"origin":10307,"position":1},"title":"Supreme+Ultimate=Ultimate Power","author":"ATOM COMICS","date":"18, marzo, 2006","format":false,"excerpt":"Seg\u00fan pone en la web oficial de Marvel dos de los universos Marvel(quitando el 616,el convencional de toda la vida) el de Supreme Power(despu\u00e9s Squadron Supreme) y el Universo Ultimate se cruzar\u00e1n en Octubre en un evento al que pondran de nombre \"Ultimate Power\" y estar\u00e1 escrito por Brian Michael\u2026","rel":"","context":"En \u00abNoticias\u00bb","block_context":{"text":"Noticias","link":"https:\/\/www.atomcomics.net\/blog\/category\/noticias\/"},"img":{"alt_text":"","src":"","width":0,"height":0},"classes":[]},{"id":346,"url":"https:\/\/www.atomcomics.net\/blog\/2006\/05\/14\/resenaspiderman-50\/","url_meta":{"origin":10307,"position":2},"title":"Rese\u00f1a:Spiderman #50","author":"ATOM COMICS","date":"14, mayo, 2006","format":false,"excerpt":"Ten\u00eda algunas dudas sobre que c\u00f3mic de este mes de Panini hacer una rese\u00f1a,Dani me di\u00f3 libertad absoluta y yo eleg\u00ed el Maxi tomo de Spiderman que es especial,abrochense los cinturones que all\u00e1 vamos: Como siempre decir que puede haber argumentos, detalles, SPOILERS para aquellos que no hayan leido el\u2026","rel":"","context":"En \u00abRese\u00f1as\u00bb","block_context":{"text":"Rese\u00f1as","link":"https:\/\/www.atomcomics.net\/blog\/category\/resenas\/"},"img":{"alt_text":"","src":"","width":0,"height":0},"classes":[]},{"id":12433,"url":"https:\/\/www.atomcomics.net\/blog\/2020\/03\/05\/dia-de-grapas-dia-de-bienes\/","url_meta":{"origin":10307,"position":3},"title":"D\u00eda de grapas, \u00bfD\u00eda de bienes?","author":"ATOM COMICS","date":"5, marzo, 2020","format":false,"excerpt":"N\u00d3RDICA LA CATA (ED. R\u00daSTICA) Nueva edici\u00f3n de uno de los mejores relatos de Roald Dahl. Humor, vino e intriga en un texto inolvidable. 17,50 \u20ac PONENT MON PREFERENCIAS DEL SISTEMA En un futuro cercano no hay espacio para archivar m\u00e1s datos. Los profetas deciden qu\u00e9 borrar y qu\u00e9 preservar\u2026","rel":"","context":"En \u00abNovedades\u00bb","block_context":{"text":"Novedades","link":"https:\/\/www.atomcomics.net\/blog\/category\/novedades\/"},"img":{"alt_text":"","src":"https:\/\/i0.wp.com\/www.atomcomics.net\/blog\/wp-content\/uploads\/sesco006_0.jpg?fit=460%2C700&ssl=1&resize=350%2C200","width":350,"height":200},"classes":[]},{"id":11863,"url":"https:\/\/www.atomcomics.net\/blog\/2019\/05\/16\/jueves-vamos-con-cosicas-nuevas\/","url_meta":{"origin":10307,"position":4},"title":"Jueves, vamos con cosicas nuevas","author":"ATOM COMICS","date":"16, mayo, 2019","format":false,"excerpt":"IVREA SHINSHOKU SYNDROME (COMIC) (TOMO \u00daNICO) 8,00 \u20ac JOJO'S BIZARRE ADVENTURE PARTE 4: DIAMOND... 12,00 \u20ac PANINI THANOS: LA PRIMERA NUEVA TRILOG\u00cdA 40,00 \u20ac THANOS: EL CONFLICTO DEL INFINITO (MARVEL... 17,00 \u20ac SR Y SRA X 01. AMOR Y MATRIMONIO 12,00 \u20ac SPIDER-GWEN: GHOST SPIDER 01. SPIDERGEDON \u00a1Nueva etapa! Nuevo\u2026","rel":"","context":"En \u00abNovedades\u00bb","block_context":{"text":"Novedades","link":"https:\/\/www.atomcomics.net\/blog\/category\/novedades\/"},"img":{"alt_text":"","src":"https:\/\/i0.wp.com\/www.atomcomics.net\/blog\/wp-content\/uploads\/lobomalo.jpg?fit=800%2C800&ssl=1&resize=350%2C200","width":350,"height":200,"srcset":"https:\/\/i0.wp.com\/www.atomcomics.net\/blog\/wp-content\/uploads\/lobomalo.jpg?fit=800%2C800&ssl=1&resize=350%2C200 1x, https:\/\/i0.wp.com\/www.atomcomics.net\/blog\/wp-content\/uploads\/lobomalo.jpg?fit=800%2C800&ssl=1&resize=525%2C300 1.5x, https:\/\/i0.wp.com\/www.atomcomics.net\/blog\/wp-content\/uploads\/lobomalo.jpg?fit=800%2C800&ssl=1&resize=700%2C400 2x"},"classes":[]},{"id":11394,"url":"https:\/\/www.atomcomics.net\/blog\/2018\/11\/08\/vamos-a-por-el-jueves\/","url_meta":{"origin":10307,"position":5},"title":"Vamos a por el jueves","author":"ATOM COMICS","date":"8, noviembre, 2018","format":false,"excerpt":"OMINIKY SOLO. LEGATUS\u00a018,00 \u20ac LA C\u00daPULA REY CARB\u00d3N\u00a016,90 \u20ac EL GRAN LIBRO YUM YUM (R\u00daSTICA)\u00a018,90 \u20ac ASTIBERRI B\u00c1RBARA MARAVILLA\u00a017,00 \u20ac PANINI VENENO. GREATEST HITS 32,00 \u20ac VENENO V2 11 (VENENO 1) 3,25 \u20ac THOR VOL.5 090 (2)\u00a01,95 \u20ac THANOS ESTATUA PVC 23 cm MARVEL GALLERY... 45,95 \u20ac THANOS 03: THANOS\u2026","rel":"","context":"En \u00abNovedades\u00bb","block_context":{"text":"Novedades","link":"https:\/\/www.atomcomics.net\/blog\/category\/novedades\/"},"img":{"alt_text":"","src":"https:\/\/i0.wp.com\/www.atomcomics.net\/blog\/wp-content\/uploads\/rey-carbon-e1541675756284.jpg?fit=800%2C450&ssl=1&resize=350%2C200","width":350,"height":200,"srcset":"https:\/\/i0.wp.com\/www.atomcomics.net\/blog\/wp-content\/uploads\/rey-carbon-e1541675756284.jpg?fit=800%2C450&ssl=1&resize=350%2C200 1x, https:\/\/i0.wp.com\/www.atomcomics.net\/blog\/wp-content\/uploads\/rey-carbon-e1541675756284.jpg?fit=800%2C450&ssl=1&resize=525%2C300 1.5x, https:\/\/i0.wp.com\/www.atomcomics.net\/blog\/wp-content\/uploads\/rey-carbon-e1541675756284.jpg?fit=800%2C450&ssl=1&resize=700%2C400 2x"},"classes":[]}],"jetpack_sharing_enabled":true,"_links":{"self":[{"href":"https:\/\/www.atomcomics.net\/blog\/wp-json\/wp\/v2\/posts\/10307","targetHints":{"allow":["GET"]}}],"collection":[{"href":"https:\/\/www.atomcomics.net\/blog\/wp-json\/wp\/v2\/posts"}],"about":[{"href":"https:\/\/www.atomcomics.net\/blog\/wp-json\/wp\/v2\/types\/post"}],"author":[{"embeddable":true,"href":"https:\/\/www.atomcomics.net\/blog\/wp-json\/wp\/v2\/users\/1"}],"replies":[{"embeddable":true,"href":"https:\/\/www.atomcomics.net\/blog\/wp-json\/wp\/v2\/comments?post=10307"}],"version-history":[{"count":5,"href":"https:\/\/www.atomcomics.net\/blog\/wp-json\/wp\/v2\/posts\/10307\/revisions"}],"predecessor-version":[{"id":10320,"href":"https:\/\/www.atomcomics.net\/blog\/wp-json\/wp\/v2\/posts\/10307\/revisions\/10320"}],"wp:featuredmedia":[{"embeddable":true,"href":"https:\/\/www.atomcomics.net\/blog\/wp-json\/wp\/v2\/media\/10316"}],"wp:attachment":[{"href":"https:\/\/www.atomcomics.net\/blog\/wp-json\/wp\/v2\/media?parent=10307"}],"wp:term":[{"taxonomy":"category","embeddable":true,"href":"https:\/\/www.atomcomics.net\/blog\/wp-json\/wp\/v2\/categories?post=10307"},{"taxonomy":"post_tag","embeddable":true,"href":"https:\/\/www.atomcomics.net\/blog\/wp-json\/wp\/v2\/tags?post=10307"}],"curies":[{"name":"wp","href":"https:\/\/api.w.org\/{rel}","templated":true}]}}