{"id":10407,"date":"2017-11-07T18:29:18","date_gmt":"2017-11-07T17:29:18","guid":{"rendered":"http:\/\/www.atomcomics.net\/?p=10407"},"modified":"2017-11-07T19:26:42","modified_gmt":"2017-11-07T18:26:42","slug":"planeta-no-viene-sola","status":"publish","type":"post","link":"https:\/\/www.atomcomics.net\/blog\/2017\/11\/07\/planeta-no-viene-sola\/","title":{"rendered":"Planeta no viene sola"},"content":{"rendered":"<h4>FLOW PRESS<\/h4>\n<div class=\"product-container\">\n<div class=\"row\">\n<div class=\"left-block col-xs-4 col-sm-5 col-md-4\">\n<div class=\"product-image-container\"><a class=\"product_img_link\" title=\"PAST &amp; PRESENT\" href=\"https:\/\/www.comicalia.com\/libro-ilustrado\/29093-past-present-9788494741852.html\"><img data-recalc-dims=\"1\" loading=\"lazy\" decoding=\"async\" class=\"replace-2x img-responsive\" title=\"Past &amp; present\" src=\"https:\/\/i0.wp.com\/www.comicalia.com\/29494-home_default\/past-present.jpg?resize=250%2C250&#038;ssl=1\" alt=\"Past &amp; present\" width=\"250\" height=\"250\" \/><\/a><\/div>\n<div class=\"product-image-container\"><a class=\"product-name\" title=\"PAST &amp; PRESENT\" href=\"https:\/\/www.comicalia.com\/libro-ilustrado\/29093-past-present-9788494741852.html\">PAST &amp; PRESENT<\/a><\/div>\n<\/div>\n<div class=\"center-block col-xs-4 col-sm-7 col-md-4\">\n<p class=\"product-desc\">UN VIAJE GR\u00c1FICO EN EL TIEMPO 12,95 \u20ac<\/p>\n<\/div>\n<\/div>\n<\/div>\n<h4>PRINCIPAL DE LOS LIBROS<\/h4>\n<div class=\"product-container\">\n<div class=\"row\">\n<div class=\"left-block col-xs-4 col-sm-5 col-md-4\">\n<div class=\"product-image-container\"><a class=\"product_img_link\" title=\"Martina y Anitram en el Pa\u00eds de los Calcetines Perdidos\" href=\"https:\/\/www.comicalia.com\/libro-ilustrado\/29092-martina-y-anitram-en-el-pais-de-los-calcetines-perdidos-9788416223848.html\"><img data-recalc-dims=\"1\" loading=\"lazy\" decoding=\"async\" class=\"replace-2x img-responsive\" title=\"Martina y Anitram en el Pa\u00eds de los Calcetines Perdidos\" src=\"https:\/\/i0.wp.com\/www.comicalia.com\/29497-home_default\/martina-y-anitram-en-el-pais-de-los-calcetines-perdidos.jpg?resize=250%2C250&#038;ssl=1\" alt=\"Martina y Anitram en el Pa\u00eds de los Calcetines Perdidos\" width=\"250\" height=\"250\" \/><\/a><\/div>\n<div class=\"product-image-container\"><a class=\"product-name\" title=\"Martina y Anitram en el Pa\u00eds de los Calcetines Perdidos\" href=\"https:\/\/www.comicalia.com\/libro-ilustrado\/29092-martina-y-anitram-en-el-pais-de-los-calcetines-perdidos-9788416223848.html\">Martina y Anitram en el Pa\u00eds de los&#8230;\u00a0<\/a>13,50 \u20ac<\/div>\n<\/div>\n<\/div>\n<\/div>\n<h4>BLACKIE BOOKS<\/h4>\n<div class=\"product-container\">\n<div class=\"row\">\n<div class=\"left-block col-xs-4 col-sm-5 col-md-4\">\n<div class=\"product-image-container\"><a class=\"product_img_link\" title=\"EL SE\u00d1OR LAMBERT\" href=\"https:\/\/www.comicalia.com\/libro-ilustrado\/29091-el-senor-lambert-9788417059163.html\"><img data-recalc-dims=\"1\" loading=\"lazy\" decoding=\"async\" class=\"replace-2x img-responsive\" title=\"El se\u00f1or Lambert\" src=\"https:\/\/i0.wp.com\/www.comicalia.com\/29495-home_default\/el-senor-lambert.jpg?resize=250%2C250&#038;ssl=1\" alt=\"El se\u00f1or Lambert\" width=\"250\" height=\"250\" \/><\/a><\/div>\n<div class=\"product-image-container\"><a class=\"product-name\" title=\"EL SE\u00d1OR LAMBERT\" href=\"https:\/\/www.comicalia.com\/libro-ilustrado\/29091-el-senor-lambert-9788417059163.html\">EL SE\u00d1OR LAMBERT<\/a><\/div>\n<\/div>\n<div class=\"center-block col-xs-4 col-sm-7 col-md-4\">\n<p class=\"product-desc\">Un hermoso canto a la amistad, una tierna reflexi\u00f3n sobre el sentido, o sinsentido, de la vida. 17,90 \u20ac<\/p>\n<\/div>\n<\/div>\n<\/div>\n<div class=\"product-container\">\n<div class=\"row\">\n<div class=\"left-block col-xs-4 col-sm-5 col-md-4\">\n<div class=\"product-image-container\"><a class=\"product_img_link\" title=\"El libro de Gloria Fuertes para ni\u00f1as y ni\u00f1os\" href=\"https:\/\/www.comicalia.com\/narrativa\/29090-el-libro-de-gloria-fuertes-para-ninas-y-ninos-9788417059217.html\"><img data-recalc-dims=\"1\" loading=\"lazy\" decoding=\"async\" class=\"replace-2x img-responsive\" title=\"El libro de Gloria Fuertes para ni\u00f1as y ni\u00f1os\" src=\"https:\/\/i0.wp.com\/www.comicalia.com\/29496-home_default\/el-libro-de-gloria-fuertes-para-ninas-y-ninos.jpg?resize=250%2C250&#038;ssl=1\" alt=\"El libro de Gloria Fuertes para ni\u00f1as y ni\u00f1os\" width=\"250\" height=\"250\" \/><\/a><\/div>\n<div class=\"product-image-container\"><a class=\"product-name\" title=\"El libro de Gloria Fuertes para ni\u00f1as y ni\u00f1os\" href=\"https:\/\/www.comicalia.com\/narrativa\/29090-el-libro-de-gloria-fuertes-para-ninas-y-ninos-9788417059217.html\">El libro de Gloria Fuertes para ni\u00f1as y ni\u00f1os<\/a><\/div>\n<\/div>\n<div class=\"center-block col-xs-4 col-sm-7 col-md-4\">\n<p class=\"product-desc\">Versos, cuentos y vida. La literatura infantil de Gloria Fuertes en una edici\u00f3n para toda la vida. 19,90 \u20ac<\/p>\n<h4>PLANETA<\/h4>\n<\/div>\n<\/div>\n<\/div>\n<div class=\"product-container\">\u00a0<a class=\"product_img_link\" title=\"Star Wars n\u00ba 32 (La Ciudadela de los Gritos 3 de 3)\" href=\"https:\/\/www.comicalia.com\/fantasia-otros-mundos\/29088-star-wars-n-32-la-ciudadela-de-los-gritos-3-de-3-9788491461708.html\"><img data-recalc-dims=\"1\" loading=\"lazy\" decoding=\"async\" class=\"replace-2x img-responsive\" title=\"Star Wars n\u00ba 32 (La Ciudadela de los Gritos 3 de 3)\" src=\"https:\/\/i0.wp.com\/www.comicalia.com\/29490-home_default\/star-wars-n-32-la-ciudadela-de-los-gritos-3-de-3.jpg?resize=250%2C250&#038;ssl=1\" alt=\"Star Wars n\u00ba 32 (La Ciudadela de los Gritos 3 de 3)\" width=\"250\" height=\"250\" \/><\/a><\/div>\n<div class=\"product-container\">\n<div class=\"row\">\n<div class=\"left-block col-xs-4 col-sm-5 col-md-4\">\n<div class=\"product-image-container\"><a class=\"product-name\" title=\"Star Wars n\u00ba 32 (La Ciudadela de los Gritos 3 de 3)\" href=\"https:\/\/www.comicalia.com\/fantasia-otros-mundos\/29088-star-wars-n-32-la-ciudadela-de-los-gritos-3-de-3-9788491461708.html\">Star Wars n\u00ba 32 (La Ciudadela de los&#8230;<\/a><\/div>\n<\/div>\n<div class=\"center-block col-xs-4 col-sm-7 col-md-4\">\n<p class=\"product-desc\">\u00a1Ultima parte del \u00abcrossover\u00bb entre \u00abStar Wars\u00bb y la \u00abDoctora Aphra\u00bb! 3,50 \u20ac<\/p>\n<div class=\"left-block col-xs-4 col-sm-5 col-md-4\">\n<div class=\"product-image-container\"><a class=\"product_img_link\" title=\"Star Wars Poe Dameron n\u00ba 15 \" href=\"https:\/\/www.comicalia.com\/fantasia-otros-mundos\/29094-star-wars-poe-dameron-n-15-9788491461753.html\"><img data-recalc-dims=\"1\" loading=\"lazy\" decoding=\"async\" class=\"replace-2x img-responsive\" title=\"Star Wars Poe Dameron n\u00ba 15 \" src=\"https:\/\/i0.wp.com\/www.comicalia.com\/29489-home_default\/star-wars-poe-dameron-n-15.jpg?resize=250%2C250&#038;ssl=1\" alt=\"Star Wars Poe Dameron n\u00ba 15 \" width=\"250\" height=\"250\" \/><\/a><\/div>\n<div class=\"product-image-container\"><a class=\"product-name\" title=\"Star Wars Poe Dameron n\u00ba 15 \" href=\"https:\/\/www.comicalia.com\/fantasia-otros-mundos\/29094-star-wars-poe-dameron-n-15-9788491461753.html\">Star Wars Poe Dameron n\u00ba 15<\/a><\/div>\n<\/div>\n<div class=\"center-block col-xs-4 col-sm-7 col-md-4\">\n<p class=\"product-desc\">Sigue la serie c\u00f3mic centrada en el nuevo personaje de la saga 2,50 \u20ac<\/p>\n<\/div>\n<\/div>\n<\/div>\n<\/div>\n<div class=\"product-container\">\n<div class=\"row\">\n<div class=\"left-block col-xs-4 col-sm-5 col-md-4\">\n<div class=\"product-image-container\"><a class=\"product_img_link\" title=\"Paper Girls n\u00ba 15 \" href=\"https:\/\/www.comicalia.com\/fantasia-otros-mundos\/29087-paper-girls-n-15-9788491465768.html\"><img data-recalc-dims=\"1\" loading=\"lazy\" decoding=\"async\" class=\"replace-2x img-responsive\" title=\"Paper Girls n\u00ba 15 \" src=\"https:\/\/i0.wp.com\/www.comicalia.com\/29491-home_default\/paper-girls-n-15.jpg?resize=250%2C250&#038;ssl=1\" alt=\"Paper Girls n\u00ba 15 \" width=\"250\" height=\"250\" \/><\/a><\/div>\n<div class=\"product-image-container\"><a class=\"product-name\" title=\"Paper Girls n\u00ba 15 \" href=\"https:\/\/www.comicalia.com\/fantasia-otros-mundos\/29087-paper-girls-n-15-9788491465768.html\">Paper Girls n\u00ba 15<\/a><\/div>\n<\/div>\n<div class=\"center-block col-xs-4 col-sm-7 col-md-4\">\n<p class=\"product-desc\">Sigue la serie ochentera de Brian K. Vaughan (\u00abSaga\u00bb) 2,50 \u20ac<\/p>\n<\/div>\n<\/div>\n<\/div>\n<div class=\"product-container\">\n<div class=\"row\">\n<div class=\"left-block col-xs-4 col-sm-5 col-md-4\">\n<div class=\"product-image-container\"><a class=\"product_img_link\" title=\"American Gods Sombras n\u00ba 01\/09 \" href=\"https:\/\/www.comicalia.com\/fantasia-otros-mundos\/29086-american-gods-sombras-n-01-09-9788491466871.html\"><img data-recalc-dims=\"1\" loading=\"lazy\" decoding=\"async\" class=\"replace-2x img-responsive\" title=\"American Gods Sombras n\u00ba 01\/09 \" src=\"https:\/\/i0.wp.com\/www.comicalia.com\/29492-home_default\/american-gods-sombras-n-01-09.jpg?resize=250%2C250&#038;ssl=1\" alt=\"American Gods Sombras n\u00ba 01\/09 \" width=\"250\" height=\"250\" \/><\/a><\/div>\n<div class=\"product-image-container\"><a class=\"product-name\" title=\"American Gods Sombras n\u00ba 01\/09 \" href=\"https:\/\/www.comicalia.com\/fantasia-otros-mundos\/29086-american-gods-sombras-n-01-09-9788491466871.html\">American Gods Sombras n\u00ba 01\/09<\/a><\/div>\n<\/div>\n<div class=\"center-block col-xs-4 col-sm-7 col-md-4\">\n<p class=\"product-desc\">Basado en la famosa novela de Neil Gaiman. Mezcla folkrore estadounidense, fantas\u00eda y mitolog\u00eda internacional. 2,50 \u20ac<\/p>\n<\/div>\n<\/div>\n<\/div>\n<div class=\"product-container\">\n<div class=\"row\">\n<div class=\"left-block col-xs-4 col-sm-5 col-md-4\">\n<div class=\"product-image-container\"><a class=\"product_img_link\" title=\"Conan El asesino n\u00ba 02\/12 \" href=\"https:\/\/www.comicalia.com\/fantasia-otros-mundos\/29085-conan-el-asesino-n-02-12-9788491464624.html\"><img data-recalc-dims=\"1\" loading=\"lazy\" decoding=\"async\" class=\"replace-2x img-responsive\" title=\"Conan El asesino n\u00ba 02\/12 \" src=\"https:\/\/i0.wp.com\/www.comicalia.com\/29493-home_default\/conan-el-asesino-n-02-12.jpg?resize=250%2C250&#038;ssl=1\" alt=\"Conan El asesino n\u00ba 02\/12 \" width=\"250\" height=\"250\" \/><\/a><\/div>\n<div class=\"product-image-container\"><a class=\"product-name\" title=\"Conan El asesino n\u00ba 02\/12 \" href=\"https:\/\/www.comicalia.com\/fantasia-otros-mundos\/29085-conan-el-asesino-n-02-12-9788491464624.html\">Conan El asesino n\u00ba 02\/12<\/a><\/div>\n<\/div>\n<div class=\"center-block col-xs-4 col-sm-7 col-md-4\">\n<p class=\"product-desc\">\u00a1La nueva etapa del legendario Conan el B\u00e1rbaro! 4,20 \u20ac<\/p>\n<\/div>\n<\/div>\n<\/div>\n<div class=\"product-container\">\n<div class=\"row\">\n<div class=\"left-block col-xs-4 col-sm-5 col-md-4\">\n<div class=\"product-image-container\"><a class=\"product_img_link\" title=\"Los tres fantasmas de Tesla n\u00ba 01\/03 \" href=\"https:\/\/www.comicalia.com\/bd-aventura\/29084-los-tres-fantasmas-de-tesla-n-01-03-9788416767472.html\"><img data-recalc-dims=\"1\" loading=\"lazy\" decoding=\"async\" class=\"replace-2x img-responsive\" title=\"Los tres fantasmas de Tesla n\u00ba 01\/03 \" src=\"https:\/\/i0.wp.com\/www.comicalia.com\/29488-home_default\/los-tres-fantasmas-de-tesla-n-01-03.jpg?resize=250%2C250&#038;ssl=1\" alt=\"Los tres fantasmas de Tesla n\u00ba 01\/03 \" width=\"250\" height=\"250\" \/><\/a><\/div>\n<div class=\"product-image-container\"><a class=\"product-name\" title=\"Los tres fantasmas de Tesla n\u00ba 01\/03 \" href=\"https:\/\/www.comicalia.com\/bd-aventura\/29084-los-tres-fantasmas-de-tesla-n-01-03-9788416767472.html\">Los tres fantasmas de Tesla n\u00ba 01\/03<\/a><\/div>\n<\/div>\n<div class=\"center-block col-xs-4 col-sm-7 col-md-4\">\n<p class=\"product-desc\">UN BD mezcla fantas\u00eda con suspense, ambientado durante la Segunda Guerra Mundial. 19,95 \u20ac<\/p>\n<h4>DIBBUKS<\/h4>\n<\/div>\n<\/div>\n<\/div>\n<div class=\"product-container\">\n<div class=\"row\">\n<div class=\"left-block col-xs-4 col-sm-5 col-md-4\">\n<div class=\"product-image-container\"><a class=\"product_img_link\" title=\"LOS DALTON\" href=\"https:\/\/www.comicalia.com\/bd-aventura\/29083-los-dalton-9788416507825.html\"><img data-recalc-dims=\"1\" loading=\"lazy\" decoding=\"async\" class=\"replace-2x img-responsive\" title=\"LOS DALTON\" src=\"https:\/\/i0.wp.com\/www.comicalia.com\/29487-home_default\/los-dalton.jpg?resize=250%2C250&#038;ssl=1\" alt=\"LOS DALTON\" width=\"250\" height=\"250\" \/><\/a><\/div>\n<div class=\"product-image-container\"><a class=\"product-name\" title=\"LOS DALTON\" href=\"https:\/\/www.comicalia.com\/bd-aventura\/29083-los-dalton-9788416507825.html\">LOS DALTON<\/a><\/div>\n<\/div>\n<div class=\"center-block col-xs-4 col-sm-7 col-md-4\">\n<p class=\"product-desc\">\u00a1Convi\u00e9rtete en un vaquero y \u00fanete a los Dalton en el Viejo Oeste! Una historia al m\u00e1s puro estilo americano. 22,00 \u20ac<\/p>\n<div class=\"left-block col-xs-4 col-sm-5 col-md-4\">\n<div class=\"product-image-container\"><a class=\"product_img_link\" title=\"ASTRID BROMURO 2\" href=\"https:\/\/www.comicalia.com\/bd-aventura\/29129-astrid-bromuro-2-9788416507863.html\"><img data-recalc-dims=\"1\" loading=\"lazy\" decoding=\"async\" class=\"replace-2x img-responsive\" title=\"ASTRID BROMURO 2\" src=\"https:\/\/i0.wp.com\/www.comicalia.com\/29500-home_default\/astrid-bromuro-2.jpg?resize=250%2C250&#038;ssl=1\" alt=\"ASTRID BROMURO 2\" width=\"250\" height=\"250\" \/><\/a><\/div>\n<div class=\"product-image-container\"><a class=\"product-name\" title=\"ASTRID BROMURO 2\" href=\"https:\/\/www.comicalia.com\/bd-aventura\/29129-astrid-bromuro-2-9788416507863.html\">ASTRID BROMURO 2<\/a><\/div>\n<\/div>\n<div class=\"center-block col-xs-4 col-sm-7 col-md-4\">\n<p class=\"product-desc\">\u00abC\u00f3mo atomizar a los fantasmas\u00bb \u00a1Brotan las ideas, y los fantasmas, en esta nueva aventura en estado puro de Astrid Bromuro! 11,00 \u20ac<\/p>\n<\/div>\n<h4>PONENT MON<\/h4>\n<\/div>\n<\/div>\n<\/div>\n<div class=\"product-container\">\n<div class=\"row\">\n<div class=\"left-block col-xs-4 col-sm-5 col-md-4\">\n<div class=\"product-image-container\"><a class=\"product_img_link\" title=\"BARBARROJA INTERGRAL 10\" href=\"https:\/\/www.comicalia.com\/bd-aventura\/29082-barbarroja-intergral-10-9781912097296.html\"><img data-recalc-dims=\"1\" loading=\"lazy\" decoding=\"async\" class=\"replace-2x img-responsive\" title=\"BARBARROJA INTERGRAL 10\" src=\"https:\/\/i0.wp.com\/www.comicalia.com\/29486-home_default\/barbarroja-intergral-10.jpg?resize=250%2C250&#038;ssl=1\" alt=\"BARBARROJA INTERGRAL 10\" width=\"250\" height=\"250\" \/><\/a><\/div>\n<div class=\"product-image-container\"><a class=\"product-name\" title=\"BARBARROJA INTERGRAL 10\" href=\"https:\/\/www.comicalia.com\/bd-aventura\/29082-barbarroja-intergral-10-9781912097296.html\">BARBARROJA INTERGRAL 10<\/a><\/div>\n<\/div>\n<div class=\"center-block col-xs-4 col-sm-7 col-md-4\">\n<p class=\"product-desc\">La fabulosa saga del m\u00e1s sanguinario de los piratas de los mares del Sur, que se ve inmerso en combates sin piedad. 32,00 \u20ac<\/p>\n<\/div>\n<\/div>\n<\/div>\n<div class=\"product-container\">\n<div class=\"row\">\n<div class=\"left-block col-xs-4 col-sm-5 col-md-4\">\n<div class=\"product-image-container\"><a class=\"product_img_link\" title=\"51 MANERAS DE PROTEGER A TU NOVIA VOL. 4\" href=\"https:\/\/www.comicalia.com\/manga-seinen\/29081-51-maneras-de-proteger-a-tu-novia-vol-4-9781912097241.html\"><img data-recalc-dims=\"1\" loading=\"lazy\" decoding=\"async\" class=\"replace-2x img-responsive\" title=\"51 MANERAS DE PROTEGER A TU NOVIA VOL. 4\" src=\"https:\/\/i0.wp.com\/www.comicalia.com\/29485-home_default\/51-maneras-de-proteger-a-tu-novia-vol-4.jpg?resize=250%2C250&#038;ssl=1\" alt=\"51 MANERAS DE PROTEGER A TU NOVIA VOL. 4\" width=\"250\" height=\"250\" \/><\/a><\/div>\n<div class=\"product-image-container\"><a class=\"product-name\" title=\"51 MANERAS DE PROTEGER A TU NOVIA VOL. 4\" href=\"https:\/\/www.comicalia.com\/manga-seinen\/29081-51-maneras-de-proteger-a-tu-novia-vol-4-9781912097241.html\">51 MANERAS DE PROTEGER A TU NOVIA VOL. 4<\/a><\/div>\n<\/div>\n<div class=\"center-block col-xs-4 col-sm-7 col-md-4\">\n<p class=\"product-desc\">Una historia trepidante, muy bien narrada, presenta con crudeza y realismo la \u201cfealdad\u201d del ser humano y su psicolog\u00eda en momentos de estr\u00e9s m\u00e1ximo colectivo. 14,00 \u20ac<\/p>\n<h4>TOMODOMO<\/h4>\n<\/div>\n<\/div>\n<\/div>\n<div class=\"product-container\">\n<div class=\"row\">\n<div class=\"left-block col-xs-4 col-sm-5 col-md-4\">\n<div class=\"product-image-container\"><a class=\"product_img_link\" title=\"PREDESTINADA\" href=\"https:\/\/www.comicalia.com\/manga-seinen\/29080-predestinada-9788416188444.html\"><img data-recalc-dims=\"1\" loading=\"lazy\" decoding=\"async\" class=\"replace-2x img-responsive\" title=\"PREDESTINADA\" src=\"https:\/\/i0.wp.com\/www.comicalia.com\/29484-home_default\/predestinada.jpg?resize=250%2C250&#038;ssl=1\" alt=\"PREDESTINADA\" width=\"250\" height=\"250\" \/><\/a><\/div>\n<div class=\"product-image-container\"><a class=\"product-name\" title=\"PREDESTINADA\" href=\"https:\/\/www.comicalia.com\/manga-seinen\/29080-predestinada-9788416188444.html\">PREDESTINADA<\/a><\/div>\n<\/div>\n<div class=\"center-block col-xs-4 col-sm-7 col-md-4\">\n<p class=\"product-desc\">C\u00f3mic de ritmo trepidante y gran impacto emocional de una autora de culto en Jap\u00f3n, Tomoko Yamashita, en tres historias cortas protagonizadas por mujeres. Tomo \u00fanico. 10,00 \u20ac<\/p>\n<h4>N\u00d3RDICA<\/h4>\n<\/div>\n<\/div>\n<\/div>\n<div class=\"product-container\">\n<div class=\"row\">\n<div class=\"left-block col-xs-4 col-sm-5 col-md-4\">\n<div class=\"product-image-container\"><a class=\"product_img_link\" title=\"CORT\u00c1ZAR. EDICI\u00d3N EN R\u00daSTICA \" href=\"https:\/\/www.comicalia.com\/bd-nueva-ola\/29079-cortazar-edicion-en-rustica-9788416830985.html\"><img data-recalc-dims=\"1\" loading=\"lazy\" decoding=\"async\" class=\"replace-2x img-responsive\" title=\"CORT\u00c1ZAR. EDICI\u00d3N EN R\u00daSTICA \" src=\"https:\/\/i0.wp.com\/www.comicalia.com\/29483-home_default\/cortazar-edicion-en-rustica.jpg?resize=250%2C250&#038;ssl=1\" alt=\"CORT\u00c1ZAR. EDICI\u00d3N EN R\u00daSTICA \" width=\"250\" height=\"250\" \/><\/a><\/div>\n<div class=\"product-image-container\"><a class=\"product-name\" title=\"CORT\u00c1ZAR. EDICI\u00d3N EN R\u00daSTICA \" href=\"https:\/\/www.comicalia.com\/bd-nueva-ola\/29079-cortazar-edicion-en-rustica-9788416830985.html\">CORT\u00c1ZAR. EDICI\u00d3N EN R\u00daSTICA<\/a><\/div>\n<\/div>\n<div class=\"center-block col-xs-4 col-sm-7 col-md-4\">\n<p class=\"product-desc\">Jes\u00fas Marchamalo y uno de los historietistas con m\u00e1s proyecci\u00f3n de nuestro pa\u00eds, Marc Torices, aceptaron el reto de realizar un c\u00f3mic sobre la vida de Julio Cort\u00e1zar. 22,50 \u20ac<\/p>\n<h4>SATORI<\/h4>\n<\/div>\n<\/div>\n<\/div>\n<div class=\"product-container\">\n<div class=\"row\">\n<div class=\"left-block col-xs-4 col-sm-5 col-md-4\">\n<div class=\"product-image-container\"><a class=\"product_img_link\" title=\"ENCICLOPEDIA YOKAI 1\" href=\"https:\/\/www.comicalia.com\/manga-seinen\/29078-enciclopedia-yokai-1-9788494746727.html\"><img data-recalc-dims=\"1\" loading=\"lazy\" decoding=\"async\" class=\"replace-2x img-responsive\" title=\"ENCICLOPEDIA YOKAI 1\" src=\"https:\/\/i0.wp.com\/www.comicalia.com\/29482-home_default\/enciclopedia-yokai-1.jpg?resize=250%2C250&#038;ssl=1\" alt=\"ENCICLOPEDIA YOKAI 1\" width=\"250\" height=\"250\" \/><\/a><\/div>\n<div class=\"product-image-container\"><a class=\"product-name\" title=\"ENCICLOPEDIA YOKAI 1\" href=\"https:\/\/www.comicalia.com\/manga-seinen\/29078-enciclopedia-yokai-1-9788494746727.html\">ENCICLOPEDIA YOKAI 1<\/a><\/div>\n<\/div>\n<div class=\"center-block col-xs-4 col-sm-7 col-md-4\">\n<p class=\"product-desc\">\u00a1Publicado al fin! El libro definitivo sobre los yokai, monstruos y fantasmas de Jap\u00f3n. La obra maestra del genio del manga Shigeru Mizuki 25,00 \u20ac<\/p>\n<h4>QUATERNI<\/h4>\n<\/div>\n<\/div>\n<\/div>\n<div class=\"product-container\">\n<div class=\"row\">\n<div class=\"left-block col-xs-4 col-sm-5 col-md-4\">\n<div class=\"product-image-container\"><a class=\"product_img_link\" title=\"CIEN VISTAS DE TOKIO\" href=\"https:\/\/www.comicalia.com\/manga-seinen\/29077-cien-vistas-de-tokio-9788494716942.html\"><img data-recalc-dims=\"1\" loading=\"lazy\" decoding=\"async\" class=\"replace-2x img-responsive\" title=\"CIEN VISTAS DE TOKIO\" src=\"https:\/\/i0.wp.com\/www.comicalia.com\/29481-home_default\/cien-vistas-de-tokio.jpg?resize=250%2C250&#038;ssl=1\" alt=\"CIEN VISTAS DE TOKIO\" width=\"250\" height=\"250\" \/><\/a><\/div>\n<div class=\"product-image-container\"><a class=\"product-name\" title=\"CIEN VISTAS DE TOKIO\" href=\"https:\/\/www.comicalia.com\/manga-seinen\/29077-cien-vistas-de-tokio-9788494716942.html\">CIEN VISTAS DE TOKIO<\/a><\/div>\n<\/div>\n<div class=\"center-block col-xs-4 col-sm-7 col-md-4\">\n<p class=\"product-desc\">Un nost\u00e1lgico y evocador recorrido a algunos de los barrios m\u00e1s populares y tradicionales de Tokio. Imprescindible para los apasionados de la cultura japonesa. 14,96 \u20ac<\/p>\n<h4>ASTEROIDE<\/h4>\n<\/div>\n<\/div>\n<\/div>\n<div class=\"product-container\">\n<div class=\"row\">\n<div class=\"left-block col-xs-4 col-sm-5 col-md-4\">\n<div class=\"product-image-container\"><a class=\"product_img_link\" title=\"Al caer la luz\" href=\"https:\/\/www.comicalia.com\/narrativa\/29076-al-caer-la-luz-9788417007218.html\"><img data-recalc-dims=\"1\" loading=\"lazy\" decoding=\"async\" class=\"replace-2x img-responsive\" title=\"AL CAER LA LUZ\" src=\"https:\/\/i0.wp.com\/www.comicalia.com\/29480-home_default\/al-caer-la-luz.jpg?resize=250%2C250&#038;ssl=1\" alt=\"AL CAER LA LUZ\" width=\"250\" height=\"250\" \/><\/a><\/div>\n<div class=\"product-image-container\"><a class=\"product-name\" title=\"Al caer la luz\" href=\"https:\/\/www.comicalia.com\/narrativa\/29076-al-caer-la-luz-9788417007218.html\">Al caer la luz<\/a><\/div>\n<\/div>\n<div class=\"center-block col-xs-4 col-sm-7 col-md-4\">\n<p class=\"product-desc\">Una maravillosa novela sobre un matrimonio que deja atr\u00e1s su juventud y una eleg\u00eda sobre el Nueva York al que puso fin el crac de 1987 23,95 \u20ac<\/p>\n<h4>EL NADIR<\/h4>\n<\/div>\n<\/div>\n<\/div>\n<div class=\"product-container\">\n<div class=\"row\">\n<div class=\"left-block col-xs-4 col-sm-5 col-md-4\">\n<h4 class=\"product-image-container\"><a class=\"product_img_link\" title=\"LA GUERRA CIVIL EN FRANCIA (1871)\" href=\"https:\/\/www.comicalia.com\/libro-ilustrado\/29075-la-guerra-civil-en-francia-1871-9788494440052.html\"><img data-recalc-dims=\"1\" loading=\"lazy\" decoding=\"async\" class=\"replace-2x img-responsive\" title=\"LA GUERRA CIVIL EN FRANCIA (1871)\" src=\"https:\/\/i0.wp.com\/www.comicalia.com\/29478-home_default\/la-guerra-civil-en-francia-1871.jpg?resize=250%2C250&#038;ssl=1\" alt=\"LA GUERRA CIVIL EN FRANCIA (1871)\" width=\"250\" height=\"250\" \/><\/a><\/h4>\n<div class=\"product-image-container\"><a class=\"product-name\" title=\"LA GUERRA CIVIL EN FRANCIA (1871)\" href=\"https:\/\/www.comicalia.com\/libro-ilustrado\/29075-la-guerra-civil-en-francia-1871-9788494440052.html\">LA GUERRA CIVIL EN FRANCIA (1871)<\/a><\/div>\n<\/div>\n<div class=\"center-block col-xs-4 col-sm-7 col-md-4\">\n<p class=\"product-desc\">Reportaje gr\u00e1fico magistral sobre los acontecimientos de la Comuna de Par\u00eds. Una de las obras m\u00e1s notables del gran ilustrador franc\u00e9s Gustave Dor\u00e9. 16,00 \u20ac<\/p>\n<h4>SALAMANDRA<\/h4>\n<\/div>\n<\/div>\n<\/div>\n<div class=\"product-container\">\n<div class=\"row\">\n<div class=\"left-block col-xs-4 col-sm-5 col-md-4\">\n<div class=\"product-image-container\"><a class=\"product_img_link\" title=\"ANIMALES FANT\u00c1STICOS Y D\u00d3NDE ENCONTRARLOS (ILUSTRADO)\" href=\"https:\/\/www.comicalia.com\/libro-ilustrado\/29072-animales-fantasticos-y-donde-encontrarlos-ilustrado-9788498388237.html\"><img data-recalc-dims=\"1\" loading=\"lazy\" decoding=\"async\" class=\"replace-2x img-responsive\" title=\"Animales fant\u00e1sticos y d\u00f3nde encontrarlos (Ilustrado)\" src=\"https:\/\/i0.wp.com\/www.comicalia.com\/29477-home_default\/animales-fantasticos-y-donde-encontrarlos-ilustrado.jpg?resize=250%2C250&#038;ssl=1\" alt=\"Animales fant\u00e1sticos y d\u00f3nde encontrarlos (Ilustrado)\" width=\"250\" height=\"250\" \/><\/a><\/div>\n<div class=\"product-image-container\"><a class=\"product-name\" title=\"ANIMALES FANT\u00c1STICOS Y D\u00d3NDE ENCONTRARLOS (ILUSTRADO)\" href=\"https:\/\/www.comicalia.com\/libro-ilustrado\/29072-animales-fantasticos-y-donde-encontrarlos-ilustrado-9788498388237.html\">ANIMALES FANT\u00c1STICOS Y D\u00d3NDE ENCONTRARLOS&#8230;<\/a><\/div>\n<\/div>\n<div class=\"center-block col-xs-4 col-sm-7 col-md-4\">\n<p class=\"product-desc\">\u00a1Las maravillas del mundo m\u00e1gico cobran vida a todo color! 27,00 \u20ac<\/p>\n<h4>MEDUSA<\/h4>\n<\/div>\n<\/div>\n<\/div>\n<div class=\"product-container\">\n<div class=\"row\">\n<div class=\"left-block col-xs-4 col-sm-5 col-md-4\">\n<div class=\"product-image-container\"><a class=\"product_img_link\" title=\"AULA DE LA JUSTICIA\" href=\"https:\/\/www.comicalia.com\/libro-ilustrado\/29071-aula-de-la-justicia-9788417036638.html\"><img data-recalc-dims=\"1\" loading=\"lazy\" decoding=\"async\" class=\"replace-2x img-responsive\" title=\"AULA DE LA JUSTICIA\" src=\"https:\/\/i0.wp.com\/www.comicalia.com\/29476-home_default\/aula-de-la-justicia.jpg?resize=250%2C250&#038;ssl=1\" alt=\"AULA DE LA JUSTICIA\" width=\"250\" height=\"250\" \/><\/a><\/div>\n<div class=\"product-image-container\"><a class=\"product-name\" title=\"AULA DE LA JUSTICIA\" href=\"https:\/\/www.comicalia.com\/libro-ilustrado\/29071-aula-de-la-justicia-9788417036638.html\">AULA DE LA JUSTICIA<\/a><\/div>\n<\/div>\n<div class=\"center-block col-xs-4 col-sm-7 col-md-4\">\n<p class=\"product-desc\">Comienza la serie de libros juveniles de DC Comics, superventas en Estados Unidos, \u00abSociedad de h\u00e9roes secreta\u00bb. \u00a1Batman, Superman y Wonderwoman en el colegio! 11,95 \u20ac<\/p>\n<h4>LA FELGUERA<\/h4>\n<div class=\"left-block col-xs-4 col-sm-5 col-md-4\">\n<div class=\"product-image-container\"><a class=\"product_img_link\" title=\"AGENTE PROVOCADOR (A WILD THING MAGAZINE) N\u00ba7\" href=\"https:\/\/www.comicalia.com\/revista\/29070-agente-provocador-a-wild-thing-magazine-n7-9788494619786.html\"><img data-recalc-dims=\"1\" loading=\"lazy\" decoding=\"async\" class=\"replace-2x img-responsive\" title=\"AGENTE PROVOCADOR (A WILD THING MAGAZINE) N\u00ba7\" src=\"https:\/\/i0.wp.com\/www.comicalia.com\/29475-home_default\/agente-provocador-a-wild-thing-magazine-n7.jpg?resize=250%2C250&#038;ssl=1\" alt=\"AGENTE PROVOCADOR (A WILD THING MAGAZINE) N\u00ba7\" width=\"250\" height=\"250\" \/><\/a><\/div>\n<div class=\"product-image-container\"><a class=\"product-name\" title=\"AGENTE PROVOCADOR (A WILD THING MAGAZINE) N\u00ba7\" href=\"https:\/\/www.comicalia.com\/revista\/29070-agente-provocador-a-wild-thing-magazine-n7-9788494619786.html\">AGENTE PROVOCADOR (A WILD THING MAGAZINE) N\u00ba7<\/a><\/div>\n<\/div>\n<div class=\"center-block col-xs-4 col-sm-7 col-md-4\">\n<p class=\"product-desc\">Los documentos secretos del Gabinete Negro | El magazine de culto realizado por La Felguera Editores para la generaci\u00f3n salvaje y las grandes minor\u00edas en kraft y oro 13,00 \u20ac<\/p>\n<\/div>\n<\/div>\n<\/div>\n<\/div>\n","protected":false},"excerpt":{"rendered":"<p>FLOW PRESS PAST &amp; PRESENT UN VIAJE GR\u00c1FICO EN EL TIEMPO 12,95 \u20ac PRINCIPAL DE LOS LIBROS Martina y Anitram en el Pa\u00eds de los&#8230;\u00a013,50 \u20ac BLACKIE BOOKS EL SE\u00d1OR LAMBERT Un hermoso canto a&hellip; <a class=\"read-more-link\" href=\"https:\/\/www.atomcomics.net\/blog\/2017\/11\/07\/planeta-no-viene-sola\/\">(seguir leyendo)<\/a><\/p>\n","protected":false},"author":1,"featured_media":10409,"comment_status":"closed","ping_status":"open","sticky":false,"template":"","format":"standard","meta":{"jetpack_post_was_ever_published":false,"_jetpack_newsletter_access":"","_jetpack_dont_email_post_to_subs":false,"_jetpack_newsletter_tier_id":0,"_jetpack_memberships_contains_paywalled_content":false,"_jetpack_memberships_contains_paid_content":false,"footnotes":"","jetpack_publicize_message":"","jetpack_publicize_feature_enabled":true,"jetpack_social_post_already_shared":true,"jetpack_social_options":{"image_generator_settings":{"template":"highway","default_image_id":0,"font":"","enabled":false},"version":2}},"categories":[3],"tags":[],"class_list":["post-10407","post","type-post","status-publish","format-standard","has-post-thumbnail","hentry","category-novedades"],"jetpack_publicize_connections":[],"jetpack_featured_media_url":"https:\/\/i0.wp.com\/www.atomcomics.net\/blog\/wp-content\/uploads\/aula-e1510075747493.jpg?fit=800%2C449&ssl=1","jetpack_shortlink":"https:\/\/wp.me\/p53Ua-2HR","jetpack-related-posts":[{"id":796,"url":"https:\/\/www.atomcomics.net\/blog\/2007\/05\/22\/novedad-los-tomos-de-planeta-de-mayo\/","url_meta":{"origin":10407,"position":0},"title":"Novedad: Los tomos de Planeta de Mayo","author":"ATOM COMICS","date":"22, mayo, 2007","format":false,"excerpt":"PLANETAYaiba N\u00ba 12 (de 12) - 9,95\u20ac\u00a1No hace falta! N\u00ba 02 - 7,95\u20acEmma N\u00ba 07 (de 7) - 8,95\u20acONEx3 N\u00ba 02 (de 2) - 7,95\u20acSlum Nation N\u00ba 01: La comunidad - 8,95\u20acNi puta gracia N\u00ba 02 - 10,95\u20acSpaghetti Bros N\u00ba 01 - 11,95\u20acBiblioteca Manara: HP & Giuseppe Bergman N\u00ba 03:\u2026","rel":"","context":"En \u00abNovedades\u00bb","block_context":{"text":"Novedades","link":"https:\/\/www.atomcomics.net\/blog\/category\/novedades\/"},"img":{"alt_text":"","src":"https:\/\/i0.wp.com\/i62.photobucket.com\/albums\/h108\/atomcomics\/barra-1-1.jpg?resize=350%2C200","width":350,"height":200},"classes":[]},{"id":1116,"url":"https:\/\/www.atomcomics.net\/blog\/2008\/08\/04\/novedad-planeta-agosto-y-ultimate-x-men\/","url_meta":{"origin":10407,"position":1},"title":"Novedad: Planeta Agosto y Ultimate X-Men","author":"ATOM COMICS","date":"4, agosto, 2008","format":false,"excerpt":"PANINI Ultimate X-Men #15 - 3,35\u20ac PLANETA Superman: El tercer kryptoniano - 10,95\u20ac Directamente desde las p\u00e1ginas de la serie mensual de Superman llega una historia completa en la que Clark, Lois y el peque\u00f1o Christopher Kent, presentado por Geoff Johns y Richard Donner en el arco \u00daltimo Hijo en\u2026","rel":"","context":"En \u00abNovedades\u00bb","block_context":{"text":"Novedades","link":"https:\/\/www.atomcomics.net\/blog\/category\/novedades\/"},"img":{"alt_text":"","src":"https:\/\/i0.wp.com\/i62.photobucket.com\/albums\/h108\/atomcomics\/barra-1-1.jpg?resize=350%2C200","width":350,"height":200},"classes":[]},{"id":11263,"url":"https:\/\/www.atomcomics.net\/blog\/2018\/09\/18\/planeta-no-viene-sola-2\/","url_meta":{"origin":10407,"position":2},"title":"Planeta no viene sola","author":"ATOM COMICS","date":"18, septiembre, 2018","format":false,"excerpt":"MINCHO Minch\u00f4 16\u00a09,50 \u20ac SALAMANDRA Caballos lentos \"Caballos lentos\" es la primera entrega de la multipremiada serie protagonizada por el irreverente y sarc\u00e1stico Jackson Lamb. 19,00 \u20ac ERRATA NATURAE EN BUSCA DE LO SALVAJE (\"LOS PEQUE\u00d1OS... Un libro bell\u00edsimo inspirado por el esp\u00edritu de la aventura y la exploraci\u00f3n: nuestro\u2026","rel":"","context":"En \u00abNovedades\u00bb","block_context":{"text":"Novedades","link":"https:\/\/www.atomcomics.net\/blog\/category\/novedades\/"},"img":{"alt_text":"","src":"https:\/\/i0.wp.com\/www.atomcomics.net\/blog\/wp-content\/uploads\/vista-final-e1537284819333.jpg?fit=800%2C400&ssl=1&resize=350%2C200","width":350,"height":200,"srcset":"https:\/\/i0.wp.com\/www.atomcomics.net\/blog\/wp-content\/uploads\/vista-final-e1537284819333.jpg?fit=800%2C400&ssl=1&resize=350%2C200 1x, https:\/\/i0.wp.com\/www.atomcomics.net\/blog\/wp-content\/uploads\/vista-final-e1537284819333.jpg?fit=800%2C400&ssl=1&resize=525%2C300 1.5x, https:\/\/i0.wp.com\/www.atomcomics.net\/blog\/wp-content\/uploads\/vista-final-e1537284819333.jpg?fit=800%2C400&ssl=1&resize=700%2C400 2x"},"classes":[]},{"id":819,"url":"https:\/\/www.atomcomics.net\/blog\/2007\/06\/18\/novedad-planeta-junio-libreria\/","url_meta":{"origin":10407,"position":3},"title":"Novedad: Planeta Junio Librer\u00eda","author":"ATOM COMICS","date":"18, junio, 2007","format":false,"excerpt":"Ya en tienda...\u00a0PLANETACrisis en tierras infinitas, Edici\u00f3n Absolute - 45\u20acLos archivos de Superman N\u00ba 03 - 25\u20acLos archivos de Batman N\u00ba 04 - 25\u20acGotham Central: Josie Mac - 8,95\u20acLos siete soldados de la victoria N\u00ba 07 (de 7): Mister Milagro - 8,95\u20ac100 Balas: Corrupto - 12,95\u20acJonny Double - 8,50\u20acAnimal Man,\u2026","rel":"","context":"En \u00abNovedades\u00bb","block_context":{"text":"Novedades","link":"https:\/\/www.atomcomics.net\/blog\/category\/novedades\/"},"img":{"alt_text":"","src":"https:\/\/i0.wp.com\/i62.photobucket.com\/albums\/h108\/atomcomics\/barra-1-1.jpg?resize=350%2C200","width":350,"height":200},"classes":[]},{"id":11323,"url":"https:\/\/www.atomcomics.net\/blog\/2018\/10\/16\/planeta-no-viene-sola-3\/","url_meta":{"origin":10407,"position":4},"title":"Planeta no viene sola","author":"ATOM COMICS","date":"16, octubre, 2018","format":false,"excerpt":"FLAMBOYANT UN PELO EN LA SOPA \"Un cuento absurdo\" 14,90 \u20ac B\u00c1RBARA FIORE CIGARRA\u00a018,00 \u20ac DK Mi laboratorio Star Wars 20 proyectos de manualidades cient\u00edficas. 18,95 \u20ac SALAMANDRA El vagabundo del manga (Cuadernos... 22,50 \u20ac PLANETA Re:Zero n\u00ba 01 Despu\u00e9s del \u00e9xtio de la novela \"Re:Zero\", llega la adaptaci\u00f3n al\u2026","rel":"","context":"En \u00abNovedades\u00bb","block_context":{"text":"Novedades","link":"https:\/\/www.atomcomics.net\/blog\/category\/novedades\/"},"img":{"alt_text":"","src":"https:\/\/i0.wp.com\/www.atomcomics.net\/blog\/wp-content\/uploads\/astro-boy-n-01-07-1-e1539704334372.jpg?fit=800%2C450&ssl=1&resize=350%2C200","width":350,"height":200,"srcset":"https:\/\/i0.wp.com\/www.atomcomics.net\/blog\/wp-content\/uploads\/astro-boy-n-01-07-1-e1539704334372.jpg?fit=800%2C450&ssl=1&resize=350%2C200 1x, https:\/\/i0.wp.com\/www.atomcomics.net\/blog\/wp-content\/uploads\/astro-boy-n-01-07-1-e1539704334372.jpg?fit=800%2C450&ssl=1&resize=525%2C300 1.5x, https:\/\/i0.wp.com\/www.atomcomics.net\/blog\/wp-content\/uploads\/astro-boy-n-01-07-1-e1539704334372.jpg?fit=800%2C450&ssl=1&resize=700%2C400 2x"},"classes":[]},{"id":865,"url":"https:\/\/www.atomcomics.net\/blog\/2007\/09\/07\/novedades-porron-de-cosas-nuevas\/","url_meta":{"origin":10407,"position":5},"title":"Novedades: Porr\u00f3n de cosas nuevas","author":"ATOM COMICS","date":"7, septiembre, 2007","format":false,"excerpt":"DOLMENDolmen #140 - 2,75\u20ac\u00a0FAKTORIA DE LIBROS Tito Longuerion - 14\u20acThom - 14\u20acLas Trece en Punto - 14\u20ac\u00a0IVREABloodrain #8 - 8,95\u20ac\u00a0PANINILa Guarida del Horror - 13\u20acLos Vengadores (Busiek y Perez) BoME vol.2 - 16,95\u20ac Daredevil y Capit\u00e1n Am\u00e9rica: Doble Muerte - 10,50\u20acCivil War #4 (Ed. Especial) - 3\u20acCivil War: Primera L\u00ednea\u2026","rel":"","context":"En \u00abNovedades\u00bb","block_context":{"text":"Novedades","link":"https:\/\/www.atomcomics.net\/blog\/category\/novedades\/"},"img":{"alt_text":"","src":"https:\/\/i0.wp.com\/i62.photobucket.com\/albums\/h108\/atomcomics\/barra-1-1.jpg?resize=350%2C200","width":350,"height":200},"classes":[]}],"jetpack_sharing_enabled":true,"_links":{"self":[{"href":"https:\/\/www.atomcomics.net\/blog\/wp-json\/wp\/v2\/posts\/10407","targetHints":{"allow":["GET"]}}],"collection":[{"href":"https:\/\/www.atomcomics.net\/blog\/wp-json\/wp\/v2\/posts"}],"about":[{"href":"https:\/\/www.atomcomics.net\/blog\/wp-json\/wp\/v2\/types\/post"}],"author":[{"embeddable":true,"href":"https:\/\/www.atomcomics.net\/blog\/wp-json\/wp\/v2\/users\/1"}],"replies":[{"embeddable":true,"href":"https:\/\/www.atomcomics.net\/blog\/wp-json\/wp\/v2\/comments?post=10407"}],"version-history":[{"count":4,"href":"https:\/\/www.atomcomics.net\/blog\/wp-json\/wp\/v2\/posts\/10407\/revisions"}],"predecessor-version":[{"id":10413,"href":"https:\/\/www.atomcomics.net\/blog\/wp-json\/wp\/v2\/posts\/10407\/revisions\/10413"}],"wp:featuredmedia":[{"embeddable":true,"href":"https:\/\/www.atomcomics.net\/blog\/wp-json\/wp\/v2\/media\/10409"}],"wp:attachment":[{"href":"https:\/\/www.atomcomics.net\/blog\/wp-json\/wp\/v2\/media?parent=10407"}],"wp:term":[{"taxonomy":"category","embeddable":true,"href":"https:\/\/www.atomcomics.net\/blog\/wp-json\/wp\/v2\/categories?post=10407"},{"taxonomy":"post_tag","embeddable":true,"href":"https:\/\/www.atomcomics.net\/blog\/wp-json\/wp\/v2\/tags?post=10407"}],"curies":[{"name":"wp","href":"https:\/\/api.w.org\/{rel}","templated":true}]}}