{"id":10438,"date":"2017-11-16T12:11:28","date_gmt":"2017-11-16T11:11:28","guid":{"rendered":"http:\/\/www.atomcomics.net\/?p=10438"},"modified":"2017-11-16T12:11:28","modified_gmt":"2017-11-16T11:11:28","slug":"novedad-y-como-completo-titular","status":"publish","type":"post","link":"https:\/\/www.atomcomics.net\/blog\/2017\/11\/16\/novedad-y-como-completo-titular\/","title":{"rendered":"Novedad&#8230; (y c\u00f3mo completo titular)"},"content":{"rendered":"<div class=\"left-block col-xs-4 col-sm-5 col-md-4\">\n<h4>ASTIBERRI<\/h4>\n<div class=\"product-image-container\"><a class=\"product_img_link\" title=\"FELLINI EN ROMA\" href=\"https:\/\/www.comicalia.com\/novela-grafica-ficcion\/29163-fellini-en-roma-9788416880294.html\"><img data-recalc-dims=\"1\" loading=\"lazy\" decoding=\"async\" class=\"replace-2x img-responsive\" title=\"FELLINI EN ROMA\" src=\"https:\/\/i0.wp.com\/www.comicalia.com\/29589-home_default\/fellini-en-roma.jpg?resize=250%2C250&#038;ssl=1\" alt=\"FELLINI EN ROMA\" width=\"250\" height=\"250\" \/><\/a><\/div>\n<div class=\"product-image-container\"><a class=\"product-name\" title=\"FELLINI EN ROMA\" href=\"https:\/\/www.comicalia.com\/novela-grafica-ficcion\/29163-fellini-en-roma-9788416880294.html\">FELLINI EN ROMA<\/a>\u00a014,00 \u20ac<\/div>\n<h4>HARRIET<\/h4>\n<\/div>\n<div class=\"product-container\">\n<div class=\"row\">\n<div class=\"left-block col-xs-4 col-sm-5 col-md-4\">\n<div class=\"product-image-container\"><a class=\"product_img_link\" title=\"EL REGRESO\" href=\"https:\/\/www.comicalia.com\/bd-nueva-ola\/29162-el-regreso-9788494764639.html\"><img data-recalc-dims=\"1\" loading=\"lazy\" decoding=\"async\" class=\"replace-2x img-responsive\" title=\"EL REGRESO\" src=\"https:\/\/i0.wp.com\/www.comicalia.com\/29588-home_default\/el-regreso.jpg?resize=250%2C250&#038;ssl=1\" alt=\"EL REGRESO\" width=\"250\" height=\"250\" \/><\/a><\/div>\n<div class=\"product-image-container\"><a class=\"product-name\" title=\"EL REGRESO\" href=\"https:\/\/www.comicalia.com\/bd-nueva-ola\/29162-el-regreso-9788494764639.html\">EL REGRESO<\/a> 24,00 \u20ac<\/div>\n<div>\n<div class=\"product-image-container\"><a class=\"product_img_link\" title=\"EL D\u00cdA EN EL QUE ELLA LEVANT\u00d3 VUELO\" href=\"https:\/\/www.comicalia.com\/bd-nueva-ola\/29160-el-dia-en-el-que-ella-levanto-vuelo-9788494764622.html\"><img data-recalc-dims=\"1\" loading=\"lazy\" decoding=\"async\" class=\"replace-2x img-responsive\" title=\"EL DIA EN EL QUE ELLA LEVANTO VUELO\" src=\"https:\/\/i0.wp.com\/www.comicalia.com\/29586-home_default\/el-dia-en-el-que-ella-levanto-vuelo.jpg?resize=250%2C250&#038;ssl=1\" alt=\"EL DIA EN EL QUE ELLA LEVANTO VUELO\" width=\"250\" height=\"250\" \/><\/a><\/div>\n<div class=\"product-image-container\"><a class=\"product-name\" title=\"EL D\u00cdA EN EL QUE ELLA LEVANT\u00d3 VUELO\" href=\"https:\/\/www.comicalia.com\/bd-nueva-ola\/29160-el-dia-en-el-que-ella-levanto-vuelo-9788494764622.html\">EL D\u00cdA EN EL QUE ELLA LEVANT\u00d3 VUELO\u00a0<\/a>18,00 \u20ac<\/div>\n<\/div>\n<h4>IVREA<\/h4>\n<\/div>\n<\/div>\n<\/div>\n<div class=\"product-container\">\n<div class=\"row\">\n<div class=\"left-block col-xs-4 col-sm-5 col-md-4\">\n<div class=\"product-image-container\"><a class=\"product_img_link\" title=\"EL HIMNO DEL CORAZ\u00d3N 01 (COMIC)\" href=\"https:\/\/www.comicalia.com\/manga-shojo\/29161-el-himno-del-corazon-01-comic-9788417179779.html\"><img data-recalc-dims=\"1\" loading=\"lazy\" decoding=\"async\" class=\"replace-2x img-responsive\" title=\"EL HIMNO DEL CORAZON 01 (COMIC)\" src=\"https:\/\/i0.wp.com\/www.comicalia.com\/29587-home_default\/el-himno-del-corazon-01-comic.jpg?resize=250%2C250&#038;ssl=1\" alt=\"EL HIMNO DEL CORAZON 01 (COMIC)\" width=\"250\" height=\"250\" \/><\/a><\/div>\n<div class=\"product-image-container\"><a class=\"product-name\" title=\"EL HIMNO DEL CORAZ\u00d3N 01 (COMIC)\" href=\"https:\/\/www.comicalia.com\/manga-shojo\/29161-el-himno-del-corazon-01-comic-9788417179779.html\">EL HIMNO DEL CORAZ\u00d3N 01 (COMIC)<\/a> 8,50 \u20ac<\/div>\n<div>\n<div class=\"product-container\">\n<div class=\"row\">\n<div class=\"left-block col-xs-4 col-sm-5 col-md-4\">\n<div class=\"product-image-container\"><a class=\"product_img_link\" title=\"NO.6 04 (N\u00daMERO SEIS) (COMIC)\" href=\"https:\/\/www.comicalia.com\/shonen\/29177-no6-04-numero-seis-comic-9788417179755.html\"><img data-recalc-dims=\"1\" loading=\"lazy\" decoding=\"async\" class=\"replace-2x img-responsive\" title=\"NO.6 04 (NUMERO SEIS) COMIC)\" src=\"https:\/\/i0.wp.com\/www.comicalia.com\/29626-home_default\/no6-04-numero-seis-comic.jpg?resize=250%2C250&#038;ssl=1\" alt=\"NO.6 04 (NUMERO SEIS) COMIC)\" width=\"250\" height=\"250\" \/><\/a><\/div>\n<div class=\"product-image-container\"><a class=\"product-name\" title=\"NO.6 04 (N\u00daMERO SEIS) (COMIC)\" href=\"https:\/\/www.comicalia.com\/shonen\/29177-no6-04-numero-seis-comic-9788417179755.html\">NO.6 04 (N\u00daMERO SEIS) (COMIC)<\/a>\u00a0 8,50 \u20ac<\/div>\n<\/div>\n<\/div>\n<\/div>\n<div class=\"product-container\">\n<div class=\"row\">\n<div class=\"left-block col-xs-4 col-sm-5 col-md-4\">\n<div class=\"product-image-container\"><a class=\"product_img_link\" title=\"MAGICAL GIRL OF THE END 13\" href=\"https:\/\/www.comicalia.com\/manga-seinen\/29176-magical-girl-of-the-end-13-9788417179816.html\"><img data-recalc-dims=\"1\" loading=\"lazy\" decoding=\"async\" class=\"replace-2x img-responsive\" title=\"MAGICAL GIRL OF THE END 13\" src=\"https:\/\/i0.wp.com\/www.comicalia.com\/29625-home_default\/magical-girl-of-the-end-13.jpg?resize=250%2C250&#038;ssl=1\" alt=\"MAGICAL GIRL OF THE END 13\" width=\"250\" height=\"250\" \/><\/a><\/div>\n<div class=\"product-image-container\"><a class=\"product-name\" title=\"MAGICAL GIRL OF THE END 13\" href=\"https:\/\/www.comicalia.com\/manga-seinen\/29176-magical-girl-of-the-end-13-9788417179816.html\">MAGICAL GIRL OF THE END 13<\/a> 8,00 \u20ac<\/div>\n<div>\n<div class=\"product-image-container\"><a class=\"product_img_link\" title=\"GAMMA 02\" href=\"https:\/\/www.comicalia.com\/shonen\/29165-gamma-02-9788417179489.html\"><img data-recalc-dims=\"1\" loading=\"lazy\" decoding=\"async\" class=\"replace-2x img-responsive\" title=\"GAMMA 02\" src=\"https:\/\/i0.wp.com\/www.comicalia.com\/29615-home_default\/gamma-02.jpg?resize=250%2C250&#038;ssl=1\" alt=\"GAMMA 02\" width=\"250\" height=\"250\" \/><\/a><\/div>\n<div class=\"product-image-container\"><a class=\"product-name\" title=\"GAMMA 02\" href=\"https:\/\/www.comicalia.com\/shonen\/29165-gamma-02-9788417179489.html\">GAMMA 02<\/a> 8,00 \u20ac<\/div>\n<\/div>\n<\/div>\n<\/div>\n<\/div>\n<\/div>\n<h4>PANINI<\/h4>\n<\/div>\n<\/div>\n<\/div>\n<div class=\"product-container\"><\/div>\n<div class=\"product-container\">\n<div class=\"row\">\n<div class=\"left-block col-xs-4 col-sm-5 col-md-4\">\n<div class=\"product-image-container\"><a class=\"product_img_link\" title=\"EL ALUCINANTE HULK V.2 66\" href=\"https:\/\/www.comicalia.com\/superheroes-marvel\/29159-el-alucinante-hulk-v2-66-9770005462004.html\"><img data-recalc-dims=\"1\" loading=\"lazy\" decoding=\"async\" class=\"replace-2x img-responsive\" title=\"EL ALUCINANTE HULK V.2 66\" src=\"https:\/\/i0.wp.com\/www.comicalia.com\/29585-home_default\/el-alucinante-hulk-v2-66.jpg?resize=250%2C250&#038;ssl=1\" alt=\"EL ALUCINANTE HULK V.2 66\" width=\"250\" height=\"250\" \/><\/a><\/div>\n<div class=\"product-image-container\"><a class=\"product-name\" title=\"EL ALUCINANTE HULK V.2 66\" href=\"https:\/\/www.comicalia.com\/superheroes-marvel\/29159-el-alucinante-hulk-v2-66-9770005462004.html\">EL ALUCINANTE HULK V.2 66<\/a> 2,50 \u20ac<\/div>\n<\/div>\n<\/div>\n<\/div>\n<div class=\"product-container\">\n<div class=\"row\">\n<div class=\"left-block col-xs-4 col-sm-5 col-md-4\">\n<div class=\"product-image-container\"><a class=\"product_img_link\" title=\"COHETE 3 (MAPACHE COHETE 35)\" href=\"https:\/\/www.comicalia.com\/superheroes-marvel\/29158-cohete-3-mapache-cohete-35-9770005485003.html\"><img data-recalc-dims=\"1\" loading=\"lazy\" decoding=\"async\" class=\"replace-2x img-responsive\" title=\"COHETE 3 (MAPACHE COHETE 35)\" src=\"https:\/\/i0.wp.com\/www.comicalia.com\/29584-home_default\/cohete-3-mapache-cohete-35.jpg?resize=250%2C250&#038;ssl=1\" alt=\"COHETE 3 (MAPACHE COHETE 35)\" width=\"250\" height=\"250\" \/><\/a><\/div>\n<div class=\"product-image-container\"><a class=\"product-name\" title=\"COHETE 3 (MAPACHE COHETE 35)\" href=\"https:\/\/www.comicalia.com\/superheroes-marvel\/29158-cohete-3-mapache-cohete-35-9770005485003.html\">COHETE 3 (MAPACHE COHETE 35)<\/a> 2,50 \u20ac<\/div>\n<div>\n<div class=\"product-image-container\"><a class=\"product_img_link\" title=\"CAPIT\u00c1N AM\u00c9RICA VOL.8 087 (ROGERS WILSON)\" href=\"https:\/\/www.comicalia.com\/superheroes-marvel\/29156-capitan-america-vol8-087-rogers-wilson-9770005438009.html\"><img data-recalc-dims=\"1\" loading=\"lazy\" decoding=\"async\" class=\"replace-2x img-responsive\" title=\"CAPITAN AMERICA VOL.8 087 (ROGERS WILSON)\" src=\"https:\/\/i0.wp.com\/www.comicalia.com\/29582-home_default\/capitan-america-vol8-087-rogers-wilson.jpg?resize=250%2C250&#038;ssl=1\" alt=\"CAPITAN AMERICA VOL.8 087 (ROGERS WILSON)\" width=\"250\" height=\"250\" \/><\/a><\/div>\n<div class=\"product-image-container\"><a class=\"product-name\" title=\"CAPIT\u00c1N AM\u00c9RICA VOL.8 087 (ROGERS WILSON)\" href=\"https:\/\/www.comicalia.com\/superheroes-marvel\/29156-capitan-america-vol8-087-rogers-wilson-9770005438009.html\">CAPIT\u00c1N AM\u00c9RICA VOL.8 087 (ROGERS WILSON)<\/a> 3,50 \u20ac<\/div>\n<div>\n<div class=\"product-container\">\n<div class=\"row\">\n<div class=\"left-block col-xs-4 col-sm-5 col-md-4\">\n<div class=\"product-image-container\"><a class=\"product_img_link\" title=\"SPIDERMEN II 01\" href=\"https:\/\/www.comicalia.com\/superheroes-marvel\/29180-spidermen-ii-01-9770005525006.html\"><img data-recalc-dims=\"1\" loading=\"lazy\" decoding=\"async\" class=\"replace-2x img-responsive\" title=\"SPIDERMEN II 01\" src=\"https:\/\/i0.wp.com\/www.comicalia.com\/29629-home_default\/spidermen-ii-01.jpg?resize=250%2C250&#038;ssl=1\" alt=\"SPIDERMEN II 01\" width=\"250\" height=\"250\" \/><\/a><\/div>\n<div class=\"product-image-container\"><a class=\"product-name\" title=\"SPIDERMEN II 01\" href=\"https:\/\/www.comicalia.com\/superheroes-marvel\/29180-spidermen-ii-01-9770005525006.html\">SPIDERMEN II 01<\/a> 2,75 \u20ac<\/div>\n<\/div>\n<\/div>\n<\/div>\n<div class=\"product-container\">\n<div class=\"row\">\n<div class=\"left-block col-xs-4 col-sm-5 col-md-4\">\n<div class=\"product-image-container\"><a class=\"product_img_link\" title=\"SIEMPRE VENGADORES (MARVEL INTEGRAL)\" href=\"https:\/\/www.comicalia.com\/superheroes-marvel\/29179-siempre-vengadores-marvel-integral-9788491671756.html\"><img data-recalc-dims=\"1\" loading=\"lazy\" decoding=\"async\" class=\"replace-2x img-responsive\" title=\"SIEMPRE VENGADORES (MARVEL INTEGRAL)\" src=\"https:\/\/i0.wp.com\/www.comicalia.com\/29628-home_default\/siempre-vengadores-marvel-integral.jpg?resize=250%2C250&#038;ssl=1\" alt=\"SIEMPRE VENGADORES (MARVEL INTEGRAL)\" width=\"250\" height=\"250\" \/><\/a><\/div>\n<div class=\"product-image-container\"><a class=\"product-name\" title=\"SIEMPRE VENGADORES (MARVEL INTEGRAL)\" href=\"https:\/\/www.comicalia.com\/superheroes-marvel\/29179-siempre-vengadores-marvel-integral-9788491671756.html\">SIEMPRE VENGADORES (MARVEL INTEGRAL)<\/a> 35,00 \u20ac<\/div>\n<div>\n<div class=\"product-image-container\"><a class=\"product_img_link\" title=\"LOS VENGADORES 06: VENGADORES,REUN\u00cdOS (MARVEL DELUXE)\" href=\"https:\/\/www.comicalia.com\/superheroes-marvel\/29175-los-vengadores-06-vengadoresreunios-marvel-deluxe-9788491671749.html\"><img data-recalc-dims=\"1\" loading=\"lazy\" decoding=\"async\" class=\"replace-2x img-responsive\" title=\"LOS VENGADORES 06: VENGADORES,REUNIOS (MARVEL DELUXE)\" src=\"https:\/\/i0.wp.com\/www.comicalia.com\/29630-home_default\/los-vengadores-06-vengadoresreunios-marvel-deluxe.jpg?resize=250%2C250&#038;ssl=1\" alt=\"LOS VENGADORES 06: VENGADORES,REUNIOS (MARVEL DELUXE)\" width=\"250\" height=\"250\" \/><\/a><\/div>\n<div class=\"product-image-container\"><a class=\"product-name\" title=\"LOS VENGADORES 06: VENGADORES,REUN\u00cdOS (MARVEL DELUXE)\" href=\"https:\/\/www.comicalia.com\/superheroes-marvel\/29175-los-vengadores-06-vengadoresreunios-marvel-deluxe-9788491671749.html\">LOS VENGADORES 06: VENGADORES,REUN\u00cdOS&#8230;<\/a>19,50 \u20ac<\/div>\n<div>\n<div class=\"product-container\">\n<div class=\"row\">\n<div class=\"left-block col-xs-4 col-sm-5 col-md-4\">\n<div class=\"product-image-container\"><a class=\"product_img_link\" title=\"LOS DEFENSORES 02\" href=\"https:\/\/www.comicalia.com\/superheroes-marvel\/29173-los-defensores-02-9770005524009.html\"><img data-recalc-dims=\"1\" loading=\"lazy\" decoding=\"async\" class=\"replace-2x img-responsive\" title=\"LOS DEFENSORES 02\" src=\"https:\/\/i0.wp.com\/www.comicalia.com\/29621-home_default\/los-defensores-02.jpg?resize=250%2C250&#038;ssl=1\" alt=\"LOS DEFENSORES 02\" width=\"250\" height=\"250\" \/><\/a><\/div>\n<div class=\"product-image-container\"><a class=\"product-name\" title=\"LOS DEFENSORES 02\" href=\"https:\/\/www.comicalia.com\/superheroes-marvel\/29173-los-defensores-02-9770005524009.html\">LOS DEFENSORES 02<\/a> 4,25 \u20ac<\/div>\n<\/div>\n<\/div>\n<\/div>\n<div class=\"product-container\">\n<div class=\"row\">\n<div class=\"left-block col-xs-4 col-sm-5 col-md-4\">\n<div class=\"product-image-container\"><a class=\"product_img_link\" title=\"LA PATRULLA-X AZUL 04\" href=\"https:\/\/www.comicalia.com\/superheroes-marvel\/29172-la-patrulla-x-azul-04-9770005471006.html\"><img data-recalc-dims=\"1\" loading=\"lazy\" decoding=\"async\" class=\"replace-2x img-responsive\" title=\"LA PATRULLA-X AZUL 04\" src=\"https:\/\/i0.wp.com\/www.comicalia.com\/29620-home_default\/la-patrulla-x-azul-04.jpg?resize=250%2C250&#038;ssl=1\" alt=\"LA PATRULLA-X AZUL 04\" width=\"250\" height=\"250\" \/><\/a><\/div>\n<div class=\"product-image-container\"><a class=\"product-name\" title=\"LA PATRULLA-X AZUL 04\" href=\"https:\/\/www.comicalia.com\/superheroes-marvel\/29172-la-patrulla-x-azul-04-9770005471006.html\">LA PATRULLA-X AZUL 04<\/a> 3,50 \u20ac<\/div>\n<\/div>\n<\/div>\n<\/div>\n<div class=\"product-container\">\n<div class=\"row\">\n<div class=\"left-block col-xs-4 col-sm-5 col-md-4\">\n<div class=\"product-image-container\"><a class=\"product_img_link\" title=\"LA IMPOSIBLE PATRULLA-X 05. (MARVEL GOLD)\" href=\"https:\/\/www.comicalia.com\/superheroes-marvel\/29171-la-imposible-patrulla-x-05-marvel-gold-9788491671732.html\"><img data-recalc-dims=\"1\" loading=\"lazy\" decoding=\"async\" class=\"replace-2x img-responsive\" title=\"LA IMPOSIBLE PATRULLA-X 05. (MARVEL GOLD)\" src=\"https:\/\/i0.wp.com\/www.comicalia.com\/29619-home_default\/la-imposible-patrulla-x-05-marvel-gold.jpg?resize=250%2C250&#038;ssl=1\" alt=\"LA IMPOSIBLE PATRULLA-X 05. (MARVEL GOLD)\" width=\"250\" height=\"250\" \/><\/a><\/div>\n<div class=\"product-image-container\"><a class=\"product-name\" title=\"LA IMPOSIBLE PATRULLA-X 05. (MARVEL GOLD)\" href=\"https:\/\/www.comicalia.com\/superheroes-marvel\/29171-la-imposible-patrulla-x-05-marvel-gold-9788491671732.html\">LA IMPOSIBLE PATRULLA-X 05. (MARVEL GOLD)<\/a> 44,95 \u20ac<\/div>\n<\/div>\n<\/div>\n<\/div>\n<div class=\"product-container\">\n<div class=\"row\">\n<div class=\"left-block col-xs-4 col-sm-5 col-md-4\">\n<div class=\"product-image-container\"><a class=\"product_img_link\" title=\"INHUMANOS 41\" href=\"https:\/\/www.comicalia.com\/superheroes-marvel\/29170-inhumanos-41-9770005483009.html\"><img data-recalc-dims=\"1\" loading=\"lazy\" decoding=\"async\" class=\"replace-2x img-responsive\" title=\"INHUMANOS 41\" src=\"https:\/\/i0.wp.com\/www.comicalia.com\/29618-home_default\/inhumanos-41.jpg?resize=250%2C250&#038;ssl=1\" alt=\"INHUMANOS 41\" width=\"250\" height=\"250\" \/><\/a><\/div>\n<div class=\"product-image-container\"><a class=\"product-name\" title=\"INHUMANOS 41\" href=\"https:\/\/www.comicalia.com\/superheroes-marvel\/29170-inhumanos-41-9770005483009.html\">INHUMANOS 41<\/a>\u00a01,95 \u20ac<\/div>\n<\/div>\n<\/div>\n<\/div>\n<div class=\"product-container\">\n<div class=\"row\">\n<div class=\"left-block col-xs-4 col-sm-5 col-md-4\">\n<div class=\"product-image-container\"><a class=\"product_img_link\" title=\"IMPERIO SECRETO 07 (PORTADA ALTERNATIVA)\" href=\"https:\/\/www.comicalia.com\/superheroes-marvel\/29169-imperio-secreto-07-portada-alternativa-9770001522009.html\"><img data-recalc-dims=\"1\" loading=\"lazy\" decoding=\"async\" class=\"replace-2x img-responsive\" title=\"IMPERIO SECRETO 07 (PORTADA ALTERNATIVA)\" src=\"https:\/\/i0.wp.com\/www.comicalia.com\/29617-home_default\/imperio-secreto-07-portada-alternativa.jpg?resize=250%2C250&#038;ssl=1\" alt=\"IMPERIO SECRETO 07 (PORTADA ALTERNATIVA)\" width=\"250\" height=\"250\" \/><\/a><\/div>\n<div class=\"product-image-container\"><a class=\"product-name\" title=\"IMPERIO SECRETO 07 (PORTADA ALTERNATIVA)\" href=\"https:\/\/www.comicalia.com\/superheroes-marvel\/29169-imperio-secreto-07-portada-alternativa-9770001522009.html\">IMPERIO SECRETO 07 (PORTADA ALTERNATIVA)<\/a> 3,50 \u20ac<\/div>\n<\/div>\n<\/div>\n<\/div>\n<div class=\"product-container\">\n<div class=\"row\">\n<div class=\"left-block col-xs-4 col-sm-5 col-md-4\">\n<div class=\"product-image-container\"><a class=\"product_img_link\" title=\"IMPERIO SECRETO 07\" href=\"https:\/\/www.comicalia.com\/superheroes-marvel\/29168-imperio-secreto-07-9770005522005.html\"><img data-recalc-dims=\"1\" loading=\"lazy\" decoding=\"async\" class=\"replace-2x img-responsive\" title=\"IMPERIO SECRETO 07\" src=\"https:\/\/i0.wp.com\/www.comicalia.com\/29616-home_default\/imperio-secreto-07.jpg?resize=250%2C250&#038;ssl=1\" alt=\"IMPERIO SECRETO 07\" width=\"250\" height=\"250\" \/><\/a><\/div>\n<div class=\"product-image-container\"><a class=\"product-name\" title=\"IMPERIO SECRETO 07\" href=\"https:\/\/www.comicalia.com\/superheroes-marvel\/29168-imperio-secreto-07-9770005522005.html\">IMPERIO SECRETO 07<\/a> 3,50 \u20ac<\/div>\n<div>\n<div class=\"product-image-container\"><a class=\"product_img_link\" title=\"GUARDIANES DE LA GALAXIA 57\" href=\"https:\/\/www.comicalia.com\/superheroes-marvel\/29166-guardianes-de-la-galaxia-57-9770005476001.html\"><img data-recalc-dims=\"1\" loading=\"lazy\" decoding=\"async\" class=\"replace-2x img-responsive\" title=\"GUARDIANES DE LA GALAXIA 57\" src=\"https:\/\/i0.wp.com\/www.comicalia.com\/29614-home_default\/guardianes-de-la-galaxia-57.jpg?resize=250%2C250&#038;ssl=1\" alt=\"GUARDIANES DE LA GALAXIA 57\" width=\"250\" height=\"250\" \/><\/a><\/div>\n<div class=\"product-image-container\"><a class=\"product-name\" title=\"GUARDIANES DE LA GALAXIA 57\" href=\"https:\/\/www.comicalia.com\/superheroes-marvel\/29166-guardianes-de-la-galaxia-57-9770005476001.html\">GUARDIANES DE LA GALAXIA 57<\/a> 4,75 \u20ac<\/div>\n<\/div>\n<\/div>\n<\/div>\n<\/div>\n<\/div>\n<\/div>\n<\/div>\n<\/div>\n<\/div>\n<\/div>\n<\/div>\n<h4>YERMO EDICIONES<\/h4>\n<\/div>\n<\/div>\n<\/div>\n<div class=\"product-container\">\n<div class=\"row\">\n<div class=\"left-block col-xs-4 col-sm-5 col-md-4\">\n<div class=\"product-image-container\"><a class=\"product_img_link\" title=\"CAROLINE BALDWIN 04\" href=\"https:\/\/www.comicalia.com\/bd-aventura\/29157-caroline-baldwin-04-9788417085285.html\"><img data-recalc-dims=\"1\" loading=\"lazy\" decoding=\"async\" class=\"replace-2x img-responsive\" title=\"CAROLINE BALDWIN 04\" src=\"https:\/\/i0.wp.com\/www.comicalia.com\/29583-home_default\/caroline-baldwin-04.jpg?resize=250%2C250&#038;ssl=1\" alt=\"CAROLINE BALDWIN 04\" width=\"250\" height=\"250\" \/><\/a><\/div>\n<div class=\"product-image-container\"><a class=\"product-name\" title=\"CAROLINE BALDWIN 04\" href=\"https:\/\/www.comicalia.com\/bd-aventura\/29157-caroline-baldwin-04-9788417085285.html\">CAROLINE BALDWIN 04<\/a>\u00a040,00 \u20ac<\/div>\n<div>\n<div class=\"product-image-container\"><a class=\"product_img_link\" title=\"OKKO 4. EL CICLO DEL FUEGO (INTEGRAL)\" href=\"https:\/\/www.comicalia.com\/bd-aventura\/29178-okko-4-el-ciclo-del-fuego-integral-9788416428007.html\"><img data-recalc-dims=\"1\" loading=\"lazy\" decoding=\"async\" class=\"replace-2x img-responsive\" title=\"OKKO 4. EL CICLO DEL FUEGO (INTEGRAL)\" src=\"https:\/\/i0.wp.com\/www.comicalia.com\/29627-home_default\/okko-4-el-ciclo-del-fuego-integral.jpg?resize=250%2C250&#038;ssl=1\" alt=\"OKKO 4. EL CICLO DEL FUEGO (INTEGRAL)\" width=\"250\" height=\"250\" \/><\/a><\/div>\n<div class=\"product-image-container\"><a class=\"product-name\" title=\"OKKO 4. EL CICLO DEL FUEGO (INTEGRAL)\" href=\"https:\/\/www.comicalia.com\/bd-aventura\/29178-okko-4-el-ciclo-del-fuego-integral-9788416428007.html\">OKKO 4. EL CICLO DEL FUEGO (INTEGRAL)<\/a>\u00a030,00 \u20ac<\/div>\n<div>\n<div class=\"left-block col-xs-4 col-sm-5 col-md-4\">\n<div class=\"product-image-container\"><a class=\"product_img_link\" title=\"HORACIO D'ALBA\" href=\"https:\/\/www.comicalia.com\/bd-aventura\/29167-horacio-d-alba-9788417085278.html\"><img data-recalc-dims=\"1\" loading=\"lazy\" decoding=\"async\" class=\"replace-2x img-responsive\" title=\"HORACIO D'ALBA\" src=\"https:\/\/i0.wp.com\/www.comicalia.com\/29605-home_default\/horacio-d-alba.jpg?resize=250%2C250&#038;ssl=1\" alt=\"HORACIO D'ALBA\" width=\"250\" height=\"250\" \/><\/a><\/div>\n<div class=\"product-image-container\"><a class=\"product-name\" title=\"HORACIO D'ALBA\" href=\"https:\/\/www.comicalia.com\/bd-aventura\/29167-horacio-d-alba-9788417085278.html\">HORACIO D&#8217;ALBA<\/a><\/div>\n<\/div>\n<div class=\"center-block col-xs-4 col-sm-7 col-md-4\">\n<p class=\"product-desc\">En pleno Renacimiento surge un sue\u00f1o extra\u00f1o 38,00 \u20ac<\/p>\n<div class=\"left-block col-xs-4 col-sm-5 col-md-4\">\n<div class=\"product-image-container\"><a class=\"product_img_link\" title=\"FOX INTEGRAL 01\" href=\"https:\/\/www.comicalia.com\/bd-aventura\/29164-fox-integral-01-9788417085292.html\"><img data-recalc-dims=\"1\" loading=\"lazy\" decoding=\"async\" class=\"replace-2x img-responsive\" title=\"FOX INTEGRAL 01\" src=\"https:\/\/i0.wp.com\/www.comicalia.com\/29590-home_default\/fox-integral-01.jpg?resize=250%2C250&#038;ssl=1\" alt=\"FOX INTEGRAL 01\" width=\"250\" height=\"250\" \/><\/a><\/div>\n<div class=\"product-image-container\"><a class=\"product-name\" title=\"FOX INTEGRAL 01\" href=\"https:\/\/www.comicalia.com\/bd-aventura\/29164-fox-integral-01-9788417085292.html\">FOX INTEGRAL 01<\/a><\/div>\n<\/div>\n<div class=\"center-block col-xs-4 col-sm-7 col-md-4\">\n<p class=\"product-desc\">EL GRAN CL\u00c1SICO DEL CREADOR DE \u00abPIONEROS DEL NUEVO MUNDO\u00bb! 40,00 \u20ac<\/p>\n<\/div>\n<\/div>\n<\/div>\n<\/div>\n<h4>HERDER<\/h4>\n<\/div>\n<\/div>\n<\/div>\n<div class=\"product-container\"><\/div>\n<div class=\"product-container\">\n<div class=\"row\">\n<div class=\"left-block col-xs-4 col-sm-5 col-md-4\">\n<div class=\"product-image-container\"><a class=\"product_img_link\" title=\"CANCI\u00d3N DE NAVIDAD (EL MANGA)\" href=\"https:\/\/www.comicalia.com\/manga-seinen\/29155-cancion-de-navidad-el-manga-9788416540990.html\"><img data-recalc-dims=\"1\" loading=\"lazy\" decoding=\"async\" class=\"replace-2x img-responsive\" title=\"CANCION DE NAVIDAD (EL MANGA)\" src=\"https:\/\/i0.wp.com\/www.comicalia.com\/29581-home_default\/cancion-de-navidad-el-manga.jpg?resize=250%2C250&#038;ssl=1\" alt=\"CANCION DE NAVIDAD (EL MANGA)\" width=\"250\" height=\"250\" \/><\/a><\/div>\n<div class=\"product-image-container\"><a class=\"product-name\" title=\"CANCI\u00d3N DE NAVIDAD (EL MANGA)\" href=\"https:\/\/www.comicalia.com\/manga-seinen\/29155-cancion-de-navidad-el-manga-9788416540990.html\">CANCI\u00d3N DE NAVIDAD (EL MANGA)<\/a> 9,95 \u20ac<\/div>\n<\/div>\n<\/div>\n<\/div>\n<h4 class=\"product-container\">COEDITUM<\/h4>\n<div class=\"product-image-container\"><a class=\"product_img_link\" title=\"U 47 VOL. 02. EL SUPERVIVIENTE\" href=\"https:\/\/www.comicalia.com\/bd-aventura\/29184-u-47-vol-02-el-superviviente-9788494717734.html\"><img data-recalc-dims=\"1\" loading=\"lazy\" decoding=\"async\" class=\"replace-2x img-responsive\" title=\"U 47 VOL. 02. EL SUPERVIVIENTE\" src=\"https:\/\/i0.wp.com\/www.comicalia.com\/29613-home_default\/u-47-vol-02-el-superviviente.jpg?resize=250%2C250&#038;ssl=1\" alt=\"U 47 VOL. 02. EL SUPERVIVIENTE\" width=\"250\" height=\"250\" \/><\/a><\/div>\n<div class=\"product-image-container\"><a class=\"product-name\" title=\"U 47 VOL. 02. EL SUPERVIVIENTE\" href=\"https:\/\/www.comicalia.com\/bd-aventura\/29184-u-47-vol-02-el-superviviente-9788494717734.html\">U 47 VOL. 02. EL SUPERVIVIENTE<\/a> 25,00 \u20ac<\/div>\n<div class=\"right-block col-xs-4 col-sm-12 col-md-4\"><\/div>\n<div class=\"product-container\">\n<div class=\"row\">\n<div class=\"left-block col-xs-4 col-sm-5 col-md-4\">\n<div class=\"product-image-container\"><a class=\"product_img_link\" title=\"U 47 VOL. 01. EL TORO DE SCAPA FLOW\" href=\"https:\/\/www.comicalia.com\/bd-aventura\/29183-u-47-vol-01-el-toro-de-scapa-flow-9788494717727.html\"><img data-recalc-dims=\"1\" loading=\"lazy\" decoding=\"async\" class=\"replace-2x img-responsive\" title=\"U 47 VOL. 01. EL TORO DE SCAPA FLOW\" src=\"https:\/\/i0.wp.com\/www.comicalia.com\/29609-home_default\/u-47-vol-01-el-toro-de-scapa-flow.jpg?resize=250%2C250&#038;ssl=1\" alt=\"U 47 VOL. 01. EL TORO DE SCAPA FLOW\" width=\"250\" height=\"250\" \/><\/a><\/div>\n<div class=\"product-image-container\"><a class=\"product-name\" title=\"U 47 VOL. 01. EL TORO DE SCAPA FLOW\" href=\"https:\/\/www.comicalia.com\/bd-aventura\/29183-u-47-vol-01-el-toro-de-scapa-flow-9788494717727.html\">U 47 VOL. 01. EL TORO DE SCAPA FLOW<\/a>\u00a025,00 \u20ac<\/div>\n<h4>OMINIKY<\/h4>\n<\/div>\n<\/div>\n<\/div>\n<div class=\"product-container\">\n<div class=\"row\">\n<div class=\"left-block col-xs-4 col-sm-5 col-md-4\">\n<div class=\"product-image-container\"><a class=\"product_img_link\" title=\"TRIZIA EN BARCELONA VOL 2\" href=\"https:\/\/www.comicalia.com\/bd-nueva-ola\/29182-trizia-en-barcelona-vol-2-9788494684463.html\"><img data-recalc-dims=\"1\" loading=\"lazy\" decoding=\"async\" class=\"replace-2x img-responsive\" title=\"TRIZIA EN BARCELONA VOL 2\" src=\"https:\/\/i0.wp.com\/www.comicalia.com\/29604-home_default\/trizia-en-barcelona-vol-2.jpg?resize=250%2C250&#038;ssl=1\" alt=\"TRIZIA EN BARCELONA VOL 2\" width=\"250\" height=\"250\" \/><\/a><\/div>\n<div class=\"product-image-container\"><a class=\"product-name\" title=\"TRIZIA EN BARCELONA VOL 2\" href=\"https:\/\/www.comicalia.com\/bd-nueva-ola\/29182-trizia-en-barcelona-vol-2-9788494684463.html\">TRIZIA EN BARCELONA VOL 2<\/a>\u00a017,00 \u20ac<\/div>\n<h4>DOLMEN<\/h4>\n<\/div>\n<\/div>\n<\/div>\n<div class=\"product-container\">\n<div class=\"row\">\n<div class=\"left-block col-xs-4 col-sm-5 col-md-4\">\n<div class=\"product-image-container\"><a class=\"product_img_link\" title=\"TAXUS 01 EL \u00daLTIMO EN LLEGAR\" href=\"https:\/\/www.comicalia.com\/bd-aventura\/29181-taxus-01-el-ultimo-en-llegar-9788416961641.html\"><img data-recalc-dims=\"1\" loading=\"lazy\" decoding=\"async\" class=\"replace-2x img-responsive\" title=\"TAXUS 01 EL ULTIMO EN LLEGAR\" src=\"https:\/\/i0.wp.com\/www.comicalia.com\/29631-home_default\/taxus-01-el-ultimo-en-llegar.jpg?resize=250%2C250&#038;ssl=1\" alt=\"TAXUS 01 EL ULTIMO EN LLEGAR\" width=\"250\" height=\"250\" \/><\/a><\/div>\n<div class=\"product-image-container\"><a class=\"product-name\" title=\"TAXUS 01 EL \u00daLTIMO EN LLEGAR\" href=\"https:\/\/www.comicalia.com\/bd-aventura\/29181-taxus-01-el-ultimo-en-llegar-9788416961641.html\">TAXUS 01 EL \u00daLTIMO EN LLEGAR<\/a> 14,90 \u20ac<\/div>\n<\/div>\n<\/div>\n<\/div>\n<div class=\"product-container\"><\/div>\n<div class=\"product-container\"><\/div>\n<div class=\"product-container\"><\/div>\n<div class=\"product-container\"><\/div>\n<div class=\"product-container\"><\/div>\n<div class=\"product-container\"><\/div>\n<div class=\"product-container\">\n<div class=\"row\">\n<div class=\"left-block col-xs-4 col-sm-5 col-md-4\">\n<div class=\"product-image-container\"><a class=\"product_img_link\" title=\"LOS HOMBRECITOS 08: 1985-1986\" href=\"https:\/\/www.comicalia.com\/bd-aventura\/29174-los-hombrecitos-08-1985-1986-9788416961634.html\"><img data-recalc-dims=\"1\" loading=\"lazy\" decoding=\"async\" class=\"replace-2x img-responsive\" title=\"LOS HOMBRECITOS 08: 1985-1986\" src=\"https:\/\/i0.wp.com\/www.comicalia.com\/29623-home_default\/los-hombrecitos-08-1985-1986.jpg?resize=250%2C250&#038;ssl=1\" alt=\"LOS HOMBRECITOS 08: 1985-1986\" width=\"250\" height=\"250\" \/><\/a><\/div>\n<div class=\"product-image-container\"><a class=\"product-name\" title=\"LOS HOMBRECITOS 08: 1985-1986\" href=\"https:\/\/www.comicalia.com\/bd-aventura\/29174-los-hombrecitos-08-1985-1986-9788416961634.html\">LOS HOMBRECITOS 08: 1985-1986<\/a> 29,95 \u20ac<\/div>\n<h4>DIMINUTA<\/h4>\n<\/div>\n<\/div>\n<\/div>\n<div class=\"product-container\"><\/div>\n<div class=\"product-container\"><\/div>\n<div class=\"product-container\"><\/div>\n<div class=\"product-container\"><\/div>\n<div class=\"product-container\"><\/div>\n<div class=\"product-container\"><\/div>\n<div class=\"product-image-container\"><a class=\"product_img_link\" title=\"TEBEOS DE CINE \" href=\"https:\/\/www.comicalia.com\/estudio-y-divulgacion\/29223-tebeos-de-cine-9788416249237.html\"><img data-recalc-dims=\"1\" loading=\"lazy\" decoding=\"async\" class=\"replace-2x img-responsive\" title=\"TEBEOS DE CINE \" src=\"https:\/\/i0.wp.com\/www.comicalia.com\/29667-home_default\/tebeos-de-cine.jpg?resize=250%2C250&#038;ssl=1\" alt=\"TEBEOS DE CINE \" width=\"250\" height=\"250\" \/><\/a><\/div>\n<div class=\"product-image-container\"><a class=\"product-name\" title=\"TEBEOS DE CINE \" href=\"https:\/\/www.comicalia.com\/estudio-y-divulgacion\/29223-tebeos-de-cine-9788416249237.html\">TEBEOS DE CINE<\/a> 29,80 \u20ac<\/div>\n<h4>RANDOM HOUSE<\/h4>\n<div class=\"product-container\">\n<div class=\"row\">\n<div class=\"left-block col-xs-4 col-sm-5 col-md-4\">\n<div class=\"product-image-container\"><a class=\"product_img_link\" title=\"PARACUELLOS 08. LAS MADRES NO TIENEN LA CULPA \" href=\"https:\/\/www.comicalia.com\/bd-nueva-ola\/29222-paracuellos-08-las-madres-no-tienen-la-culpa-9788416709694.html\"><img data-recalc-dims=\"1\" loading=\"lazy\" decoding=\"async\" class=\"replace-2x img-responsive\" title=\"PARACUELLOS 08. LAS MADRES NO TIENEN LA CULPA \" src=\"https:\/\/i0.wp.com\/www.comicalia.com\/29669-home_default\/paracuellos-08-las-madres-no-tienen-la-culpa.jpg?resize=250%2C250&#038;ssl=1\" alt=\"PARACUELLOS 08. LAS MADRES NO TIENEN LA CULPA \" width=\"250\" height=\"250\" \/><\/a><\/div>\n<div class=\"product-image-container\"><a class=\"product-name\" title=\"PARACUELLOS 08. LAS MADRES NO TIENEN LA CULPA \" href=\"https:\/\/www.comicalia.com\/bd-nueva-ola\/29222-paracuellos-08-las-madres-no-tienen-la-culpa-9788416709694.html\">PARACUELLOS 08. LAS MADRES NO TIENEN LA CULPA<\/a><\/div>\n<\/div>\n<div class=\"center-block col-xs-4 col-sm-7 col-md-4\">\n<p class=\"product-desc\">El mejor retrato de la Espa\u00f1a de posguerra. 17,90 \u20ac<\/p>\n<h4>PONENT MON<\/h4>\n<\/div>\n<\/div>\n<\/div>\n<div class=\"product-container\">\n<div class=\"row\">\n<div class=\"left-block col-xs-4 col-sm-5 col-md-4\">\n<div class=\"product-image-container\"><a class=\"product_img_link\" title=\"NUESTRA MADRE LA GUERRA\" href=\"https:\/\/www.comicalia.com\/bd-nueva-ola\/29221-nuestra-madre-la-guerra-9781912097265.html\"><img data-recalc-dims=\"1\" loading=\"lazy\" decoding=\"async\" class=\"replace-2x img-responsive\" title=\"NUESTRA MADRE LA GUERRA\" src=\"https:\/\/i0.wp.com\/www.comicalia.com\/29665-home_default\/nuestra-madre-la-guerra.jpg?resize=250%2C250&#038;ssl=1\" alt=\"NUESTRA MADRE LA GUERRA\" width=\"250\" height=\"250\" \/><\/a><\/div>\n<div class=\"product-image-container\"><a class=\"product-name\" title=\"NUESTRA MADRE LA GUERRA\" href=\"https:\/\/www.comicalia.com\/bd-nueva-ola\/29221-nuestra-madre-la-guerra-9781912097265.html\">NUESTRA MADRE LA GUERRA<\/a><\/div>\n<\/div>\n<div class=\"center-block col-xs-4 col-sm-7 col-md-4\">\n<p class=\"product-desc\">Enero de 1915 en las llanuras est\u00e9riles de la Champa\u00f1a. Europa lleva seis meses desgarr\u00e1ndose. 45,00 \u20ac<\/p>\n<h4 class=\"product-desc\">EDITORIAL BASE<\/h4>\n<\/div>\n<\/div>\n<\/div>\n<p><a class=\"product_img_link\" title=\"FANTASY WEST. MARSHALL JONES ADVENTURES\" href=\"https:\/\/www.comicalia.com\/bd-aventura\/29220-fantasy-west-marshall-jones-adventures-9788417064419.html\"><img data-recalc-dims=\"1\" loading=\"lazy\" decoding=\"async\" class=\"replace-2x img-responsive\" title=\"FANTASY WEST. MARSHALL JONES ADVENTURES\" src=\"https:\/\/i0.wp.com\/www.comicalia.com\/29671-home_default\/fantasy-west-marshall-jones-adventures.jpg?resize=250%2C250&#038;ssl=1\" alt=\"FANTASY WEST. MARSHALL JONES ADVENTURES\" width=\"250\" height=\"250\" \/><\/a><\/p>\n<p><a class=\"product-name\" title=\"FANTASY WEST. MARSHALL JONES ADVENTURES\" href=\"https:\/\/www.comicalia.com\/bd-aventura\/29220-fantasy-west-marshall-jones-adventures-9788417064419.html\">FANTASY WEST. MARSHALL JONES ADVENTURES<\/a><\/p>\n<div class=\"product-container\">\n<div class=\"row\">\n<div class=\"center-block col-xs-4 col-sm-7 col-md-4\">\n<p class=\"product-desc\">\u00abFantasy West\u00bb cuenta las aventuras de Mary Jones. Ganador del Premio al Mejor C\u00f3mic del A\u00f1o por Votaci\u00f3n Popular en el Sal\u00f3n del C\u00f3mic de Barcelona de 2017. 14,00 \u20ac<\/p>\n<h4>DRAC EDITORIAL<\/h4>\n<\/div>\n<\/div>\n<\/div>\n<div class=\"product-container\">\n<div class=\"row\">\n<div class=\"left-block col-xs-4 col-sm-5 col-md-4\">\n<div class=\"product-image-container\"><a class=\"product_img_link\" title=\"ARTE MANGA\" href=\"https:\/\/www.comicalia.com\/estudio-y-divulgacion\/29219-arte-manga-9788498745825.html\"><img data-recalc-dims=\"1\" loading=\"lazy\" decoding=\"async\" class=\"replace-2x img-responsive\" title=\"Arte Manga\" src=\"https:\/\/i0.wp.com\/www.comicalia.com\/29664-home_default\/arte-manga.jpg?resize=250%2C250&#038;ssl=1\" alt=\"Arte Manga\" width=\"250\" height=\"250\" \/><\/a><\/div>\n<div class=\"product-image-container\"><a class=\"product-name\" title=\"ARTE MANGA\" href=\"https:\/\/www.comicalia.com\/estudio-y-divulgacion\/29219-arte-manga-9788498745825.html\">ARTE MANGA<\/a><\/div>\n<\/div>\n<div class=\"center-block col-xs-4 col-sm-7 col-md-4\">\n<p class=\"product-desc\">INSPIRACI\u00d3N Y T\u00c9CNICAS DE UN EXPERTO ILUSTRADOR 25,00 \u20ac<\/p>\n<h4>DIBBUKS<\/h4>\n<\/div>\n<\/div>\n<\/div>\n<div class=\"product-container\">\n<div class=\"row\">\n<div class=\"left-block col-xs-4 col-sm-5 col-md-4\">\n<div class=\"product-image-container\"><a class=\"product_img_link\" title=\"SOLOS CICLO 1 ESTUCHE\" href=\"https:\/\/www.comicalia.com\/bd-aventura\/29218-solos-ciclo-1-estuche-9788416507900.html\"><img data-recalc-dims=\"1\" loading=\"lazy\" decoding=\"async\" class=\"replace-2x img-responsive\" title=\"SOLOS CICLO 1 ESTUCHE\" src=\"https:\/\/i0.wp.com\/www.comicalia.com\/29673-home_default\/solos-ciclo-1-estuche.jpg?resize=250%2C250&#038;ssl=1\" alt=\"SOLOS CICLO 1 ESTUCHE\" width=\"250\" height=\"250\" \/><\/a><\/div>\n<div class=\"product-image-container\"><a class=\"product-name\" title=\"SOLOS CICLO 1 ESTUCHE\" href=\"https:\/\/www.comicalia.com\/bd-aventura\/29218-solos-ciclo-1-estuche-9788416507900.html\">SOLOS CICLO 1 ESTUCHE<\/a><\/div>\n<\/div>\n<div class=\"center-block col-xs-4 col-sm-7 col-md-4\">\n<p class=\"product-desc\">\u00a1Descubre una nueva forma de ver el universo de \u00abSolos\u00bb con este estuche del \u00abCiclo 1\u00bb de edici\u00f3n limitada! 39,50 \u20ac<\/p>\n<h4>MODERNITO BOOKS<\/h4>\n<\/div>\n<\/div>\n<\/div>\n<div class=\"product-container\">\n<div class=\"row\">\n<div class=\"left-block col-xs-4 col-sm-5 col-md-4\">\n<div class=\"product-image-container\"><a class=\"product_img_link\" title=\"LARSON\" href=\"https:\/\/www.comicalia.com\/bd-nueva-ola\/29217-larson-9788494781407.html\"><img data-recalc-dims=\"1\" loading=\"lazy\" decoding=\"async\" class=\"replace-2x img-responsive\" title=\"LARSON\" src=\"https:\/\/i0.wp.com\/www.comicalia.com\/29663-home_default\/larson.jpg?resize=250%2C250&#038;ssl=1\" alt=\"LARSON\" width=\"250\" height=\"250\" \/><\/a><\/div>\n<div class=\"product-image-container\"><a class=\"product-name\" title=\"LARSON\" href=\"https:\/\/www.comicalia.com\/bd-nueva-ola\/29217-larson-9788494781407.html\">LARSON<\/a><\/div>\n<\/div>\n<div class=\"center-block col-xs-4 col-sm-7 col-md-4\">\n<p class=\"product-desc\">Esta es la historia de un hombre com\u00fan que puso en jaque a la CBS ganando un premio imposible en un concurso televisivo. Claramente hizo trampas, pero \u00bfc\u00f3mo? 17,50 \u20ac<\/p>\n<h4>SATORI<\/h4>\n<\/div>\n<\/div>\n<\/div>\n<div class=\"product-container\">\n<div class=\"row\">\n<div class=\"left-block col-xs-4 col-sm-5 col-md-4\">\n<div class=\"product-image-container\"><a class=\"product_img_link\" title=\"TOKIO. LA GU\u00cdA GEEK\" href=\"https:\/\/www.comicalia.com\/estudio-y-divulgacion\/29216-tokio-la-guia-geek-9788494746734.html\"><img data-recalc-dims=\"1\" loading=\"lazy\" decoding=\"async\" class=\"replace-2x img-responsive\" title=\"TOKIO. LA GU\u00cdA GEEK\" src=\"https:\/\/i0.wp.com\/www.comicalia.com\/29662-home_default\/tokio-la-guia-geek.jpg?resize=250%2C250&#038;ssl=1\" alt=\"TOKIO. LA GU\u00cdA GEEK\" width=\"250\" height=\"250\" \/><\/a><\/div>\n<div class=\"product-image-container\"><a class=\"product-name\" title=\"TOKIO. LA GU\u00cdA GEEK\" href=\"https:\/\/www.comicalia.com\/estudio-y-divulgacion\/29216-tokio-la-guia-geek-9788494746734.html\">TOKIO. LA GU\u00cdA GEEK<\/a><\/div>\n<\/div>\n<div class=\"center-block col-xs-4 col-sm-7 col-md-4\">\n<p class=\"product-desc\">La gu\u00eda definitiva para los fans de la cultura otaku. Manga, Anime, Videojuegos, Cosplay, Juguetes, Idols y mucho m\u00e1s. 19,00 \u20ac<\/p>\n<\/div>\n<h4 class=\"right-block col-xs-4 col-sm-12 col-md-4\">BANG<\/h4>\n<\/div>\n<\/div>\n<p><a class=\"product_img_link\" title=\"LA CACA M\u00c1GICA\" href=\"https:\/\/www.comicalia.com\/libro-ilustrado\/29215-la-caca-magica-9788417178048.html\"><img data-recalc-dims=\"1\" loading=\"lazy\" decoding=\"async\" class=\"replace-2x img-responsive\" title=\"LA CACA M\u00c1GICA\" src=\"https:\/\/i0.wp.com\/www.comicalia.com\/29672-home_default\/la-caca-magica.jpg?resize=250%2C250&#038;ssl=1\" alt=\"LA CACA M\u00c1GICA\" width=\"250\" height=\"250\" \/><\/a><\/p>\n<p><a class=\"product-name\" title=\"LA CACA M\u00c1GICA\" href=\"https:\/\/www.comicalia.com\/libro-ilustrado\/29215-la-caca-magica-9788417178048.html\">LA CACA M\u00c1GICA<\/a><\/p>\n<div class=\"product-container\">\n<div class=\"row\">\n<div class=\"center-block col-xs-4 col-sm-7 col-md-4\">\n<p class=\"product-desc\">Versi\u00f3n coleccionista de la famosa caca m\u00e1gica 13,00 \u20ac<\/p>\n<h4>IMPEDIMENTA<\/h4>\n<\/div>\n<\/div>\n<\/div>\n<div class=\"product-container\">\n<div class=\"row\">\n<div class=\"left-block col-xs-4 col-sm-5 col-md-4\">\n<div class=\"product-image-container\"><a class=\"product_img_link\" title=\"Damas oscuras\" href=\"https:\/\/www.comicalia.com\/narrativa\/29214-damas-oscuras-9788417115302.html\"><img data-recalc-dims=\"1\" loading=\"lazy\" decoding=\"async\" class=\"replace-2x img-responsive\" title=\"DAMAS OSCURAS\" src=\"https:\/\/i0.wp.com\/www.comicalia.com\/29661-home_default\/damas-oscuras.jpg?resize=250%2C250&#038;ssl=1\" alt=\"DAMAS OSCURAS\" width=\"250\" height=\"250\" \/><\/a><\/div>\n<div class=\"product-image-container\"><a class=\"product-name\" title=\"Damas oscuras\" href=\"https:\/\/www.comicalia.com\/narrativa\/29214-damas-oscuras-9788417115302.html\">Damas oscuras<\/a><\/div>\n<\/div>\n<div class=\"center-block col-xs-4 col-sm-7 col-md-4\">\n<p class=\"product-desc\">Veinti\u00fan cuentos de fantasmas escritos por algunas de las maestras victorianas del relato escalofriante. Un regalo perfecto para Navidad y para leer al amor de la lumbre. 27,00 \u20ac<\/p>\n<h4>BANDAAPARTE EDITORES<\/h4>\n<\/div>\n<\/div>\n<\/div>\n<div class=\"product-container\">\n<div class=\"row\">\n<div class=\"left-block col-xs-4 col-sm-5 col-md-4\">\n<div class=\"product-image-container\"><a class=\"product_img_link\" title=\"LEYENDAS DESDE EL PANTANO. GUADALUPE PLATA\" href=\"https:\/\/www.comicalia.com\/bd-nueva-ola\/29213-leyendas-desde-el-pantano-guadalupe-plata-9788494748219.html\"><img data-recalc-dims=\"1\" loading=\"lazy\" decoding=\"async\" class=\"replace-2x img-responsive\" title=\"LEYENDAS DESDE EL PANTANO. GUADALUPE PLATA\" src=\"https:\/\/i0.wp.com\/www.comicalia.com\/29660-home_default\/leyendas-desde-el-pantano-guadalupe-plata.jpg?resize=250%2C250&#038;ssl=1\" alt=\"LEYENDAS DESDE EL PANTANO. GUADALUPE PLATA\" width=\"250\" height=\"250\" \/><\/a><\/div>\n<div class=\"product-image-container\"><a class=\"product-name\" title=\"LEYENDAS DESDE EL PANTANO. GUADALUPE PLATA\" href=\"https:\/\/www.comicalia.com\/bd-nueva-ola\/29213-leyendas-desde-el-pantano-guadalupe-plata-9788494748219.html\">LEYENDAS DESDE EL PANTANO. GUADALUPE PLATA<\/a><\/div>\n<\/div>\n<div class=\"center-block col-xs-4 col-sm-7 col-md-4\">\n<p class=\"product-desc\">Una novela gr\u00e1fica a medio camino entre la Andaluc\u00eda profunda y el ambiente m\u00e1s sure\u00f1o de los EEUU, que narra el anecdotario de Guadalupe Plata: rock and roll y cara dura 28,00 \u20ac<\/p>\n<h4>EL FUEGO<\/h4>\n<\/div>\n<\/div>\n<\/div>\n<div class=\"product-container\">\n<div class=\"row\">\n<div class=\"left-block col-xs-4 col-sm-5 col-md-4\">\n<div class=\"product-image-container\"><a class=\"product_img_link\" title=\"EL FUEGO 2 Revista\" href=\"https:\/\/www.comicalia.com\/revista\/29212-el-fuego-revista-2-9772445387008.html\"><img data-recalc-dims=\"1\" loading=\"lazy\" decoding=\"async\" class=\"replace-2x img-responsive\" title=\"EL FUEGO revista 2\" src=\"https:\/\/i0.wp.com\/www.comicalia.com\/29659-home_default\/el-fuego-revista-2.jpg?resize=250%2C250&#038;ssl=1\" alt=\"EL FUEGO revista 2\" width=\"250\" height=\"250\" \/><\/a><\/div>\n<div class=\"product-image-container\"><a class=\"product-name\" title=\"EL FUEGO 2 Revista\" href=\"https:\/\/www.comicalia.com\/revista\/29212-el-fuego-revista-2-9772445387008.html\">EL FUEGO 2 Revista<\/a>\u00a0 15,00 \u20ac<\/div>\n<h4>MALPASO<\/h4>\n<\/div>\n<\/div>\n<\/div>\n<div class=\"product-container\">\n<div class=\"row\">\n<div class=\"left-block col-xs-4 col-sm-5 col-md-4\">\n<div class=\"product-image-container\"><a class=\"product_img_link\" title=\"La vista desde las \u00faltimas filas\" href=\"https:\/\/www.comicalia.com\/narrativa\/29211-la-vista-desde-las-ultimas-filas-9788417081218.html\"><img data-recalc-dims=\"1\" loading=\"lazy\" decoding=\"async\" class=\"replace-2x img-responsive\" title=\"LA VISTA DESDE LAS \u00daLTIMAS FILAS\" src=\"https:\/\/i0.wp.com\/www.comicalia.com\/29658-home_default\/la-vista-desde-las-ultimas-filas.jpg?resize=250%2C250&#038;ssl=1\" alt=\"LA VISTA DESDE LAS \u00daLTIMAS FILAS\" width=\"250\" height=\"250\" \/><\/a><\/div>\n<div class=\"product-image-container\"><a class=\"product-name\" title=\"La vista desde las \u00faltimas filas\" href=\"https:\/\/www.comicalia.com\/narrativa\/29211-la-vista-desde-las-ultimas-filas-9788417081218.html\">La vista desde las \u00faltimas filas<\/a><\/div>\n<\/div>\n<div class=\"center-block col-xs-4 col-sm-7 col-md-4\">\n<p class=\"product-desc\">La primera recopilaci\u00f3n de ensayos de uno de los autores m\u00e1s influyentes de la actualidad. 24,00 \u20ac<\/p>\n<h4>MEDUSA COMICS<\/h4>\n<\/div>\n<\/div>\n<\/div>\n<div class=\"product-container\">\n<div class=\"row\">\n<div class=\"left-block col-xs-4 col-sm-5 col-md-4\">\n<div class=\"product-image-container\"><a class=\"product_img_link\" title=\"ARCHANGEL\" href=\"https:\/\/www.comicalia.com\/comic-de-autor\/29210-archangel-9788417036720.html\"><img data-recalc-dims=\"1\" loading=\"lazy\" decoding=\"async\" class=\"replace-2x img-responsive\" title=\"ARCHANGEL\" src=\"https:\/\/i0.wp.com\/www.comicalia.com\/29657-home_default\/archangel.jpg?resize=250%2C250&#038;ssl=1\" alt=\"ARCHANGEL\" width=\"250\" height=\"250\" \/><\/a><\/div>\n<div class=\"product-image-container\"><a class=\"product-name\" title=\"ARCHANGEL\" href=\"https:\/\/www.comicalia.com\/comic-de-autor\/29210-archangel-9788417036720.html\">ARCHANGEL<\/a><\/div>\n<\/div>\n<div class=\"center-block col-xs-4 col-sm-7 col-md-4\">\n<p class=\"product-desc\">El primer c\u00f3mic de William Gibson, uno de los autores de ciencia ficci\u00f3n m\u00e1s importantes de todos los tiempos, nos traslada a una distop\u00eda de viajes en el tiempo. 17,00 \u20ac<\/p>\n<h4>SEXTO PISO<\/h4>\n<\/div>\n<\/div>\n<\/div>\n<div class=\"product-container\">\n<div class=\"row\">\n<div class=\"left-block col-xs-4 col-sm-5 col-md-4\">\n<div class=\"product-image-container\"><a class=\"product_img_link\" title=\"CASA TRANSPARENTE\" href=\"https:\/\/www.comicalia.com\/bd-nueva-ola\/29209-casa-transparente-9788416677689.html\"><img data-recalc-dims=\"1\" loading=\"lazy\" decoding=\"async\" class=\"replace-2x img-responsive\" title=\"CASA TRANSPARENTE\" src=\"https:\/\/i0.wp.com\/www.comicalia.com\/29656-home_default\/casa-transparente.jpg?resize=250%2C250&#038;ssl=1\" alt=\"CASA TRANSPARENTE\" width=\"250\" height=\"250\" \/><\/a><\/div>\n<div class=\"product-image-container\"><a class=\"product-name\" title=\"CASA TRANSPARENTE\" href=\"https:\/\/www.comicalia.com\/bd-nueva-ola\/29209-casa-transparente-9788416677689.html\">CASA TRANSPARENTE<\/a><\/div>\n<\/div>\n<div class=\"center-block col-xs-4 col-sm-7 col-md-4\">\n<p class=\"product-desc\">Obra ganadoradel Premio de Novela Gr\u00e1fica Ciudades Iberoamericanas11,90 \u20ac<\/p>\n<h4>N\u00d3RDICA<\/h4>\n<\/div>\n<\/div>\n<\/div>\n<div class=\"product-container\">\n<div class=\"row\">\n<div class=\"left-block col-xs-4 col-sm-5 col-md-4\">\n<div class=\"product-image-container\"><a class=\"product_img_link\" title=\"EL LIBRO DE LOS GATOS SENSATOS DE LA VIEJA ZARIG\u00dcEYA\" href=\"https:\/\/www.comicalia.com\/libro-ilustrado\/29208-el-libro-de-los-gatos-sensatos-de-la-vieja-zarigueya-9788416830787.html\"><img data-recalc-dims=\"1\" loading=\"lazy\" decoding=\"async\" class=\"replace-2x img-responsive\" title=\"EL LIBRO DE LOS GATOS SENSATOS DE LA VIEJA ZARIG\u00dcEYA\" src=\"https:\/\/i0.wp.com\/www.comicalia.com\/29654-home_default\/el-libro-de-los-gatos-sensatos-de-la-vieja-zarigueya.jpg?resize=250%2C250&#038;ssl=1\" alt=\"EL LIBRO DE LOS GATOS SENSATOS DE LA VIEJA ZARIG\u00dcEYA\" width=\"250\" height=\"250\" \/><\/a><\/div>\n<div class=\"product-image-container\"><a class=\"product-name\" title=\"EL LIBRO DE LOS GATOS SENSATOS DE LA VIEJA ZARIG\u00dcEYA\" href=\"https:\/\/www.comicalia.com\/libro-ilustrado\/29208-el-libro-de-los-gatos-sensatos-de-la-vieja-zarigueya-9788416830787.html\">EL LIBRO DE LOS GATOS SENSATOS DE LA VIEJA&#8230;<\/a><\/div>\n<\/div>\n<div class=\"center-block col-xs-4 col-sm-7 col-md-4\">\n<p class=\"product-desc\">Fant\u00e1stico libro de poemas humor\u00edsticos que Eliot escribi\u00f3 para entrener a los hijos de Faber, el propietario de la editorial que dirig\u00eda. 16,50 \u20ac<\/p>\n<p>&nbsp;<\/p>\n<\/div>\n<\/div>\n<\/div>\n","protected":false},"excerpt":{"rendered":"<p>ASTIBERRI FELLINI EN ROMA\u00a014,00 \u20ac HARRIET EL REGRESO 24,00 \u20ac EL D\u00cdA EN EL QUE ELLA LEVANT\u00d3 VUELO\u00a018,00 \u20ac IVREA EL HIMNO DEL CORAZ\u00d3N 01 (COMIC) 8,50 \u20ac NO.6 04 (N\u00daMERO SEIS) (COMIC)\u00a0 8,50 \u20ac&hellip; <a class=\"read-more-link\" href=\"https:\/\/www.atomcomics.net\/blog\/2017\/11\/16\/novedad-y-como-completo-titular\/\">(seguir leyendo)<\/a><\/p>\n","protected":false},"author":1,"featured_media":10440,"comment_status":"closed","ping_status":"open","sticky":false,"template":"","format":"standard","meta":{"jetpack_post_was_ever_published":false,"_jetpack_newsletter_access":"","_jetpack_dont_email_post_to_subs":false,"_jetpack_newsletter_tier_id":0,"_jetpack_memberships_contains_paywalled_content":false,"_jetpack_memberships_contains_paid_content":false,"footnotes":"","jetpack_publicize_message":"","jetpack_publicize_feature_enabled":true,"jetpack_social_post_already_shared":true,"jetpack_social_options":{"image_generator_settings":{"template":"highway","default_image_id":0,"font":"","enabled":false},"version":2}},"categories":[3],"tags":[],"class_list":["post-10438","post","type-post","status-publish","format-standard","has-post-thumbnail","hentry","category-novedades"],"jetpack_publicize_connections":[],"jetpack_featured_media_url":"https:\/\/i0.wp.com\/www.atomcomics.net\/blog\/wp-content\/uploads\/caca-e1510830680676.jpg?fit=799%2C448&ssl=1","jetpack_shortlink":"https:\/\/wp.me\/p53Ua-2Im","jetpack-related-posts":[{"id":7783,"url":"https:\/\/www.atomcomics.net\/blog\/2015\/03\/31\/novedad-la-novedad-no-se-toma-vacaciones\/","url_meta":{"origin":10438,"position":0},"title":"Novedad: La novedad no se toma vacaciones","author":"ATOM COMICS","date":"31, marzo, 2015","format":false,"excerpt":"SALAMANDRA Todo el mundo tiene envidia de...17,90 \u20ac LA C\u00daPULA NO DEBI ENROLLARME CON UNA MODERNA\u00a012,00 \u20ac BARRY KOJONEN. EN EL ESPACIO...21,90 \u20ac LIBROS DEL ZORRO ROJO \u00bfY esto qu\u00e9 es?\u00a012,90 \u20ac TORRES DE PAPEL Federico Fellini. Biograf\u00eda\u00a022,00 \u20ac RARA AVIS La estrella del rey Salom\u00f3n\u00a014,90 \u20ac EDITORIAL BASE EN\u2026","rel":"","context":"En \u00abNovedades\u00bb","block_context":{"text":"Novedades","link":"https:\/\/www.atomcomics.net\/blog\/category\/novedades\/"},"img":{"alt_text":"Todo el mundo tiene envidia de mi mochila voladora","src":"https:\/\/i0.wp.com\/www.comicalia.com\/17314-large\/todo-el-mundo-tiene-envidia-de-mi-mochila-voladora.jpg?resize=350%2C200","width":350,"height":200},"classes":[]},{"id":6001,"url":"https:\/\/www.atomcomics.net\/blog\/2013\/09\/17\/novedad-esta-semana-va-todo-un-poco-raro\/","url_meta":{"origin":10438,"position":1},"title":"Novedad: Esta semana va todo un poco raro","author":"ATOM COMICS","date":"17, septiembre, 2013","format":false,"excerpt":"EDICIONES B SUPER CALVIN Y HOBBES 08. EL...\u00a021,00 \u20ac DOLMEN DOLMEN 216\u00a02,99 \u20ac PANINI ULTIMATE SPIDERMAN 18: MASACRE\u00a09,99 \u20ac ASTIBERRI PAPEL ESTRUJADO\u00a019,00 \u20ac LA CIUDAD DE YS 2: LA MORGANA ROJA\u00a0 14,00 \u20ac ALETA BATTLE POPE 02. CAOS (COMIC) 13,00 \u20ac 12,35 \u20ac","rel":"","context":"En \u00abNovedades\u00bb","block_context":{"text":"Novedades","link":"https:\/\/www.atomcomics.net\/blog\/category\/novedades\/"},"img":{"alt_text":"SUPER CALVIN Y HOBBES 08. EL ATAQUE DE LOS MONSTRUOSOS MU\u00d1ECOS DE NIEVE MUTANTES","src":"https:\/\/i0.wp.com\/www.comicalia.com\/11015-10837-large\/super-calvin-y-hobbes-08-el-ataque-de-los-monstruosos-munecos-de-nieve-mutantes.jpg?resize=350%2C200","width":350,"height":200},"classes":[]},{"id":7204,"url":"https:\/\/www.atomcomics.net\/blog\/2014\/05\/29\/novedad-variado-lo-traemos-variado\/","url_meta":{"origin":10438,"position":2},"title":"Novedad: Variado lo traemos variado","author":"ATOM COMICS","date":"29, mayo, 2014","format":false,"excerpt":"PANINI COLECCIONABLE NEW X-MEN 1\u00a05,00 \u20ac IVREA NISEKOI 07 (COMIC)\u00a08,00 \u20ac SAINT SEIYA. NEXT DIMENSION MYTH...12,00 \u20ac GODEATH 03 (DE 3)\u00a08,00 \u20ac DIABOLO ULTRAGATO\u00a014,95 \u20ac EN CAPITULOS ANTERIORES...19,95 \u20ac ASTIBERRI PSIQUIATRICO 02. CRAZY SEVENTIES\u00a014,00 \u20ac LIBROS DE PAPEL TARZAN - TIRAS DIARIAS 1\u00a018,50 \u20ac NINTH\u00a0EDICIONES YOUNG\u00a025,00 \u20ac UNA VIDA SIN\u2026","rel":"","context":"En \u00abNovedades\u00bb","block_context":{"text":"Novedades","link":"https:\/\/www.atomcomics.net\/blog\/category\/novedades\/"},"img":{"alt_text":"COLECCIONABLE NEW X-MEN 1","src":"https:\/\/i0.wp.com\/www.comicalia.com\/13858-large\/coleccionable-new-x-men-1.jpg?resize=350%2C200","width":350,"height":200},"classes":[]},{"id":8097,"url":"https:\/\/www.atomcomics.net\/blog\/2015\/08\/27\/novedad-mas-manga-mas-bd-y-conan-con-espada\/","url_meta":{"origin":10438,"position":3},"title":"Novedad: M\u00e1s manga, m\u00e1s BD y Conan con espada","author":"ATOM COMICS","date":"27, agosto, 2015","format":false,"excerpt":"IVREA BLACK BULLET 04\u00a08,00 \u20ac KAGEROU DAZE 04\u00a08,00 \u20ac REAL 14 (COMIC)\u00a08,00 \u20ac PEQUE\u00d1AS MENTIRAS PIADOSAS 13...8,00 \u20ac VAGABOND 32 (COMIC)\u00a08,00 \u20ac DOLMEN BERMUDILLO\u00a029,95 \u20ac QUENA Y EL SACRAMUS 03\u00a029,95 \u20ac PANINI HUNTER X HUNTER 23\u00a07,95 \u20ac BLEACH 63 (COMIC)\u00a07,50 \u20ac ASSASSINATION CLASSROOM 07\u00a07,95 \u20ac ASTIBERRI EL FOTOGRAFO. INTEGRAL\u00a030,00 \u20ac\u2026","rel":"","context":"En \u00abNovedades\u00bb","block_context":{"text":"Novedades","link":"https:\/\/www.atomcomics.net\/blog\/category\/novedades\/"},"img":{"alt_text":"BLACK BULLET 04","src":"https:\/\/i0.wp.com\/www.comicalia.com\/18833-large\/black-bullet-04.jpg?resize=350%2C200","width":350,"height":200},"classes":[]},{"id":5721,"url":"https:\/\/www.atomcomics.net\/blog\/2013\/07\/12\/novedad-de-dibbuks-y-sexto-piso-para-julio\/","url_meta":{"origin":10438,"position":4},"title":"Novedad de Dibbuks y Sexto Piso para Julio","author":"ATOM COMICS","date":"12, julio, 2013","format":false,"excerpt":"DIBBUKS BLUE ESTATE 1 14,00 \u20ac PIGEONS FROM HELL 14,00 \u20ac SEXTO PISO EN BUSCA DEL TIEMPO PERDIDO IV 18,00 \u20ac","rel":"","context":"En \u00abNovedades\u00bb","block_context":{"text":"Novedades","link":"https:\/\/www.atomcomics.net\/blog\/category\/novedades\/"},"img":{"alt_text":"BLUE ESTATE 1 ","src":"https:\/\/i0.wp.com\/www.comicalia.com\/10762-10569-large\/blue-estate-1-.jpg?resize=350%2C200","width":350,"height":200},"classes":[]},{"id":4941,"url":"https:\/\/www.atomcomics.net\/blog\/2013\/04\/15\/novedad-remate-y-gol-del-salon\/","url_meta":{"origin":10438,"position":5},"title":"Novedad: Remate (y gol) del Sal\u00f3n","author":"ATOM COMICS","date":"15, abril, 2013","format":false,"excerpt":"MU\u00d1ECO CHUCK NORRIS NON TALKING PELUCHE...7,95 \u20ac KRAKEN LUCKY LUKE. EL JINETE SOLITARIO14,00 \u20ac PANINI LOS DOCE 02. SECRETOS14,00 \u20ac LA NIEVE Y EL BARRO19,95 \u20ac MONGOLIA MONGOLIA 113,00 \u20ac DE PONENT PARTE DE TODO ESTO22,00 \u20ac DOLMEN SEXO RARO11,95 \u20ac LOS REYES ELFOS: LA SAGA DE...29,95 \u20ac LOS CABEZONES\u2026","rel":"","context":"En \u00abNovedades\u00bb","block_context":{"text":"Novedades","link":"https:\/\/www.atomcomics.net\/blog\/category\/novedades\/"},"img":{"alt_text":"CHUCK NORRIS NON TALKING PELUCHE 18 CM CHUCK NORRIS","src":"https:\/\/i0.wp.com\/www.comicalia.com\/10207-9906-large\/chuck-norris-non-talking-peluche-18-cm-chuck-norris.jpg?resize=350%2C200","width":350,"height":200},"classes":[]}],"jetpack_sharing_enabled":true,"_links":{"self":[{"href":"https:\/\/www.atomcomics.net\/blog\/wp-json\/wp\/v2\/posts\/10438","targetHints":{"allow":["GET"]}}],"collection":[{"href":"https:\/\/www.atomcomics.net\/blog\/wp-json\/wp\/v2\/posts"}],"about":[{"href":"https:\/\/www.atomcomics.net\/blog\/wp-json\/wp\/v2\/types\/post"}],"author":[{"embeddable":true,"href":"https:\/\/www.atomcomics.net\/blog\/wp-json\/wp\/v2\/users\/1"}],"replies":[{"embeddable":true,"href":"https:\/\/www.atomcomics.net\/blog\/wp-json\/wp\/v2\/comments?post=10438"}],"version-history":[{"count":2,"href":"https:\/\/www.atomcomics.net\/blog\/wp-json\/wp\/v2\/posts\/10438\/revisions"}],"predecessor-version":[{"id":10441,"href":"https:\/\/www.atomcomics.net\/blog\/wp-json\/wp\/v2\/posts\/10438\/revisions\/10441"}],"wp:featuredmedia":[{"embeddable":true,"href":"https:\/\/www.atomcomics.net\/blog\/wp-json\/wp\/v2\/media\/10440"}],"wp:attachment":[{"href":"https:\/\/www.atomcomics.net\/blog\/wp-json\/wp\/v2\/media?parent=10438"}],"wp:term":[{"taxonomy":"category","embeddable":true,"href":"https:\/\/www.atomcomics.net\/blog\/wp-json\/wp\/v2\/categories?post=10438"},{"taxonomy":"post_tag","embeddable":true,"href":"https:\/\/www.atomcomics.net\/blog\/wp-json\/wp\/v2\/tags?post=10438"}],"curies":[{"name":"wp","href":"https:\/\/api.w.org\/{rel}","templated":true}]}}