{"id":10593,"date":"2018-01-18T12:26:04","date_gmt":"2018-01-18T11:26:04","guid":{"rendered":"http:\/\/www.atomcomics.net\/?p=10593"},"modified":"2018-01-18T12:26:04","modified_gmt":"2018-01-18T11:26:04","slug":"volvemos-a-las-andadas","status":"publish","type":"post","link":"https:\/\/www.atomcomics.net\/blog\/2018\/01\/18\/volvemos-a-las-andadas\/","title":{"rendered":"Volvemos a las andadas"},"content":{"rendered":"<div class=\"product-container\">\n<div class=\"row\">\n<div class=\"left-block col-xs-4 col-sm-5 col-md-4\">\n<h4>MERCHANDISING<\/h4>\n<div class=\"product-image-container\"><a class=\"product_img_link\" title=\"HARRY POTTER MOCHILA HOGWARTS GRYFFINDOR\" href=\"https:\/\/www.comicalia.com\/merchandise-otros\/30015-harry-potter-mochila-hogwarts-gryffindor-8435376336286.html\"><img data-recalc-dims=\"1\" loading=\"lazy\" decoding=\"async\" class=\"replace-2x img-responsive\" title=\"HARRY POTTER MOCHILA HOGWARTS GRYFFINDOR\" src=\"https:\/\/i0.wp.com\/www.comicalia.com\/30376-home_default\/harry-potter-mochila-hogwarts-gryffindor.jpg?resize=250%2C250&#038;ssl=1\" alt=\"HARRY POTTER MOCHILA HOGWARTS GRYFFINDOR\" width=\"250\" height=\"250\" \/><\/a><\/div>\n<div class=\"product-image-container\"><a class=\"product-name\" title=\"HARRY POTTER MOCHILA HOGWARTS GRYFFINDOR\" href=\"https:\/\/www.comicalia.com\/merchandise-otros\/30015-harry-potter-mochila-hogwarts-gryffindor-8435376336286.html\">HARRY POTTER MOCHILA HOGWARTS GRYFFINDOR<\/a> 33,90 \u20ac<\/div>\n<h4>APPLE HEAD TEAM<\/h4>\n<\/div>\n<\/div>\n<\/div>\n<div class=\"product-container\">\n<div class=\"row\">\n<div class=\"left-block col-xs-4 col-sm-5 col-md-4\">\n<div class=\"product-image-container\"><\/div>\n<\/div>\n<\/div>\n<\/div>\n<div class=\"product-container\">\n<div class=\"row\">\n<div class=\"left-block col-xs-4 col-sm-5 col-md-4\">\n<div class=\"product-image-container\"><a class=\"product_img_link\" title=\"LA GUERRA DE LOS CLONES (M\u00c1S ALL\u00c1 DE \u2018STAR WARS\u2019)\u201d\" href=\"https:\/\/www.comicalia.com\/estudio-y-divulgacion\/30010-la-guerra-de-los-clones-mas-alla-de-star-wars-9788494626487.html\"><img data-recalc-dims=\"1\" loading=\"lazy\" decoding=\"async\" class=\"replace-2x img-responsive\" title=\" LA GUERRA DE LOS CLONES (M\u00c1S ALL\u00c1 DE \u2018STAR WARS\u2019)\u201d\" src=\"https:\/\/i0.wp.com\/www.comicalia.com\/30371-home_default\/la-guerra-de-los-clones-mas-alla-de-star-wars.jpg?resize=250%2C250&#038;ssl=1\" alt=\" LA GUERRA DE LOS CLONES (M\u00c1S ALL\u00c1 DE \u2018STAR WARS\u2019)\u201d\" width=\"250\" height=\"250\" \/><\/a><\/div>\n<div class=\"product-image-container\"><a class=\"product-name\" title=\"LA GUERRA DE LOS CLONES (M\u00c1S ALL\u00c1 DE \u2018STAR WARS\u2019)\u201d\" href=\"https:\/\/www.comicalia.com\/estudio-y-divulgacion\/30010-la-guerra-de-los-clones-mas-alla-de-star-wars-9788494626487.html\">LA GUERRA DE LOS CLONES (M\u00c1S ALL\u00c1 DE \u2018STAR&#8230;<\/a> 22,95 \u20ac<\/div>\n<h4>CAPIT\u00c1N SWING<\/h4>\n<\/div>\n<\/div>\n<\/div>\n<div class=\"product-container\">\n<div class=\"row\">\n<div class=\"left-block col-xs-4 col-sm-5 col-md-4\">\n<div class=\"product-image-container\"><a class=\"product_img_link\" title=\"ARMAS DE DESTRUCCI\u00d3N MATEM\u00c1TICA\" href=\"https:\/\/www.comicalia.com\/narrativa\/30009-armas-de-destruccion-matematica-9788494740848.html\"><img data-recalc-dims=\"1\" loading=\"lazy\" decoding=\"async\" class=\"replace-2x img-responsive\" title=\"ARMAS DE DESTRUCCI\u00d3N MATEM\u00c1TICA\" src=\"https:\/\/i0.wp.com\/www.comicalia.com\/30351-home_default\/armas-de-destruccion-matematica.jpg?resize=250%2C250&#038;ssl=1\" alt=\"ARMAS DE DESTRUCCI\u00d3N MATEM\u00c1TICA\" width=\"250\" height=\"250\" \/><\/a><\/div>\n<div class=\"product-image-container\"><a class=\"product-name\" title=\"ARMAS DE DESTRUCCI\u00d3N MATEM\u00c1TICA\" href=\"https:\/\/www.comicalia.com\/narrativa\/30009-armas-de-destruccion-matematica-9788494740848.html\">ARMAS DE DESTRUCCI\u00d3N MATEM\u00c1TICA<\/a><\/div>\n<\/div>\n<div class=\"center-block col-xs-4 col-sm-7 col-md-4\">\n<p class=\"product-desc\">Un libro original y imprescindible que nos abre los ojos hacia el peligro escondido en ese concepto tan opaco del Big Data. 19,00 \u20ac<\/p>\n<h4>LIBROS DEL ASTEROIDE<\/h4>\n<\/div>\n<\/div>\n<\/div>\n<div class=\"product-container\">\n<div class=\"row\">\n<div class=\"left-block col-xs-4 col-sm-5 col-md-4\">\n<div class=\"product-image-container\"><a class=\"product_img_link\" title=\"UN DEBUT EN LA VIDA\" href=\"https:\/\/www.comicalia.com\/narrativa\/30008-un-debut-en-la-vida-9788417007348.html\"><img data-recalc-dims=\"1\" loading=\"lazy\" decoding=\"async\" class=\"replace-2x img-responsive\" title=\"UN DEBUT EN LA VIDA\" src=\"https:\/\/i0.wp.com\/www.comicalia.com\/30349-home_default\/un-debut-en-la-vida.jpg?resize=250%2C250&#038;ssl=1\" alt=\"UN DEBUT EN LA VIDA\" width=\"250\" height=\"250\" \/><\/a><\/div>\n<div class=\"product-image-container\"><a class=\"product-name\" title=\"UN DEBUT EN LA VIDA\" href=\"https:\/\/www.comicalia.com\/narrativa\/30008-un-debut-en-la-vida-9788417007348.html\">UN DEBUT EN LA VIDA<\/a><\/div>\n<\/div>\n<div class=\"center-block col-xs-4 col-sm-7 col-md-4\">\n<p class=\"product-desc\">Una novela ir\u00f3nica y tierna sobre las aspiraciones de una joven letraherida que se da cuenta de que la vida siempre es m\u00e1s prosaica de lo que imaginamos. 18,95 \u20ac<\/p>\n<h4>SATORI<\/h4>\n<\/div>\n<\/div>\n<\/div>\n<div class=\"product-container\">\n<div class=\"row\">\n<div class=\"left-block col-xs-4 col-sm-5 col-md-4\">\n<div class=\"product-image-container\"><a class=\"product_img_link\" title=\"EL TREN NOCTURNO DE LA V\u00cdA L\u00c1CTEA\" href=\"https:\/\/www.comicalia.com\/narrativa\/30007-el-tren-nocturno-de-la-via-lactea-9788494746741.html\"><img data-recalc-dims=\"1\" loading=\"lazy\" decoding=\"async\" class=\"replace-2x img-responsive\" title=\"EL TREN NOCTURNO DE LA V\u00cdA L\u00c1CTEA\" src=\"https:\/\/i0.wp.com\/www.comicalia.com\/30348-home_default\/el-tren-nocturno-de-la-via-lactea.jpg?resize=250%2C250&#038;ssl=1\" alt=\"EL TREN NOCTURNO DE LA V\u00cdA L\u00c1CTEA\" width=\"250\" height=\"250\" \/><\/a><\/div>\n<div class=\"product-image-container\"><a class=\"product-name\" title=\"EL TREN NOCTURNO DE LA V\u00cdA L\u00c1CTEA\" href=\"https:\/\/www.comicalia.com\/narrativa\/30007-el-tren-nocturno-de-la-via-lactea-9788494746741.html\">EL TREN NOCTURNO DE LA V\u00cdA L\u00c1CTEA<\/a><\/div>\n<\/div>\n<div class=\"center-block col-xs-4 col-sm-7 col-md-4\">\n<p class=\"product-desc\">Esta breve novela ha cautivado a generaciones de japoneses que han elevado a Kenji Miyazawa a la categor\u00eda de h\u00e9roe cultural. Nueva traducci\u00f3n. 17,00 \u20ac<\/p>\n<h4>IMPEDIMENTA<\/h4>\n<\/div>\n<\/div>\n<\/div>\n<div class=\"product-container\">\n<div class=\"row\">\n<div class=\"left-block col-xs-4 col-sm-5 col-md-4\">\n<div class=\"product-image-container\"><a class=\"product_img_link\" title=\"LA C\u00c1MARA VERDE\" href=\"https:\/\/www.comicalia.com\/narrativa\/30006-la-camara-verde-9788417115395.html\"><img data-recalc-dims=\"1\" loading=\"lazy\" decoding=\"async\" class=\"replace-2x img-responsive\" title=\"LA C\u00c1MARA VERDE\" src=\"https:\/\/i0.wp.com\/www.comicalia.com\/30347-home_default\/la-camara-verde.jpg?resize=250%2C250&#038;ssl=1\" alt=\"LA C\u00c1MARA VERDE\" width=\"250\" height=\"250\" \/><\/a><\/div>\n<div class=\"product-image-container\"><a class=\"product-name\" title=\"LA C\u00c1MARA VERDE\" href=\"https:\/\/www.comicalia.com\/narrativa\/30006-la-camara-verde-9788417115395.html\">LA C\u00c1MARA VERDE<\/a><\/div>\n<\/div>\n<div class=\"center-block col-xs-4 col-sm-7 col-md-4\">\n<p class=\"product-desc\">Una saga familiar gozosamente g\u00f3tica, galardonada con el prestigioso Premio Jacques-Brossard. Una de las m\u00e1s divertidas novelas canadienses de los \u00faltimos a\u00f1os. 20,50 \u20ac<\/p>\n<h4>UNRATED COMICS<\/h4>\n<\/div>\n<\/div>\n<\/div>\n<div class=\"product-container\">\n<div class=\"row\">\n<div class=\"left-block col-xs-4 col-sm-5 col-md-4\">\n<div class=\"product-image-container\"><a class=\"product_img_link\" title=\"P\u00cdSCULUS, EL DURO\" href=\"https:\/\/www.comicalia.com\/humor\/30005-pisculus-el-duro-9788494787317.html\"><img data-recalc-dims=\"1\" loading=\"lazy\" decoding=\"async\" class=\"replace-2x img-responsive\" title=\"P\u00cdSCULUS, EL DURO\" src=\"https:\/\/i0.wp.com\/www.comicalia.com\/30346-home_default\/pisculus-el-duro.jpg?resize=250%2C250&#038;ssl=1\" alt=\"P\u00cdSCULUS, EL DURO\" width=\"250\" height=\"250\" \/><\/a><\/div>\n<div class=\"product-image-container\"><a class=\"product-name\" title=\"P\u00cdSCULUS, EL DURO\" href=\"https:\/\/www.comicalia.com\/humor\/30005-pisculus-el-duro-9788494787317.html\">P\u00cdSCULUS, EL DURO<\/a><\/div>\n<\/div>\n<div class=\"center-block col-xs-4 col-sm-7 col-md-4\">\n<p class=\"product-desc\">Un pisco de pan en un drama de acci\u00f3n mezcla de comedia, futuro dist\u00f3pico y p\u00e9plum.. 1,00 \u20ac<\/p>\n<p class=\"product-desc\"><a class=\"product_img_link\" title=\"LA ABUBILLA ALICIA\" href=\"https:\/\/www.comicalia.com\/humor\/30004-la-abubilla-alicia-9788494787300.html\"><img data-recalc-dims=\"1\" loading=\"lazy\" decoding=\"async\" class=\"replace-2x img-responsive\" title=\"LA ABUBILLA ALICIA\" src=\"https:\/\/i0.wp.com\/www.comicalia.com\/30345-home_default\/la-abubilla-alicia.jpg?resize=250%2C250&#038;ssl=1\" alt=\"LA ABUBILLA ALICIA\" width=\"250\" height=\"250\" \/><\/a><\/p>\n<p class=\"product-desc\"><a class=\"product-name\" title=\"LA ABUBILLA ALICIA\" href=\"https:\/\/www.comicalia.com\/humor\/30004-la-abubilla-alicia-9788494787300.html\">LA ABUBILLA ALICIA<\/a><\/p>\n<\/div>\n<\/div>\n<\/div>\n<div class=\"product-container\">\n<div class=\"row\">\n<div class=\"center-block col-xs-4 col-sm-7 col-md-4\">\n<p class=\"product-desc\">Gonzalo D\u00edez \u00abChapu\u00bb, nos adentra en las aventuras de esta peque\u00f1a Abubilla y sus amigos. Pretende ense\u00f1ar valores b\u00e1sicos a los m\u00e1s peque\u00f1os con una lectura divertida. 9,95 \u20ac<\/p>\n<h4>N\u00d3RDICA LIBROS<\/h4>\n<\/div>\n<div class=\"right-block col-xs-4 col-sm-12 col-md-4\">\n<div class=\"right-block-content row\">\n<div class=\"product-container\">\n<div class=\"row\">\n<div class=\"left-block col-xs-4 col-sm-5 col-md-4\">\n<div class=\"product-image-container\"><a class=\"product_img_link\" title=\"EL CUP\u00d3N FALSO\" href=\"https:\/\/www.comicalia.com\/libro-ilustrado\/30003-el-cupon-falso-9788417281120.html\"><img data-recalc-dims=\"1\" loading=\"lazy\" decoding=\"async\" class=\"replace-2x img-responsive\" title=\"EL CUP\u00d3N FALSO\" src=\"https:\/\/i0.wp.com\/www.comicalia.com\/30344-home_default\/el-cupon-falso.jpg?resize=250%2C250&#038;ssl=1\" alt=\"EL CUP\u00d3N FALSO\" width=\"250\" height=\"250\" \/><\/a><\/div>\n<div class=\"product-image-container\"><a class=\"product-name\" title=\"EL CUP\u00d3N FALSO\" href=\"https:\/\/www.comicalia.com\/libro-ilustrado\/30003-el-cupon-falso-9788417281120.html\">EL CUP\u00d3N FALSO<\/a><\/div>\n<\/div>\n<div class=\"center-block col-xs-4 col-sm-7 col-md-4\">\n<p class=\"product-desc\">Una obra maestra de Lev Tolst\u00f3i. La historia de una peque\u00f1a estafa, un delito sin importancia. 18,00 \u20ac<\/p>\n<h4>PONENT MON<\/h4>\n<\/div>\n<\/div>\n<\/div>\n<div class=\"product-container\">\n<div class=\"row\">\n<div class=\"left-block col-xs-4 col-sm-5 col-md-4\">\n<div class=\"product-image-container\"><a class=\"product_img_link\" title=\"BUCK DANNY INTEGRAL 7\" href=\"https:\/\/www.comicalia.com\/bd-aventura\/30002-buck-danny-integral-7-9781912097326.html\"><img data-recalc-dims=\"1\" loading=\"lazy\" decoding=\"async\" class=\"replace-2x img-responsive\" title=\"BUCK DANNY INTEGRAL 7\" src=\"https:\/\/i0.wp.com\/www.comicalia.com\/30343-home_default\/buck-danny-integral-7.jpg?resize=250%2C250&#038;ssl=1\" alt=\"BUCK DANNY INTEGRAL 7\" width=\"250\" height=\"250\" \/><\/a><\/div>\n<div class=\"product-image-container\"><a class=\"product-name\" title=\"BUCK DANNY INTEGRAL 7\" href=\"https:\/\/www.comicalia.com\/bd-aventura\/30002-buck-danny-integral-7-9781912097326.html\">BUCK DANNY INTEGRAL 7<\/a><\/div>\n<\/div>\n<div class=\"center-block col-xs-4 col-sm-7 col-md-4\">\n<p class=\"product-desc\">Buck Danny aterriz\u00f3 en el Journal de Spirou en enero de 1947.Desde entonces, sus proezas a\u00e9reas han hecho so\u00f1ar a los amantes de la aeron\u00e1utica y los tebeos. 38,00\u20ac<\/p>\n<h4>DIBBUKS<\/h4>\n<\/div>\n<div class=\"right-block col-xs-4 col-sm-12 col-md-4\">\n<div class=\"right-block-content row\"><\/div>\n<\/div>\n<\/div>\n<\/div>\n<div class=\"product-container\">\n<div class=\"row\">\n<div class=\"left-block col-xs-4 col-sm-5 col-md-4\">\n<div class=\"product-image-container\"><a class=\"product_img_link\" title=\"ZORGLUB 1\" href=\"https:\/\/www.comicalia.com\/bd-aventura\/30001-zorglub-1-9788416507917.html\"><img data-recalc-dims=\"1\" loading=\"lazy\" decoding=\"async\" class=\"replace-2x img-responsive\" title=\"ZORGLUB 1\" src=\"https:\/\/i0.wp.com\/www.comicalia.com\/30342-home_default\/zorglub-1.jpg?resize=250%2C250&#038;ssl=1\" alt=\"ZORGLUB 1\" width=\"250\" height=\"250\" \/><\/a><\/div>\n<div class=\"product-image-container\"><a class=\"product-name\" title=\"ZORGLUB 1\" href=\"https:\/\/www.comicalia.com\/bd-aventura\/30001-zorglub-1-9788416507917.html\">ZORGLUB 1<\/a><\/div>\n<\/div>\n<div class=\"center-block col-xs-4 col-sm-7 col-md-4\">\n<p class=\"product-desc\">Zorglub, el villano m\u00e1s brillante, aterriza con esta nueva serie de la mano de Munuera, dibujante de Spirou. \u00a1\u00danite al equipo de Z! 16,00 \u20ac<\/p>\n<\/div>\n<\/div>\n<\/div>\n<div class=\"product-container\">\n<div class=\"row\">\n<div class=\"left-block col-xs-4 col-sm-5 col-md-4\">\n<div class=\"product-image-container\"><a class=\"product_img_link\" title=\"FRANK\" href=\"https:\/\/www.comicalia.com\/libro-ilustrado\/30000-frank-9788416507894.html\"><img data-recalc-dims=\"1\" loading=\"lazy\" decoding=\"async\" class=\"replace-2x img-responsive\" title=\"FRANK\" src=\"https:\/\/i0.wp.com\/www.comicalia.com\/30341-home_default\/frank.jpg?resize=250%2C250&#038;ssl=1\" alt=\"FRANK\" width=\"250\" height=\"250\" \/><\/a><\/div>\n<div class=\"product-image-container\"><a class=\"product-name\" title=\"FRANK\" href=\"https:\/\/www.comicalia.com\/libro-ilustrado\/30000-frank-9788416507894.html\">FRANK<\/a><\/div>\n<\/div>\n<div class=\"center-block col-xs-4 col-sm-7 col-md-4\">\n<p class=\"product-desc\">La historia de la dictadura narrada de forma aleg\u00f3rica, con un dibujo expresionista que hace de este \u00e1lbum ilustrado un t\u00edtulo imprescindible. 16,00 \u20ac<\/p>\n<h4>EIKY\u00d4<\/h4>\n<\/div>\n<\/div>\n<\/div>\n<div class=\"product-container\">\n<div class=\"row\">\n<div class=\"left-block col-xs-4 col-sm-5 col-md-4\">\n<div class=\"product-image-container\"><a class=\"product_img_link\" title=\"Eikyo 28 \u2013 Invierno \u201918\" href=\"https:\/\/www.comicalia.com\/revista\/29999-eikyo-28-invierno-18-9823656483000.html\"><img data-recalc-dims=\"1\" loading=\"lazy\" decoding=\"async\" class=\"replace-2x img-responsive\" title=\"Eikyo 28 \u2013 Invierno \u201918\" src=\"https:\/\/i0.wp.com\/www.comicalia.com\/30340-home_default\/eikyo-28-invierno-18.jpg?resize=250%2C250&#038;ssl=1\" alt=\"Eikyo 28 \u2013 Invierno \u201918\" width=\"250\" height=\"250\" \/><\/a><\/div>\n<div class=\"product-image-container\"><a class=\"product-name\" title=\"Eikyo 28 \u2013 Invierno \u201918\" href=\"https:\/\/www.comicalia.com\/revista\/29999-eikyo-28-invierno-18-9823656483000.html\">Eikyo 28 \u2013 Invierno \u201918<\/a>\u00a0 5,00 \u20ac<\/div>\n<h4>RANDOM HOUSE<\/h4>\n<div>\n<div class=\"product-image-container\"><a class=\"product_img_link\" title=\"FILOSOFIA EN VI\u00d1ETAS \" href=\"https:\/\/www.comicalia.com\/novela-grafica-no-ficcion\/30014-filosofia-en-vinetas-9788466342902.html\"><img data-recalc-dims=\"1\" loading=\"lazy\" decoding=\"async\" class=\"replace-2x img-responsive\" title=\"FILOSOFIA EN VI\u00d1ETAS \" src=\"https:\/\/i0.wp.com\/www.comicalia.com\/30375-home_default\/filosofia-en-vinetas.jpg?resize=250%2C250&#038;ssl=1\" alt=\"FILOSOFIA EN VI\u00d1ETAS \" width=\"250\" height=\"250\" \/><\/a><\/div>\n<div class=\"product-image-container\"><a class=\"product-name\" title=\"FILOSOFIA EN VI\u00d1ETAS \" href=\"https:\/\/www.comicalia.com\/novela-grafica-no-ficcion\/30014-filosofia-en-vinetas-9788466342902.html\">FILOSOFIA EN VI\u00d1ETAS\u00a0<\/a>14,95 \u20ac<\/div>\n<h4>ANAGRAMA<\/h4>\n<\/div>\n<\/div>\n<\/div>\n<\/div>\n<div class=\"product-container\">\n<div class=\"row\">\n<div class=\"left-block col-xs-4 col-sm-5 col-md-4\">\n<div class=\"product-image-container\"><a class=\"product_img_link\" title=\"Escrito y dibujado por Enriqueta\" href=\"https:\/\/www.comicalia.com\/humor\/29996-escrito-y-dibujado-por-enriqueta-9788433901422.html\"><img data-recalc-dims=\"1\" loading=\"lazy\" decoding=\"async\" class=\"replace-2x img-responsive\" title=\"Escrito y dibujado por Enriqueta\" src=\"https:\/\/i0.wp.com\/www.comicalia.com\/30337-home_default\/escrito-y-dibujado-por-enriqueta.jpg?resize=250%2C250&#038;ssl=1\" alt=\"Escrito y dibujado por Enriqueta\" width=\"250\" height=\"250\" \/><\/a><\/div>\n<div class=\"product-image-container\"><a class=\"product-name\" title=\"Escrito y dibujado por Enriqueta\" href=\"https:\/\/www.comicalia.com\/humor\/29996-escrito-y-dibujado-por-enriqueta-9788433901422.html\">Escrito y dibujado por Enriqueta<\/a>\u00a0 16,90 \u20ac<\/div>\n<\/div>\n<\/div>\n<\/div>\n<div class=\"product-container\">\n<div class=\"row\">\n<div class=\"left-block col-xs-4 col-sm-5 col-md-4\">\n<div class=\"product-image-container\"><a class=\"product_img_link\" title=\"Ciudades en las que nunca has estado\" href=\"https:\/\/www.comicalia.com\/narrativa\/29994-ciudades-en-las-que-nunca-has-estado-9788494598272.html\"><img data-recalc-dims=\"1\" loading=\"lazy\" decoding=\"async\" class=\"replace-2x img-responsive\" title=\"Ciudades en las que nunca has estado\" src=\"https:\/\/i0.wp.com\/www.comicalia.com\/30339-home_default\/ciudades-en-las-que-nunca-has-estado.jpg?resize=250%2C250&#038;ssl=1\" alt=\"Ciudades en las que nunca has estado\" width=\"250\" height=\"250\" \/><\/a><\/div>\n<div class=\"product-image-container\"><a class=\"product-name\" title=\"Ciudades en las que nunca has estado\" href=\"https:\/\/www.comicalia.com\/narrativa\/29994-ciudades-en-las-que-nunca-has-estado-9788494598272.html\">Ciudades en las que nunca has estado\u00a0<\/a>18,90 \u20ac<\/div>\n<div>\n<div class=\"product-image-container\"><a class=\"product_img_link\" title=\"Cuatro cuentos\" href=\"https:\/\/www.comicalia.com\/humor\/29995-cuatro-cuentos-9788433901415.html\"><img data-recalc-dims=\"1\" loading=\"lazy\" decoding=\"async\" class=\"replace-2x img-responsive\" title=\"Cuatro cuentos\" src=\"https:\/\/i0.wp.com\/www.comicalia.com\/30338-home_default\/cuatro-cuentos.jpg?resize=250%2C250&#038;ssl=1\" alt=\"Cuatro cuentos\" width=\"250\" height=\"250\" \/><\/a><\/div>\n<div class=\"product-image-container\"><a class=\"product-name\" title=\"Cuatro cuentos\" href=\"https:\/\/www.comicalia.com\/humor\/29995-cuatro-cuentos-9788433901415.html\">Cuatro cuentos<\/a> 16,90 \u20ac<\/div>\n<\/div>\n<h4>LA FABRICA EDITORIAL<\/h4>\n<\/div>\n<\/div>\n<\/div>\n<div class=\"product-container\">\n<div class=\"row\">\n<div class=\"left-block col-xs-4 col-sm-5 col-md-4\">\n<div class=\"product-image-container\"><a class=\"product_img_link\" title=\"Iguana Lady. La vida de Graciela Iturbide.\" href=\"https:\/\/www.comicalia.com\/bd-nueva-ola\/29997-iguana-lady-la-vida-de-graciela-iturbide-9788417048280.html\"><img data-recalc-dims=\"1\" loading=\"lazy\" decoding=\"async\" class=\"replace-2x img-responsive\" title=\"Iguana Lady. La vida de Graciela Iturbide.\" src=\"https:\/\/i0.wp.com\/www.comicalia.com\/30336-home_default\/iguana-lady-la-vida-de-graciela-iturbide.jpg?resize=250%2C250&#038;ssl=1\" alt=\"Iguana Lady. La vida de Graciela Iturbide.\" width=\"250\" height=\"250\" \/><\/a><\/div>\n<div class=\"product-image-container\"><a class=\"product-name\" title=\"Iguana Lady. La vida de Graciela Iturbide.\" href=\"https:\/\/www.comicalia.com\/bd-nueva-ola\/29997-iguana-lady-la-vida-de-graciela-iturbide-9788417048280.html\">Iguana Lady. La vida de Graciela Iturbide.<\/a> 19,00 \u20ac<\/div>\n<h4>BLACKIE BOOKS<\/h4>\n<\/div>\n<\/div>\n<\/div>\n<div class=\"product-container\">\n<div class=\"row\">\n<div class=\"left-block col-xs-4 col-sm-5 col-md-4\">\n<div class=\"product-image-container\"><\/div>\n<\/div>\n<\/div>\n<\/div>\n<div class=\"product-container\">\n<div class=\"row\">\n<div class=\"left-block col-xs-4 col-sm-5 col-md-4\">\n<div class=\"product-image-container\"><a class=\"product_img_link\" title=\"Muerte con ping\u00fcino\" href=\"https:\/\/www.comicalia.com\/narrativa\/29998-muerte-con-pinguino-9788417059460.html\"><img data-recalc-dims=\"1\" loading=\"lazy\" decoding=\"async\" class=\"replace-2x img-responsive\" title=\"Muerte con ping\u00fcino\" src=\"https:\/\/i0.wp.com\/www.comicalia.com\/30335-home_default\/muerte-con-pinguino.jpg?resize=250%2C250&#038;ssl=1\" alt=\"Muerte con ping\u00fcino\" width=\"250\" height=\"250\" \/><\/a><\/div>\n<div class=\"product-image-container\"><a class=\"product-name\" title=\"Muerte con ping\u00fcino\" href=\"https:\/\/www.comicalia.com\/narrativa\/29998-muerte-con-pinguino-9788417059460.html\">Muerte con ping\u00fcino<\/a>\u00a021,00 \u20ac<\/div>\n<h4>PANINI<\/h4>\n<\/div>\n<\/div>\n<\/div>\n<div class=\"product-container\">\n<div class=\"row\">\n<div class=\"left-block col-xs-4 col-sm-5 col-md-4\">\n<div class=\"product-image-container\"><a class=\"product_img_link\" title=\"THE HULK 02 (MARVEL LIMITED EDITION)\" href=\"https:\/\/www.comicalia.com\/superheroes-marvel\/29993-the-hulk-02-marvel-limited-edition-9788416986323.html\"><img data-recalc-dims=\"1\" loading=\"lazy\" decoding=\"async\" class=\"replace-2x img-responsive\" title=\"THE HULK 02 (MARVEL LIMITED EDITION)\" src=\"https:\/\/i0.wp.com\/www.comicalia.com\/30352-home_default\/the-hulk-02-marvel-limited-edition.jpg?resize=250%2C250&#038;ssl=1\" alt=\"THE HULK 02 (MARVEL LIMITED EDITION)\" width=\"250\" height=\"250\" \/><\/a><\/div>\n<div class=\"product-image-container\"><a class=\"product-name\" title=\"THE HULK 02 (MARVEL LIMITED EDITION)\" href=\"https:\/\/www.comicalia.com\/superheroes-marvel\/29993-the-hulk-02-marvel-limited-edition-9788416986323.html\">THE HULK 02 (MARVEL LIMITED EDITION)<\/a>\u00a039,95 \u20ac<\/div>\n<\/div>\n<\/div>\n<\/div>\n<div class=\"product-container\">\n<div class=\"row\">\n<div class=\"left-block col-xs-4 col-sm-5 col-md-4\">\n<div class=\"product-image-container\"><a class=\"product_img_link\" title=\"SPIDERMAN 2099 06. APOCALIPSIS SOON\" href=\"https:\/\/www.comicalia.com\/superheroes-marvel\/29991-spiderman-2099-06-apocalipsis-soon-9788491672784.html\"><img data-recalc-dims=\"1\" loading=\"lazy\" decoding=\"async\" class=\"replace-2x img-responsive\" title=\"SPIDERMAN 2099 06. APOCALIPSIS SOON\" src=\"https:\/\/i0.wp.com\/www.comicalia.com\/30369-home_default\/spiderman-2099-06-apocalipsis-soon.jpg?resize=250%2C250&#038;ssl=1\" alt=\"SPIDERMAN 2099 06. APOCALIPSIS SOON\" width=\"250\" height=\"250\" \/><\/a><\/div>\n<div class=\"product-image-container\"><a class=\"product-name\" title=\"SPIDERMAN 2099 06. APOCALIPSIS SOON\" href=\"https:\/\/www.comicalia.com\/superheroes-marvel\/29991-spiderman-2099-06-apocalipsis-soon-9788491672784.html\">SPIDERMAN 2099 06. APOCALIPSIS SOON<\/a>\u00a013,50 \u20ac<\/div>\n<\/div>\n<div class=\"right-block col-xs-4 col-sm-12 col-md-4\">\n<div class=\"right-block-content row\">\n<div class=\"product-container\">\n<div class=\"row\">\n<div class=\"left-block col-xs-4 col-sm-5 col-md-4\">\n<div class=\"product-image-container\"><a class=\"product_img_link\" title=\"NOVA 08. RESURRECCION\" href=\"https:\/\/www.comicalia.com\/superheroes-marvel\/29988-nova-08-resurreccion-9788491672777.html\"><img data-recalc-dims=\"1\" loading=\"lazy\" decoding=\"async\" class=\"replace-2x img-responsive\" title=\"NOVA 08. RESURRECCION\" src=\"https:\/\/i0.wp.com\/www.comicalia.com\/30353-home_default\/nova-08-resurreccion.jpg?resize=250%2C250&#038;ssl=1\" alt=\"NOVA 08. RESURRECCION\" width=\"250\" height=\"250\" \/><\/a><\/div>\n<div class=\"product-image-container\"><a class=\"product-name\" title=\"NOVA 08. RESURRECCION\" href=\"https:\/\/www.comicalia.com\/superheroes-marvel\/29988-nova-08-resurreccion-9788491672777.html\">NOVA 08. RESURRECCION<\/a> 15,95 \u20ac<\/div>\n<\/div>\n<\/div>\n<\/div>\n<div class=\"product-container\">\n<div class=\"row\">\n<div class=\"left-block col-xs-4 col-sm-5 col-md-4\">\n<div class=\"product-image-container\"><\/div>\n<\/div>\n<\/div>\n<\/div>\n<div class=\"product-container\">\n<div class=\"row\">\n<div class=\"left-block col-xs-4 col-sm-5 col-md-4\">\n<div class=\"product-image-container\"><a class=\"product_img_link\" title=\"LUKE CAGE 01. PECADOS DEL PADRE\" href=\"https:\/\/www.comicalia.com\/superheroes-marvel\/29984-luke-cage-01-pecados-del-padre-9788491672807.html\"><img data-recalc-dims=\"1\" loading=\"lazy\" decoding=\"async\" class=\"replace-2x img-responsive\" title=\"LUKE CAGE 01. PECADOS DEL PADRE\" src=\"https:\/\/i0.wp.com\/www.comicalia.com\/30355-home_default\/luke-cage-01-pecados-del-padre.jpg?resize=250%2C250&#038;ssl=1\" alt=\"LUKE CAGE 01. PECADOS DEL PADRE\" width=\"250\" height=\"250\" \/><\/a><\/div>\n<div class=\"product-image-container\"><a class=\"product-name\" title=\"LUKE CAGE 01. PECADOS DEL PADRE\" href=\"https:\/\/www.comicalia.com\/superheroes-marvel\/29984-luke-cage-01-pecados-del-padre-9788491672807.html\">LUKE CAGE 01. PECADOS DEL PADRE<\/a>\u00a015,00 \u20ac<\/div>\n<\/div>\n<\/div>\n<\/div>\n<div class=\"product-container\">\n<div class=\"row\">\n<div class=\"left-block col-xs-4 col-sm-5 col-md-4\">\n<div class=\"product-image-container\"><a class=\"product_img_link\" title=\"LA COLECCION DEFINITIVA DE SPIDERMAN. ENTREGA 10 (N\u00ba 38)\" href=\"https:\/\/www.comicalia.com\/superheroes-marvel\/29982-la-coleccion-definitiva-de-spiderman-entrega-10-n-38-9788447131198.html\"><img data-recalc-dims=\"1\" loading=\"lazy\" decoding=\"async\" class=\"replace-2x img-responsive\" title=\"LA COLECCION DEFINITIVA DE SPIDERMAN. ENTREGA 10 (N\u00ba 38)\" src=\"https:\/\/i0.wp.com\/www.comicalia.com\/img\/p\/es-default-home_default.jpg?resize=250%2C250&#038;ssl=1\" alt=\"LA COLECCION DEFINITIVA DE SPIDERMAN. ENTREGA 10 (N\u00ba 38)\" width=\"250\" height=\"250\" \/><\/a><\/div>\n<div class=\"product-image-container\"><a class=\"product-name\" title=\"LA COLECCION DEFINITIVA DE SPIDERMAN. ENTREGA 10 (N\u00ba 38)\" href=\"https:\/\/www.comicalia.com\/superheroes-marvel\/29982-la-coleccion-definitiva-de-spiderman-entrega-10-n-38-9788447131198.html\">LA COLECCION DEFINITIVA DE SPIDERMAN&#8230;.<\/a> 12,99 \u20ac<\/div>\n<\/div>\n<\/div>\n<\/div>\n<div class=\"product-container\">\n<div class=\"row\">\n<div class=\"left-block col-xs-4 col-sm-5 col-md-4\">\n<div class=\"product-image-container\"><a class=\"product_img_link\" title=\"LA COLECCION DEFINITIVA DE SPIDERMAN. ENTREGA 09 (N\u00ba )\" href=\"https:\/\/www.comicalia.com\/superheroes-marvel\/29981-la-coleccion-definitiva-de-spiderman-entrega-09-n-9788447131198.html\"><img data-recalc-dims=\"1\" loading=\"lazy\" decoding=\"async\" class=\"replace-2x img-responsive\" title=\"LA COLECCION DEFINITIVA DE SPIDERMAN. ENTREGA 09 (N\u00ba )\" src=\"https:\/\/i0.wp.com\/www.comicalia.com\/img\/p\/es-default-home_default.jpg?resize=250%2C250&#038;ssl=1\" alt=\"LA COLECCION DEFINITIVA DE SPIDERMAN. ENTREGA 09 (N\u00ba )\" width=\"250\" height=\"250\" \/><\/a><\/div>\n<div class=\"product-image-container\"><a class=\"product-name\" title=\"LA COLECCION DEFINITIVA DE SPIDERMAN. ENTREGA 09 (N\u00ba )\" href=\"https:\/\/www.comicalia.com\/superheroes-marvel\/29981-la-coleccion-definitiva-de-spiderman-entrega-09-n-9788447131198.html\">LA COLECCION DEFINITIVA DE SPIDERMAN&#8230;.\u00a0<\/a>12,99 \u20ac<\/div>\n<\/div>\n<\/div>\n<\/div>\n<div class=\"product-container\">\n<div class=\"row\">\n<div class=\"left-block col-xs-4 col-sm-5 col-md-4\">\n<div>\n<div class=\"product-image-container\"><\/div>\n<\/div>\n<\/div>\n<\/div>\n<\/div>\n<div class=\"product-container\">\n<div class=\"row\">\n<div class=\"left-block col-xs-4 col-sm-5 col-md-4\">\n<div class=\"product-image-container\"><a class=\"product_img_link\" title=\"JEAN GREY 01 PESADILLA IGNEA\" href=\"https:\/\/www.comicalia.com\/superheroes-marvel\/29976-jean-grey-01-pesadilla-ignea-9788491672760.html\"><img data-recalc-dims=\"1\" loading=\"lazy\" decoding=\"async\" class=\"replace-2x img-responsive\" title=\"JEAN GREY 01 PESADILLA IGNEA\" src=\"https:\/\/i0.wp.com\/www.comicalia.com\/30357-home_default\/jean-grey-01-pesadilla-ignea.jpg?resize=250%2C250&#038;ssl=1\" alt=\"JEAN GREY 01 PESADILLA IGNEA\" width=\"250\" height=\"250\" \/><\/a><\/div>\n<div class=\"product-image-container\"><a class=\"product-name\" title=\"JEAN GREY 01 PESADILLA IGNEA\" href=\"https:\/\/www.comicalia.com\/superheroes-marvel\/29976-jean-grey-01-pesadilla-ignea-9788491672760.html\">JEAN GREY 01 PESADILLA IGNEA<\/a> 14,50 \u20ac<\/div>\n<\/div>\n<\/div>\n<\/div>\n<div class=\"product-container\">\n<div class=\"row\">\n<div class=\"left-block col-xs-4 col-sm-5 col-md-4\">\n<div class=\"product-image-container\"><a class=\"product_img_link\" title=\"IRON MAN: PRELUDIO A LA GUERRA DE LAS ARMADURAS\" href=\"https:\/\/www.comicalia.com\/superheroes-marvel\/29975-iron-man-preludio-a-la-guerra-de-las-armaduras-9788491672869.html\"><img data-recalc-dims=\"1\" loading=\"lazy\" decoding=\"async\" class=\"replace-2x img-responsive\" title=\"IRON MAN: PRELUDIO A LA GUERRA DE LAS ARMADURAS\" src=\"https:\/\/i0.wp.com\/www.comicalia.com\/30358-home_default\/iron-man-preludio-a-la-guerra-de-las-armaduras.jpg?resize=250%2C250&#038;ssl=1\" alt=\"IRON MAN: PRELUDIO A LA GUERRA DE LAS ARMADURAS\" width=\"250\" height=\"250\" \/><\/a><\/div>\n<div class=\"product-image-container\"><a class=\"product-name\" title=\"IRON MAN: PRELUDIO A LA GUERRA DE LAS ARMADURAS\" href=\"https:\/\/www.comicalia.com\/superheroes-marvel\/29975-iron-man-preludio-a-la-guerra-de-las-armaduras-9788491672869.html\">IRON MAN: PRELUDIO A LA GUERRA DE LAS&#8230;<\/a>\u00a022,50 \u20ac<\/div>\n<div><\/div>\n<\/div>\n<\/div>\n<\/div>\n<div class=\"product-container\">\n<div class=\"row\">\n<div class=\"left-block col-xs-4 col-sm-5 col-md-4\">\n<div class=\"product-image-container\"><\/div>\n<\/div>\n<\/div>\n<\/div>\n<div class=\"product-container\">\n<div class=\"row\">\n<div class=\"left-block col-xs-4 col-sm-5 col-md-4\">\n<div class=\"product-image-container\"><a class=\"product_img_link\" title=\"GUARDIANES DE LA GALAXIA: MADRE ENTROPIA (MARVEL GRAPHIC NOVELS)\" href=\"https:\/\/www.comicalia.com\/superheroes-marvel\/29973-guardianes-de-la-galaxia-madre-entropia-marvel-graphic-novels-9788491671923.html\"><img data-recalc-dims=\"1\" loading=\"lazy\" decoding=\"async\" class=\"replace-2x img-responsive\" title=\"GUARDIANES DE LA GALAXIA: MADRE ENTROPIA (MARVEL GRAPHIC NOVELS)\" src=\"https:\/\/i0.wp.com\/www.comicalia.com\/30360-home_default\/guardianes-de-la-galaxia-madre-entropia-marvel-graphic-novels.jpg?resize=250%2C250&#038;ssl=1\" alt=\"GUARDIANES DE LA GALAXIA: MADRE ENTROPIA (MARVEL GRAPHIC NOVELS)\" width=\"250\" height=\"250\" \/><\/a><\/div>\n<div class=\"product-image-container\"><a class=\"product-name\" title=\"GUARDIANES DE LA GALAXIA: MADRE ENTROPIA (MARVEL GRAPHIC NOVELS)\" href=\"https:\/\/www.comicalia.com\/superheroes-marvel\/29973-guardianes-de-la-galaxia-madre-entropia-marvel-graphic-novels-9788491671923.html\">GUARDIANES DE LA GALAXIA: MADRE ENTROPIA&#8230;<\/a>\u00a015,00 \u20ac<\/div>\n<\/div>\n<\/div>\n<\/div>\n<div class=\"product-container\">\n<div class=\"row\">\n<div class=\"left-block col-xs-4 col-sm-5 col-md-4\">\n<div class=\"product-image-container\"><a class=\"product_img_link\" title=\"GENERACIONES\" href=\"https:\/\/www.comicalia.com\/superheroes-marvel\/29972-generaciones-9788491672791.html\"><img data-recalc-dims=\"1\" loading=\"lazy\" decoding=\"async\" class=\"replace-2x img-responsive\" title=\"GENERACIONES\" src=\"https:\/\/i0.wp.com\/www.comicalia.com\/30361-home_default\/generaciones.jpg?resize=250%2C250&#038;ssl=1\" alt=\"GENERACIONES\" width=\"250\" height=\"250\" \/><\/a><\/div>\n<div class=\"product-image-container\"><a class=\"product-name\" title=\"GENERACIONES\" href=\"https:\/\/www.comicalia.com\/superheroes-marvel\/29972-generaciones-9788491672791.html\">GENERACIONES<\/a>\u00a025,00 \u20ac<\/div>\n<\/div>\n<\/div>\n<\/div>\n<div class=\"product-container\">\n<div class=\"row\">\n<div class=\"left-block col-xs-4 col-sm-5 col-md-4\">\n<div class=\"product-image-container\"><a class=\"product_img_link\" title=\"EL RENACIMIENTO DE THANOS\" href=\"https:\/\/www.comicalia.com\/superheroes-marvel\/29969-el-renacimiento-de-thanos-9788491672845.html\"><img data-recalc-dims=\"1\" loading=\"lazy\" decoding=\"async\" class=\"replace-2x img-responsive\" title=\"EL RENACIMIENTO DE THANOS\" src=\"https:\/\/i0.wp.com\/www.comicalia.com\/30363-home_default\/el-renacimiento-de-thanos.jpg?resize=250%2C250&#038;ssl=1\" alt=\"EL RENACIMIENTO DE THANOS\" width=\"250\" height=\"250\" \/><\/a><\/div>\n<div class=\"product-image-container\"><a class=\"product-name\" title=\"EL RENACIMIENTO DE THANOS\" href=\"https:\/\/www.comicalia.com\/superheroes-marvel\/29969-el-renacimiento-de-thanos-9788491672845.html\">EL RENACIMIENTO DE THANOS<\/a> 19,95 \u20ac<\/div>\n<\/div>\n<\/div>\n<\/div>\n<div class=\"product-container\">\n<div class=\"row\">\n<div class=\"left-block col-xs-4 col-sm-5 col-md-4\">\n<div>\n<div class=\"product-container\">\n<div class=\"row\">\n<div class=\"left-block col-xs-4 col-sm-5 col-md-4\">\n<div>\n<div class=\"product-container\">\n<div class=\"row\">\n<div class=\"left-block col-xs-4 col-sm-5 col-md-4\">\n<div class=\"product-image-container\"><\/div>\n<\/div>\n<\/div>\n<\/div>\n<\/div>\n<\/div>\n<\/div>\n<\/div>\n<\/div>\n<\/div>\n<\/div>\n<\/div>\n<div class=\"product-container\">\n<div class=\"row\">\n<div class=\"left-block col-xs-4 col-sm-5 col-md-4\">\n<div class=\"product-image-container\"><a class=\"product_img_link\" title=\"EL CASTIGADOR: CIRCULO DE SANGRE\" href=\"https:\/\/www.comicalia.com\/superheroes-marvel\/29967-el-castigador-circulo-de-sangre-9788491672814.html\"><img data-recalc-dims=\"1\" loading=\"lazy\" decoding=\"async\" class=\"replace-2x img-responsive\" title=\"EL CASTIGADOR: CIRCULO DE SANGRE\" src=\"https:\/\/i0.wp.com\/www.comicalia.com\/30365-home_default\/el-castigador-circulo-de-sangre.jpg?resize=250%2C250&#038;ssl=1\" alt=\"EL CASTIGADOR: CIRCULO DE SANGRE\" width=\"250\" height=\"250\" \/><\/a><\/div>\n<div class=\"product-image-container\"><a class=\"product-name\" title=\"EL CASTIGADOR: CIRCULO DE SANGRE\" href=\"https:\/\/www.comicalia.com\/superheroes-marvel\/29967-el-castigador-circulo-de-sangre-9788491672814.html\">EL CASTIGADOR: CIRCULO DE SANGRE<\/a> 26,00 \u20ac<\/div>\n<\/div>\n<\/div>\n<\/div>\n<div class=\"product-container\">\n<div class=\"row\">\n<div class=\"left-block col-xs-4 col-sm-5 col-md-4\">\n<div class=\"product-image-container\"><a class=\"product_img_link\" title=\"EL ASOMBROSO SPIDERMAN 21. A CARA DESCUBIERTA (MARVEL SAGA 47)\" href=\"https:\/\/www.comicalia.com\/superheroes-marvel\/29966-el-asombroso-spiderman-21-a-cara-descubierta-marvel-saga-47-9788491672821.html\"><img data-recalc-dims=\"1\" loading=\"lazy\" decoding=\"async\" class=\"replace-2x img-responsive\" title=\"EL ASOMBROSO SPIDERMAN 21. A CARA DESCUBIERTA (MARVEL SAGA 47)\" src=\"https:\/\/i0.wp.com\/www.comicalia.com\/30366-home_default\/el-asombroso-spiderman-21-a-cara-descubierta-marvel-saga-47.jpg?resize=250%2C250&#038;ssl=1\" alt=\"EL ASOMBROSO SPIDERMAN 21. A CARA DESCUBIERTA (MARVEL SAGA 47)\" width=\"250\" height=\"250\" \/><\/a><\/div>\n<div class=\"product-image-container\"><a class=\"product-name\" title=\"EL ASOMBROSO SPIDERMAN 21. A CARA DESCUBIERTA (MARVEL SAGA 47)\" href=\"https:\/\/www.comicalia.com\/superheroes-marvel\/29966-el-asombroso-spiderman-21-a-cara-descubierta-marvel-saga-47-9788491672821.html\">EL ASOMBROSO SPIDERMAN 21. A CARA&#8230;<\/a> 19,50 \u20ac<\/div>\n<\/div>\n<\/div>\n<\/div>\n<div class=\"product-container\">\n<div class=\"row\">\n<div class=\"left-block col-xs-4 col-sm-5 col-md-4\">\n<div class=\"product-image-container\"><a class=\"product_img_link\" title=\"DAREDEVIL 14. EL DOSSIER MURDOCK (MARVEL SAGA 48)\" href=\"https:\/\/www.comicalia.com\/superheroes-marvel\/29965-daredevil-14-el-dossier-murdock-marvel-saga-48-9788491672838.html\"><img data-recalc-dims=\"1\" loading=\"lazy\" decoding=\"async\" class=\"replace-2x img-responsive\" title=\"DAREDEVIL 14. EL DOSSIER MURDOCK (MARVEL SAGA 48)\" src=\"https:\/\/i0.wp.com\/www.comicalia.com\/30367-home_default\/daredevil-14-el-dossier-murdock-marvel-saga-48.jpg?resize=250%2C250&#038;ssl=1\" alt=\"DAREDEVIL 14. EL DOSSIER MURDOCK (MARVEL SAGA 48)\" width=\"250\" height=\"250\" \/><\/a><\/div>\n<div class=\"product-image-container\"><a class=\"product-name\" title=\"DAREDEVIL 14. EL DOSSIER MURDOCK (MARVEL SAGA 48)\" href=\"https:\/\/www.comicalia.com\/superheroes-marvel\/29965-daredevil-14-el-dossier-murdock-marvel-saga-48-9788491672838.html\">DAREDEVIL 14. EL DOSSIER MURDOCK (MARVEL&#8230;<\/a> 16,00 \u20ac<\/div>\n<\/div>\n<\/div>\n<\/div>\n<div class=\"product-container\">\n<div class=\"row\">\n<div class=\"left-block col-xs-4 col-sm-5 col-md-4\">\n<div class=\"product-image-container\"><a class=\"product_img_link\" title=\"ASSASSIN'S CREED: VUELTA A CASA (COMIC)\" href=\"https:\/\/www.comicalia.com\/fantasia-otros-mundos\/29961-assassin-s-creed-vuelta-a-casa-comic-9788491671299.html\"><img data-recalc-dims=\"1\" loading=\"lazy\" decoding=\"async\" class=\"replace-2x img-responsive\" title=\"ASSASSIN'S CREED: VUELTA A CASA (COMIC)\" src=\"https:\/\/i0.wp.com\/www.comicalia.com\/30368-home_default\/assassin-s-creed-vuelta-a-casa-comic.jpg?resize=250%2C250&#038;ssl=1\" alt=\"ASSASSIN'S CREED: VUELTA A CASA (COMIC)\" width=\"250\" height=\"250\" \/><\/a><\/div>\n<div class=\"product-image-container\"><a class=\"product-name\" title=\"ASSASSIN'S CREED: VUELTA A CASA (COMIC)\" href=\"https:\/\/www.comicalia.com\/fantasia-otros-mundos\/29961-assassin-s-creed-vuelta-a-casa-comic-9788491671299.html\">ASSASSIN&#8217;S CREED: VUELTA A CASA (COMIC)<\/a> 12,00 \u20ac<\/div>\n<h4>ASTIBERRI<\/h4>\n<div>\n<div class=\"product-image-container\"><a class=\"product_img_link\" title=\"EL DIA EN QUE CAMBIE A MI PAPA POR DOS PECES DE COLORES\" href=\"https:\/\/www.comicalia.com\/fantasia-otros-mundos\/29968-el-dia-en-que-cambie-a-mi-papa-por-dos-peces-de-colores-9788416880454.html\"><img data-recalc-dims=\"1\" loading=\"lazy\" decoding=\"async\" class=\"replace-2x img-responsive\" title=\"EL DIA EN QUE CAMBIE A MI PAPA POR DOS PECES DE COLORES\" src=\"https:\/\/i0.wp.com\/www.comicalia.com\/30364-home_default\/el-dia-en-que-cambie-a-mi-papa-por-dos-peces-de-colores.jpg?resize=250%2C250&#038;ssl=1\" alt=\"EL DIA EN QUE CAMBIE A MI PAPA POR DOS PECES DE COLORES\" width=\"250\" height=\"250\" \/><\/a><\/div>\n<div class=\"product-image-container\"><a class=\"product-name\" title=\"EL DIA EN QUE CAMBIE A MI PAPA POR DOS PECES DE COLORES\" href=\"https:\/\/www.comicalia.com\/fantasia-otros-mundos\/29968-el-dia-en-que-cambie-a-mi-papa-por-dos-peces-de-colores-9788416880454.html\">EL DIA EN QUE CAMBIE A MI PAPA POR DOS&#8230;<\/a>\u00a016,00 \u20ac<\/div>\n<h4 class=\"product-image-container\">DOLMEN<\/h4>\n<div>\n<div class=\"product-container\">\n<div class=\"row\">\n<div class=\"left-block col-xs-4 col-sm-5 col-md-4\">\n<div class=\"product-image-container\"><a class=\"product_img_link\" title=\"FLASH GORDON &amp; JIM DE LA JUNGLA 1940-1942\" href=\"https:\/\/www.comicalia.com\/fantasia-otros-mundos\/29971-flash-gordon-jim-de-la-jungla-1940-1942-9788416961696.html\"><img data-recalc-dims=\"1\" loading=\"lazy\" decoding=\"async\" class=\"replace-2x img-responsive\" title=\"FLASH GORDON &amp; JIM DE LA JUNGLA 1940-1942\" src=\"https:\/\/i0.wp.com\/www.comicalia.com\/30362-home_default\/flash-gordon-jim-de-la-jungla-1940-1942.jpg?resize=250%2C250&#038;ssl=1\" alt=\"FLASH GORDON &amp; JIM DE LA JUNGLA 1940-1942\" width=\"250\" height=\"250\" \/><\/a><\/div>\n<div class=\"product-image-container\"><a class=\"product-name\" title=\"FLASH GORDON &amp; JIM DE LA JUNGLA 1940-1942\" href=\"https:\/\/www.comicalia.com\/fantasia-otros-mundos\/29971-flash-gordon-jim-de-la-jungla-1940-1942-9788416961696.html\">FLASH GORDON &amp; JIM DE LA JUNGLA 1940-1942<\/a> 34,90 \u20ac<\/div>\n<div>\n<div class=\"product-image-container\"><a class=\"product_img_link\" title=\"INVENTANDO HYRULE: LA HISTORIA DETRAS DE LA SAGA THE LEGEND OF ZELDA (1986-2001)\" href=\"https:\/\/www.comicalia.com\/estudio-y-divulgacion\/29974-inventando-hyrule-la-historia-detras-de-la-saga-the-legend-of-zelda-1986-2001-9788416961672.html\"><img data-recalc-dims=\"1\" loading=\"lazy\" decoding=\"async\" class=\"replace-2x img-responsive\" title=\"INVENTANDO HYRULE: LA HISTORIA DETRAS DE LA SAGA THE LEGEND OF ZELDA (1986-2001)\" src=\"https:\/\/i0.wp.com\/www.comicalia.com\/30359-home_default\/inventando-hyrule-la-historia-detras-de-la-saga-the-legend-of-zelda-1986-2001.jpg?resize=250%2C250&#038;ssl=1\" alt=\"INVENTANDO HYRULE: LA HISTORIA DETRAS DE LA SAGA THE LEGEND OF ZELDA (1986-2001)\" width=\"250\" height=\"250\" \/><\/a><\/div>\n<div class=\"product-image-container\"><a class=\"product-name\" title=\"INVENTANDO HYRULE: LA HISTORIA DETRAS DE LA SAGA THE LEGEND OF ZELDA (1986-2001)\" href=\"https:\/\/www.comicalia.com\/estudio-y-divulgacion\/29974-inventando-hyrule-la-historia-detras-de-la-saga-the-legend-of-zelda-1986-2001-9788416961672.html\">INVENTANDO HYRULE: LA HISTORIA DETRAS DE&#8230;\u00a0<\/a>19,95 \u20ac<\/div>\n<h4>IVREA<\/h4>\n<\/div>\n<div>\n<div class=\"product-container\">\n<div class=\"row\">\n<div class=\"left-block col-xs-4 col-sm-5 col-md-4\">\n<div>\n<div class=\"product-image-container\"><a class=\"product_img_link\" title=\"KAGEROU DAZE 09\" href=\"https:\/\/www.comicalia.com\/shonen\/29979-kagerou-daze-09-9788417292522.html\"><img data-recalc-dims=\"1\" loading=\"lazy\" decoding=\"async\" class=\"replace-2x img-responsive\" title=\"KAGEROU DAZE 09\" src=\"https:\/\/i0.wp.com\/www.comicalia.com\/30356-home_default\/kagerou-daze-09.jpg?resize=250%2C250&#038;ssl=1\" alt=\"KAGEROU DAZE 09\" width=\"250\" height=\"250\" \/><\/a><\/div>\n<div class=\"product-image-container\"><a class=\"product-name\" title=\"KAGEROU DAZE 09\" href=\"https:\/\/www.comicalia.com\/shonen\/29979-kagerou-daze-09-9788417292522.html\">KAGEROU DAZE 09\u00a0<\/a>8,00 \u20ac<\/div>\n<div>\n<div class=\"product-image-container\"><a class=\"product_img_link\" title=\"MOB PSYCHO 100 09 (COMIC)\" href=\"https:\/\/www.comicalia.com\/shonen\/29987-mob-psycho-100-09-comic-9788417292492.html\"><img data-recalc-dims=\"1\" loading=\"lazy\" decoding=\"async\" class=\"replace-2x img-responsive\" title=\"MOB PSYCHO 100 09 (COMIC)\" src=\"https:\/\/i0.wp.com\/www.comicalia.com\/30354-home_default\/mob-psycho-100-09-comic.jpg?resize=250%2C250&#038;ssl=1\" alt=\"MOB PSYCHO 100 09 (COMIC)\" width=\"250\" height=\"250\" \/><\/a><\/div>\n<div class=\"product-image-container\"><a class=\"product-name\" title=\"MOB PSYCHO 100 09 (COMIC)\" href=\"https:\/\/www.comicalia.com\/shonen\/29987-mob-psycho-100-09-comic-9788417292492.html\">MOB PSYCHO 100 09 (COMIC)<\/a>\u00a08,00 \u20ac<\/div>\n<h4>NO LANDS<\/h4>\n<\/div>\n<\/div>\n<\/div>\n<\/div>\n<\/div>\n<div class=\"product-container\">\n<div class=\"row\">\n<div class=\"left-block col-xs-4 col-sm-5 col-md-4\">\n<div class=\"product-image-container\"><\/div>\n<\/div>\n<\/div>\n<\/div>\n<\/div>\n<\/div>\n<\/div>\n<\/div>\n<\/div>\n<\/div>\n<\/div>\n<div class=\"right-block col-xs-4 col-sm-12 col-md-4\">\n<div class=\"right-block-content row\"><\/div>\n<\/div>\n<\/div>\n<\/div>\n<div class=\"product-container\">\n<div class=\"row\">\n<div class=\"left-block col-xs-4 col-sm-5 col-md-4\">\n<div class=\"product-image-container\"><a class=\"product_img_link\" title=\"AARTHA. CHRONICLES OF THE NO LANDS 02. LOS PRIMUS\" href=\"https:\/\/www.comicalia.com\/bd-aventura\/29960-aartha-chronicles-of-the-no-lands-02-los-primus-9781911318361.html\"><img data-recalc-dims=\"1\" loading=\"lazy\" decoding=\"async\" class=\"replace-2x img-responsive\" title=\"AARTHA. CHRONICLES OF THE NO LANDS 02. LOS PRIMUS\" src=\"https:\/\/i0.wp.com\/www.comicalia.com\/30370-home_default\/aartha-chronicles-of-the-no-lands-02-los-primus.jpg?resize=250%2C250&#038;ssl=1\" alt=\"AARTHA. CHRONICLES OF THE NO LANDS 02. LOS PRIMUS\" width=\"250\" height=\"250\" \/><\/a><\/div>\n<div class=\"product-image-container\"><a class=\"product-name\" title=\"AARTHA. CHRONICLES OF THE NO LANDS 02. LOS PRIMUS\" href=\"https:\/\/www.comicalia.com\/bd-aventura\/29960-aartha-chronicles-of-the-no-lands-02-los-primus-9781911318361.html\">AARTHA. CHRONICLES OF THE NO LANDS 02. LOS&#8230;<\/a> 9,90 \u20ac<\/div>\n<h4>NEO-PERSON<\/h4>\n<\/div>\n<div class=\"right-block col-xs-4 col-sm-12 col-md-4\">\n<div class=\"product-container\">\n<div class=\"row\">\n<div class=\"left-block col-xs-4 col-sm-5 col-md-4\">\n<div class=\"product-image-container\"><a class=\"product_img_link\" title=\"PETTY. La biograf\u00eda\" href=\"https:\/\/www.comicalia.com\/narrativa\/29946-petty-la-biografia-9788415887218.html\"><img data-recalc-dims=\"1\" loading=\"lazy\" decoding=\"async\" class=\"replace-2x img-responsive\" title=\"PETTY. La biograf\u00eda\" src=\"https:\/\/i0.wp.com\/www.comicalia.com\/30325-home_default\/petty-la-biografia.jpg?resize=250%2C250&#038;ssl=1\" alt=\"PETTY. La biograf\u00eda\" width=\"250\" height=\"250\" \/><\/a><\/div>\n<div class=\"product-image-container\"><a class=\"product-name\" title=\"PETTY. La biograf\u00eda\" href=\"https:\/\/www.comicalia.com\/narrativa\/29946-petty-la-biografia-9788415887218.html\">PETTY. La biograf\u00eda<\/a><\/div>\n<\/div>\n<div class=\"center-block col-xs-4 col-sm-7 col-md-4\">\n<p class=\"product-desc\">UN RELATO \u00cdNTIMO Y EMOCIONANTE SOBRE LA LEYENDA DEL ROCK TOM PETTY 17,95 \u20ac<\/p>\n<\/div>\n<\/div>\n<\/div>\n<div class=\"product-container\">\n<div class=\"row\">\n<div class=\"left-block col-xs-4 col-sm-5 col-md-4\">\n<div class=\"product-image-container\"><a class=\"product_img_link\" title=\"TESTIMONY: AUTOBIOGRAF\u00cdA\" href=\"https:\/\/www.comicalia.com\/narrativa\/29944-testimony-autobiografia-los-acontecimientos-que-cambiaron-la-historia-de-la-musica-con-te-band-bob-dylan-scorsese-robbie-r-9788415887225.html\"><img data-recalc-dims=\"1\" loading=\"lazy\" decoding=\"async\" class=\"replace-2x img-responsive\" title=\"TESTIMONY: AUTOBIOGRAFIA: LOS ACONTECIMIENTOS QUE CAMBIARON LA HISTORIA DE LA MUSICA, CON TE BAND, BOB DYLAN, SCORSESE, ROBBIE R\" src=\"https:\/\/i0.wp.com\/www.comicalia.com\/30323-home_default\/testimony-autobiografia-los-acontecimientos-que-cambiaron-la-historia-de-la-musica-con-te-band-bob-dylan-scorsese-robbie-r.jpg?resize=250%2C250&#038;ssl=1\" alt=\"TESTIMONY: AUTOBIOGRAFIA: LOS ACONTECIMIENTOS QUE CAMBIARON LA HISTORIA DE LA MUSICA, CON TE BAND, BOB DYLAN, SCORSESE, ROBBIE R\" width=\"250\" height=\"250\" \/><\/a><\/div>\n<div class=\"product-image-container\"><a class=\"product-name\" title=\"TESTIMONY: AUTOBIOGRAF\u00cdA\" href=\"https:\/\/www.comicalia.com\/narrativa\/29944-testimony-autobiografia-los-acontecimientos-que-cambiaron-la-historia-de-la-musica-con-te-band-bob-dylan-scorsese-robbie-r-9788415887225.html\">TESTIMONY: AUTOBIOGRAF\u00cdA<\/a><\/div>\n<\/div>\n<div class=\"center-block col-xs-4 col-sm-7 col-md-4\">\n<p class=\"product-desc\">LOS ACONTECIMIENTOS QUE CAMBIARON LA HISTORIA DE LA M\u00daSICA, CON THE BAND, BOB DYLAN, SCORSESE, ROBBIE ROBERTSON. 22,90 \u20ac<\/p>\n<h4>GAME PRESS<\/h4>\n<div class=\"product-container\">\n<div class=\"row\">\n<div class=\"center-block col-xs-4 col-sm-7 col-md-4\">\n<p class=\"product-desc\"><a class=\"product_img_link\" title=\"Sega Arcade Classics Vol.1 \" href=\"https:\/\/www.comicalia.com\/estudio-y-divulgacion\/29945-sega-arcade-classics-vol1-9788494730320.html\"><img data-recalc-dims=\"1\" loading=\"lazy\" decoding=\"async\" class=\"replace-2x img-responsive\" title=\"Sega Arcade Classics Vol.1 \" src=\"https:\/\/i0.wp.com\/www.comicalia.com\/30324-home_default\/sega-arcade-classics-vol1.jpg?resize=250%2C250&#038;ssl=1\" alt=\"Sega Arcade Classics Vol.1 \" width=\"250\" height=\"250\" \/><\/a><\/p>\n<p class=\"product-desc\"><a class=\"product-name\" title=\"Sega Arcade Classics Vol.1 \" href=\"https:\/\/www.comicalia.com\/estudio-y-divulgacion\/29945-sega-arcade-classics-vol1-9788494730320.html\">Sega Arcade Classics Vol.1<\/a><\/p>\n<\/div>\n<\/div>\n<\/div>\n<div class=\"product-container\">\n<div class=\"row\">\n<div class=\"center-block col-xs-4 col-sm-7 col-md-4\">\n<p class=\"product-desc\">\u00a1PREP\u00c1RATE PARA ENTRAR EN EL MUNDO DE SEGA! 29,95 \u20ac<\/p>\n<h4>EDAF<\/h4>\n<\/div>\n<\/div>\n<\/div>\n<\/div>\n<\/div>\n<\/div>\n<div class=\"product-container\">\n<div class=\"row\">\n<div class=\"left-block col-xs-4 col-sm-5 col-md-4\">\n<div class=\"product-image-container\"><a class=\"product_img_link\" title=\"La historia de HobbyConsolas (vol. 2)\" href=\"https:\/\/www.comicalia.com\/estudio-y-divulgacion\/29943-la-historia-de-hobby-consolas-vol2-de-playstation-2-a-nintendo-switch-9788441438064.html\"><img data-recalc-dims=\"1\" loading=\"lazy\" decoding=\"async\" class=\"replace-2x img-responsive\" title=\"LA HISTORIA DE HOBBY CONSOLAS VOL.2: DE PLAYSTATION 2 A NINTENDO SWITCH\" src=\"https:\/\/i0.wp.com\/www.comicalia.com\/30322-home_default\/la-historia-de-hobby-consolas-vol2-de-playstation-2-a-nintendo-switch.jpg?resize=250%2C250&#038;ssl=1\" alt=\"LA HISTORIA DE HOBBY CONSOLAS VOL.2: DE PLAYSTATION 2 A NINTENDO SWITCH\" width=\"250\" height=\"250\" \/><\/a><\/div>\n<div class=\"product-image-container\"><a class=\"product-name\" title=\"La historia de HobbyConsolas (vol. 2)\" href=\"https:\/\/www.comicalia.com\/estudio-y-divulgacion\/29943-la-historia-de-hobby-consolas-vol2-de-playstation-2-a-nintendo-switch-9788441438064.html\">La historia de HobbyConsolas (vol. 2)<\/a><\/div>\n<\/div>\n<div class=\"center-block col-xs-4 col-sm-7 col-md-4\">\n<p class=\"product-desc\">De PlayStation2 a Nintendo Switch 25,00 \u20ac<\/p>\n<h4>MONTENA<\/h4>\n<\/div>\n<\/div>\n<\/div>\n<div class=\"product-container\">\n<div class=\"row\">\n<div class=\"left-block col-xs-4 col-sm-5 col-md-4\">\n<div class=\"product-image-container\"><a class=\"product_img_link\" title=\"FEMINISMO ILUSTRADO\" href=\"https:\/\/www.comicalia.com\/libro-ilustrado\/29911-feminismo-ilustrado-9788490438404.html\"><img data-recalc-dims=\"1\" loading=\"lazy\" decoding=\"async\" class=\"replace-2x img-responsive\" title=\"FEMINISMO ILUSTRADO\" src=\"https:\/\/i0.wp.com\/www.comicalia.com\/30321-home_default\/feminismo-ilustrado.jpg?resize=250%2C250&#038;ssl=1\" alt=\"FEMINISMO ILUSTRADO\" width=\"250\" height=\"250\" \/><\/a><\/div>\n<div class=\"product-image-container\"><a class=\"product-name\" title=\"FEMINISMO ILUSTRADO\" href=\"https:\/\/www.comicalia.com\/libro-ilustrado\/29911-feminismo-ilustrado-9788490438404.html\">FEMINISMO ILUSTRADO<\/a><\/div>\n<\/div>\n<div class=\"center-block col-xs-4 col-sm-7 col-md-4\">\n<p class=\"product-desc\">IDEAS PARA COMBATIR EL MACHISMO 15,95 \u20ac<\/p>\n<\/div>\n<\/div>\n<\/div>\n<\/div>\n<\/div>\n<\/div>\n<\/div>\n<\/div>\n<\/div>\n<\/div>\n<\/div>\n<\/div>\n<\/div>\n<\/div>\n","protected":false},"excerpt":{"rendered":"<p>Muchas editoriales, muchos t\u00edtulos&#8230; volvemos a las andadas <a class=\"read-more-link\" href=\"https:\/\/www.atomcomics.net\/blog\/2018\/01\/18\/volvemos-a-las-andadas\/\">(seguir leyendo)<\/a><\/p>\n","protected":false},"author":1,"featured_media":10594,"comment_status":"closed","ping_status":"open","sticky":false,"template":"","format":"standard","meta":{"jetpack_post_was_ever_published":false,"_jetpack_newsletter_access":"","_jetpack_dont_email_post_to_subs":false,"_jetpack_newsletter_tier_id":0,"_jetpack_memberships_contains_paywalled_content":false,"_jetpack_memberships_contains_paid_content":false,"footnotes":"","jetpack_publicize_message":"","jetpack_publicize_feature_enabled":true,"jetpack_social_post_already_shared":true,"jetpack_social_options":{"image_generator_settings":{"template":"highway","default_image_id":0,"font":"","enabled":false},"version":2}},"categories":[3],"tags":[],"class_list":["post-10593","post","type-post","status-publish","format-standard","has-post-thumbnail","hentry","category-novedades"],"jetpack_publicize_connections":[],"jetpack_featured_media_url":"https:\/\/i0.wp.com\/www.atomcomics.net\/blog\/wp-content\/uploads\/MEXSHMIN030-e1516270021174.jpg?fit=800%2C449&ssl=1","jetpack_shortlink":"https:\/\/wp.me\/p53Ua-2KR","jetpack-related-posts":[{"id":13508,"url":"https:\/\/www.atomcomics.net\/blog\/2021\/08\/25\/atom-goya-vuelve\/","url_meta":{"origin":10593,"position":0},"title":"Atom Goya vuelve","author":"ATOM COMICS","date":"25, agosto, 2021","format":false,"excerpt":"Hoy d\u00eda 25 volvemos a las andadas en #AtomGoya. Ya sab\u00e9is, nuestra tienda en c\/Fern\u00e1n Gonz\u00e1lez 14 (metro Goya) regresa a la actividad. Si no la conoc\u00e9is puede ser un buen momento para visitarla, si ya la conoces, \u00bfa qu\u00e9 esperas para volver?","rel":"","context":"Entrada similar","block_context":{"text":"Entrada similar","link":""},"img":{"alt_text":"","src":"https:\/\/i0.wp.com\/www.atomcomics.net\/blog\/wp-content\/uploads\/futurama-werebackbaby.png?fit=744%2C402&ssl=1&resize=350%2C200","width":350,"height":200,"srcset":"https:\/\/i0.wp.com\/www.atomcomics.net\/blog\/wp-content\/uploads\/futurama-werebackbaby.png?fit=744%2C402&ssl=1&resize=350%2C200 1x, https:\/\/i0.wp.com\/www.atomcomics.net\/blog\/wp-content\/uploads\/futurama-werebackbaby.png?fit=744%2C402&ssl=1&resize=525%2C300 1.5x, https:\/\/i0.wp.com\/www.atomcomics.net\/blog\/wp-content\/uploads\/futurama-werebackbaby.png?fit=744%2C402&ssl=1&resize=700%2C400 2x"},"classes":[]},{"id":5600,"url":"https:\/\/www.atomcomics.net\/blog\/2013\/06\/26\/podcast-2-altamente-ilogico-el-placer-de-comerse-a-si-mismo\/","url_meta":{"origin":10593,"position":1},"title":"Podcast #2. Altamente il\u00f3gico: El placer de comerse a s\u00ed mismo","author":"ATOM COMICS","date":"26, junio, 2013","format":false,"excerpt":"Altamente il\u00f3gico vuelve a las andadas. Atom C\u00f3mics y Comicalia se enorgullece en presentar este segundo episodio del podcast que va a cambiar el panorama de la calle Feijoo. En esta ocasi\u00f3n hablamos de actores que se comieron a s\u00ed mismos y de placeres culpables. Empezamos con Marlon Brando, Val\u2026","rel":"","context":"En \u00abPodcast\u00bb","block_context":{"text":"Podcast","link":"https:\/\/www.atomcomics.net\/blog\/category\/pod\/"},"img":{"alt_text":"CaptainAmerica_Guice","src":"https:\/\/i0.wp.com\/www.atomcomics.net\/wp-content\/uploads\/CaptainAmerica_Guice.jpg?resize=350%2C200","width":350,"height":200},"classes":[]},{"id":12259,"url":"https:\/\/www.atomcomics.net\/blog\/2019\/11\/26\/y-volvemos-al-martes-de-ecc\/","url_meta":{"origin":10593,"position":2},"title":"Y volvemos al Martes de ECC","author":"ATOM COMICS","date":"26, noviembre, 2019","format":false,"excerpt":"ECC UNIVERSO SANDMAN: EL SUE\u00d1O VOL. 01 Est\u00e1 a punto de empezar un nuevo sue\u00f1o. 18,95 \u20ac TRANSMETROPOLITAN LIBRO 03 (DE 5) 34,00 \u20ac TITANES: EN LA SANGR\u00cdA 18,95 \u20ac SUPERMAN N\u00daM. 91\/ 12 \u00a1Doble \"crossover\"! 4,95 \u20ac LOS TERRIFICS N\u00daM. 03 \u00a1\u00daltima entrega! 8,50 \u20ac INJUSTICE: GODS AMONG US\u2026","rel":"","context":"En \u00abNovedades\u00bb","block_context":{"text":"Novedades","link":"https:\/\/www.atomcomics.net\/blog\/category\/novedades\/"},"img":{"alt_text":"","src":"https:\/\/i0.wp.com\/www.atomcomics.net\/blog\/wp-content\/uploads\/el-green-lantern-num-90-8.jpg?fit=800%2C800&ssl=1&resize=350%2C200","width":350,"height":200,"srcset":"https:\/\/i0.wp.com\/www.atomcomics.net\/blog\/wp-content\/uploads\/el-green-lantern-num-90-8.jpg?fit=800%2C800&ssl=1&resize=350%2C200 1x, https:\/\/i0.wp.com\/www.atomcomics.net\/blog\/wp-content\/uploads\/el-green-lantern-num-90-8.jpg?fit=800%2C800&ssl=1&resize=525%2C300 1.5x, https:\/\/i0.wp.com\/www.atomcomics.net\/blog\/wp-content\/uploads\/el-green-lantern-num-90-8.jpg?fit=800%2C800&ssl=1&resize=700%2C400 2x"},"classes":[]},{"id":1004,"url":"https:\/\/www.atomcomics.net\/blog\/2008\/03\/24\/novedad-volvemos-a-la-carga\/","url_meta":{"origin":10593,"position":3},"title":"Novedad: Volvemos a la carga","author":"ATOM COMICS","date":"24, marzo, 2008","format":false,"excerpt":"EDICIONES B Top Comic Pafman #5 1944 - 7,50\u20ac\u00a0 PLANETA Superman \/ Batman #7 - 3,50\u20ac Batman Presenta #10: Catwoman #4 - 5,95\u20ac Justicia #7 - 3,50\u20ac Cl\u00e1sicos DC: Wonder Woman #2 - 8,50\u20ac JLA \/ Cyberforce - 3,95\u20ac Llega un especial sin precedentes en el que dos de los\u2026","rel":"","context":"En \u00abNovedades\u00bb","block_context":{"text":"Novedades","link":"https:\/\/www.atomcomics.net\/blog\/category\/novedades\/"},"img":{"alt_text":"","src":"https:\/\/i0.wp.com\/i62.photobucket.com\/albums\/h108\/atomcomics\/barra-1-1.jpg?resize=350%2C200","width":350,"height":200},"classes":[]},{"id":3398,"url":"https:\/\/www.atomcomics.net\/blog\/2011\/08\/22\/y-volvemos-a-la-norma-lidad\/","url_meta":{"origin":10593,"position":4},"title":"&#8230; Y volvemos a la Norma &#8230; lidad","author":"ATOM COMICS","date":"22, agosto, 2011","format":false,"excerpt":"- La Isla Del Tesoro (Hugo Pratt\/Mino Milani) . 22 \u20ac - Revolution Complex (Varios Autores) . 15\u20ac 33 historias de 22 j\u00f3venes artistas del c\u00f3mic espa\u00f1ol para hablarnos del 15-M, las acampadas y los motivos para la indignaci\u00f3n que nos han arrastrado a la situaci\u00f3n actual. Humor, iron\u00eda y\u2026","rel":"","context":"Con 1 comentario","block_context":{"text":"Con 1 comentario","link":"https:\/\/www.atomcomics.net\/blog\/2011\/08\/22\/y-volvemos-a-la-norma-lidad\/#comments"},"img":{"alt_text":"","src":"https:\/\/i0.wp.com\/www.atomcomics.net\/wp-content\/uploads\/la-isla-del-tesoro-hp-8-cast-cm.jpg?resize=350%2C200","width":350,"height":200},"classes":[]},{"id":13589,"url":"https:\/\/www.atomcomics.net\/blog\/2021\/10\/08\/volvemos-a-video-recomendar\/","url_meta":{"origin":10593,"position":5},"title":"Volvemos a video-recomendar","author":"ATOM COMICS","date":"8, octubre, 2021","format":false,"excerpt":"https:\/\/youtu.be\/FTZEbH4AZtE Tres opciones para vosotros Tres nuevas recomendaciones para todo tipo de lector: VILLANUEVA Miguel y Ana son j\u00f3venes, tienen deudas y esperan un beb\u00e9. Un peque\u00f1o pueblo que ofrece alojamientos gratuitos parece su salvaci\u00f3n. El folclore leon\u00e9s y el terror se cruzan en esta historia de supervivencia ambientada en\u2026","rel":"","context":"En \u00abLecturas recomendadas\u00bb","block_context":{"text":"Lecturas recomendadas","link":"https:\/\/www.atomcomics.net\/blog\/category\/aca\/"},"img":{"alt_text":"","src":"https:\/\/i0.wp.com\/www.atomcomics.net\/blog\/wp-content\/uploads\/WhatsApp-Image-2021-10-07-at-18.43.45-1.jpeg?fit=1200%2C675&ssl=1&resize=350%2C200","width":350,"height":200,"srcset":"https:\/\/i0.wp.com\/www.atomcomics.net\/blog\/wp-content\/uploads\/WhatsApp-Image-2021-10-07-at-18.43.45-1.jpeg?fit=1200%2C675&ssl=1&resize=350%2C200 1x, https:\/\/i0.wp.com\/www.atomcomics.net\/blog\/wp-content\/uploads\/WhatsApp-Image-2021-10-07-at-18.43.45-1.jpeg?fit=1200%2C675&ssl=1&resize=525%2C300 1.5x, https:\/\/i0.wp.com\/www.atomcomics.net\/blog\/wp-content\/uploads\/WhatsApp-Image-2021-10-07-at-18.43.45-1.jpeg?fit=1200%2C675&ssl=1&resize=700%2C400 2x, https:\/\/i0.wp.com\/www.atomcomics.net\/blog\/wp-content\/uploads\/WhatsApp-Image-2021-10-07-at-18.43.45-1.jpeg?fit=1200%2C675&ssl=1&resize=1050%2C600 3x"},"classes":[]}],"jetpack_sharing_enabled":true,"_links":{"self":[{"href":"https:\/\/www.atomcomics.net\/blog\/wp-json\/wp\/v2\/posts\/10593","targetHints":{"allow":["GET"]}}],"collection":[{"href":"https:\/\/www.atomcomics.net\/blog\/wp-json\/wp\/v2\/posts"}],"about":[{"href":"https:\/\/www.atomcomics.net\/blog\/wp-json\/wp\/v2\/types\/post"}],"author":[{"embeddable":true,"href":"https:\/\/www.atomcomics.net\/blog\/wp-json\/wp\/v2\/users\/1"}],"replies":[{"embeddable":true,"href":"https:\/\/www.atomcomics.net\/blog\/wp-json\/wp\/v2\/comments?post=10593"}],"version-history":[{"count":1,"href":"https:\/\/www.atomcomics.net\/blog\/wp-json\/wp\/v2\/posts\/10593\/revisions"}],"predecessor-version":[{"id":10595,"href":"https:\/\/www.atomcomics.net\/blog\/wp-json\/wp\/v2\/posts\/10593\/revisions\/10595"}],"wp:featuredmedia":[{"embeddable":true,"href":"https:\/\/www.atomcomics.net\/blog\/wp-json\/wp\/v2\/media\/10594"}],"wp:attachment":[{"href":"https:\/\/www.atomcomics.net\/blog\/wp-json\/wp\/v2\/media?parent=10593"}],"wp:term":[{"taxonomy":"category","embeddable":true,"href":"https:\/\/www.atomcomics.net\/blog\/wp-json\/wp\/v2\/categories?post=10593"},{"taxonomy":"post_tag","embeddable":true,"href":"https:\/\/www.atomcomics.net\/blog\/wp-json\/wp\/v2\/tags?post=10593"}],"curies":[{"name":"wp","href":"https:\/\/api.w.org\/{rel}","templated":true}]}}