{"id":10605,"date":"2018-01-23T13:23:18","date_gmt":"2018-01-23T12:23:18","guid":{"rendered":"http:\/\/www.atomcomics.net\/?p=10605"},"modified":"2018-01-23T13:23:18","modified_gmt":"2018-01-23T12:23:18","slug":"manga-de-planeta-en-tienda","status":"publish","type":"post","link":"https:\/\/www.atomcomics.net\/blog\/2018\/01\/23\/manga-de-planeta-en-tienda\/","title":{"rendered":"Manga de Planeta en tienda"},"content":{"rendered":"<div class=\"product-container\">\n<div class=\"row\">\n<div class=\"left-block col-xs-4 col-sm-5 col-md-4\">\n<h4>PLANETA<\/h4>\n<div class=\"product-image-container\"><a class=\"product_img_link\" title=\"La espada del Inmortal n\u00ba 02\/15\" href=\"https:\/\/www.comicalia.com\/manga-seinen\/30070-la-espada-del-inmortal-n-02-15-9788491467137.html\"><img data-recalc-dims=\"1\" loading=\"lazy\" decoding=\"async\" class=\"replace-2x img-responsive\" title=\"La espada del Inmortal n\u00ba 02\/15\" src=\"https:\/\/i0.wp.com\/www.comicalia.com\/30429-home_default\/la-espada-del-inmortal-n-02-15.jpg?resize=250%2C250&#038;ssl=1\" alt=\"La espada del Inmortal n\u00ba 02\/15\" width=\"250\" height=\"250\" \/><\/a><\/div>\n<div class=\"product-image-container\"><a class=\"product-name\" title=\"La espada del Inmortal n\u00ba 02\/15\" href=\"https:\/\/www.comicalia.com\/manga-seinen\/30070-la-espada-del-inmortal-n-02-15-9788491467137.html\">La espada del Inmortal n\u00ba 02\/15<\/a><\/div>\n<\/div>\n<div class=\"center-block col-xs-4 col-sm-7 col-md-4\">\n<p class=\"product-desc\">Un manga seinen cl\u00e1sico 16,95 \u20ac<\/p>\n<\/div>\n<\/div>\n<\/div>\n<div class=\"product-container\">\n<div class=\"row\">\n<div class=\"left-block col-xs-4 col-sm-5 col-md-4\">\n<div class=\"product-image-container\"><a class=\"product_img_link\" title=\"Poison City n\u00ba 02\/02\" href=\"https:\/\/www.comicalia.com\/manga-seinen\/30068-poison-city-n-02-02-9788491467120.html\"><img data-recalc-dims=\"1\" loading=\"lazy\" decoding=\"async\" class=\"replace-2x img-responsive\" title=\"Poison City n\u00ba 02\/02\" src=\"https:\/\/i0.wp.com\/www.comicalia.com\/30427-home_default\/poison-city-n-02-02.jpg?resize=250%2C250&#038;ssl=1\" alt=\"Poison City n\u00ba 02\/02\" width=\"250\" height=\"250\" \/><\/a><\/div>\n<div class=\"product-image-container\"><a class=\"product-name\" title=\"Poison City n\u00ba 02\/02\" href=\"https:\/\/www.comicalia.com\/manga-seinen\/30068-poison-city-n-02-02-9788491467120.html\">Poison City n\u00ba 02\/02<\/a><\/div>\n<\/div>\n<div class=\"center-block col-xs-4 col-sm-7 col-md-4\">\n<p class=\"product-desc\">Cl\u00edmax de este impactante manga seinen que versa sobre la libertad de expresi\u00f3n. 9,95 \u20ac<\/p>\n<\/div>\n<\/div>\n<\/div>\n<div class=\"product-container\">\n<div class=\"row\">\n<div class=\"left-block col-xs-4 col-sm-5 col-md-4\">\n<div class=\"product-image-container\"><a class=\"product_img_link\" title=\"Vinland Saga n\u00ba 17\" href=\"https:\/\/www.comicalia.com\/manga-seinen\/30063-vinland-saga-n-17-9788491461876.html\"><img data-recalc-dims=\"1\" loading=\"lazy\" decoding=\"async\" class=\"replace-2x img-responsive\" title=\"Vinland Saga n\u00ba 17\" src=\"https:\/\/i0.wp.com\/www.comicalia.com\/30422-home_default\/vinland-saga-n-17.jpg?resize=250%2C250&#038;ssl=1\" alt=\"Vinland Saga n\u00ba 17\" width=\"250\" height=\"250\" \/><\/a><\/div>\n<div class=\"product-image-container\"><a class=\"product-name\" title=\"Vinland Saga n\u00ba 17\" href=\"https:\/\/www.comicalia.com\/manga-seinen\/30063-vinland-saga-n-17-9788491461876.html\">Vinland Saga n\u00ba 17\u00a0<\/a>\u00a012,95 \u20ac<\/div>\n<\/div>\n<\/div>\n<\/div>\n<div class=\"product-container\">\n<div class=\"row\">\n<div class=\"left-block col-xs-4 col-sm-5 col-md-4\">\n<div class=\"product-image-container\"><a class=\"product_img_link\" title=\"Dragon Ball Color Origen y Red Ribbon n\u00ba 05\/08\" href=\"https:\/\/www.comicalia.com\/shonen\/30062-dragon-ball-color-origen-y-red-ribbon-n-05-08-9788491467076.html\"><img data-recalc-dims=\"1\" loading=\"lazy\" decoding=\"async\" class=\"replace-2x img-responsive\" title=\"Dragon Ball Color Origen y Red Ribbon n\u00ba 05\/08\" src=\"https:\/\/i0.wp.com\/www.comicalia.com\/30421-home_default\/dragon-ball-color-origen-y-red-ribbon-n-05-08.jpg?resize=250%2C250&#038;ssl=1\" alt=\"Dragon Ball Color Origen y Red Ribbon n\u00ba 05\/08\" width=\"250\" height=\"250\" \/><\/a><\/div>\n<div class=\"product-image-container\"><a class=\"product-name\" title=\"Dragon Ball Color Origen y Red Ribbon n\u00ba 05\/08\" href=\"https:\/\/www.comicalia.com\/shonen\/30062-dragon-ball-color-origen-y-red-ribbon-n-05-08-9788491467076.html\">Dragon Ball Color Origen y Red Ribbon n\u00ba&#8230;<\/a><\/div>\n<\/div>\n<div class=\"center-block col-xs-4 col-sm-7 col-md-4\">\n<p class=\"product-desc\">\u00a1El manga sh\u00f4nen por excelencia, ahora todo color! 12,95 \u20ac<\/p>\n<\/div>\n<\/div>\n<\/div>\n<div class=\"product-container\">\n<div class=\"row\">\n<div class=\"left-block col-xs-4 col-sm-5 col-md-4\">\n<div class=\"product-image-container\"><a class=\"product_img_link\" title=\"Detective Conan II n\u00ba 89\" href=\"https:\/\/www.comicalia.com\/shonen\/30056-detective-conan-ii-n-89-9788468478241.html\"><img data-recalc-dims=\"1\" loading=\"lazy\" decoding=\"async\" class=\"replace-2x img-responsive\" title=\"Detective Conan II n\u00ba 89\" src=\"https:\/\/i0.wp.com\/www.comicalia.com\/30413-home_default\/detective-conan-ii-n-89.jpg?resize=250%2C250&#038;ssl=1\" alt=\"Detective Conan II n\u00ba 89\" width=\"250\" height=\"250\" \/><\/a><\/div>\n<div class=\"product-image-container\"><a class=\"product-name\" title=\"Detective Conan II n\u00ba 89\" href=\"https:\/\/www.comicalia.com\/shonen\/30056-detective-conan-ii-n-89-9788468478241.html\">Detective Conan II n\u00ba 89\u00a0<\/a>7,95 \u20ac<\/div>\n<\/div>\n<\/div>\n<\/div>\n","protected":false},"excerpt":{"rendered":"<p>PLANETA La espada del Inmortal n\u00ba 02\/15 Un manga seinen cl\u00e1sico 16,95 \u20ac Poison City n\u00ba 02\/02 Cl\u00edmax de este impactante manga seinen que versa sobre la libertad de expresi\u00f3n. 9,95 \u20ac Vinland Saga n\u00ba&hellip; <a class=\"read-more-link\" href=\"https:\/\/www.atomcomics.net\/blog\/2018\/01\/23\/manga-de-planeta-en-tienda\/\">(seguir leyendo)<\/a><\/p>\n","protected":false},"author":1,"featured_media":10607,"comment_status":"closed","ping_status":"open","sticky":false,"template":"","format":"standard","meta":{"jetpack_post_was_ever_published":false,"_jetpack_newsletter_access":"","_jetpack_dont_email_post_to_subs":false,"_jetpack_newsletter_tier_id":0,"_jetpack_memberships_contains_paywalled_content":false,"_jetpack_memberships_contains_paid_content":false,"footnotes":"","jetpack_publicize_message":"","jetpack_publicize_feature_enabled":true,"jetpack_social_post_already_shared":true,"jetpack_social_options":{"image_generator_settings":{"template":"highway","default_image_id":0,"font":"","enabled":false},"version":2}},"categories":[3],"tags":[],"class_list":["post-10605","post","type-post","status-publish","format-standard","has-post-thumbnail","hentry","category-novedades"],"jetpack_publicize_connections":[],"jetpack_featured_media_url":"https:\/\/i0.wp.com\/www.atomcomics.net\/blog\/wp-content\/uploads\/portada___201710101057-1-e1516710187496.jpg?fit=800%2C453&ssl=1","jetpack_shortlink":"https:\/\/wp.me\/p53Ua-2L3","jetpack-related-posts":[{"id":11948,"url":"https:\/\/www.atomcomics.net\/blog\/2019\/06\/19\/agostini-es-manga\/","url_meta":{"origin":10605,"position":0},"title":"Agostini es Manga","author":"ATOM COMICS","date":"19, junio, 2019","format":false,"excerpt":"Akira Toriyama y amigos son protagonistas una semana m\u00e1s en Planeta de Agostini. \u00bfDe qu\u00e9 color llevar\u00e1 el pelo Goku esta vez?","rel":"","context":"En \u00abNovedades\u00bb","block_context":{"text":"Novedades","link":"https:\/\/www.atomcomics.net\/blog\/category\/novedades\/"},"img":{"alt_text":"Dragon Ball S\u00faper","src":"https:\/\/i0.wp.com\/www.atomcomics.net\/blog\/wp-content\/uploads\/81h5McfaHPL.jpg?fit=1200%2C464&ssl=1&resize=350%2C200","width":350,"height":200,"srcset":"https:\/\/i0.wp.com\/www.atomcomics.net\/blog\/wp-content\/uploads\/81h5McfaHPL.jpg?fit=1200%2C464&ssl=1&resize=350%2C200 1x, https:\/\/i0.wp.com\/www.atomcomics.net\/blog\/wp-content\/uploads\/81h5McfaHPL.jpg?fit=1200%2C464&ssl=1&resize=525%2C300 1.5x, https:\/\/i0.wp.com\/www.atomcomics.net\/blog\/wp-content\/uploads\/81h5McfaHPL.jpg?fit=1200%2C464&ssl=1&resize=700%2C400 2x, https:\/\/i0.wp.com\/www.atomcomics.net\/blog\/wp-content\/uploads\/81h5McfaHPL.jpg?fit=1200%2C464&ssl=1&resize=1050%2C600 3x"},"classes":[]},{"id":11263,"url":"https:\/\/www.atomcomics.net\/blog\/2018\/09\/18\/planeta-no-viene-sola-2\/","url_meta":{"origin":10605,"position":1},"title":"Planeta no viene sola","author":"ATOM COMICS","date":"18, septiembre, 2018","format":false,"excerpt":"MINCHO Minch\u00f4 16\u00a09,50 \u20ac SALAMANDRA Caballos lentos \"Caballos lentos\" es la primera entrega de la multipremiada serie protagonizada por el irreverente y sarc\u00e1stico Jackson Lamb. 19,00 \u20ac ERRATA NATURAE EN BUSCA DE LO SALVAJE (\"LOS PEQUE\u00d1OS... Un libro bell\u00edsimo inspirado por el esp\u00edritu de la aventura y la exploraci\u00f3n: nuestro\u2026","rel":"","context":"En \u00abNovedades\u00bb","block_context":{"text":"Novedades","link":"https:\/\/www.atomcomics.net\/blog\/category\/novedades\/"},"img":{"alt_text":"","src":"https:\/\/i0.wp.com\/www.atomcomics.net\/blog\/wp-content\/uploads\/vista-final-e1537284819333.jpg?fit=800%2C400&ssl=1&resize=350%2C200","width":350,"height":200,"srcset":"https:\/\/i0.wp.com\/www.atomcomics.net\/blog\/wp-content\/uploads\/vista-final-e1537284819333.jpg?fit=800%2C400&ssl=1&resize=350%2C200 1x, https:\/\/i0.wp.com\/www.atomcomics.net\/blog\/wp-content\/uploads\/vista-final-e1537284819333.jpg?fit=800%2C400&ssl=1&resize=525%2C300 1.5x, https:\/\/i0.wp.com\/www.atomcomics.net\/blog\/wp-content\/uploads\/vista-final-e1537284819333.jpg?fit=800%2C400&ssl=1&resize=700%2C400 2x"},"classes":[]},{"id":11082,"url":"https:\/\/www.atomcomics.net\/blog\/2018\/06\/19\/planeta-y-su-manga\/","url_meta":{"origin":10605,"position":2},"title":"Planeta y su manga","author":"ATOM COMICS","date":"19, junio, 2018","format":false,"excerpt":"PLANETA Susurros n\u00ba 01\/06 Koji y Daichi comparten un don muy especial. 8,95 \u20ac Nuevo Lobo solitario y su cachorro n\u00ba 08 \u00a1Contin\u00faa esta secuela del cl\u00e1sico \"El Lobo solitario y su cachorro\"! 11,95 \u20ac Detective Conan II n\u00ba 90 \u00a1M\u00e1s casos del peque\u00f1o detective Conan! 7,95 \u20ac One Piece\u2026","rel":"","context":"En \u00abNovedades\u00bb","block_context":{"text":"Novedades","link":"https:\/\/www.atomcomics.net\/blog\/category\/novedades\/"},"img":{"alt_text":"","src":"https:\/\/i0.wp.com\/www.atomcomics.net\/blog\/wp-content\/uploads\/boruto-n-01-e1529423253732.jpg?fit=800%2C400&ssl=1&resize=350%2C200","width":350,"height":200,"srcset":"https:\/\/i0.wp.com\/www.atomcomics.net\/blog\/wp-content\/uploads\/boruto-n-01-e1529423253732.jpg?fit=800%2C400&ssl=1&resize=350%2C200 1x, https:\/\/i0.wp.com\/www.atomcomics.net\/blog\/wp-content\/uploads\/boruto-n-01-e1529423253732.jpg?fit=800%2C400&ssl=1&resize=525%2C300 1.5x, https:\/\/i0.wp.com\/www.atomcomics.net\/blog\/wp-content\/uploads\/boruto-n-01-e1529423253732.jpg?fit=800%2C400&ssl=1&resize=700%2C400 2x"},"classes":[]},{"id":10286,"url":"https:\/\/www.atomcomics.net\/blog\/2017\/10\/17\/planeta-muy-variado\/","url_meta":{"origin":10605,"position":3},"title":"Planeta muy variado","author":"ATOM COMICS","date":"17, octubre, 2017","format":false,"excerpt":"Reediciones muy atractivas y tomaco de Los Muertos Vivientes","rel":"","context":"En \u00abNovedades\u00bb","block_context":{"text":"Novedades","link":"https:\/\/www.atomcomics.net\/blog\/category\/novedades\/"},"img":{"alt_text":"","src":"https:\/\/i0.wp.com\/www.atomcomics.net\/blog\/wp-content\/uploads\/portada_dragon-ball-super-n-01_akira-toriyama_201709291229-e1508242161354.jpg?fit=796%2C446&ssl=1&resize=350%2C200","width":350,"height":200,"srcset":"https:\/\/i0.wp.com\/www.atomcomics.net\/blog\/wp-content\/uploads\/portada_dragon-ball-super-n-01_akira-toriyama_201709291229-e1508242161354.jpg?fit=796%2C446&ssl=1&resize=350%2C200 1x, https:\/\/i0.wp.com\/www.atomcomics.net\/blog\/wp-content\/uploads\/portada_dragon-ball-super-n-01_akira-toriyama_201709291229-e1508242161354.jpg?fit=796%2C446&ssl=1&resize=525%2C300 1.5x, https:\/\/i0.wp.com\/www.atomcomics.net\/blog\/wp-content\/uploads\/portada_dragon-ball-super-n-01_akira-toriyama_201709291229-e1508242161354.jpg?fit=796%2C446&ssl=1&resize=700%2C400 2x"},"classes":[]},{"id":12831,"url":"https:\/\/www.atomcomics.net\/blog\/2020\/09\/22\/martes-con-jarana\/","url_meta":{"origin":10605,"position":4},"title":"Martes con jarana","author":"ATOM COMICS","date":"22, septiembre, 2020","format":false,"excerpt":"KRAKEN NUEVO POPEYE. LAS MEJORES HISTORIAS DE BUD... Popeye fue el primer superh\u00e9roe y sus grandes aventuras para los \"comic books\" o tebeos de grapa fueron creados por el talento mal conocido de Bud Sagendorf. En stock 29,00 \u20ac A\u00f1adir al carritoM\u00e1s \u00a0A\u00f1adir a la lista de deseos N\u00d3RDICA NUEVO\u2026","rel":"","context":"En \u00abNovedades\u00bb","block_context":{"text":"Novedades","link":"https:\/\/www.atomcomics.net\/blog\/category\/novedades\/"},"img":{"alt_text":"","src":"https:\/\/i0.wp.com\/www.atomcomics.net\/blog\/wp-content\/uploads\/popeye-las-mejores-historias-de-bud-sagendorf-1.jpg?fit=800%2C800&ssl=1&resize=350%2C200","width":350,"height":200,"srcset":"https:\/\/i0.wp.com\/www.atomcomics.net\/blog\/wp-content\/uploads\/popeye-las-mejores-historias-de-bud-sagendorf-1.jpg?fit=800%2C800&ssl=1&resize=350%2C200 1x, https:\/\/i0.wp.com\/www.atomcomics.net\/blog\/wp-content\/uploads\/popeye-las-mejores-historias-de-bud-sagendorf-1.jpg?fit=800%2C800&ssl=1&resize=525%2C300 1.5x, https:\/\/i0.wp.com\/www.atomcomics.net\/blog\/wp-content\/uploads\/popeye-las-mejores-historias-de-bud-sagendorf-1.jpg?fit=800%2C800&ssl=1&resize=700%2C400 2x"},"classes":[]},{"id":10851,"url":"https:\/\/www.atomcomics.net\/blog\/2018\/04\/11\/planeta-y-mas\/","url_meta":{"origin":10605,"position":5},"title":"Planeta y m\u00e1s","author":"ATOM COMICS","date":"11, abril, 2018","format":false,"excerpt":"KEN UN PAJARERO EN LA GUERRA \"Las aventuras de Mariano Roncesvalles\" 22,00 \u20ac \u00a0IMPEDIMENTA A la deriva La premiada novela autobiogr\u00e1fica que encumbr\u00f3 a Penelope Fitzgerald (autora de \"La librer\u00eda\", \u00e9xito de ventas en Impedimenta) a la fama y supuso su consagraci\u00f3n literaria. 20,50 \u20ac DIBBUKS GOYA Sum\u00e9rgete junto a\u2026","rel":"","context":"En \u00abNovedades\u00bb","block_context":{"text":"Novedades","link":"https:\/\/www.atomcomics.net\/blog\/category\/novedades\/"},"img":{"alt_text":"","src":"https:\/\/i0.wp.com\/www.atomcomics.net\/blog\/wp-content\/uploads\/portada___201712201745-e1523378353275.jpg?fit=801%2C450&ssl=1&resize=350%2C200","width":350,"height":200,"srcset":"https:\/\/i0.wp.com\/www.atomcomics.net\/blog\/wp-content\/uploads\/portada___201712201745-e1523378353275.jpg?fit=801%2C450&ssl=1&resize=350%2C200 1x, https:\/\/i0.wp.com\/www.atomcomics.net\/blog\/wp-content\/uploads\/portada___201712201745-e1523378353275.jpg?fit=801%2C450&ssl=1&resize=525%2C300 1.5x, https:\/\/i0.wp.com\/www.atomcomics.net\/blog\/wp-content\/uploads\/portada___201712201745-e1523378353275.jpg?fit=801%2C450&ssl=1&resize=700%2C400 2x"},"classes":[]}],"jetpack_sharing_enabled":true,"_links":{"self":[{"href":"https:\/\/www.atomcomics.net\/blog\/wp-json\/wp\/v2\/posts\/10605","targetHints":{"allow":["GET"]}}],"collection":[{"href":"https:\/\/www.atomcomics.net\/blog\/wp-json\/wp\/v2\/posts"}],"about":[{"href":"https:\/\/www.atomcomics.net\/blog\/wp-json\/wp\/v2\/types\/post"}],"author":[{"embeddable":true,"href":"https:\/\/www.atomcomics.net\/blog\/wp-json\/wp\/v2\/users\/1"}],"replies":[{"embeddable":true,"href":"https:\/\/www.atomcomics.net\/blog\/wp-json\/wp\/v2\/comments?post=10605"}],"version-history":[{"count":1,"href":"https:\/\/www.atomcomics.net\/blog\/wp-json\/wp\/v2\/posts\/10605\/revisions"}],"predecessor-version":[{"id":10608,"href":"https:\/\/www.atomcomics.net\/blog\/wp-json\/wp\/v2\/posts\/10605\/revisions\/10608"}],"wp:featuredmedia":[{"embeddable":true,"href":"https:\/\/www.atomcomics.net\/blog\/wp-json\/wp\/v2\/media\/10607"}],"wp:attachment":[{"href":"https:\/\/www.atomcomics.net\/blog\/wp-json\/wp\/v2\/media?parent=10605"}],"wp:term":[{"taxonomy":"category","embeddable":true,"href":"https:\/\/www.atomcomics.net\/blog\/wp-json\/wp\/v2\/categories?post=10605"},{"taxonomy":"post_tag","embeddable":true,"href":"https:\/\/www.atomcomics.net\/blog\/wp-json\/wp\/v2\/tags?post=10605"}],"curies":[{"name":"wp","href":"https:\/\/api.w.org\/{rel}","templated":true}]}}