{"id":10620,"date":"2018-01-26T10:05:02","date_gmt":"2018-01-26T09:05:02","guid":{"rendered":"http:\/\/www.atomcomics.net\/?p=10620"},"modified":"2018-01-24T18:59:45","modified_gmt":"2018-01-24T17:59:45","slug":"valiant-y-mas","status":"publish","type":"post","link":"https:\/\/www.atomcomics.net\/blog\/2018\/01\/26\/valiant-y-mas\/","title":{"rendered":"Valiant y m\u00e1s"},"content":{"rendered":"<div class=\"product-container\">\n<div class=\"row\">\n<div class=\"left-block col-xs-4 col-sm-5 col-md-4\">\n<div>\n<div class=\"left-block col-xs-4 col-sm-5 col-md-4\">\n<h4>SEXTO PISO<\/h4>\n<div class=\"product-image-container\"><a class=\"product_img_link\" title=\"CHE. UNA VIDA REVOLUCIONARIA III\" href=\"https:\/\/www.comicalia.com\/bd-nueva-ola\/30051-che-una-vida-revolucionaria-iii-9788416677665.html\"><img data-recalc-dims=\"1\" loading=\"lazy\" decoding=\"async\" class=\"replace-2x img-responsive\" title=\"CHE. UNA VIDA REVOLUCIONARIA III\" src=\"https:\/\/i0.wp.com\/www.comicalia.com\/30408-home_default\/che-una-vida-revolucionaria-iii.jpg?resize=250%2C250&#038;ssl=1\" alt=\"CHE. UNA VIDA REVOLUCIONARIA III\" width=\"250\" height=\"250\" \/><\/a><\/div>\n<div class=\"product-image-container\"><a class=\"product-name\" title=\"CHE. UNA VIDA REVOLUCIONARIA III\" href=\"https:\/\/www.comicalia.com\/bd-nueva-ola\/30051-che-una-vida-revolucionaria-iii-9788416677665.html\">CHE. UNA VIDA REVOLUCIONARIA III<\/a><\/div>\n<\/div>\n<div class=\"center-block col-xs-4 col-sm-7 col-md-4\">\n<p class=\"product-desc\">\u00daltima entrega de la biograf\u00eda del Che Guevara en novela gr\u00e1fica. Uno de los personajes m\u00e1s relevantes e ic\u00f3nicos del siglo XX, al cumplirse 50 a\u00f1os desde su muerte. 24,90 \u20ac<\/p>\n<h4>FULGENCIO PIMENTEL<\/h4>\n<\/div>\n<\/div>\n<div class=\"product-image-container\"><a class=\"product_img_link\" title=\"MI PEQUE\u00d1O\" href=\"https:\/\/www.comicalia.com\/bd-nueva-ola\/30105-mi-pequeno-9788416167968.html\"><img data-recalc-dims=\"1\" loading=\"lazy\" decoding=\"async\" class=\"replace-2x img-responsive\" title=\"MI PEQUE\u00d1O\" src=\"https:\/\/i0.wp.com\/www.comicalia.com\/30438-home_default\/mi-pequeno.jpg?resize=250%2C250&#038;ssl=1\" alt=\"MI PEQUE\u00d1O\" width=\"250\" height=\"250\" \/><\/a><\/div>\n<div class=\"product-image-container\"><a class=\"product-name\" title=\"MI PEQUE\u00d1O\" href=\"https:\/\/www.comicalia.com\/bd-nueva-ola\/30105-mi-pequeno-9788416167968.html\">MI PEQUE\u00d1O<\/a><\/div>\n<\/div>\n<div class=\"center-block col-xs-4 col-sm-7 col-md-4\">\n<p class=\"product-desc\">Edici\u00f3n ampliada y definitiva de la primera y deslumbrante novela gr\u00e1fica de Olivier Schrauwen 21,00 \u20ac<\/p>\n<h4>MEDUSA<\/h4>\n<\/div>\n<\/div>\n<\/div>\n<div class=\"product-container\">\n<div class=\"row\">\n<div class=\"left-block col-xs-4 col-sm-5 col-md-4\">\n<div class=\"product-image-container\"><a class=\"product_img_link\" title=\"BLOODSHOT REBORN 4\" href=\"https:\/\/www.comicalia.com\/superheroes-otros-universos\/30104-bloodshot-reborn-4-9788417036812.html\"><img data-recalc-dims=\"1\" loading=\"lazy\" decoding=\"async\" class=\"replace-2x img-responsive\" title=\"BLOODSHOT REBORN 4\" src=\"https:\/\/i0.wp.com\/www.comicalia.com\/30437-home_default\/bloodshot-reborn-4.jpg?resize=250%2C250&#038;ssl=1\" alt=\"BLOODSHOT REBORN 4\" width=\"250\" height=\"250\" \/><\/a><\/div>\n<div class=\"product-image-container\"><a class=\"product-name\" title=\"BLOODSHOT REBORN 4\" href=\"https:\/\/www.comicalia.com\/superheroes-otros-universos\/30104-bloodshot-reborn-4-9788417036812.html\">BLOODSHOT REBORN 4<\/a><\/div>\n<\/div>\n<div class=\"center-block col-xs-4 col-sm-7 col-md-4\">\n<p class=\"product-desc\">\u00a1Los creadores superestrella Jeff Lemire (\u00abExtraordinary X-Men\u00bb) y Mico Suayan (\u00abBLOODSHOT REBORN\u00bb) le ofrecen a Bloodshot su aventura con m\u00e1s acci\u00f3n hasta la fecha! 15,95 \u20ac<\/p>\n<\/div>\n<div class=\"right-block col-xs-4 col-sm-12 col-md-4\">\n<div class=\"right-block-content row\">\n<div class=\"product-container\">\n<div class=\"row\">\n<div class=\"left-block col-xs-4 col-sm-5 col-md-4\">\n<div class=\"product-image-container\"><a class=\"product_img_link\" title=\"GENERATION ZERO 8\" href=\"https:\/\/www.comicalia.com\/superheroes-otros-universos\/30055-generation-zero-8-9788417036744.html\"><img data-recalc-dims=\"1\" loading=\"lazy\" decoding=\"async\" class=\"replace-2x img-responsive\" title=\"GENERATION ZERO 8\" src=\"https:\/\/i0.wp.com\/www.comicalia.com\/30412-home_default\/generation-zero-8.jpg?resize=250%2C250&#038;ssl=1\" alt=\"GENERATION ZERO 8\" width=\"250\" height=\"250\" \/><\/a><\/div>\n<div class=\"product-image-container\"><a class=\"product-name\" title=\"GENERATION ZERO 8\" href=\"https:\/\/www.comicalia.com\/superheroes-otros-universos\/30055-generation-zero-8-9788417036744.html\">GENERATION ZERO 8<\/a><\/div>\n<\/div>\n<div class=\"center-block col-xs-4 col-sm-7 col-md-4\">\n<p class=\"product-desc\">\u00a1Una batalla mental! \u00a1Literalmente! 14.000 ejemplares vendidos en grapa de \u00abGeneration Zero\u00bb en Espa\u00f1a. 2,50 \u20ac<\/p>\n<\/div>\n<\/div>\n<\/div>\n<div class=\"product-container\">\n<div class=\"row\">\n<div class=\"left-block col-xs-4 col-sm-5 col-md-4\">\n<div class=\"product-image-container\"><a class=\"product_img_link\" title=\"X-O MANOWAR 8 \" href=\"https:\/\/www.comicalia.com\/superheroes-otros-universos\/30054-x-o-manowar-8-9788417036881.html\"><img data-recalc-dims=\"1\" loading=\"lazy\" decoding=\"async\" class=\"replace-2x img-responsive\" title=\"X-O MANOWAR 8 \" src=\"https:\/\/i0.wp.com\/www.comicalia.com\/30411-home_default\/x-o-manowar-8.jpg?resize=250%2C250&#038;ssl=1\" alt=\"X-O MANOWAR 8 \" width=\"250\" height=\"250\" \/><\/a><\/div>\n<div class=\"product-image-container\"><a class=\"product-name\" title=\"X-O MANOWAR 8 \" href=\"https:\/\/www.comicalia.com\/superheroes-otros-universos\/30054-x-o-manowar-8-9788417036881.html\">X-O MANOWAR 8<\/a><\/div>\n<\/div>\n<div class=\"center-block col-xs-4 col-sm-7 col-md-4\">\n<p class=\"product-desc\">La serie m\u00e1s vendida del \u00abUniverso Valiant\u00bb contin\u00faa imparable. \u00a1M\u00e1s de 20.000 ejemplares vendidos de la saga! 2,50 \u20ac<\/p>\n<\/div>\n<\/div>\n<\/div>\n<div class=\"product-container\">\n<div class=\"row\">\n<div class=\"left-block col-xs-4 col-sm-5 col-md-4\">\n<div class=\"product-image-container\"><a class=\"product_img_link\" title=\"HARBINGER RENEGADE 8\" href=\"https:\/\/www.comicalia.com\/superheroes-otros-universos\/30053-harbinger-renegade-8-9788417036768.html\"><img data-recalc-dims=\"1\" loading=\"lazy\" decoding=\"async\" class=\"replace-2x img-responsive\" title=\"HARBINGER RENEGADE 8\" src=\"https:\/\/i0.wp.com\/www.comicalia.com\/30410-home_default\/harbinger-renegade-8.jpg?resize=250%2C250&#038;ssl=1\" alt=\"HARBINGER RENEGADE 8\" width=\"250\" height=\"250\" \/><\/a><\/div>\n<div class=\"product-image-container\"><a class=\"product-name\" title=\"HARBINGER RENEGADE 8\" href=\"https:\/\/www.comicalia.com\/superheroes-otros-universos\/30053-harbinger-renegade-8-9788417036768.html\">HARBINGER RENEGADE 8<\/a><\/div>\n<\/div>\n<div class=\"center-block col-xs-4 col-sm-7 col-md-4\">\n<p class=\"product-desc\">El preludio a \u00abHarbinger Wars 2\u00bb llega a su final. 14.000 ejemplares vendidos de la serie en Espa\u00f1a. 2,50 \u20ac<\/p>\n<p class=\"product-desc\"><a class=\"product_img_link\" title=\"FAITH 8\" href=\"https:\/\/www.comicalia.com\/superheroes-otros-universos\/30052-faith-8-9788417036850.html\"><img data-recalc-dims=\"1\" loading=\"lazy\" decoding=\"async\" class=\"replace-2x img-responsive\" title=\"FAITH 8\" src=\"https:\/\/i0.wp.com\/www.comicalia.com\/30409-home_default\/faith-8.jpg?resize=250%2C250&#038;ssl=1\" alt=\"FAITH 8\" width=\"250\" height=\"250\" \/><\/a><\/p>\n<p class=\"product-desc\"><a class=\"product-name\" title=\"FAITH 8\" href=\"https:\/\/www.comicalia.com\/superheroes-otros-universos\/30052-faith-8-9788417036850.html\">FAITH 8<\/a><\/p>\n<\/div>\n<\/div>\n<\/div>\n<div class=\"product-container\">\n<div class=\"row\">\n<div class=\"center-block col-xs-4 col-sm-7 col-md-4\">\n<p class=\"product-desc\">\u00a1C\u00d3MICS! \u00a1COSPLAY! \u00a1CRIMEN! ESTA CONVENCI\u00d3N DE C\u00d3MICS NO ES LO QUE PARECE&#8230; Nueva entrega de la serie del \u00abUniverso Valiant\u00bb nominada al premio Eisner. 2,50 \u20ac<\/p>\n<\/div>\n<\/div>\n<\/div>\n<div class=\"product-container\">\n<div class=\"row\">\n<div class=\"left-block col-xs-4 col-sm-5 col-md-4\">\n<div class=\"product-image-container\"><a class=\"product_img_link\" title=\"THE WOODS 7: LA CIUDAD NEGRA\" href=\"https:\/\/www.comicalia.com\/fantasia-otros-mundos\/30050-the-woods-7-la-ciudad-negra-9788417036669.html\"><img data-recalc-dims=\"1\" loading=\"lazy\" decoding=\"async\" class=\"replace-2x img-responsive\" title=\"THE WOODS 7: LA CIUDAD NEGRA\" src=\"https:\/\/i0.wp.com\/www.comicalia.com\/30407-home_default\/the-woods-7-la-ciudad-negra.jpg?resize=250%2C250&#038;ssl=1\" alt=\"THE WOODS 7: LA CIUDAD NEGRA\" width=\"250\" height=\"250\" \/><\/a><\/div>\n<div class=\"product-image-container\"><a class=\"product-name\" title=\"THE WOODS 7: LA CIUDAD NEGRA\" href=\"https:\/\/www.comicalia.com\/fantasia-otros-mundos\/30050-the-woods-7-la-ciudad-negra-9788417036669.html\">THE WOODS 7: LA CIUDAD NEGRA<\/a><\/div>\n<\/div>\n<div class=\"center-block col-xs-4 col-sm-7 col-md-4\">\n<p class=\"product-desc\">\u00a1Comienza el tercer y \u00faltimo a\u00f1o de la aclamada serie de Boom! Studios! Serie de televisi\u00f3n en el canal Syfy en preparaci\u00f3n. 13,95 \u20ac<\/p>\n<\/div>\n<\/div>\n<\/div>\n<div class=\"product-container\">\n<div class=\"row\">\n<div class=\"left-block col-xs-4 col-sm-5 col-md-4\">\n<div class=\"product-image-container\"><a class=\"product_img_link\" title=\"QUANTUM &amp; WOODY - INTEGRAL 1\" href=\"https:\/\/www.comicalia.com\/superheroes-otros-universos\/30049-quantum-woody-integral-1-9788417036805.html\"><img data-recalc-dims=\"1\" loading=\"lazy\" decoding=\"async\" class=\"replace-2x img-responsive\" title=\"QUANTUM &amp; WOODY - INTEGRAL 1\" src=\"https:\/\/i0.wp.com\/www.comicalia.com\/30406-home_default\/quantum-woody-integral-1.jpg?resize=250%2C250&#038;ssl=1\" alt=\"QUANTUM &amp; WOODY - INTEGRAL 1\" width=\"250\" height=\"250\" \/><\/a><\/div>\n<div class=\"product-image-container\"><a class=\"product-name\" title=\"QUANTUM &amp; WOODY - INTEGRAL 1\" href=\"https:\/\/www.comicalia.com\/superheroes-otros-universos\/30049-quantum-woody-integral-1-9788417036805.html\">QUANTUM &amp; WOODY &#8211; INTEGRAL 1<\/a><\/div>\n<\/div>\n<div class=\"center-block col-xs-4 col-sm-7 col-md-4\">\n<p class=\"product-desc\">\u00a1Tomo recopilatorio en edici\u00f3n de lujo del grupo m\u00e1s gamberro del Universo Valiant! \u00a1La serie m\u00e1s nominada a los premios Harvey de 2014! 29,95 \u20ac<\/p>\n<\/div>\n<\/div>\n<\/div>\n<div class=\"product-container\">\n<div class=\"row\">\n<div class=\"left-block col-xs-4 col-sm-5 col-md-4\">\n<div class=\"product-image-container\"><a class=\"product_img_link\" title=\"BRITANNIA\" href=\"https:\/\/www.comicalia.com\/superheroes-otros-universos\/30048-britannia-9788417036782.html\"><img data-recalc-dims=\"1\" loading=\"lazy\" decoding=\"async\" class=\"replace-2x img-responsive\" title=\"BRITANNIA\" src=\"https:\/\/i0.wp.com\/www.comicalia.com\/30405-home_default\/britannia.jpg?resize=250%2C250&#038;ssl=1\" alt=\"BRITANNIA\" width=\"250\" height=\"250\" \/><\/a><\/div>\n<div class=\"product-image-container\"><a class=\"product-name\" title=\"BRITANNIA\" href=\"https:\/\/www.comicalia.com\/superheroes-otros-universos\/30048-britannia-9788417036782.html\">BRITANNIA<\/a><\/div>\n<\/div>\n<div class=\"center-block col-xs-4 col-sm-7 col-md-4\">\n<p class=\"product-desc\">Una sobrececogedora y sangrienta historia de terror psicol\u00f3gico ambientada en la antigua Roma llega al \u00abUniverso Valiant\u00bb. 13,95 \u20ac<\/p>\n<\/div>\n<\/div>\n<\/div>\n<div class=\"product-container\">\n<div class=\"row\">\n<div class=\"left-block col-xs-4 col-sm-5 col-md-4\">\n<div class=\"product-image-container\"><a class=\"product_img_link\" title=\"NINJAK 3: OPERACI\u00d3N ZONA MUERTA\" href=\"https:\/\/www.comicalia.com\/superheroes-otros-universos\/30047-ninjak-3-operacion-zona-muerta-9788417036836.html\"><img data-recalc-dims=\"1\" loading=\"lazy\" decoding=\"async\" class=\"replace-2x img-responsive\" title=\"NINJAK 3: OPERACI\u00d3N ZONA MUERTA\" src=\"https:\/\/i0.wp.com\/www.comicalia.com\/30404-home_default\/ninjak-3-operacion-zona-muerta.jpg?resize=250%2C250&#038;ssl=1\" alt=\"NINJAK 3: OPERACI\u00d3N ZONA MUERTA\" width=\"250\" height=\"250\" \/><\/a><\/div>\n<div class=\"product-image-container\"><a class=\"product-name\" title=\"NINJAK 3: OPERACI\u00d3N ZONA MUERTA\" href=\"https:\/\/www.comicalia.com\/superheroes-otros-universos\/30047-ninjak-3-operacion-zona-muerta-9788417036836.html\">NINJAK 3: OPERACI\u00d3N ZONA MUERTA<\/a><\/div>\n<\/div>\n<div class=\"center-block col-xs-4 col-sm-7 col-md-4\">\n<p class=\"product-desc\">\u00a1Vuelve Shadowman en una aventura compartida con Ninjak, el agente secreto con m\u00e1s recursos del \u00abUniverso Valiant\u00bb! 13,95 \u20ac<\/p>\n<h4>PONENT MON<\/h4>\n<\/div>\n<\/div>\n<\/div>\n<div class=\"product-container\">\n<div class=\"row\">\n<div class=\"left-block col-xs-4 col-sm-5 col-md-4\">\n<div class=\"product-image-container\"><a class=\"product_img_link\" title=\"DUELO\" href=\"https:\/\/www.comicalia.com\/bd-aventura\/30046-duelo-9781912097395.html\"><img data-recalc-dims=\"1\" loading=\"lazy\" decoding=\"async\" class=\"replace-2x img-responsive\" title=\"DUELO\" src=\"https:\/\/i0.wp.com\/www.comicalia.com\/30403-home_default\/duelo.jpg?resize=250%2C250&#038;ssl=1\" alt=\"DUELO\" width=\"250\" height=\"250\" \/><\/a><\/div>\n<div class=\"product-image-container\"><a class=\"product-name\" title=\"DUELO\" href=\"https:\/\/www.comicalia.com\/bd-aventura\/30046-duelo-9781912097395.html\">DUELO<\/a><\/div>\n<\/div>\n<div class=\"center-block col-xs-4 col-sm-7 col-md-4\">\n<p class=\"product-desc\">Adaptaci\u00f3n libre del relato \u00abEl duelo\u00bb de Joseph Conrad inspirado en personajes reales. 30,00 \u20ac<\/p>\n<h4>BANG<\/h4>\n<\/div>\n<\/div>\n<\/div>\n<div class=\"product-container\">\n<div class=\"row\">\n<div class=\"left-block col-xs-4 col-sm-5 col-md-4\">\n<div class=\"product-image-container\"><a class=\"product_img_link\" title=\"PEQUE EL PEZ\" href=\"https:\/\/www.comicalia.com\/bd-aventura\/30045-peque-el-pez-9788415051909.html\"><img data-recalc-dims=\"1\" loading=\"lazy\" decoding=\"async\" class=\"replace-2x img-responsive\" title=\"PEQUE EL PEZ\" src=\"https:\/\/i0.wp.com\/www.comicalia.com\/30402-home_default\/peque-el-pez.jpg?resize=250%2C250&#038;ssl=1\" alt=\"PEQUE EL PEZ\" width=\"250\" height=\"250\" \/><\/a><\/div>\n<div class=\"product-image-container\"><a class=\"product-name\" title=\"PEQUE EL PEZ\" href=\"https:\/\/www.comicalia.com\/bd-aventura\/30045-peque-el-pez-9788415051909.html\">PEQUE EL PEZ\u00a0<\/a>\u00a013,00 \u20ac<\/div>\n<\/div>\n<\/div>\n<\/div>\n<div class=\"product-container\">\n<div class=\"row\">\n<div class=\"left-block col-xs-4 col-sm-5 col-md-4\">\n<div class=\"product-image-container\"><a class=\"product_img_link\" title=\"MANU EN LA MONTA\u00d1A\" href=\"https:\/\/www.comicalia.com\/bd-aventura\/30044-manu-en-la-montana-9788417178017.html\"><img data-recalc-dims=\"1\" loading=\"lazy\" decoding=\"async\" class=\"replace-2x img-responsive\" title=\"MANU EN LA MONTA\u00d1A\" src=\"https:\/\/i0.wp.com\/www.comicalia.com\/30401-home_default\/manu-en-la-montana.jpg?resize=250%2C250&#038;ssl=1\" alt=\"MANU EN LA MONTA\u00d1A\" width=\"250\" height=\"250\" \/><\/a><\/div>\n<div class=\"product-image-container\"><a class=\"product-name\" title=\"MANU EN LA MONTA\u00d1A\" href=\"https:\/\/www.comicalia.com\/bd-aventura\/30044-manu-en-la-montana-9788417178017.html\">MANU EN LA MONTA\u00d1A<\/a><\/div>\n<\/div>\n<div class=\"center-block col-xs-4 col-sm-7 col-md-4\">\n<p class=\"product-desc\">Una nueva aventura de Manu. 13,00 \u20ac<\/p>\n<\/div>\n<\/div>\n<\/div>\n<div class=\"product-container\">\n<div class=\"row\">\n<div class=\"left-block col-xs-4 col-sm-5 col-md-4\">\n<div class=\"product-image-container\"><a class=\"product_img_link\" title=\"DETR\u00c1S DEL RUIDO\" href=\"https:\/\/www.comicalia.com\/bd-nueva-ola\/30043-detras-del-ruido-9788493464714.html\"><img data-recalc-dims=\"1\" loading=\"lazy\" decoding=\"async\" class=\"replace-2x img-responsive\" title=\"DETR\u00c1S DEL RUIDO\" src=\"https:\/\/i0.wp.com\/www.comicalia.com\/30400-home_default\/detras-del-ruido.jpg?resize=250%2C250&#038;ssl=1\" alt=\"DETR\u00c1S DEL RUIDO\" width=\"250\" height=\"250\" \/><\/a><\/div>\n<div class=\"product-image-container\"><a class=\"product-name\" title=\"DETR\u00c1S DEL RUIDO\" href=\"https:\/\/www.comicalia.com\/bd-nueva-ola\/30043-detras-del-ruido-9788493464714.html\">DETR\u00c1S DEL RUIDO<\/a><\/div>\n<\/div>\n<div class=\"center-block col-xs-4 col-sm-7 col-md-4\">\n<p class=\"product-desc\">La infancia de William Burroughs, abarrotada de pesadillas y alucinaciones, en una Am\u00e9rica tradicional del profundo Misuri. 20,00 \u20ac<\/p>\n<h4>ERRATA NATURAE<\/h4>\n<\/div>\n<\/div>\n<\/div>\n<div class=\"product-container\">\n<div class=\"row\">\n<div class=\"left-block col-xs-4 col-sm-5 col-md-4\">\n<div class=\"product-image-container\"><a class=\"product_img_link\" title=\"Zo\u00f3polis: Una Revoluci\u00f3n Animalista\" href=\"https:\/\/www.comicalia.com\/narrativa\/30042-zoopolis-una-revolucion-animalista-9788416544639.html\"><img data-recalc-dims=\"1\" loading=\"lazy\" decoding=\"async\" class=\"replace-2x img-responsive\" title=\"ZO\u00d3POLIS, UNA REVOLUCI\u00d3N ANIMALISTA\" src=\"https:\/\/i0.wp.com\/www.comicalia.com\/30399-home_default\/zoopolis-una-revolucion-animalista.jpg?resize=250%2C250&#038;ssl=1\" alt=\"ZO\u00d3POLIS, UNA REVOLUCI\u00d3N ANIMALISTA\" width=\"250\" height=\"250\" \/><\/a><\/div>\n<div class=\"product-image-container\"><a class=\"product-name\" title=\"Zo\u00f3polis: Una Revoluci\u00f3n Animalista\" href=\"https:\/\/www.comicalia.com\/narrativa\/30042-zoopolis-una-revolucion-animalista-9788416544639.html\">Zo\u00f3polis: Una Revoluci\u00f3n Animalista<\/a><\/div>\n<\/div>\n<div class=\"center-block col-xs-4 col-sm-7 col-md-4\">\n<p class=\"product-desc\">El libro m\u00e1s importante e influyente en el \u00e1mbito de la \u00abcuesti\u00f3n animal\u00bb desde la publicaci\u00f3n en los a\u00f1os setenta de \u00abLiberaci\u00f3n animal\u00bb de Peter Singer. 24,00 \u20ac<\/p>\n<h4>DIBBUKS<\/h4>\n<\/div>\n<\/div>\n<\/div>\n<div class=\"product-container\">\n<div class=\"row\">\n<div class=\"left-block col-xs-4 col-sm-5 col-md-4\">\n<div class=\"product-image-container\"><a class=\"product_img_link\" title=\"CONEJO FRUSTRADO 3\" href=\"https:\/\/www.comicalia.com\/humor\/30041-conejo-frustrado-3-9788416507856.html\"><img data-recalc-dims=\"1\" loading=\"lazy\" decoding=\"async\" class=\"replace-2x img-responsive\" title=\"CONEJO FRUSTRADO 3\" src=\"https:\/\/i0.wp.com\/www.comicalia.com\/30398-home_default\/conejo-frustrado-3.jpg?resize=250%2C250&#038;ssl=1\" alt=\"CONEJO FRUSTRADO 3\" width=\"250\" height=\"250\" \/><\/a><\/div>\n<div class=\"product-image-container\"><a class=\"product-name\" title=\"CONEJO FRUSTRADO 3\" href=\"https:\/\/www.comicalia.com\/humor\/30041-conejo-frustrado-3-9788416507856.html\">CONEJO FRUSTRADO 3<\/a><\/div>\n<\/div>\n<div class=\"center-block col-xs-4 col-sm-7 col-md-4\">\n<p class=\"product-desc\">Conejo Frustrado regresa con nuevas tiras humor\u00edsticas y una historia in\u00e9dita en forma de cuento infantil. 14,00 \u20ac<\/p>\n<\/div>\n<\/div>\n<\/div>\n<\/div>\n<\/div>\n<\/div>\n<\/div>\n","protected":false},"excerpt":{"rendered":"<p>Universo Valiant  y algo m\u00e1s. <a class=\"read-more-link\" href=\"https:\/\/www.atomcomics.net\/blog\/2018\/01\/26\/valiant-y-mas\/\">(seguir leyendo)<\/a><\/p>\n","protected":false},"author":1,"featured_media":10621,"comment_status":"closed","ping_status":"open","sticky":false,"template":"","format":"standard","meta":{"jetpack_post_was_ever_published":false,"_jetpack_newsletter_access":"","_jetpack_dont_email_post_to_subs":false,"_jetpack_newsletter_tier_id":0,"_jetpack_memberships_contains_paywalled_content":false,"_jetpack_memberships_contains_paid_content":false,"footnotes":"","jetpack_publicize_message":"","jetpack_publicize_feature_enabled":true,"jetpack_social_post_already_shared":true,"jetpack_social_options":{"image_generator_settings":{"template":"highway","default_image_id":0,"font":"","enabled":false},"version":2}},"categories":[3],"tags":[],"class_list":["post-10620","post","type-post","status-publish","format-standard","has-post-thumbnail","hentry","category-novedades"],"jetpack_publicize_connections":[],"jetpack_featured_media_url":"https:\/\/i0.wp.com\/www.atomcomics.net\/blog\/wp-content\/uploads\/978841703678-e1516816715445.jpg?fit=780%2C450&ssl=1","jetpack_shortlink":"https:\/\/wp.me\/p53Ua-2Li","jetpack-related-posts":[{"id":9646,"url":"https:\/\/www.atomcomics.net\/blog\/2017\/04\/25\/novedad-saludad-a-valiant\/","url_meta":{"origin":10620,"position":0},"title":"Novedad: Saludad a Valiant","author":"ATOM COMICS","date":"25, abril, 2017","format":false,"excerpt":"ERRATA NATURAE REGRESO A TWIN PEAKS Coincidiendo con el estreno de la esperada tercera temporada de la obra de culto de David Lynch, publicamos un nuevo volumen en nuestra popular colecci\u00f3n de series. 20,00 \u20ac FULGENCIO PIMENTEL CLASES DE CHAP\u00cdN Compilaci\u00f3n de relatos esenciales del aclamado escritor guatemalteco de origen\u2026","rel":"","context":"En \u00abNovedades\u00bb","block_context":{"text":"Novedades","link":"https:\/\/www.atomcomics.net\/blog\/category\/novedades\/"},"img":{"alt_text":"REGRESO A TWIN PEAKS","src":"https:\/\/i0.wp.com\/www.comicalia.com\/26965-home_default\/regreso-a-twin-peaks.jpg?resize=350%2C200&ssl=1","width":350,"height":200},"classes":[]},{"id":11354,"url":"https:\/\/www.atomcomics.net\/blog\/2018\/10\/24\/grapa-valiant-y-mas\/","url_meta":{"origin":10620,"position":1},"title":"Grapa Valiant y m\u00e1s","author":"ATOM COMICS","date":"24, octubre, 2018","format":false,"excerpt":"PUCK Un Dueto Oscuro \/ Los Monstruos de Verity 2\u00a016,00 \u20ac SPACEMAN Nothin\u2019 Personal El S.A.D. es algo m\u00e1s que un grupo de mercenarios, es una peque\u00f1a familia de peligrosos soldados curtidos en cientos de incursiones y batallas. 20,00 \u20ac MEDUSA HARBINGER WARS 2: 2 \u00a1El imparable X-O Manowar se\u2026","rel":"","context":"En \u00abNovedades\u00bb","block_context":{"text":"Novedades","link":"https:\/\/www.atomcomics.net\/blog\/category\/novedades\/"},"img":{"alt_text":"","src":"https:\/\/i0.wp.com\/www.atomcomics.net\/blog\/wp-content\/uploads\/nothin-personal-e1540376812285.jpg?fit=800%2C450&ssl=1&resize=350%2C200","width":350,"height":200,"srcset":"https:\/\/i0.wp.com\/www.atomcomics.net\/blog\/wp-content\/uploads\/nothin-personal-e1540376812285.jpg?fit=800%2C450&ssl=1&resize=350%2C200 1x, https:\/\/i0.wp.com\/www.atomcomics.net\/blog\/wp-content\/uploads\/nothin-personal-e1540376812285.jpg?fit=800%2C450&ssl=1&resize=525%2C300 1.5x, https:\/\/i0.wp.com\/www.atomcomics.net\/blog\/wp-content\/uploads\/nothin-personal-e1540376812285.jpg?fit=800%2C450&ssl=1&resize=700%2C400 2x"},"classes":[]},{"id":11968,"url":"https:\/\/www.atomcomics.net\/blog\/2019\/06\/28\/valiant-y-desperta-ferro\/","url_meta":{"origin":10620,"position":2},"title":"Valiant y Desperta Ferro","author":"ATOM COMICS","date":"28, junio, 2019","format":false,"excerpt":"La grapa de Valiant, la Historia de Desperta Ferro","rel":"","context":"En \u00abNovedades\u00bb","block_context":{"text":"Novedades","link":"https:\/\/www.atomcomics.net\/blog\/category\/novedades\/"},"img":{"alt_text":"","src":"https:\/\/i0.wp.com\/www.atomcomics.net\/blog\/wp-content\/uploads\/shadowman-11.jpg?fit=800%2C800&ssl=1&resize=350%2C200","width":350,"height":200,"srcset":"https:\/\/i0.wp.com\/www.atomcomics.net\/blog\/wp-content\/uploads\/shadowman-11.jpg?fit=800%2C800&ssl=1&resize=350%2C200 1x, https:\/\/i0.wp.com\/www.atomcomics.net\/blog\/wp-content\/uploads\/shadowman-11.jpg?fit=800%2C800&ssl=1&resize=525%2C300 1.5x, https:\/\/i0.wp.com\/www.atomcomics.net\/blog\/wp-content\/uploads\/shadowman-11.jpg?fit=800%2C800&ssl=1&resize=700%2C400 2x"},"classes":[]},{"id":11107,"url":"https:\/\/www.atomcomics.net\/blog\/2018\/06\/27\/un-miercoles-de-novedad\/","url_meta":{"origin":10620,"position":3},"title":"Un mi\u00e9rcoles de novedad","author":"ATOM COMICS","date":"27, junio, 2018","format":false,"excerpt":"DIBBUKS LOS CAMPBELL 5 \u00a1Ha llegado el momento de asistir al enfrentamiento final entre los dos hermanos. \"Los Campbell\" llega a su fin con esta quinta y \u00faltima entrega. 14,00 \u20ac COLOREA SPIROU Y FANTASIO \u00a1Prepara los l\u00e1pices para dar color a Spirou y Fantasio! 15,00 \u20ac MEDUSA RAI DX\u2026","rel":"","context":"En \u00abNovedades\u00bb","block_context":{"text":"Novedades","link":"https:\/\/www.atomcomics.net\/blog\/category\/novedades\/"},"img":{"alt_text":"","src":"https:\/\/i0.wp.com\/www.atomcomics.net\/blog\/wp-content\/uploads\/978849244477-e1530113469651.jpg?fit=800%2C449&ssl=1&resize=350%2C200","width":350,"height":200,"srcset":"https:\/\/i0.wp.com\/www.atomcomics.net\/blog\/wp-content\/uploads\/978849244477-e1530113469651.jpg?fit=800%2C449&ssl=1&resize=350%2C200 1x, https:\/\/i0.wp.com\/www.atomcomics.net\/blog\/wp-content\/uploads\/978849244477-e1530113469651.jpg?fit=800%2C449&ssl=1&resize=525%2C300 1.5x, https:\/\/i0.wp.com\/www.atomcomics.net\/blog\/wp-content\/uploads\/978849244477-e1530113469651.jpg?fit=800%2C449&ssl=1&resize=700%2C400 2x"},"classes":[]},{"id":9738,"url":"https:\/\/www.atomcomics.net\/blog\/2017\/06\/02\/novedad-universo-valiant-y-mas-lectura\/","url_meta":{"origin":10620,"position":4},"title":"Novedad: universo Valiant y m\u00e1s lectura.","author":"ATOM COMICS","date":"2, junio, 2017","format":false,"excerpt":"MEDUSA COMICS XO MANOWAR 2 LANZAMIENTO DEL \"UNIVERSO VALIANT\". Un impresionante nuevo inicio para el personaje m\u00e1s ic\u00f3nico de Valiant, XO Manowar.\u00a02,50 \u20ac GENERATION ZERO 2 LANZAMIENTO DEL \"UNIVERSO VALIANT\". Si tienes un problema\u2026 Y si tu caso vale la pena\u2026 Date de alta en la red #ZERO\u2026 Porque la\u2026","rel":"","context":"En \u00abNovedades\u00bb","block_context":{"text":"Novedades","link":"https:\/\/www.atomcomics.net\/blog\/category\/novedades\/"},"img":{"alt_text":"","src":"","width":0,"height":0},"classes":[]},{"id":10707,"url":"https:\/\/www.atomcomics.net\/blog\/2018\/02\/28\/historia-e-historias\/","url_meta":{"origin":10620,"position":5},"title":"Historia e historias","author":"ATOM COMICS","date":"28, febrero, 2018","format":false,"excerpt":"Nueva tanda de Desperta Ferro, viene fuerte; ciencia-ficci\u00f3n en c\u00f3mic, narrativa de terror, y todo el universo Valiant...","rel":"","context":"En \u00abNovedades\u00bb","block_context":{"text":"Novedades","link":"https:\/\/www.atomcomics.net\/blog\/category\/novedades\/"},"img":{"alt_text":"","src":"https:\/\/i0.wp.com\/www.atomcomics.net\/blog\/wp-content\/uploads\/978841650798-e1519812862119.jpg?fit=800%2C449&ssl=1&resize=350%2C200","width":350,"height":200,"srcset":"https:\/\/i0.wp.com\/www.atomcomics.net\/blog\/wp-content\/uploads\/978841650798-e1519812862119.jpg?fit=800%2C449&ssl=1&resize=350%2C200 1x, https:\/\/i0.wp.com\/www.atomcomics.net\/blog\/wp-content\/uploads\/978841650798-e1519812862119.jpg?fit=800%2C449&ssl=1&resize=525%2C300 1.5x, https:\/\/i0.wp.com\/www.atomcomics.net\/blog\/wp-content\/uploads\/978841650798-e1519812862119.jpg?fit=800%2C449&ssl=1&resize=700%2C400 2x"},"classes":[]}],"jetpack_sharing_enabled":true,"_links":{"self":[{"href":"https:\/\/www.atomcomics.net\/blog\/wp-json\/wp\/v2\/posts\/10620","targetHints":{"allow":["GET"]}}],"collection":[{"href":"https:\/\/www.atomcomics.net\/blog\/wp-json\/wp\/v2\/posts"}],"about":[{"href":"https:\/\/www.atomcomics.net\/blog\/wp-json\/wp\/v2\/types\/post"}],"author":[{"embeddable":true,"href":"https:\/\/www.atomcomics.net\/blog\/wp-json\/wp\/v2\/users\/1"}],"replies":[{"embeddable":true,"href":"https:\/\/www.atomcomics.net\/blog\/wp-json\/wp\/v2\/comments?post=10620"}],"version-history":[{"count":2,"href":"https:\/\/www.atomcomics.net\/blog\/wp-json\/wp\/v2\/posts\/10620\/revisions"}],"predecessor-version":[{"id":10623,"href":"https:\/\/www.atomcomics.net\/blog\/wp-json\/wp\/v2\/posts\/10620\/revisions\/10623"}],"wp:featuredmedia":[{"embeddable":true,"href":"https:\/\/www.atomcomics.net\/blog\/wp-json\/wp\/v2\/media\/10621"}],"wp:attachment":[{"href":"https:\/\/www.atomcomics.net\/blog\/wp-json\/wp\/v2\/media?parent=10620"}],"wp:term":[{"taxonomy":"category","embeddable":true,"href":"https:\/\/www.atomcomics.net\/blog\/wp-json\/wp\/v2\/categories?post=10620"},{"taxonomy":"post_tag","embeddable":true,"href":"https:\/\/www.atomcomics.net\/blog\/wp-json\/wp\/v2\/tags?post=10620"}],"curies":[{"name":"wp","href":"https:\/\/api.w.org\/{rel}","templated":true}]}}