{"id":10625,"date":"2018-01-30T10:15:58","date_gmt":"2018-01-30T09:15:58","guid":{"rendered":"http:\/\/www.atomcomics.net\/?p=10625"},"modified":"2018-01-29T20:00:43","modified_gmt":"2018-01-29T19:00:43","slug":"ecc-antiestres-historia-musica","status":"publish","type":"post","link":"https:\/\/www.atomcomics.net\/blog\/2018\/01\/30\/ecc-antiestres-historia-musica\/","title":{"rendered":"ECC, antiestr\u00e9s, Historia, m\u00fasica&#8230;"},"content":{"rendered":"<h4>ECC<\/h4>\n<div class=\"product-container\">\n<div class=\"row\">\n<div class=\"left-block col-xs-4 col-sm-5 col-md-4\">\n<div class=\"product-image-container\"><a class=\"product_img_link\" title=\"BATMAN N\u00daM. 71\/ 16 (RENACIMIENTO)\" href=\"https:\/\/www.comicalia.com\/superheroes-dc\/30151-batman-num-71-16-renacimiento-9788417354039.html\"><img data-recalc-dims=\"1\" loading=\"lazy\" decoding=\"async\" class=\"replace-2x img-responsive\" title=\"BATMAN N\u00daM. 71\/ 16 (RENACIMIENTO)\" src=\"https:\/\/i0.wp.com\/www.comicalia.com\/30507-home_default\/batman-num-71-16-renacimiento.jpg?resize=250%2C250&#038;ssl=1\" alt=\"BATMAN N\u00daM. 71\/ 16 (RENACIMIENTO)\" width=\"250\" height=\"250\" \/><\/a><\/div>\n<div class=\"product-image-container\"><a class=\"product-name\" title=\"BATMAN N\u00daM. 71\/ 16 (RENACIMIENTO)\" href=\"https:\/\/www.comicalia.com\/superheroes-dc\/30151-batman-num-71-16-renacimiento-9788417354039.html\">BATMAN N\u00daM. 71\/ 16 (RENACIMIENTO)\u00a0<\/a>3,25 \u20ac<\/div>\n<\/div>\n<\/div>\n<\/div>\n<div class=\"product-container\">\n<div class=\"row\">\n<div class=\"left-block col-xs-4 col-sm-5 col-md-4\">\n<div class=\"product-image-container\"><a class=\"product_img_link\" title=\"DOROHEDORO N\u00daM. 01 \" href=\"https:\/\/www.comicalia.com\/superheroes-dc\/30150-dorohedoro-num-01-9788417316471.html\"><img data-recalc-dims=\"1\" loading=\"lazy\" decoding=\"async\" class=\"replace-2x img-responsive\" title=\"DOROHEDORO N\u00daM. 01 \" src=\"https:\/\/i0.wp.com\/www.comicalia.com\/30506-home_default\/dorohedoro-num-01.jpg?resize=250%2C250&#038;ssl=1\" alt=\"DOROHEDORO N\u00daM. 01 \" width=\"250\" height=\"250\" \/><\/a><\/div>\n<div class=\"product-image-container\"><a class=\"product-name\" title=\"DOROHEDORO N\u00daM. 01 \" href=\"https:\/\/www.comicalia.com\/superheroes-dc\/30150-dorohedoro-num-01-9788417316471.html\">DOROHEDORO N\u00daM. 01<\/a>\u00a09,95 \u20ac<\/div>\n<\/div>\n<\/div>\n<\/div>\n<div class=\"product-container\">\n<div class=\"row\">\n<div class=\"left-block col-xs-4 col-sm-5 col-md-4\">\n<div class=\"product-image-container\"><a class=\"product_img_link\" title=\"BATMAN Y SUPERMAN - COLECCI\u00d3N NOVELAS GR\u00c1FICAS ESPECIAL: TRINIDAD (PARTE 2)\" href=\"https:\/\/www.comicalia.com\/superheroes-dc\/30147-batman-y-superman-coleccion-novelas-graficas-especial-trinidad-parte-2-9788417106829.html\"><img data-recalc-dims=\"1\" loading=\"lazy\" decoding=\"async\" class=\"replace-2x img-responsive\" title=\"BATMAN Y SUPERMAN - COLECCI\u00d3N NOVELAS GR\u00c1FICAS ESPECIAL: TRINIDAD (PARTE 2)\" src=\"https:\/\/i0.wp.com\/www.comicalia.com\/30503-home_default\/batman-y-superman-coleccion-novelas-graficas-especial-trinidad-parte-2.jpg?resize=250%2C250&#038;ssl=1\" alt=\"BATMAN Y SUPERMAN - COLECCI\u00d3N NOVELAS GR\u00c1FICAS ESPECIAL: TRINIDAD (PARTE 2)\" width=\"250\" height=\"250\" \/><\/a><\/div>\n<div class=\"product-image-container\"><a class=\"product-name\" title=\"BATMAN Y SUPERMAN - COLECCI\u00d3N NOVELAS GR\u00c1FICAS ESPECIAL: TRINIDAD (PARTE 2)\" href=\"https:\/\/www.comicalia.com\/superheroes-dc\/30147-batman-y-superman-coleccion-novelas-graficas-especial-trinidad-parte-2-9788417106829.html\">BATMAN Y SUPERMAN &#8211; COLECCI\u00d3N NOVELAS&#8230;\u00a0<\/a>24,99 \u20ac<\/div>\n<\/div>\n<\/div>\n<\/div>\n<div class=\"product-container\">\n<div class=\"row\">\n<div class=\"left-block col-xs-4 col-sm-5 col-md-4\">\n<div class=\"product-image-container\"><a class=\"product_img_link\" title=\"FLASH N\u00daM. 30\/ 16 (RENACIMIENTO) \" href=\"https:\/\/www.comicalia.com\/superheroes-dc\/30145-flash-num-30-16-renacimiento-9788417354091.html\"><img data-recalc-dims=\"1\" loading=\"lazy\" decoding=\"async\" class=\"replace-2x img-responsive\" title=\"FLASH N\u00daM. 30\/ 16 (RENACIMIENTO) \" src=\"https:\/\/i0.wp.com\/www.comicalia.com\/30501-home_default\/flash-num-30-16-renacimiento.jpg?resize=250%2C250&#038;ssl=1\" alt=\"FLASH N\u00daM. 30\/ 16 (RENACIMIENTO) \" width=\"250\" height=\"250\" \/><\/a><\/div>\n<div class=\"product-image-container\"><a class=\"product-name\" title=\"FLASH N\u00daM. 30\/ 16 (RENACIMIENTO) \" href=\"https:\/\/www.comicalia.com\/superheroes-dc\/30145-flash-num-30-16-renacimiento-9788417354091.html\">FLASH N\u00daM. 30\/ 16 (RENACIMIENTO)<\/a> 3,25 \u20ac<\/div>\n<\/div>\n<\/div>\n<\/div>\n<div class=\"product-container\">\n<div class=\"row\">\n<div class=\"left-block col-xs-4 col-sm-5 col-md-4\">\n<div class=\"product-image-container\"><a class=\"product_img_link\" title=\"LIGA DE LA JUSTICIA: COLECCIONABLE SEMANAL N\u00daM. 07 (DE 12) \" href=\"https:\/\/www.comicalia.com\/superheroes-dc\/30144-liga-de-la-justicia-coleccionable-semanal-num-07-de-12-9788494776113.html\"><img data-recalc-dims=\"1\" loading=\"lazy\" decoding=\"async\" class=\"replace-2x img-responsive\" title=\"LIGA DE LA JUSTICIA: COLECCIONABLE SEMANAL N\u00daM. 07 (DE 12) \" src=\"https:\/\/i0.wp.com\/www.comicalia.com\/30500-home_default\/liga-de-la-justicia-coleccionable-semanal-num-07-de-12.jpg?resize=250%2C250&#038;ssl=1\" alt=\"LIGA DE LA JUSTICIA: COLECCIONABLE SEMANAL N\u00daM. 07 (DE 12) \" width=\"250\" height=\"250\" \/><\/a><\/div>\n<div class=\"product-image-container\"><a class=\"product-name\" title=\"LIGA DE LA JUSTICIA: COLECCIONABLE SEMANAL N\u00daM. 07 (DE 12) \" href=\"https:\/\/www.comicalia.com\/superheroes-dc\/30144-liga-de-la-justicia-coleccionable-semanal-num-07-de-12-9788494776113.html\">LIGA DE LA JUSTICIA: COLECCIONABLE SEMANAL&#8230;<\/a>\u00a08,95 \u20ac<\/div>\n<\/div>\n<\/div>\n<\/div>\n<div class=\"product-container\">\n<div class=\"row\">\n<div class=\"left-block col-xs-4 col-sm-5 col-md-4\">\n<div class=\"product-image-container\"><a class=\"product_img_link\" title=\"COLECCI\u00d3N NOVELAS GR\u00c1FICAS N\u00daM. 49: JUSTICIA PARTE 2\" href=\"https:\/\/www.comicalia.com\/superheroes-dc\/30142-coleccion-novelas-graficas-num-49-justicia-parte-2-9788416796359.html\"><img data-recalc-dims=\"1\" loading=\"lazy\" decoding=\"async\" class=\"replace-2x img-responsive\" title=\"COLECCI\u00d3N NOVELAS GR\u00c1FICAS N\u00daM. 49: JUSTICIA PARTE 2\" src=\"https:\/\/i0.wp.com\/www.comicalia.com\/30498-home_default\/coleccion-novelas-graficas-num-49-justicia-parte-2.jpg?resize=250%2C250&#038;ssl=1\" alt=\"COLECCI\u00d3N NOVELAS GR\u00c1FICAS N\u00daM. 49: JUSTICIA PARTE 2\" width=\"250\" height=\"250\" \/><\/a><\/div>\n<div class=\"product-image-container\"><a class=\"product-name\" title=\"COLECCI\u00d3N NOVELAS GR\u00c1FICAS N\u00daM. 49: JUSTICIA PARTE 2\" href=\"https:\/\/www.comicalia.com\/superheroes-dc\/30142-coleccion-novelas-graficas-num-49-justicia-parte-2-9788416796359.html\">COLECCI\u00d3N NOVELAS GR\u00c1FICAS N\u00daM. 49:&#8230;<\/a>\u00a012,99 \u20ac<\/div>\n<\/div>\n<\/div>\n<\/div>\n<div class=\"product-container\">\n<div class=\"row\">\n<div class=\"left-block col-xs-4 col-sm-5 col-md-4\">\n<div class=\"product-image-container\"><a class=\"product_img_link\" title=\"LIGA DE LA JUSTICIA DE AM\u00c9RICA N\u00daM. 08 (RENACIMIENTO) \" href=\"https:\/\/www.comicalia.com\/superheroes-dc\/30141-liga-de-la-justicia-de-america-num-08-renacimiento-9788417354077.html\"><img data-recalc-dims=\"1\" loading=\"lazy\" decoding=\"async\" class=\"replace-2x img-responsive\" title=\"LIGA DE LA JUSTICIA DE AM\u00c9RICA N\u00daM. 08 (RENACIMIENTO) \" src=\"https:\/\/i0.wp.com\/www.comicalia.com\/30497-home_default\/liga-de-la-justicia-de-america-num-08-renacimiento.jpg?resize=250%2C250&#038;ssl=1\" alt=\"LIGA DE LA JUSTICIA DE AM\u00c9RICA N\u00daM. 08 (RENACIMIENTO) \" width=\"250\" height=\"250\" \/><\/a><\/div>\n<div class=\"product-image-container\"><a class=\"product-name\" title=\"LIGA DE LA JUSTICIA DE AM\u00c9RICA N\u00daM. 08 (RENACIMIENTO) \" href=\"https:\/\/www.comicalia.com\/superheroes-dc\/30141-liga-de-la-justicia-de-america-num-08-renacimiento-9788417354077.html\">LIGA DE LA JUSTICIA DE AM\u00c9RICA N\u00daM. 08&#8230;\u00a0<\/a>3,25 \u20ac<\/div>\n<\/div>\n<\/div>\n<\/div>\n<div class=\"product-container\">\n<div class=\"row\">\n<div class=\"left-block col-xs-4 col-sm-5 col-md-4\">\n<div class=\"product-image-container\"><a class=\"product_img_link\" title=\"GREEN LANTERN N\u00daM. 71\/ 16 (RENACIMIENTO) \" href=\"https:\/\/www.comicalia.com\/superheroes-dc\/30140-green-lantern-num-71-16-renacimiento-9788417354114.html\"><img data-recalc-dims=\"1\" loading=\"lazy\" decoding=\"async\" class=\"replace-2x img-responsive\" title=\"GREEN LANTERN N\u00daM. 71\/ 16 (RENACIMIENTO) \" src=\"https:\/\/i0.wp.com\/www.comicalia.com\/30496-home_default\/green-lantern-num-71-16-renacimiento.jpg?resize=250%2C250&#038;ssl=1\" alt=\"GREEN LANTERN N\u00daM. 71\/ 16 (RENACIMIENTO) \" width=\"250\" height=\"250\" \/><\/a><\/div>\n<div class=\"product-image-container\"><a class=\"product-name\" title=\"GREEN LANTERN N\u00daM. 71\/ 16 (RENACIMIENTO) \" href=\"https:\/\/www.comicalia.com\/superheroes-dc\/30140-green-lantern-num-71-16-renacimiento-9788417354114.html\">GREEN LANTERN N\u00daM. 71\/ 16 (RENACIMIENTO)<\/a> 3,25 \u20ac<\/div>\n<\/div>\n<\/div>\n<\/div>\n<div class=\"product-container\">\n<div class=\"row\">\n<div class=\"left-block col-xs-4 col-sm-5 col-md-4\">\n<div class=\"product-image-container\"><a class=\"product_img_link\" title=\"LIGA DE LA JUSTICIA N\u00daM. 71\/ 16 (RENACIMIENTO) \" href=\"https:\/\/www.comicalia.com\/superheroes-dc\/30138-liga-de-la-justicia-num-71-16-renacimiento-9788417354060.html\"><img data-recalc-dims=\"1\" loading=\"lazy\" decoding=\"async\" class=\"replace-2x img-responsive\" title=\"LIGA DE LA JUSTICIA N\u00daM. 71\/ 16 (RENACIMIENTO) \" src=\"https:\/\/i0.wp.com\/www.comicalia.com\/30494-home_default\/liga-de-la-justicia-num-71-16-renacimiento.jpg?resize=250%2C250&#038;ssl=1\" alt=\"LIGA DE LA JUSTICIA N\u00daM. 71\/ 16 (RENACIMIENTO) \" width=\"250\" height=\"250\" \/><\/a><\/div>\n<div class=\"product-image-container\"><a class=\"product-name\" title=\"LIGA DE LA JUSTICIA N\u00daM. 71\/ 16 (RENACIMIENTO) \" href=\"https:\/\/www.comicalia.com\/superheroes-dc\/30138-liga-de-la-justicia-num-71-16-renacimiento-9788417354060.html\">LIGA DE LA JUSTICIA N\u00daM. 71\/ 16&#8230;\u00a0<\/a>3,25 \u20ac<\/div>\n<\/div>\n<\/div>\n<\/div>\n<div class=\"product-container\">\n<div class=\"row\">\n<div class=\"left-block col-xs-4 col-sm-5 col-md-4\">\n<div class=\"product-image-container\"><a class=\"product_img_link\" title=\"BATMAN ETERNO: INTEGRAL VOL. 02 (DE 2) \" href=\"https:\/\/www.comicalia.com\/superheroes-dc\/30137-batman-eterno-integral-vol-02-de-2-9788417354121.html\"><img data-recalc-dims=\"1\" loading=\"lazy\" decoding=\"async\" class=\"replace-2x img-responsive\" title=\"BATMAN ETERNO: INTEGRAL VOL. 02 (DE 2) \" src=\"https:\/\/i0.wp.com\/www.comicalia.com\/30493-home_default\/batman-eterno-integral-vol-02-de-2.jpg?resize=250%2C250&#038;ssl=1\" alt=\"BATMAN ETERNO: INTEGRAL VOL. 02 (DE 2) \" width=\"250\" height=\"250\" \/><\/a><\/div>\n<div class=\"product-image-container\"><a class=\"product-name\" title=\"BATMAN ETERNO: INTEGRAL VOL. 02 (DE 2) \" href=\"https:\/\/www.comicalia.com\/superheroes-dc\/30137-batman-eterno-integral-vol-02-de-2-9788417354121.html\">BATMAN ETERNO: INTEGRAL VOL. 02 (DE 2)\u00a0<\/a>46,50 \u20ac<\/div>\n<\/div>\n<\/div>\n<\/div>\n<div class=\"product-container\">\n<div class=\"row\">\n<div class=\"left-block col-xs-4 col-sm-5 col-md-4\">\n<div class=\"product-image-container\"><a class=\"product_img_link\" title=\"BATMAN\/WONDER WOMAN\/SUPERMAN: TRINIDAD N\u00daM. 14 (RENACIMIENTO) \" href=\"https:\/\/www.comicalia.com\/superheroes-dc\/30135-batman-wonder-woman-superman-trinidad-num-14-renacimiento-9788417354084.html\"><img data-recalc-dims=\"1\" loading=\"lazy\" decoding=\"async\" class=\"replace-2x img-responsive\" title=\"BATMAN\/WONDER WOMAN\/SUPERMAN: TRINIDAD N\u00daM. 14 (RENACIMIENTO) \" src=\"https:\/\/i0.wp.com\/www.comicalia.com\/30491-home_default\/batman-wonder-woman-superman-trinidad-num-14-renacimiento.jpg?resize=250%2C250&#038;ssl=1\" alt=\"BATMAN\/WONDER WOMAN\/SUPERMAN: TRINIDAD N\u00daM. 14 (RENACIMIENTO) \" width=\"250\" height=\"250\" \/><\/a><\/div>\n<div class=\"product-image-container\"><a class=\"product-name\" title=\"BATMAN\/WONDER WOMAN\/SUPERMAN: TRINIDAD N\u00daM. 14 (RENACIMIENTO) \" href=\"https:\/\/www.comicalia.com\/superheroes-dc\/30135-batman-wonder-woman-superman-trinidad-num-14-renacimiento-9788417354084.html\">BATMAN\/WONDER WOMAN\/SUPERMAN: TRINIDAD&#8230;<\/a> 1,95 \u20ac<\/div>\n<\/div>\n<\/div>\n<\/div>\n<div class=\"product-container\">\n<div class=\"row\">\n<div class=\"left-block col-xs-4 col-sm-5 col-md-4\">\n<div class=\"product-image-container\"><a class=\"product_img_link\" title=\"NOCHES OSCURAS: METAL N\u00daM. 02 \" href=\"https:\/\/www.comicalia.com\/superheroes-dc\/30134-noches-oscuras-metal-num-02-9788417354046.html\"><img data-recalc-dims=\"1\" loading=\"lazy\" decoding=\"async\" class=\"replace-2x img-responsive\" title=\"NOCHES OSCURAS: METAL N\u00daM. 02 \" src=\"https:\/\/i0.wp.com\/www.comicalia.com\/30490-home_default\/noches-oscuras-metal-num-02.jpg?resize=250%2C250&#038;ssl=1\" alt=\"NOCHES OSCURAS: METAL N\u00daM. 02 \" width=\"250\" height=\"250\" \/><\/a><\/div>\n<div class=\"product-image-container\"><a class=\"product-name\" title=\"NOCHES OSCURAS: METAL N\u00daM. 02 \" href=\"https:\/\/www.comicalia.com\/superheroes-dc\/30134-noches-oscuras-metal-num-02-9788417354046.html\">NOCHES OSCURAS: METAL N\u00daM. 02<\/a> 2,75 \u20ac<\/div>\n<\/div>\n<\/div>\n<\/div>\n<div class=\"product-container\">\n<div class=\"row\">\n<div class=\"left-block col-xs-4 col-sm-5 col-md-4\">\n<div class=\"product-image-container\"><a class=\"product_img_link\" title=\"SUPERHIJOS N\u00daM. 08 (RENACIMIENTO) \" href=\"https:\/\/www.comicalia.com\/superheroes-dc\/30133-superhijos-num-08-renacimiento-9788417354107.html\"><img data-recalc-dims=\"1\" loading=\"lazy\" decoding=\"async\" class=\"replace-2x img-responsive\" title=\"SUPERHIJOS N\u00daM. 08 (RENACIMIENTO) \" src=\"https:\/\/i0.wp.com\/www.comicalia.com\/30489-home_default\/superhijos-num-08-renacimiento.jpg?resize=250%2C250&#038;ssl=1\" alt=\"SUPERHIJOS N\u00daM. 08 (RENACIMIENTO) \" width=\"250\" height=\"250\" \/><\/a><\/div>\n<div class=\"product-image-container\"><a class=\"product-name\" title=\"SUPERHIJOS N\u00daM. 08 (RENACIMIENTO) \" href=\"https:\/\/www.comicalia.com\/superheroes-dc\/30133-superhijos-num-08-renacimiento-9788417354107.html\">SUPERHIJOS N\u00daM. 08 (RENACIMIENTO)<\/a> 1,95 \u20ac<\/div>\n<\/div>\n<\/div>\n<\/div>\n<div class=\"product-container\">\n<div class=\"row\">\n<div class=\"left-block col-xs-4 col-sm-5 col-md-4\">\n<div class=\"product-image-container\"><a class=\"product_img_link\" title=\"SUPERMAN N\u00daM. 71\/ 16 (RENACIMIENTO) \" href=\"https:\/\/www.comicalia.com\/superheroes-dc\/30132-superman-num-71-16-renacimiento-9788417354053.html\"><img data-recalc-dims=\"1\" loading=\"lazy\" decoding=\"async\" class=\"replace-2x img-responsive\" title=\"SUPERMAN N\u00daM. 71\/ 16 (RENACIMIENTO) \" src=\"https:\/\/i0.wp.com\/www.comicalia.com\/30488-home_default\/superman-num-71-16-renacimiento.jpg?resize=250%2C250&#038;ssl=1\" alt=\"SUPERMAN N\u00daM. 71\/ 16 (RENACIMIENTO) \" width=\"250\" height=\"250\" \/><\/a><\/div>\n<div class=\"product-image-container\"><a class=\"product-name\" title=\"SUPERMAN N\u00daM. 71\/ 16 (RENACIMIENTO) \" href=\"https:\/\/www.comicalia.com\/superheroes-dc\/30132-superman-num-71-16-renacimiento-9788417354053.html\">SUPERMAN N\u00daM. 71\/ 16 (RENACIMIENTO)<\/a>\u00a03,25 \u20ac<\/div>\n<h4>DESPERTA FERRO<\/h4>\n<\/div>\n<\/div>\n<\/div>\n<div class=\"product-container\">\n<div class=\"row\">\n<div class=\"left-block col-xs-4 col-sm-5 col-md-4\">\n<div class=\"product-image-container\"><a class=\"product_img_link\" title=\"Desperta Ferro Historia Moderna n\u00ba 32 El sitio de Viena 1683\" href=\"https:\/\/www.comicalia.com\/revista\/30131-desperta-ferro-historia-moderna-n-32-el-sitio-de-viena-1683-9772255054008.html\"><img data-recalc-dims=\"1\" loading=\"lazy\" decoding=\"async\" class=\"replace-2x img-responsive\" title=\"Desperta Ferro Historia Moderna n\u00ba 32 El sitio de Viena 1683\" src=\"https:\/\/i0.wp.com\/www.comicalia.com\/30487-home_default\/desperta-ferro-historia-moderna-n-32-el-sitio-de-viena-1683.jpg?resize=250%2C250&#038;ssl=1\" alt=\"Desperta Ferro Historia Moderna n\u00ba 32 El sitio de Viena 1683\" width=\"250\" height=\"250\" \/><\/a><\/div>\n<div class=\"product-image-container\"><a class=\"product-name\" title=\"Desperta Ferro Historia Moderna n\u00ba 32 El sitio de Viena 1683\" href=\"https:\/\/www.comicalia.com\/revista\/30131-desperta-ferro-historia-moderna-n-32-el-sitio-de-viena-1683-9772255054008.html\">Desperta Ferro Historia Moderna n\u00ba 32 El&#8230;\u00a0<\/a>7,00 \u20ac<\/div>\n<\/div>\n<\/div>\n<\/div>\n<div class=\"product-container\">\n<div class=\"row\">\n<div class=\"left-block col-xs-4 col-sm-5 col-md-4\">\n<div class=\"product-image-container\"><a class=\"product_img_link\" title=\"Arqueolog\u00eda e Historia n\u00ba 17 Creta minoica (Desperta Ferro)\" href=\"https:\/\/www.comicalia.com\/revista\/30130-arqueologia-e-historia-n-17-creta-minoica-desperta-ferro-8413042617877.html\"><img data-recalc-dims=\"1\" loading=\"lazy\" decoding=\"async\" class=\"replace-2x img-responsive\" title=\"Arqueolog\u00eda e Historia n\u00ba 17 Creta minoica (Desperta Ferro)\" src=\"https:\/\/i0.wp.com\/www.comicalia.com\/30486-home_default\/arqueologia-e-historia-n-17-creta-minoica-desperta-ferro.jpg?resize=250%2C250&#038;ssl=1\" alt=\"Arqueolog\u00eda e Historia n\u00ba 17 Creta minoica (Desperta Ferro)\" width=\"250\" height=\"250\" \/><\/a><\/div>\n<div class=\"product-image-container\"><a class=\"product-name\" title=\"Arqueolog\u00eda e Historia n\u00ba 17 Creta minoica (Desperta Ferro)\" href=\"https:\/\/www.comicalia.com\/revista\/30130-arqueologia-e-historia-n-17-creta-minoica-desperta-ferro-8413042617877.html\">Arqueolog\u00eda e Historia n\u00ba 17 Creta minoica&#8230;\u00a0<\/a>7,00 \u20ac<\/div>\n<h4>SD TOYS<\/h4>\n<\/div>\n<\/div>\n<\/div>\n<div class=\"product-container\">\n<div class=\"row\">\n<div class=\"left-block col-xs-4 col-sm-5 col-md-4\">\n<div class=\"product-image-container\"><a class=\"product_img_link\" title=\"CASCO DARTH VADER ANTIESTR\u00c9S 9 cm STAR WARS\" href=\"https:\/\/www.comicalia.com\/merchandise-otros\/30128-casco-darth-vader-antiestres-9-cm-star-wars-8436535277297.html\"><img data-recalc-dims=\"1\" loading=\"lazy\" decoding=\"async\" class=\"replace-2x img-responsive\" title=\"CASCO DARTH VADER ANTIESTRES 9 CM STAR WARS\" src=\"https:\/\/i0.wp.com\/www.comicalia.com\/30485-home_default\/casco-darth-vader-antiestres-9-cm-star-wars.jpg?resize=250%2C250&#038;ssl=1\" alt=\"CASCO DARTH VADER ANTIESTRES 9 CM STAR WARS\" width=\"250\" height=\"250\" \/><\/a><\/div>\n<div class=\"product-image-container\"><a class=\"product-name\" title=\"CASCO DARTH VADER ANTIESTR\u00c9S 9 cm STAR WARS\" href=\"https:\/\/www.comicalia.com\/merchandise-otros\/30128-casco-darth-vader-antiestres-9-cm-star-wars-8436535277297.html\">CASCO DARTH VADER ANTIESTR\u00c9S 9 cm STAR WARS\u00a0<\/a>8,95 \u20ac<\/div>\n<\/div>\n<\/div>\n<\/div>\n<div class=\"product-container\">\n<div class=\"row\">\n<div class=\"left-block col-xs-4 col-sm-5 col-md-4\">\n<div class=\"product-image-container\"><a class=\"product_img_link\" title=\"CASCO STORMTROOPER ANTIESTR\u00c9S 9 cm STAR WARS\" href=\"https:\/\/www.comicalia.com\/merchandise-otros\/30127-casco-stormtrooper-antiestres-9-cm-star-wars-8436535277334.html\"><img data-recalc-dims=\"1\" loading=\"lazy\" decoding=\"async\" class=\"replace-2x img-responsive\" title=\"CASCO STORMTROOPER ANTIESTRES 9 CM STAR WARS\" src=\"https:\/\/i0.wp.com\/www.comicalia.com\/30484-home_default\/casco-stormtrooper-antiestres-9-cm-star-wars.jpg?resize=250%2C250&#038;ssl=1\" alt=\"CASCO STORMTROOPER ANTIESTRES 9 CM STAR WARS\" width=\"250\" height=\"250\" \/><\/a><\/div>\n<div class=\"product-image-container\"><a class=\"product-name\" title=\"CASCO STORMTROOPER ANTIESTR\u00c9S 9 cm STAR WARS\" href=\"https:\/\/www.comicalia.com\/merchandise-otros\/30127-casco-stormtrooper-antiestres-9-cm-star-wars-8436535277334.html\">CASCO STORMTROOPER ANTIESTR\u00c9S 9 cm STAR WARS<\/a> 8,95 \u20ac<\/div>\n<div><\/div>\n<\/div>\n<\/div>\n<\/div>\n<div class=\"product-container\">\n<div class=\"row\">\n<div class=\"left-block col-xs-4 col-sm-5 col-md-4\">\n<div class=\"product-image-container\"><a class=\"product_img_link\" title=\"LOGO ASTERIX TAZA GRABADO L\u00c1SER CER\u00c1MICA ASTERIX\" href=\"https:\/\/www.comicalia.com\/merchandise-otros\/30126-logo-asterix-taza-grabado-laser-ceramica-asterix-8436546890072.html\"><img data-recalc-dims=\"1\" loading=\"lazy\" decoding=\"async\" class=\"replace-2x img-responsive\" title=\"LOGO ASTERIX TAZA GRABADO LASER CERAMICA ASTERIX\" src=\"https:\/\/i0.wp.com\/www.comicalia.com\/30483-home_default\/logo-asterix-taza-grabado-laser-ceramica-asterix.jpg?resize=250%2C250&#038;ssl=1\" alt=\"LOGO ASTERIX TAZA GRABADO LASER CERAMICA ASTERIX\" width=\"250\" height=\"250\" \/><\/a><\/div>\n<div class=\"product-image-container\"><a class=\"product-name\" title=\"LOGO ASTERIX TAZA GRABADO L\u00c1SER CER\u00c1MICA ASTERIX\" href=\"https:\/\/www.comicalia.com\/merchandise-otros\/30126-logo-asterix-taza-grabado-laser-ceramica-asterix-8436546890072.html\">LOGO ASTERIX TAZA GRABADO L\u00c1SER CER\u00c1MICA&#8230;<\/a>\u00a09,95 \u20ac<\/div>\n<h4>PANINI<\/h4>\n<\/div>\n<\/div>\n<\/div>\n<div class=\"product-container\">\n<div class=\"row\">\n<div class=\"left-block col-xs-4 col-sm-5 col-md-4\">\n<div class=\"product-image-container\"><a class=\"product_img_link\" title=\"REVISTA EDGE 03\" href=\"https:\/\/www.comicalia.com\/revista\/30125-revista-edge-03-9772565198003.html\"><img data-recalc-dims=\"1\" loading=\"lazy\" decoding=\"async\" class=\"replace-2x img-responsive\" title=\"REVISTA EDGE 03\" src=\"https:\/\/i0.wp.com\/www.comicalia.com\/30482-home_default\/revista-edge-03.jpg?resize=250%2C250&#038;ssl=1\" alt=\"REVISTA EDGE 03\" width=\"250\" height=\"250\" \/><\/a><\/div>\n<div class=\"product-image-container\"><a class=\"product-name\" title=\"REVISTA EDGE 03\" href=\"https:\/\/www.comicalia.com\/revista\/30125-revista-edge-03-9772565198003.html\">REVISTA EDGE 03\u00a0<\/a>5,95 \u20ac<\/div>\n<h4>ORCINY PRESS<\/h4>\n<\/div>\n<\/div>\n<\/div>\n<div class=\"product-container\">\n<div class=\"row\">\n<div class=\"left-block col-xs-4 col-sm-5 col-md-4\">\n<div class=\"product-image-container\"><a class=\"product_img_link\" title=\"Combustible Lovecraft\" href=\"https:\/\/www.comicalia.com\/narrativa\/30123-combustible-lovecraft-9788494756511.html\"><img data-recalc-dims=\"1\" loading=\"lazy\" decoding=\"async\" class=\"replace-2x img-responsive\" title=\"COMBUSTIBLE LOVECRAFT\" src=\"https:\/\/i0.wp.com\/www.comicalia.com\/30480-home_default\/combustible-lovecraft.jpg?resize=250%2C250&#038;ssl=1\" alt=\"COMBUSTIBLE LOVECRAFT\" width=\"250\" height=\"250\" \/><\/a><\/div>\n<div class=\"product-image-container\"><a class=\"product-name\" title=\"Combustible Lovecraft\" href=\"https:\/\/www.comicalia.com\/narrativa\/30123-combustible-lovecraft-9788494756511.html\">Combustible Lovecraft<\/a><\/div>\n<\/div>\n<div class=\"center-block col-xs-4 col-sm-7 col-md-4\">\n<p class=\"product-desc\">REVISIONISMO LOVECRAFTIANO PARA LAS MASAS 17,95 \u20ac<\/p>\n<\/div>\n<div class=\"right-block col-xs-4 col-sm-12 col-md-4\">\n<div class=\"right-block-content row\">\n<div class=\"functional-buttons clearfix col-sm-12\">\n<h4>EXPEDICIONES POLARES<\/h4>\n<\/div>\n<\/div>\n<\/div>\n<\/div>\n<\/div>\n<div class=\"product-container\">\n<div class=\"row\">\n<div class=\"left-block col-xs-4 col-sm-5 col-md-4\">\n<div class=\"product-image-container\"><a class=\"product_img_link\" title=\"Johnny Hallyday: A toda tralla\" href=\"https:\/\/www.comicalia.com\/narrativa\/30122-johnny-hallyday-a-toda-tralla-9788494810107.html\"><img data-recalc-dims=\"1\" loading=\"lazy\" decoding=\"async\" class=\"replace-2x img-responsive\" title=\"JOHNNY HALLYDAY: A TODA TRALLA\" src=\"https:\/\/i0.wp.com\/www.comicalia.com\/30479-home_default\/johnny-hallyday-a-toda-tralla.jpg?resize=250%2C250&#038;ssl=1\" alt=\"JOHNNY HALLYDAY: A TODA TRALLA\" width=\"250\" height=\"250\" \/><\/a><\/div>\n<div class=\"product-image-container\"><a class=\"product-name\" title=\"Johnny Hallyday: A toda tralla\" href=\"https:\/\/www.comicalia.com\/narrativa\/30122-johnny-hallyday-a-toda-tralla-9788494810107.html\">Johnny Hallyday: A toda tralla<\/a><\/div>\n<\/div>\n<div class=\"center-block col-xs-4 col-sm-7 col-md-4\">\n<p class=\"product-desc\">\u00abUna biograf\u00eda\u00bb 23,50 \u20ac<\/p>\n<\/div>\n<\/div>\n<\/div>\n","protected":false},"excerpt":{"rendered":"<p>ECC BATMAN N\u00daM. 71\/ 16 (RENACIMIENTO)\u00a03,25 \u20ac DOROHEDORO N\u00daM. 01\u00a09,95 \u20ac BATMAN Y SUPERMAN &#8211; COLECCI\u00d3N NOVELAS&#8230;\u00a024,99 \u20ac FLASH N\u00daM. 30\/ 16 (RENACIMIENTO) 3,25 \u20ac LIGA DE LA JUSTICIA: COLECCIONABLE SEMANAL&#8230;\u00a08,95 \u20ac COLECCI\u00d3N NOVELAS GR\u00c1FICAS&hellip; <a class=\"read-more-link\" href=\"https:\/\/www.atomcomics.net\/blog\/2018\/01\/30\/ecc-antiestres-historia-musica\/\">(seguir leyendo)<\/a><\/p>\n","protected":false},"author":1,"featured_media":10627,"comment_status":"closed","ping_status":"open","sticky":false,"template":"","format":"standard","meta":{"jetpack_post_was_ever_published":false,"_jetpack_newsletter_access":"","_jetpack_dont_email_post_to_subs":false,"_jetpack_newsletter_tier_id":0,"_jetpack_memberships_contains_paywalled_content":false,"_jetpack_memberships_contains_paid_content":false,"footnotes":"","jetpack_publicize_message":"","jetpack_publicize_feature_enabled":true,"jetpack_social_post_already_shared":true,"jetpack_social_options":{"image_generator_settings":{"template":"highway","default_image_id":0,"font":"","enabled":false},"version":2}},"categories":[3],"tags":[],"class_list":["post-10625","post","type-post","status-publish","format-standard","has-post-thumbnail","hentry","category-novedades"],"jetpack_publicize_connections":[],"jetpack_featured_media_url":"https:\/\/i0.wp.com\/www.atomcomics.net\/blog\/wp-content\/uploads\/BATMAN71-e1517252371866.jpg?fit=659%2C449&ssl=1","jetpack_shortlink":"https:\/\/wp.me\/p53Ua-2Ln","jetpack-related-posts":[{"id":10865,"url":"https:\/\/www.atomcomics.net\/blog\/2018\/04\/17\/martes-tiempo-de-ecc\/","url_meta":{"origin":10625,"position":0},"title":"Martes&#8230; tiempo de ECC","author":"ATOM COMICS","date":"17, abril, 2018","format":false,"excerpt":"ECC KURODA Y LAS 36 ESTRATEGIAS VOL. 02\u00a016,95 \u20ac DOROHEDORO N\u00daM. 04\u00a09,95 \u20ac COLECCI\u00d3N NOVELAS GR\u00c1FICAS N\u00daM. 54:...\u00a012,99 \u20ac BATMAN\/WONDER WOMAN\/SUPERMAN: TRINIDAD... \"Destino oscuro\", final. 1,95 \u20ac ESCUADR\u00d3N SUICIDA N\u00daM. 16 (RENACIMIENTO) \u00a1Sigue La historia secreta de la Fuerza Especial X! 3,25 \u20ac FLASH DE MARK WAID: PUNTO MUERTO\u00a039,50 \u20ac\u2026","rel":"","context":"En \u00abNovedades\u00bb","block_context":{"text":"Novedades","link":"https:\/\/www.atomcomics.net\/blog\/category\/novedades\/"},"img":{"alt_text":"","src":"https:\/\/i0.wp.com\/www.atomcomics.net\/blog\/wp-content\/uploads\/Superhijos_10-e1523956711159.jpg?fit=659%2C449&ssl=1&resize=350%2C200","width":350,"height":200,"srcset":"https:\/\/i0.wp.com\/www.atomcomics.net\/blog\/wp-content\/uploads\/Superhijos_10-e1523956711159.jpg?fit=659%2C449&ssl=1&resize=350%2C200 1x, https:\/\/i0.wp.com\/www.atomcomics.net\/blog\/wp-content\/uploads\/Superhijos_10-e1523956711159.jpg?fit=659%2C449&ssl=1&resize=525%2C300 1.5x"},"classes":[]},{"id":9708,"url":"https:\/\/www.atomcomics.net\/blog\/2017\/05\/23\/novedad-ecc-nunca-se-fue-y-ya-ha-vuelto\/","url_meta":{"origin":10625,"position":1},"title":"Novedad: ECC nunca se fue y ya ha vuelto ;)","author":"ATOM COMICS","date":"23, mayo, 2017","format":false,"excerpt":"ECC THE 2011 SKETCHBOOK Compilaci\u00f3n extraordinaria de un genio del dibujo, el artista surcoreano, Kim Jung Gi, invitado estrella del Sal\u00f3n del C\u00f3mic 2017. 109,00 \u20ac \u00a0 WONDER WOMAN: COLECCIONABLE SEMANAL N\u00daM. 01 \u00a1Primera entrega a un precio irresistible! 4,95 \u20ac WONDER WOMAN N\u00daM. 17\/ 3 (RENACIMIENTO) \u00a1La conclusi\u00f3n de\u2026","rel":"","context":"En \u00abNovedades\u00bb","block_context":{"text":"Novedades","link":"https:\/\/www.atomcomics.net\/blog\/category\/novedades\/"},"img":{"alt_text":"THE 2011 SKETCHBOOK ","src":"https:\/\/i0.wp.com\/www.comicalia.com\/27264-home_default\/the-2011-sketchbook.jpg?resize=350%2C200&ssl=1","width":350,"height":200},"classes":[]},{"id":10043,"url":"https:\/\/www.atomcomics.net\/blog\/2017\/08\/24\/novedad-ecc-septiembre-2\/","url_meta":{"origin":10625,"position":2},"title":"Novedad: ECC \u00bfSeptiembre?","author":"ATOM COMICS","date":"24, agosto, 2017","format":false,"excerpt":"ECC nos trae la primera tanda de \u00bfseptiembre?. \u00bfDemasiada novedad en el mercado? En fin, lo que s\u00ed hay es mucho para leer.","rel":"","context":"En \u00abNovedades\u00bb","block_context":{"text":"Novedades","link":"https:\/\/www.atomcomics.net\/blog\/category\/novedades\/"},"img":{"alt_text":"","src":"https:\/\/i0.wp.com\/www.atomcomics.net\/blog\/wp-content\/uploads\/Superhijos_2-e1503567580253.jpg?fit=798%2C399&ssl=1&resize=350%2C200","width":350,"height":200,"srcset":"https:\/\/i0.wp.com\/www.atomcomics.net\/blog\/wp-content\/uploads\/Superhijos_2-e1503567580253.jpg?fit=798%2C399&ssl=1&resize=350%2C200 1x, https:\/\/i0.wp.com\/www.atomcomics.net\/blog\/wp-content\/uploads\/Superhijos_2-e1503567580253.jpg?fit=798%2C399&ssl=1&resize=525%2C300 1.5x, https:\/\/i0.wp.com\/www.atomcomics.net\/blog\/wp-content\/uploads\/Superhijos_2-e1503567580253.jpg?fit=798%2C399&ssl=1&resize=700%2C400 2x"},"classes":[]},{"id":10265,"url":"https:\/\/www.atomcomics.net\/blog\/2017\/10\/10\/ecc-del-dia-10-me-hago-un-lio-con-la-novedad\/","url_meta":{"origin":10625,"position":3},"title":"ECC del d\u00eda 10 -me hago un l\u00edo con la novedad-","author":"ATOM COMICS","date":"10, octubre, 2017","format":false,"excerpt":"Grapas y alg\u00fan tomo de ECC","rel":"","context":"En \u00abNovedades\u00bb","block_context":{"text":"Novedades","link":"https:\/\/www.atomcomics.net\/blog\/category\/novedades\/"},"img":{"alt_text":"","src":"https:\/\/i0.wp.com\/www.atomcomics.net\/blog\/wp-content\/uploads\/Flash12-e1507549231526.jpg?fit=657%2C550&ssl=1&resize=350%2C200","width":350,"height":200,"srcset":"https:\/\/i0.wp.com\/www.atomcomics.net\/blog\/wp-content\/uploads\/Flash12-e1507549231526.jpg?fit=657%2C550&ssl=1&resize=350%2C200 1x, https:\/\/i0.wp.com\/www.atomcomics.net\/blog\/wp-content\/uploads\/Flash12-e1507549231526.jpg?fit=657%2C550&ssl=1&resize=525%2C300 1.5x"},"classes":[]},{"id":10134,"url":"https:\/\/www.atomcomics.net\/blog\/2017\/09\/15\/novedad-ecc-octubre-17-primera-tanda\/","url_meta":{"origin":10625,"position":4},"title":"Novedad: ECC Octubre 17 primera tanda","author":"ATOM COMICS","date":"15, septiembre, 2017","format":false,"excerpt":"ECC nos trae una nueva tanda de novedad.","rel":"","context":"En \u00abNovedades\u00bb","block_context":{"text":"Novedades","link":"https:\/\/www.atomcomics.net\/blog\/category\/novedades\/"},"img":{"alt_text":"","src":"https:\/\/i0.wp.com\/www.atomcomics.net\/blog\/wp-content\/uploads\/cubierta_el_monstruo_WEB-e1505388063831.jpg?fit=796%2C552&ssl=1&resize=350%2C200","width":350,"height":200,"srcset":"https:\/\/i0.wp.com\/www.atomcomics.net\/blog\/wp-content\/uploads\/cubierta_el_monstruo_WEB-e1505388063831.jpg?fit=796%2C552&ssl=1&resize=350%2C200 1x, https:\/\/i0.wp.com\/www.atomcomics.net\/blog\/wp-content\/uploads\/cubierta_el_monstruo_WEB-e1505388063831.jpg?fit=796%2C552&ssl=1&resize=525%2C300 1.5x, https:\/\/i0.wp.com\/www.atomcomics.net\/blog\/wp-content\/uploads\/cubierta_el_monstruo_WEB-e1505388063831.jpg?fit=796%2C552&ssl=1&resize=700%2C400 2x"},"classes":[]},{"id":9572,"url":"https:\/\/www.atomcomics.net\/blog\/2017\/03\/28\/novedad-ecc-abril-1a-parte\/","url_meta":{"origin":10625,"position":5},"title":"Novedad: ECC Abril 1\u00aa Parte","author":"ATOM COMICS","date":"28, marzo, 2017","format":false,"excerpt":"ECC FLASH DE GEOFF JOHNS: EL PA\u00cdS DE LAS... SEGUIMOS RECUPERANDO UNA ETAPA MEMORABLE.\u00a033,50 \u20ac EL MULTIVERSO INTEGRAL \u00a1ESPERADA RECOPILACI\u00d3N!\u00a040,50 \u20ac HARLEY QUINN Y SU BANDA DE LAS HARLEYS \u00a016,95 \u20ac LA PATRULLA CONDENADA DE GRANT MORRISON... IMPRESCINDIBLE COLECCI\u00d3N DEL SELLO VERTIGO.\u00a032,50 \u20ac TOP 10: THE FORTY-NINERS + SMAX 25,00\u2026","rel":"","context":"En \u00abNovedades\u00bb","block_context":{"text":"Novedades","link":"https:\/\/www.atomcomics.net\/blog\/category\/novedades\/"},"img":{"alt_text":"FLASH DE GEOFF JOHNS: EL PA\u00cdS DE LAS MARAVILLAS ","src":"https:\/\/i0.wp.com\/www.comicalia.com\/26542-home_default\/flash-de-geoff-johns-el-pais-de-las-maravillas.jpg?resize=350%2C200&ssl=1","width":350,"height":200},"classes":[]}],"jetpack_sharing_enabled":true,"_links":{"self":[{"href":"https:\/\/www.atomcomics.net\/blog\/wp-json\/wp\/v2\/posts\/10625","targetHints":{"allow":["GET"]}}],"collection":[{"href":"https:\/\/www.atomcomics.net\/blog\/wp-json\/wp\/v2\/posts"}],"about":[{"href":"https:\/\/www.atomcomics.net\/blog\/wp-json\/wp\/v2\/types\/post"}],"author":[{"embeddable":true,"href":"https:\/\/www.atomcomics.net\/blog\/wp-json\/wp\/v2\/users\/1"}],"replies":[{"embeddable":true,"href":"https:\/\/www.atomcomics.net\/blog\/wp-json\/wp\/v2\/comments?post=10625"}],"version-history":[{"count":1,"href":"https:\/\/www.atomcomics.net\/blog\/wp-json\/wp\/v2\/posts\/10625\/revisions"}],"predecessor-version":[{"id":10626,"href":"https:\/\/www.atomcomics.net\/blog\/wp-json\/wp\/v2\/posts\/10625\/revisions\/10626"}],"wp:featuredmedia":[{"embeddable":true,"href":"https:\/\/www.atomcomics.net\/blog\/wp-json\/wp\/v2\/media\/10627"}],"wp:attachment":[{"href":"https:\/\/www.atomcomics.net\/blog\/wp-json\/wp\/v2\/media?parent=10625"}],"wp:term":[{"taxonomy":"category","embeddable":true,"href":"https:\/\/www.atomcomics.net\/blog\/wp-json\/wp\/v2\/categories?post=10625"},{"taxonomy":"post_tag","embeddable":true,"href":"https:\/\/www.atomcomics.net\/blog\/wp-json\/wp\/v2\/tags?post=10625"}],"curies":[{"name":"wp","href":"https:\/\/api.w.org\/{rel}","templated":true}]}}