{"id":10628,"date":"2018-01-31T10:15:44","date_gmt":"2018-01-31T09:15:44","guid":{"rendered":"http:\/\/www.atomcomics.net\/?p=10628"},"modified":"2018-01-30T20:19:21","modified_gmt":"2018-01-30T19:19:21","slug":"mundos-imaginarios-mundos-reales-mundos-por-dibujar","status":"publish","type":"post","link":"https:\/\/www.atomcomics.net\/blog\/2018\/01\/31\/mundos-imaginarios-mundos-reales-mundos-por-dibujar\/","title":{"rendered":"Mundos imaginarios, mundos reales, mundos por dibujar"},"content":{"rendered":"<div class=\"product-container\">\n<div class=\"row\">\n<div class=\"left-block col-xs-4 col-sm-5 col-md-4\">\n<div>\n<div class=\"product-container\">\n<div class=\"row\">\n<div class=\"left-block col-xs-4 col-sm-5 col-md-4\">\n<h4>BIBLIOPOLIS<\/h4>\n<div class=\"product-image-container\"><a class=\"product_img_link\" title=\"ALBA DE TINIEBLAS\" href=\"https:\/\/www.comicalia.com\/narrativa\/30218-alba-de-tinieblas-9788415157236.html\"><img data-recalc-dims=\"1\" loading=\"lazy\" decoding=\"async\" class=\"replace-2x img-responsive\" title=\"ALBA DE TINIEBLAS\" src=\"https:\/\/i0.wp.com\/www.comicalia.com\/30559-home_default\/alba-de-tinieblas.jpg?resize=250%2C250&#038;ssl=1\" alt=\"ALBA DE TINIEBLAS\" width=\"250\" height=\"250\" \/><\/a><\/div>\n<div class=\"product-image-container\"><a class=\"product-name\" title=\"ALBA DE TINIEBLAS\" href=\"https:\/\/www.comicalia.com\/narrativa\/30218-alba-de-tinieblas-9788415157236.html\">ALBA DE TINIEBLAS<\/a><\/div>\n<\/div>\n<div class=\"center-block col-xs-4 col-sm-7 col-md-4\">\n<p class=\"product-desc\">Castilla, 1573. No es el Siglo de Oro que conocemos. 21,95 \u20ac<\/p>\n<h4>GATOPARDO<\/h4>\n<\/div>\n<\/div>\n<\/div>\n<div class=\"product-container\">\n<div class=\"row\">\n<div class=\"left-block col-xs-4 col-sm-5 col-md-4\">\n<div class=\"product-image-container\"><a class=\"product_img_link\" title=\"DESMEMBRADO\" href=\"https:\/\/www.comicalia.com\/narrativa\/30217-desmembrado-9788494642586.html\"><img data-recalc-dims=\"1\" loading=\"lazy\" decoding=\"async\" class=\"replace-2x img-responsive\" title=\"DESMEMBRADO\" src=\"https:\/\/i0.wp.com\/www.comicalia.com\/30558-home_default\/desmembrado.jpg?resize=250%2C250&#038;ssl=1\" alt=\"DESMEMBRADO\" width=\"250\" height=\"250\" \/><\/a><\/div>\n<div class=\"product-image-container\"><a class=\"product-name\" title=\"DESMEMBRADO\" href=\"https:\/\/www.comicalia.com\/narrativa\/30217-desmembrado-9788494642586.html\">DESMEMBRADO<\/a><\/div>\n<\/div>\n<div class=\"center-block col-xs-4 col-sm-7 col-md-4\">\n<p class=\"product-desc\">Oates ahonda en las vidas de ninas y mujeres vulnerables: unas se convierten en v\u00edctimas, otras se ven incitadas a cometer actos violentos contra los dem\u00e1s. 19,95 \u20ac<\/p>\n<h4>BARBARA FIORE<\/h4>\n<\/div>\n<\/div>\n<\/div>\n<\/div>\n<div class=\"product-image-container\"><a class=\"product_img_link\" title=\"Mi mundo eres t\u00fa\" href=\"https:\/\/www.comicalia.com\/libro-ilustrado\/30216-mi-mundo-eres-tu-9788415208952.html\"><img data-recalc-dims=\"1\" loading=\"lazy\" decoding=\"async\" class=\"replace-2x img-responsive\" title=\"Mi mundo eres t\u00fa\" src=\"https:\/\/i0.wp.com\/www.comicalia.com\/30520-home_default\/mi-mundo-eres-tu.jpg?resize=250%2C250&#038;ssl=1\" alt=\"Mi mundo eres t\u00fa\" width=\"250\" height=\"250\" \/><\/a><\/div>\n<div class=\"product-image-container\"><a class=\"product-name\" title=\"Mi mundo eres t\u00fa\" href=\"https:\/\/www.comicalia.com\/libro-ilustrado\/30216-mi-mundo-eres-tu-9788415208952.html\">Mi mundo eres t\u00fa<\/a>\u00a020,00 \u20ac<\/div>\n<\/div>\n<\/div>\n<\/div>\n<div class=\"product-container\">\n<div class=\"row\">\n<div class=\"left-block col-xs-4 col-sm-5 col-md-4\">\n<div class=\"product-image-container\"><a class=\"product_img_link\" title=\"EL PROFESOR ASTRO CAT Y EL SISTEMA SOLAR\" href=\"https:\/\/www.comicalia.com\/libro-ilustrado\/30215-el-profesor-astro-cat-y-el-sistema-solar-9788416985036.html\"><img data-recalc-dims=\"1\" loading=\"lazy\" decoding=\"async\" class=\"replace-2x img-responsive\" title=\"EL PROFESOR ASTRO CAT Y EL SISTEMA SOLAR\" src=\"https:\/\/i0.wp.com\/www.comicalia.com\/30519-home_default\/el-profesor-astro-cat-y-el-sistema-solar.jpg?resize=250%2C250&#038;ssl=1\" alt=\"EL PROFESOR ASTRO CAT Y EL SISTEMA SOLAR\" width=\"250\" height=\"250\" \/><\/a><\/div>\n<div class=\"product-image-container\"><a class=\"product-name\" title=\"EL PROFESOR ASTRO CAT Y EL SISTEMA SOLAR\" href=\"https:\/\/www.comicalia.com\/libro-ilustrado\/30215-el-profesor-astro-cat-y-el-sistema-solar-9788416985036.html\">EL PROFESOR ASTRO CAT Y EL SISTEMA SOLAR<\/a><\/div>\n<\/div>\n<div class=\"center-block col-xs-4 col-sm-7 col-md-4\">\n<p class=\"product-desc\">El profesor Astro Cat y sus amigos despegan para recorrer el sistema solar. \u00a1Abrochaos los cinturones! 15,00 \u20ac<\/p>\n<h4>BLACKIE BOOKS<\/h4>\n<\/div>\n<\/div>\n<\/div>\n<div class=\"product-container\">\n<div class=\"row\">\n<div class=\"left-block col-xs-4 col-sm-5 col-md-4\">\n<div class=\"product-image-container\"><a class=\"product_img_link\" title=\"Rakugaki\" href=\"https:\/\/www.comicalia.com\/libro-ilustrado\/30214-rakugaki-9788417059361.html\"><img data-recalc-dims=\"1\" loading=\"lazy\" decoding=\"async\" class=\"replace-2x img-responsive\" title=\"Rakugaki\" src=\"https:\/\/i0.wp.com\/www.comicalia.com\/30518-home_default\/rakugaki.jpg?resize=250%2C250&#038;ssl=1\" alt=\"Rakugaki\" width=\"250\" height=\"250\" \/><\/a><\/div>\n<div class=\"product-image-container\"><a class=\"product-name\" title=\"Rakugaki\" href=\"https:\/\/www.comicalia.com\/libro-ilustrado\/30214-rakugaki-9788417059361.html\">Rakugaki<\/a><\/div>\n<\/div>\n<div class=\"center-block col-xs-4 col-sm-7 col-md-4\">\n<p class=\"product-desc\">C\u00f3mo potenciar tu imaginaci\u00f3n a trav\u00e9s del dibujo 18,90 \u20ac<\/p>\n<h4>MILKY WAY<\/h4>\n<\/div>\n<\/div>\n<\/div>\n<div class=\"product-container\">\n<div class=\"row\">\n<div class=\"left-block col-xs-4 col-sm-5 col-md-4\">\n<div class=\"product-image-container\"><a class=\"product_img_link\" title=\"BESTIARIUS, VOL. 5\" href=\"https:\/\/www.comicalia.com\/shonen\/30213-bestiarius-vol-5-9788417373023.html\"><img data-recalc-dims=\"1\" loading=\"lazy\" decoding=\"async\" class=\"replace-2x img-responsive\" title=\"BESTIARIUS, VOL. 5\" src=\"https:\/\/i0.wp.com\/www.comicalia.com\/30517-home_default\/bestiarius-vol-5.jpg?resize=250%2C250&#038;ssl=1\" alt=\"BESTIARIUS, VOL. 5\" width=\"250\" height=\"250\" \/><\/a><\/div>\n<div class=\"product-image-container\"><a class=\"product-name\" title=\"BESTIARIUS, VOL. 5\" href=\"https:\/\/www.comicalia.com\/shonen\/30213-bestiarius-vol-5-9788417373023.html\">BESTIARIUS, VOL. 5<\/a> 8,00 \u20ac<\/div>\n<\/div>\n<div class=\"right-block col-xs-4 col-sm-12 col-md-4\">\n<div class=\"right-block-content row\"><\/div>\n<\/div>\n<\/div>\n<\/div>\n<div class=\"product-container\">\n<div class=\"row\">\n<div class=\"left-block col-xs-4 col-sm-5 col-md-4\">\n<div class=\"product-image-container\"><a class=\"product_img_link\" title=\"TO YOUR ETERNITY VOL. 5\" href=\"https:\/\/www.comicalia.com\/shonen\/30212-to-your-eternity-vol-5-9788416960989.html\"><img data-recalc-dims=\"1\" loading=\"lazy\" decoding=\"async\" class=\"replace-2x img-responsive\" title=\"TO YOUR ETERNITY VOL. 5\" src=\"https:\/\/i0.wp.com\/www.comicalia.com\/30511-home_default\/to-your-eternity-vol-5.jpg?resize=250%2C250&#038;ssl=1\" alt=\"TO YOUR ETERNITY VOL. 5\" width=\"250\" height=\"250\" \/><\/a><\/div>\n<div class=\"product-image-container\"><a class=\"product-name\" title=\"TO YOUR ETERNITY VOL. 5\" href=\"https:\/\/www.comicalia.com\/shonen\/30212-to-your-eternity-vol-5-9788416960989.html\">TO YOUR ETERNITY VOL. 5<\/a>\u00a08,00 \u20ac<\/div>\n<\/div>\n<\/div>\n<\/div>\n<div class=\"product-container\">\n<div class=\"row\">\n<div class=\"left-block col-xs-4 col-sm-5 col-md-4\">\n<div class=\"product-image-container\"><a class=\"product_img_link\" title=\"KURO VOL. 1\" href=\"https:\/\/www.comicalia.com\/manga-seinen\/30206-kuro-vol-1-9788416960941.html\"><img data-recalc-dims=\"1\" loading=\"lazy\" decoding=\"async\" class=\"replace-2x img-responsive\" title=\"KURO VOL. 1\" src=\"https:\/\/i0.wp.com\/www.comicalia.com\/30508-home_default\/kuro-vol-1.jpg?resize=250%2C250&#038;ssl=1\" alt=\"KURO VOL. 1\" width=\"250\" height=\"250\" \/><\/a><\/div>\n<div class=\"product-image-container\"><a class=\"product-name\" title=\"KURO VOL. 1\" href=\"https:\/\/www.comicalia.com\/manga-seinen\/30206-kuro-vol-1-9788416960941.html\">KURO VOL. 1<\/a>\u00a08,50 \u20ac<\/div>\n<\/div>\n<\/div>\n<\/div>\n<div class=\"product-container\">\n<div class=\"row\">\n<div class=\"left-block col-xs-4 col-sm-5 col-md-4\">\n<div class=\"product-image-container\"><a class=\"product_img_link\" title=\"KASANE VOL.9\" href=\"https:\/\/www.comicalia.com\/manga-seinen\/30205-kasane-vol9-9788417373016.html\"><img data-recalc-dims=\"1\" loading=\"lazy\" decoding=\"async\" class=\"replace-2x img-responsive\" title=\"KASANE VOL.9\" src=\"https:\/\/i0.wp.com\/www.comicalia.com\/30515-home_default\/kasane-vol9.jpg?resize=250%2C250&#038;ssl=1\" alt=\"KASANE VOL.9\" width=\"250\" height=\"250\" \/><\/a><\/div>\n<div class=\"product-image-container\"><a class=\"product-name\" title=\"KASANE VOL.9\" href=\"https:\/\/www.comicalia.com\/manga-seinen\/30205-kasane-vol9-9788417373016.html\">KASANE VOL.9<\/a>\u00a08,50 \u20ac<\/div>\n<\/div>\n<\/div>\n<\/div>\n<div class=\"product-container\">\n<div class=\"row\">\n<div class=\"left-block col-xs-4 col-sm-5 col-md-4\">\n<div class=\"product-image-container\"><a class=\"product_img_link\" title=\"IMMORTAL RAIN VOL. 6\" href=\"https:\/\/www.comicalia.com\/manga-shojo\/30203-immortal-rain-vol-6-9788417373009.html\"><img data-recalc-dims=\"1\" loading=\"lazy\" decoding=\"async\" class=\"replace-2x img-responsive\" title=\"IMMORTAL RAIN VOL. 6\" src=\"https:\/\/i0.wp.com\/www.comicalia.com\/30514-home_default\/immortal-rain-vol-6.jpg?resize=250%2C250&#038;ssl=1\" alt=\"IMMORTAL RAIN VOL. 6\" width=\"250\" height=\"250\" \/><\/a><\/div>\n<div class=\"product-image-container\"><a class=\"product-name\" title=\"IMMORTAL RAIN VOL. 6\" href=\"https:\/\/www.comicalia.com\/manga-shojo\/30203-immortal-rain-vol-6-9788417373009.html\">IMMORTAL RAIN VOL. 6<\/a><\/div>\n<\/div>\n<div class=\"center-block col-xs-4 col-sm-7 col-md-4\">\n<p class=\"product-desc\">De la autora de Los dioses mienten y El pr\u00edncipe del mar. 8,00 \u20ac<\/p>\n<\/div>\n<\/div>\n<\/div>\n<div class=\"product-container\">\n<div class=\"row\">\n<div class=\"left-block col-xs-4 col-sm-5 col-md-4\">\n<div class=\"product-image-container\"><a class=\"product_img_link\" title=\"GOLDEN KAMUY VOL. 5\" href=\"https:\/\/www.comicalia.com\/manga-seinen\/30202-golden-kamuy-vol-5-9788416960965.html\"><img data-recalc-dims=\"1\" loading=\"lazy\" decoding=\"async\" class=\"replace-2x img-responsive\" title=\"GOLDEN KAMUY VOL. 5\" src=\"https:\/\/i0.wp.com\/www.comicalia.com\/30513-home_default\/golden-kamuy-vol-5.jpg?resize=250%2C250&#038;ssl=1\" alt=\"GOLDEN KAMUY VOL. 5\" width=\"250\" height=\"250\" \/><\/a><\/div>\n<div class=\"product-image-container\"><a class=\"product-name\" title=\"GOLDEN KAMUY VOL. 5\" href=\"https:\/\/www.comicalia.com\/manga-seinen\/30202-golden-kamuy-vol-5-9788416960965.html\">GOLDEN KAMUY VOL. 5<\/a>\u00a08,50 \u20ac<\/div>\n<\/div>\n<\/div>\n<\/div>\n<div class=\"product-container\">\n<div class=\"row\">\n<div class=\"left-block col-xs-4 col-sm-5 col-md-4\">\n<div class=\"product-image-container\"><a class=\"product_img_link\" title=\"CHILDREN OF THE WHALES VOL. 3\" href=\"https:\/\/www.comicalia.com\/manga-shojo\/30200-children-of-the-whales-vol-3-9788416960958.html\"><img data-recalc-dims=\"1\" loading=\"lazy\" decoding=\"async\" class=\"replace-2x img-responsive\" title=\"CHILDREN OF THE WHALES VOL. 3\" src=\"https:\/\/i0.wp.com\/www.comicalia.com\/30510-home_default\/children-of-the-whales-vol-3.jpg?resize=250%2C250&#038;ssl=1\" alt=\"CHILDREN OF THE WHALES VOL. 3\" width=\"250\" height=\"250\" \/><\/a><\/div>\n<div class=\"product-image-container\"><a class=\"product-name\" title=\"CHILDREN OF THE WHALES VOL. 3\" href=\"https:\/\/www.comicalia.com\/manga-shojo\/30200-children-of-the-whales-vol-3-9788416960958.html\">CHILDREN OF THE WHALES VOL. 3<\/a><\/div>\n<\/div>\n<div class=\"center-block col-xs-4 col-sm-7 col-md-4\">\n<p class=\"product-desc\">Se oye una canci\u00f3n, llega desde m\u00e1s all\u00e1 de la tormenta de arena, del mar de la guerra&#8230; 8,00 \u20ac<\/p>\n<\/div>\n<\/div>\n<\/div>\n<div class=\"product-container\">\n<div class=\"row\">\n<div class=\"left-block col-xs-4 col-sm-5 col-md-4\">\n<div class=\"product-image-container\"><a class=\"product_img_link\" title=\"CHERRY VOL. 4\" href=\"https:\/\/www.comicalia.com\/manga-seinen\/30199-cherry-vol-4-9788416960972.html\"><img data-recalc-dims=\"1\" loading=\"lazy\" decoding=\"async\" class=\"replace-2x img-responsive\" title=\"CHERRY VOL. 4\" src=\"https:\/\/i0.wp.com\/www.comicalia.com\/30512-home_default\/cherry-vol-4.jpg?resize=250%2C250&#038;ssl=1\" alt=\"CHERRY VOL. 4\" width=\"250\" height=\"250\" \/><\/a><\/div>\n<div class=\"product-image-container\"><a class=\"product-name\" title=\"CHERRY VOL. 4\" href=\"https:\/\/www.comicalia.com\/manga-seinen\/30199-cherry-vol-4-9788416960972.html\">CHERRY VOL. 4\u00a0<\/a>8,50 \u20ac<\/div>\n<\/div>\n<\/div>\n<\/div>\n<div class=\"product-container\">\n<div class=\"row\">\n<div class=\"left-block col-xs-4 col-sm-5 col-md-4\">\n<div class=\"product-image-container\"><a class=\"product_img_link\" title=\"ARAGO VOL. 8\" href=\"https:\/\/www.comicalia.com\/shonen\/30195-arago-vol-8-9788416960996.html\"><img data-recalc-dims=\"1\" loading=\"lazy\" decoding=\"async\" class=\"replace-2x img-responsive\" title=\"ARAGO VOL. 8\" src=\"https:\/\/i0.wp.com\/www.comicalia.com\/30516-home_default\/arago-vol-8.jpg?resize=250%2C250&#038;ssl=1\" alt=\"ARAGO VOL. 8\" width=\"250\" height=\"250\" \/><\/a><\/div>\n<div class=\"product-image-container\"><a class=\"product-name\" title=\"ARAGO VOL. 8\" href=\"https:\/\/www.comicalia.com\/shonen\/30195-arago-vol-8-9788416960996.html\">ARAGO VOL. 8<\/a><\/div>\n<\/div>\n<div class=\"center-block col-xs-4 col-sm-7 col-md-4\">\n<p class=\"product-desc\">\u00a1Arranca la batalla definitiva contra los Cuatro Jinetes y Patchman! 8,00 \u20ac<\/p>\n<h4>TOMODOMO<\/h4>\n<\/div>\n<div class=\"right-block col-xs-4 col-sm-12 col-md-4\">\n<div class=\"right-block-content row\">\n<div class=\"product-container\">\n<div class=\"row\">\n<div class=\"left-block col-xs-4 col-sm-5 col-md-4\">\n<div class=\"product-image-container\"><a class=\"product_img_link\" title=\"PACK AMOR ES CUANDO CESA LA LLUVIA, VOL. 1 Y 2\" href=\"https:\/\/www.comicalia.com\/manga-shojo\/30149-pack-amor-es-cuando-cesa-la-lluvia-vol-1-y-2-9788416188512.html\"><img data-recalc-dims=\"1\" loading=\"lazy\" decoding=\"async\" class=\"replace-2x img-responsive\" title=\"PACK AMOR ES CUANDO CESA LA LLUVIA, VOL. 1 Y 2\" src=\"https:\/\/i0.wp.com\/www.comicalia.com\/30505-home_default\/pack-amor-es-cuando-cesa-la-lluvia-vol-1-y-2.jpg?resize=250%2C250&#038;ssl=1\" alt=\"PACK AMOR ES CUANDO CESA LA LLUVIA, VOL. 1 Y 2\" width=\"250\" height=\"250\" \/><\/a><\/div>\n<div class=\"product-image-container\"><a class=\"product-name\" title=\"PACK AMOR ES CUANDO CESA LA LLUVIA, VOL. 1 Y 2\" href=\"https:\/\/www.comicalia.com\/manga-shojo\/30149-pack-amor-es-cuando-cesa-la-lluvia-vol-1-y-2-9788416188512.html\">PACK AMOR ES CUANDO CESA LA LLUVIA, VOL. 1&#8230;<\/a><\/div>\n<\/div>\n<div class=\"center-block col-xs-4 col-sm-7 col-md-4\">\n<p class=\"product-desc\">Una obra sobre heridas dif\u00edciles de cerrar y segundas oportunidades que destila humanidad en cada vi\u00f1eta. Este pack incluye los tomos 1 y 2, m\u00e1s 5 postales exclusivas. 16,00 \u20ac<\/p>\n<h4>PONENT MON<\/h4>\n<\/div>\n<\/div>\n<\/div>\n<div class=\"product-container\">\n<div class=\"row\">\n<div class=\"left-block col-xs-4 col-sm-5 col-md-4\">\n<div class=\"product-image-container\"><a class=\"product_img_link\" title=\"LA CR\u00d3NICA DE LOS INMORTALES INTEGRAL 2\" href=\"https:\/\/www.comicalia.com\/bd-aventura\/30148-la-cronica-de-los-inmortales-integral-2-9788492444564.html\"><img data-recalc-dims=\"1\" loading=\"lazy\" decoding=\"async\" class=\"replace-2x img-responsive\" title=\"LA CR\u00d3NICA DE LOS INMORTALES INTEGRAL 2\" src=\"https:\/\/i0.wp.com\/www.comicalia.com\/30504-home_default\/la-cronica-de-los-inmortales-integral-2.jpg?resize=250%2C250&#038;ssl=1\" alt=\"LA CR\u00d3NICA DE LOS INMORTALES INTEGRAL 2\" width=\"250\" height=\"250\" \/><\/a><\/div>\n<div class=\"product-image-container\"><a class=\"product-name\" title=\"LA CR\u00d3NICA DE LOS INMORTALES INTEGRAL 2\" href=\"https:\/\/www.comicalia.com\/bd-aventura\/30148-la-cronica-de-los-inmortales-integral-2-9788492444564.html\">LA CR\u00d3NICA DE LOS INMORTALES INTEGRAL 2<\/a><\/div>\n<\/div>\n<div class=\"center-block col-xs-4 col-sm-7 col-md-4\">\n<p class=\"product-desc\">Algunas heridas se curan, otras permanecen abiertas para siempre&#8230; Una obra magistral. 22,00 \u20ac<\/p>\n<\/div>\n<\/div>\n<\/div>\n<div class=\"product-container\">\n<div class=\"row\">\n<div class=\"right-block col-xs-4 col-sm-12 col-md-4\">\n<div class=\"right-block-content row\">\n<div class=\"functional-buttons clearfix col-sm-12\">\n<div class=\"wishlist\"><\/div>\n<\/div>\n<\/div>\n<\/div>\n<\/div>\n<\/div>\n<div class=\"product-container\">\n<div class=\"row\">\n<div class=\"left-block col-xs-4 col-sm-5 col-md-4\">\n<div class=\"product-image-container\"><a class=\"product_img_link\" title=\"MI GUERRA\" href=\"https:\/\/www.comicalia.com\/bd-nueva-ola\/30146-mi-guerra-9788492444571.html\"><img data-recalc-dims=\"1\" loading=\"lazy\" decoding=\"async\" class=\"replace-2x img-responsive\" title=\"MI GUERRA\" src=\"https:\/\/i0.wp.com\/www.comicalia.com\/30502-home_default\/mi-guerra.jpg?resize=250%2C250&#038;ssl=1\" alt=\"MI GUERRA\" width=\"250\" height=\"250\" \/><\/a><\/div>\n<div class=\"product-image-container\"><a class=\"product-name\" title=\"MI GUERRA\" href=\"https:\/\/www.comicalia.com\/bd-nueva-ola\/30146-mi-guerra-9788492444571.html\">MI GUERRA<\/a><\/div>\n<\/div>\n<div class=\"center-block col-xs-4 col-sm-7 col-md-4\">\n<p class=\"product-desc\">Esta es la historia de Guy-Pierre Gautier, resistente a la edad de la inocencia y sumido en la pesadilla del campo de concentraci\u00f3n de Dachau-Allach. 20,00 \u20ac<\/p>\n<h4>DIBBUKS<\/h4>\n<\/div>\n<div class=\"right-block col-xs-4 col-sm-12 col-md-4\">\n<div class=\"right-block-content row\">\n<div class=\"left-block col-xs-4 col-sm-5 col-md-4\">\n<div class=\"product-image-container\"><a class=\"product_img_link\" title=\"LA MUJER LEOPARDO\" href=\"https:\/\/www.comicalia.com\/bd-aventura\/30143-la-mujer-leopardo-9788416507948.html\"><img data-recalc-dims=\"1\" loading=\"lazy\" decoding=\"async\" class=\"replace-2x img-responsive\" title=\"LA MUJER LEOPARDO\" src=\"https:\/\/i0.wp.com\/www.comicalia.com\/30499-home_default\/la-mujer-leopardo.jpg?resize=250%2C250&#038;ssl=1\" alt=\"LA MUJER LEOPARDO\" width=\"250\" height=\"250\" \/><\/a><\/div>\n<div class=\"product-image-container\"><a class=\"product-name\" title=\"LA MUJER LEOPARDO\" href=\"https:\/\/www.comicalia.com\/bd-aventura\/30143-la-mujer-leopardo-9788416507948.html\">LA MUJER LEOPARDO<\/a><\/div>\n<\/div>\n<div class=\"center-block col-xs-4 col-sm-7 col-md-4\">\n<p class=\"product-desc\">\u00a1Una digna sucesora de los grandes cl\u00e1sicos del noveno arte y la continuidad perfecta de \u00abEl botones de verde caqui\u00bb! 22,00 \u20ac<\/p>\n<h4>ORDEN DE TOLEDO<\/h4>\n<\/div>\n<div class=\"right-block col-xs-4 col-sm-12 col-md-4\">\n<div class=\"right-block-content row\">\n<div class=\"left-block col-xs-4 col-sm-5 col-md-4\">\n<div class=\"product-image-container\"><a class=\"product_img_link\" title=\"LOS CABALLEROS DE LA ORDEN DE TOLEDO\" href=\"https:\/\/www.comicalia.com\/bd-aventura\/30139-los-caballeros-de-la-orden-de-toledo-9788494730108.html\"><img data-recalc-dims=\"1\" loading=\"lazy\" decoding=\"async\" class=\"replace-2x img-responsive\" title=\"LOS CABALLEROS DE LA ORDEN DE TOLEDO\" src=\"https:\/\/i0.wp.com\/www.comicalia.com\/30495-home_default\/los-caballeros-de-la-orden-de-toledo.jpg?resize=250%2C250&#038;ssl=1\" alt=\"LOS CABALLEROS DE LA ORDEN DE TOLEDO\" width=\"250\" height=\"250\" \/><\/a><\/div>\n<div class=\"product-image-container\"><a class=\"product-name\" title=\"LOS CABALLEROS DE LA ORDEN DE TOLEDO\" href=\"https:\/\/www.comicalia.com\/bd-aventura\/30139-los-caballeros-de-la-orden-de-toledo-9788494730108.html\">LOS CABALLEROS DE LA ORDEN DE TOLEDO<\/a><\/div>\n<\/div>\n<div class=\"center-block col-xs-4 col-sm-7 col-md-4\">\n<p class=\"product-desc\">C\u00f3mic de aventuras, con trasfondo hist\u00f3rico, de Bu\u00f1uel, Lorca y Dal\u00ed en la Residencia de Estudiantes. 20,00 \u20ac<\/p>\n<h4>IMPEDIMENTA<\/h4>\n<\/div>\n<div class=\"right-block col-xs-4 col-sm-12 col-md-4\">\n<div class=\"right-block-content row\">\n<div class=\"left-block col-xs-4 col-sm-5 col-md-4\">\n<div class=\"product-image-container\"><a class=\"product_img_link\" title=\"El prado de Rosinka\" href=\"https:\/\/www.comicalia.com\/narrativa\/30136-el-prado-de-rosinka-9788417115371.html\"><img data-recalc-dims=\"1\" loading=\"lazy\" decoding=\"async\" class=\"replace-2x img-responsive\" title=\"EL PRADO DE ROSINKA\" src=\"https:\/\/i0.wp.com\/www.comicalia.com\/30492-home_default\/el-prado-de-rosinka.jpg?resize=250%2C250&#038;ssl=1\" alt=\"EL PRADO DE ROSINKA\" width=\"250\" height=\"250\" \/><\/a><\/div>\n<div class=\"product-image-container\"><a class=\"product-name\" title=\"El prado de Rosinka\" href=\"https:\/\/www.comicalia.com\/narrativa\/30136-el-prado-de-rosinka-9788417115371.html\">El prado de Rosinka<\/a><\/div>\n<\/div>\n<div class=\"center-block col-xs-4 col-sm-7 col-md-4\">\n<p class=\"product-desc\">Un aut\u00e9ntico cl\u00e1sico de la literatura alemana, monumento de la literatura autoficcional, en el que Gudrun Pausewang proclama la necesidad de volver a la naturaleza. 19,95 \u20ac<\/p>\n<\/div>\n<\/div>\n<\/div>\n<\/div>\n<\/div>\n<\/div>\n<\/div>\n<\/div>\n<\/div>\n<\/div>\n<\/div>\n<\/div>\n<\/div>\n","protected":false},"excerpt":{"rendered":"<p>BIBLIOPOLIS ALBA DE TINIEBLAS Castilla, 1573. No es el Siglo de Oro que conocemos. 21,95 \u20ac GATOPARDO DESMEMBRADO Oates ahonda en las vidas de ninas y mujeres vulnerables: unas se convierten en v\u00edctimas, otras se&hellip; <a class=\"read-more-link\" href=\"https:\/\/www.atomcomics.net\/blog\/2018\/01\/31\/mundos-imaginarios-mundos-reales-mundos-por-dibujar\/\">(seguir leyendo)<\/a><\/p>\n","protected":false},"author":1,"featured_media":10630,"comment_status":"closed","ping_status":"open","sticky":false,"template":"","format":"standard","meta":{"jetpack_post_was_ever_published":false,"_jetpack_newsletter_access":"","_jetpack_dont_email_post_to_subs":false,"_jetpack_newsletter_tier_id":0,"_jetpack_memberships_contains_paywalled_content":false,"_jetpack_memberships_contains_paid_content":false,"footnotes":"","jetpack_publicize_message":"","jetpack_publicize_feature_enabled":true,"jetpack_social_post_already_shared":true,"jetpack_social_options":{"image_generator_settings":{"template":"highway","default_image_id":0,"font":"","enabled":false},"version":2}},"categories":[3],"tags":[],"class_list":["post-10628","post","type-post","status-publish","format-standard","has-post-thumbnail","hentry","category-novedades"],"jetpack_publicize_connections":[],"jetpack_featured_media_url":"https:\/\/i0.wp.com\/www.atomcomics.net\/blog\/wp-content\/uploads\/978841650794-e1517339942828.jpg?fit=799%2C449&ssl=1","jetpack_shortlink":"https:\/\/wp.me\/p53Ua-2Lq","jetpack-related-posts":[{"id":10566,"url":"https:\/\/www.atomcomics.net\/blog\/2018\/01\/02\/lo-mas-vendido-de-2017\/","url_meta":{"origin":10628,"position":0},"title":"Lo m\u00e1s vendido de 2017","author":"ATOM COMICS","date":"2, enero, 2018","format":false,"excerpt":"Los t\u00edtulos m\u00e1s vendidos de 2017 fueron...","rel":"","context":"Entrada similar","block_context":{"text":"Entrada similar","link":""},"img":{"alt_text":"","src":"https:\/\/i0.wp.com\/www.atomcomics.net\/blog\/wp-content\/uploads\/asterix-obelix-y-compa%C3%B1ia-16b.jpg?fit=872%2C280&ssl=1&resize=350%2C200","width":350,"height":200,"srcset":"https:\/\/i0.wp.com\/www.atomcomics.net\/blog\/wp-content\/uploads\/asterix-obelix-y-compa%C3%B1ia-16b.jpg?fit=872%2C280&ssl=1&resize=350%2C200 1x, https:\/\/i0.wp.com\/www.atomcomics.net\/blog\/wp-content\/uploads\/asterix-obelix-y-compa%C3%B1ia-16b.jpg?fit=872%2C280&ssl=1&resize=525%2C300 1.5x, https:\/\/i0.wp.com\/www.atomcomics.net\/blog\/wp-content\/uploads\/asterix-obelix-y-compa%C3%B1ia-16b.jpg?fit=872%2C280&ssl=1&resize=700%2C400 2x"},"classes":[]},{"id":10539,"url":"https:\/\/www.atomcomics.net\/blog\/2017\/12\/22\/lo-mas-vendido-21-11-al-21-12\/","url_meta":{"origin":10628,"position":1},"title":"Lo m\u00e1s vendido 21\/11 al 21\/12","author":"ATOM COMICS","date":"22, diciembre, 2017","format":false,"excerpt":"Nuevo listado con lo m\u00e1s vendido en los Atom en el \u00faltimo mes (21\/11 al 22\/12).","rel":"","context":"Entrada similar","block_context":{"text":"Entrada similar","link":""},"img":{"alt_text":"","src":"https:\/\/i0.wp.com\/www.atomcomics.net\/blog\/wp-content\/uploads\/gallery_hero_90557485-4ea5-4fcf-ab50-9d1a55443300.jpg?fit=690%2C290&ssl=1&resize=350%2C200","width":350,"height":200,"srcset":"https:\/\/i0.wp.com\/www.atomcomics.net\/blog\/wp-content\/uploads\/gallery_hero_90557485-4ea5-4fcf-ab50-9d1a55443300.jpg?fit=690%2C290&ssl=1&resize=350%2C200 1x, https:\/\/i0.wp.com\/www.atomcomics.net\/blog\/wp-content\/uploads\/gallery_hero_90557485-4ea5-4fcf-ab50-9d1a55443300.jpg?fit=690%2C290&ssl=1&resize=525%2C300 1.5x"},"classes":[]},{"id":11469,"url":"https:\/\/www.atomcomics.net\/blog\/2018\/12\/07\/lo-mas-vendido-noviembre-2018\/","url_meta":{"origin":10628,"position":2},"title":"Lo m\u00e1s vendido noviembre 2018","author":"ATOM COMICS","date":"7, diciembre, 2018","format":false,"excerpt":"El listado de lo m\u00e1s vendido de Noviembre, mucha grapa. Precios sin iva GUERRAS DEL INFINITO 0 3,13 \u20ac Marvel CUENTA ATR\u00c1S A INFINITO 5 3,13 \u20ac Marvel EXTERMINIO 01 3,37 \u20ac Marvel MR. MILAGRO N\u00daM. 11 (DE 12) 1,88 \u20ac DC BUSQUEDA DE LOBEZNO: PROYECTO ADAMANTIUM 02 3,37 \u20ac\u2026","rel":"","context":"Entrada similar","block_context":{"text":"Entrada similar","link":""},"img":{"alt_text":"","src":"https:\/\/i0.wp.com\/www.atomcomics.net\/blog\/wp-content\/uploads\/10mc1r-e1544178406237.jpg?fit=800%2C450&ssl=1&resize=350%2C200","width":350,"height":200,"srcset":"https:\/\/i0.wp.com\/www.atomcomics.net\/blog\/wp-content\/uploads\/10mc1r-e1544178406237.jpg?fit=800%2C450&ssl=1&resize=350%2C200 1x, https:\/\/i0.wp.com\/www.atomcomics.net\/blog\/wp-content\/uploads\/10mc1r-e1544178406237.jpg?fit=800%2C450&ssl=1&resize=525%2C300 1.5x, https:\/\/i0.wp.com\/www.atomcomics.net\/blog\/wp-content\/uploads\/10mc1r-e1544178406237.jpg?fit=800%2C450&ssl=1&resize=700%2C400 2x"},"classes":[]},{"id":10173,"url":"https:\/\/www.atomcomics.net\/blog\/2017\/09\/23\/novedad-lo-mas-vendido-2308-al-2209\/","url_meta":{"origin":10628,"position":3},"title":"Lo m\u00e1s vendido 23\/08 al 22\/09","author":"ATOM COMICS","date":"23, septiembre, 2017","format":false,"excerpt":"Listado de los t\u00edtulos m\u00e1s vendidos en nuestras tiendas.","rel":"","context":"Entrada similar","block_context":{"text":"Entrada similar","link":""},"img":{"alt_text":"","src":"https:\/\/i0.wp.com\/www.atomcomics.net\/blog\/wp-content\/uploads\/3b145d178d52bf196f8a34cab35dcbe8-e1506168161181.jpg?fit=800%2C617&ssl=1&resize=350%2C200","width":350,"height":200,"srcset":"https:\/\/i0.wp.com\/www.atomcomics.net\/blog\/wp-content\/uploads\/3b145d178d52bf196f8a34cab35dcbe8-e1506168161181.jpg?fit=800%2C617&ssl=1&resize=350%2C200 1x, https:\/\/i0.wp.com\/www.atomcomics.net\/blog\/wp-content\/uploads\/3b145d178d52bf196f8a34cab35dcbe8-e1506168161181.jpg?fit=800%2C617&ssl=1&resize=525%2C300 1.5x, https:\/\/i0.wp.com\/www.atomcomics.net\/blog\/wp-content\/uploads\/3b145d178d52bf196f8a34cab35dcbe8-e1506168161181.jpg?fit=800%2C617&ssl=1&resize=700%2C400 2x"},"classes":[]},{"id":7322,"url":"https:\/\/www.atomcomics.net\/blog\/2014\/08\/04\/altamente-ilogico-17-lo-peor-de-ambos-mundos-dc-y-marvel\/","url_meta":{"origin":10628,"position":4},"title":"Altamente Il\u00f3gico 17: Lo peor de ambos mundos (DC y MARVEL)","author":"ATOM COMICS","date":"4, agosto, 2014","format":"audio","excerpt":"En este programa nos decantamos por el odio y hablamos de los que no nos gusta de las dos grandes \"majors\" del c\u00f3mic USA: DC y Marvel. Para ello cotamos con Luigi Benedicto Borges (El Mundo) y\u00a0Javier Gonz\u00e1lez\u00a0\u00a0\u00a0(Suxinsu) Altamente Il\u00f3gico es el podcast de Atom C\u00f3mics, librer\u00eda especializada en c\u00f3mic\u2026","rel":"","context":"En \u00abPodcast\u00bb","block_context":{"text":"Podcast","link":"https:\/\/www.atomcomics.net\/blog\/category\/pod\/"},"img":{"alt_text":"GF","src":"https:\/\/i0.wp.com\/www.atomcomics.net\/wp-content\/uploads\/GF.jpg?resize=350%2C200","width":350,"height":200,"srcset":"https:\/\/i0.wp.com\/www.atomcomics.net\/wp-content\/uploads\/GF.jpg?resize=350%2C200 1x, https:\/\/i0.wp.com\/www.atomcomics.net\/wp-content\/uploads\/GF.jpg?resize=525%2C300 1.5x"},"classes":[]},{"id":11769,"url":"https:\/\/www.atomcomics.net\/blog\/2019\/04\/05\/lo-mas-vendido-en-marzo-2019\/","url_meta":{"origin":10628,"position":5},"title":"Lo m\u00e1s vendido en marzo 2019","author":"ATOM COMICS","date":"5, abril, 2019","format":false,"excerpt":"Un mes dominado por la grapa...","rel":"","context":"Entrada similar","block_context":{"text":"Entrada similar","link":""},"img":{"alt_text":"","src":"https:\/\/i0.wp.com\/www.atomcomics.net\/blog\/wp-content\/uploads\/10mc1r-e1544178406237.jpg?fit=800%2C450&ssl=1&resize=350%2C200","width":350,"height":200,"srcset":"https:\/\/i0.wp.com\/www.atomcomics.net\/blog\/wp-content\/uploads\/10mc1r-e1544178406237.jpg?fit=800%2C450&ssl=1&resize=350%2C200 1x, https:\/\/i0.wp.com\/www.atomcomics.net\/blog\/wp-content\/uploads\/10mc1r-e1544178406237.jpg?fit=800%2C450&ssl=1&resize=525%2C300 1.5x, https:\/\/i0.wp.com\/www.atomcomics.net\/blog\/wp-content\/uploads\/10mc1r-e1544178406237.jpg?fit=800%2C450&ssl=1&resize=700%2C400 2x"},"classes":[]}],"jetpack_sharing_enabled":true,"_links":{"self":[{"href":"https:\/\/www.atomcomics.net\/blog\/wp-json\/wp\/v2\/posts\/10628","targetHints":{"allow":["GET"]}}],"collection":[{"href":"https:\/\/www.atomcomics.net\/blog\/wp-json\/wp\/v2\/posts"}],"about":[{"href":"https:\/\/www.atomcomics.net\/blog\/wp-json\/wp\/v2\/types\/post"}],"author":[{"embeddable":true,"href":"https:\/\/www.atomcomics.net\/blog\/wp-json\/wp\/v2\/users\/1"}],"replies":[{"embeddable":true,"href":"https:\/\/www.atomcomics.net\/blog\/wp-json\/wp\/v2\/comments?post=10628"}],"version-history":[{"count":1,"href":"https:\/\/www.atomcomics.net\/blog\/wp-json\/wp\/v2\/posts\/10628\/revisions"}],"predecessor-version":[{"id":10631,"href":"https:\/\/www.atomcomics.net\/blog\/wp-json\/wp\/v2\/posts\/10628\/revisions\/10631"}],"wp:featuredmedia":[{"embeddable":true,"href":"https:\/\/www.atomcomics.net\/blog\/wp-json\/wp\/v2\/media\/10630"}],"wp:attachment":[{"href":"https:\/\/www.atomcomics.net\/blog\/wp-json\/wp\/v2\/media?parent=10628"}],"wp:term":[{"taxonomy":"category","embeddable":true,"href":"https:\/\/www.atomcomics.net\/blog\/wp-json\/wp\/v2\/categories?post=10628"},{"taxonomy":"post_tag","embeddable":true,"href":"https:\/\/www.atomcomics.net\/blog\/wp-json\/wp\/v2\/tags?post=10628"}],"curies":[{"name":"wp","href":"https:\/\/api.w.org\/{rel}","templated":true}]}}