{"id":10666,"date":"2018-02-08T12:57:02","date_gmt":"2018-02-08T11:57:02","guid":{"rendered":"http:\/\/www.atomcomics.net\/?p=10666"},"modified":"2018-02-08T12:57:02","modified_gmt":"2018-02-08T11:57:02","slug":"narrativa-y-humor-en-la-novedad","status":"publish","type":"post","link":"https:\/\/www.atomcomics.net\/blog\/2018\/02\/08\/narrativa-y-humor-en-la-novedad\/","title":{"rendered":"Narrativa y humor en la novedad"},"content":{"rendered":"<div class=\"product-container\">\n<div class=\"row\">\n<div class=\"left-block col-xs-4 col-sm-5 col-md-4\">\n<h4>VALDEMAR<\/h4>\n<div class=\"product-image-container\"><a class=\"product_img_link\" title=\"El negro del \u00abNarcissus\u00bb \" href=\"https:\/\/www.comicalia.com\/narrativa\/30347-el-negro-del-narcissus-9788477028765.html\"><img data-recalc-dims=\"1\" loading=\"lazy\" decoding=\"async\" class=\"replace-2x img-responsive\" title=\"El negro del \u00abNarcissus\u00bb \" src=\"https:\/\/i0.wp.com\/www.comicalia.com\/30654-home_default\/el-negro-del-narcissus.jpg?resize=250%2C250&#038;ssl=1\" alt=\"El negro del \u00abNarcissus\u00bb \" width=\"250\" height=\"250\" \/><\/a><\/div>\n<div class=\"product-image-container\"><a class=\"product-name\" title=\"El negro del \u00abNarcissus\u00bb \" href=\"https:\/\/www.comicalia.com\/narrativa\/30347-el-negro-del-narcissus-9788477028765.html\">El negro del \u00abNarcissus\u00bb<\/a><\/div>\n<\/div>\n<div class=\"center-block col-xs-4 col-sm-7 col-md-4\">\n<p class=\"product-desc\">\u00abUna historia en el mar\u00bb 9,50 \u20ac<\/p>\n<div class=\"left-block col-xs-4 col-sm-5 col-md-4\">\n<div class=\"product-image-container\"><a class=\"product_img_link\" title=\"El Virginiano \" href=\"https:\/\/www.comicalia.com\/narrativa\/30345-el-virginiano-9788477028758.html\"><img data-recalc-dims=\"1\" loading=\"lazy\" decoding=\"async\" class=\"replace-2x img-responsive\" title=\"El Virginiano \" src=\"https:\/\/i0.wp.com\/www.comicalia.com\/30652-home_default\/el-virginiano.jpg?resize=250%2C250&#038;ssl=1\" alt=\"El Virginiano \" width=\"250\" height=\"250\" \/><\/a><\/div>\n<div class=\"product-image-container\"><a class=\"product-name\" title=\"El Virginiano \" href=\"https:\/\/www.comicalia.com\/narrativa\/30345-el-virginiano-9788477028758.html\">El Virginiano<\/a><\/div>\n<\/div>\n<div class=\"center-block col-xs-4 col-sm-7 col-md-4\">\n<p class=\"product-desc\">\u00abUn caballero de las llanuras\u00bb. 26,00 \u20ac<\/p>\n<h4>PEPITAS DE CALABAZA<\/h4>\n<\/div>\n<\/div>\n<\/div>\n<\/div>\n<div class=\"product-container\">\n<div class=\"row\">\n<div class=\"left-block col-xs-4 col-sm-5 col-md-4\">\n<div class=\"product-image-container\"><a class=\"product_img_link\" title=\"Todo Ub\u00fa \" href=\"https:\/\/www.comicalia.com\/libro-ilustrado\/30346-todo-ubu-9788415862826.html\"><img data-recalc-dims=\"1\" loading=\"lazy\" decoding=\"async\" class=\"replace-2x img-responsive\" title=\"Todo Ub\u00fa \" src=\"https:\/\/i0.wp.com\/www.comicalia.com\/30653-home_default\/todo-ubu.jpg?resize=250%2C250&#038;ssl=1\" alt=\"Todo Ub\u00fa \" width=\"250\" height=\"250\" \/><\/a><\/div>\n<div class=\"product-image-container\"><a class=\"product-name\" title=\"Todo Ub\u00fa \" href=\"https:\/\/www.comicalia.com\/libro-ilustrado\/30346-todo-ubu-9788415862826.html\">Todo Ub\u00fa<\/a>\u00a025,50 \u20ac<\/div>\n<\/div>\n<\/div>\n<\/div>\n<div class=\"product-container\">\n<div class=\"row\">\n<div class=\"left-block col-xs-4 col-sm-5 col-md-4\"><\/div>\n<div class=\"center-block col-xs-4 col-sm-7 col-md-4\">\n<h4>SALAMANDRA<\/h4>\n<\/div>\n<\/div>\n<\/div>\n<div class=\"product-container\">\n<div class=\"row\">\n<div class=\"left-block col-xs-4 col-sm-5 col-md-4\">\n<div class=\"product-image-container\"><a class=\"product_img_link\" title=\"EN LA COCINA CON KAFKA\" href=\"https:\/\/www.comicalia.com\/humor\/30344-en-la-cocina-con-kafka-9788416131358.html\"><img data-recalc-dims=\"1\" loading=\"lazy\" decoding=\"async\" class=\"replace-2x img-responsive\" title=\"En la cocina con Kafka\" src=\"https:\/\/i0.wp.com\/www.comicalia.com\/30650-home_default\/en-la-cocina-con-kafka.jpg?resize=250%2C250&#038;ssl=1\" alt=\"En la cocina con Kafka\" width=\"250\" height=\"250\" \/><\/a><\/div>\n<div class=\"product-image-container\"><a class=\"product-name\" title=\"EN LA COCINA CON KAFKA\" href=\"https:\/\/www.comicalia.com\/humor\/30344-en-la-cocina-con-kafka-9788416131358.html\">EN LA COCINA CON KAFKA<\/a><\/div>\n<\/div>\n<div class=\"center-block col-xs-4 col-sm-7 col-md-4\">\n<p class=\"product-desc\">Un compendio brillante y divertid\u00edsimo de las vi\u00f1etas rebosantes de cr\u00edtica literaria y cultura pop de Tom Gauld 18,00 \u20ac<\/p>\n<\/div>\n<\/div>\n<\/div>\n<div class=\"product-container\">\n<div class=\"row\">\n<div class=\"left-block col-xs-4 col-sm-5 col-md-4\">\n<div class=\"product-image-container\"><a class=\"product_img_link\" title=\"Peque\u00f1o pa\u00eds\" href=\"https:\/\/www.comicalia.com\/narrativa\/30343-pequeno-pais-9788498388350.html\"><img data-recalc-dims=\"1\" loading=\"lazy\" decoding=\"async\" class=\"replace-2x img-responsive\" title=\"Peque\u00f1o pa\u00eds\" src=\"https:\/\/i0.wp.com\/www.comicalia.com\/30649-home_default\/pequeno-pais.jpg?resize=250%2C250&#038;ssl=1\" alt=\"Peque\u00f1o pa\u00eds\" width=\"250\" height=\"250\" \/><\/a><\/div>\n<div class=\"product-image-container\"><a class=\"product-name\" title=\"Peque\u00f1o pa\u00eds\" href=\"https:\/\/www.comicalia.com\/narrativa\/30343-pequeno-pais-9788498388350.html\">Peque\u00f1o pa\u00eds<\/a>\u00a018,00 \u20ac<\/div>\n<\/div>\n<\/div>\n<\/div>\n","protected":false},"excerpt":{"rendered":"<p>Una biblioteca estupenda <a class=\"read-more-link\" href=\"https:\/\/www.atomcomics.net\/blog\/2018\/02\/08\/narrativa-y-humor-en-la-novedad\/\">(seguir leyendo)<\/a><\/p>\n","protected":false},"author":1,"featured_media":10667,"comment_status":"closed","ping_status":"open","sticky":false,"template":"","format":"standard","meta":{"jetpack_post_was_ever_published":false,"_jetpack_newsletter_access":"","_jetpack_dont_email_post_to_subs":false,"_jetpack_newsletter_tier_id":0,"_jetpack_memberships_contains_paywalled_content":false,"_jetpack_memberships_contains_paid_content":false,"footnotes":"","jetpack_publicize_message":"","jetpack_publicize_feature_enabled":true,"jetpack_social_post_already_shared":true,"jetpack_social_options":{"image_generator_settings":{"template":"highway","default_image_id":0,"font":"","enabled":false},"version":2}},"categories":[3],"tags":[],"class_list":["post-10666","post","type-post","status-publish","format-standard","has-post-thumbnail","hentry","category-novedades"],"jetpack_publicize_connections":[],"jetpack_featured_media_url":"https:\/\/i0.wp.com\/www.atomcomics.net\/blog\/wp-content\/uploads\/1510751470_310172_1510751824_noticia_normal-e1518086584135.jpg?fit=750%2C488&ssl=1","jetpack_shortlink":"https:\/\/wp.me\/p53Ua-2M2","jetpack-related-posts":[{"id":2017,"url":"https:\/\/www.atomcomics.net\/blog\/2009\/09\/17\/novedad-cielo-oscuro-reino-oscuro\/","url_meta":{"origin":10666,"position":0},"title":"Novedad: Cielo oscuro, reino oscuro&#8230;","author":"ATOM COMICS","date":"17, septiembre, 2009","format":false,"excerpt":"DIABOLO Ken Games II: Feuille - 15,95\u20ac DIBBUKS Un Cero a la Izquierda - 16\u20ac De Los Demonios de la Mente (narrativa) - 14\u20ac Un ni\u00f1o, fruto de una violaci\u00f3n, es torturado por su madre durante a\u00f1os. Un asesino en serie, despiadado y mis\u00f3gino, en la Europa convulsa de finales\u2026","rel":"","context":"En \u00abNovedades\u00bb","block_context":{"text":"Novedades","link":"https:\/\/www.atomcomics.net\/blog\/category\/novedades\/"},"img":{"alt_text":"","src":"https:\/\/i0.wp.com\/www.sddistribuciones.com\/novedades2009\/septiembre\/18septiembre\/NEWSLETTER\/DBLKENFEUIL.jpg?resize=350%2C200","width":350,"height":200},"classes":[]},{"id":8953,"url":"https:\/\/www.atomcomics.net\/blog\/2016\/06\/21\/novedad-piratas-lectores-que-colorean-a-magos\/","url_meta":{"origin":10666,"position":1},"title":"Novedad: Piratas lectores que colorean a magos","author":"ATOM COMICS","date":"21, junio, 2016","format":false,"excerpt":"VALDEMAR Viaje al centro de la Tierra\u00a012,50 \u20ac El proceso\u00a012,50 \u20ac TOMODOMO ORANGE, VOL.5\u00a09,00 \u20ac SHONEN NOTE, VOL.4\u00a08,00 \u20ac PONENT MON BARRIO LEJANO\u00a024,00 \u20ac BARBARROJA INTEGRAL 7\u00a032,00 \u20ac DEHAVILLAND EDICIONES MAMESHIBA\u00a012,60 \u20ac TROTTA EL CUENTO DEL CORTADOR DE BAMB\u00da12,00 \u20ac SANS SOLEIL GU\u00cdA PERVERSA DEL VIAJERO EN EL...24,00 \u20ac DOLMEN\u2026","rel":"","context":"En \u00abNovedades\u00bb","block_context":{"text":"Novedades","link":"https:\/\/www.atomcomics.net\/blog\/category\/novedades\/"},"img":{"alt_text":"Viaje al centro de la Tierra ","src":"https:\/\/i0.wp.com\/www.comicalia.com\/22882-large\/viaje-al-centro-de-la-tierra-.jpg?resize=350%2C200","width":350,"height":200},"classes":[]},{"id":10087,"url":"https:\/\/www.atomcomics.net\/blog\/2017\/09\/05\/novedad-narrativa-humor-y-comic\/","url_meta":{"origin":10666,"position":2},"title":"Novedad: Narrativa, humor y c\u00f3mic","author":"ATOM COMICS","date":"5, septiembre, 2017","format":false,"excerpt":"BANG, IMPEDIMENTA, DIBBUKS, CAPIT\u00c1N SWING, LIBROS DEL ASTEROIDE...","rel":"","context":"En \u00abNovedades\u00bb","block_context":{"text":"Novedades","link":"https:\/\/www.atomcomics.net\/blog\/category\/novedades\/"},"img":{"alt_text":"","src":"https:\/\/i0.wp.com\/www.atomcomics.net\/blog\/wp-content\/uploads\/hero-1-e1504623232867.jpg?fit=801%2C599&ssl=1&resize=350%2C200","width":350,"height":200,"srcset":"https:\/\/i0.wp.com\/www.atomcomics.net\/blog\/wp-content\/uploads\/hero-1-e1504623232867.jpg?fit=801%2C599&ssl=1&resize=350%2C200 1x, https:\/\/i0.wp.com\/www.atomcomics.net\/blog\/wp-content\/uploads\/hero-1-e1504623232867.jpg?fit=801%2C599&ssl=1&resize=525%2C300 1.5x, https:\/\/i0.wp.com\/www.atomcomics.net\/blog\/wp-content\/uploads\/hero-1-e1504623232867.jpg?fit=801%2C599&ssl=1&resize=700%2C400 2x"},"classes":[]},{"id":1262,"url":"https:\/\/www.atomcomics.net\/blog\/2008\/10\/22\/novedad-biblioteca-del-laberinto-con-howard-y-napoleon-est-mort\/","url_meta":{"origin":10666,"position":3},"title":"Novedad: Biblioteca del Laberinto con Howard y Napoleon Est Mort","author":"ATOM COMICS","date":"22, octubre, 2008","format":false,"excerpt":"LA BIBLIOTECA DEL LABERINTO. DELIRIO. Espadas de Shahrazar y Otras Historias Orientales - 15\u20ac Seguimos con la publicaci\u00f3n de un Howard incompleto pero suficiente. Hoy nos toca repasar a algunos h\u00e9roes que se mueven por ambientes orientales. Kirby O\u2019Donnell es un aventurero americano disfrazado de kurdo movi\u00e9ndose por un Afganist\u00e1n\u2026","rel":"","context":"En \u00abNovedades\u00bb","block_context":{"text":"Novedades","link":"https:\/\/www.atomcomics.net\/blog\/category\/novedades\/"},"img":{"alt_text":"","src":"https:\/\/i0.wp.com\/i62.photobucket.com\/albums\/h108\/atomcomics\/barra-1-1.jpg?resize=350%2C200","width":350,"height":200},"classes":[]},{"id":9576,"url":"https:\/\/www.atomcomics.net\/blog\/2017\/03\/28\/novedad-libros-y-mas-libros-grandes-y-pequenos\/","url_meta":{"origin":10666,"position":4},"title":"Novedad: Libros y m\u00e1s libros, grandes y peque\u00f1os","author":"ATOM COMICS","date":"28, marzo, 2017","format":false,"excerpt":"APPLEHEAD JOE DANTE: EN EL L\u00cdMITE DE LA REALIDAD 22,95 \u20ac MAGIA EN MOVIMIENTO: MICHAEL JACKSON A... 19,95 \u20ac LIBROS DEL ZORRO ROJO Si las manzanas tuvieran dientes 11,90 \u20ac El jard\u00edn mal\u00e9fico 9,95 \u20ac VALDEMAR M\u00e1s all\u00e1 del ancho Misuri 28,00 \u20ac El cristianismo desenmascarado 9,50 \u20ac Dickon el\u2026","rel":"","context":"En \u00abNovedades\u00bb","block_context":{"text":"Novedades","link":"https:\/\/www.atomcomics.net\/blog\/category\/novedades\/"},"img":{"alt_text":"JOE DANTE: EN EL L\u00cdMITE DE LA REALIDAD","src":"https:\/\/i0.wp.com\/www.comicalia.com\/26589-home_default\/joe-dante-en-el-limite-de-la-realidad.jpg?resize=350%2C200&ssl=1","width":350,"height":200},"classes":[]},{"id":9710,"url":"https:\/\/www.atomcomics.net\/blog\/2017\/05\/23\/novedad-otra-racion-de-variados\/","url_meta":{"origin":10666,"position":5},"title":"Novedad: Otra raci\u00f3n de variados","author":"ATOM COMICS","date":"23, mayo, 2017","format":false,"excerpt":"RENACIMIENTO EDITORIAL LA NI\u00d1A. TRAGEDIA Y LEYENDA DE LA HIJA DEL... 17,90 \u20ac ES POP COWBOY SONG (La biograf\u00eda autorizada de... 18,95 \u20ac VALDEMAR EL PADRE BROWN AL COMPLETO 29,50 \u20ac LA COLINA DE LOS SUE\u00d1OS 9,50 \u20ac LA BESTIA EN LA JUNGLA Y OTROS CUENTOS... 38,00 \u20ac LOS CAUTIVOS\u2026","rel":"","context":"En \u00abNovedades\u00bb","block_context":{"text":"Novedades","link":"https:\/\/www.atomcomics.net\/blog\/category\/novedades\/"},"img":{"alt_text":"LA NI\u00d1A. TRAGEDIA Y LEYENDA DE LA HIJA DEL DOCTOR VELASCO","src":"https:\/\/i0.wp.com\/www.comicalia.com\/27386-home_default\/la-nina-tragedia-y-leyenda-de-la-hija-del-doctor-velasco.jpg?resize=350%2C200&ssl=1","width":350,"height":200},"classes":[]}],"jetpack_sharing_enabled":true,"_links":{"self":[{"href":"https:\/\/www.atomcomics.net\/blog\/wp-json\/wp\/v2\/posts\/10666","targetHints":{"allow":["GET"]}}],"collection":[{"href":"https:\/\/www.atomcomics.net\/blog\/wp-json\/wp\/v2\/posts"}],"about":[{"href":"https:\/\/www.atomcomics.net\/blog\/wp-json\/wp\/v2\/types\/post"}],"author":[{"embeddable":true,"href":"https:\/\/www.atomcomics.net\/blog\/wp-json\/wp\/v2\/users\/1"}],"replies":[{"embeddable":true,"href":"https:\/\/www.atomcomics.net\/blog\/wp-json\/wp\/v2\/comments?post=10666"}],"version-history":[{"count":2,"href":"https:\/\/www.atomcomics.net\/blog\/wp-json\/wp\/v2\/posts\/10666\/revisions"}],"predecessor-version":[{"id":10669,"href":"https:\/\/www.atomcomics.net\/blog\/wp-json\/wp\/v2\/posts\/10666\/revisions\/10669"}],"wp:featuredmedia":[{"embeddable":true,"href":"https:\/\/www.atomcomics.net\/blog\/wp-json\/wp\/v2\/media\/10667"}],"wp:attachment":[{"href":"https:\/\/www.atomcomics.net\/blog\/wp-json\/wp\/v2\/media?parent=10666"}],"wp:term":[{"taxonomy":"category","embeddable":true,"href":"https:\/\/www.atomcomics.net\/blog\/wp-json\/wp\/v2\/categories?post=10666"},{"taxonomy":"post_tag","embeddable":true,"href":"https:\/\/www.atomcomics.net\/blog\/wp-json\/wp\/v2\/tags?post=10666"}],"curies":[{"name":"wp","href":"https:\/\/api.w.org\/{rel}","templated":true}]}}