{"id":13535,"date":"2021-09-16T12:20:19","date_gmt":"2021-09-16T10:20:19","guid":{"rendered":"https:\/\/www.atomcomics.net\/?p=13535"},"modified":"2021-09-16T12:22:13","modified_gmt":"2021-09-16T10:22:13","slug":"novedades-en-tienda-y-en-feria","status":"publish","type":"post","link":"https:\/\/www.atomcomics.net\/blog\/2021\/09\/16\/novedades-en-tienda-y-en-feria\/","title":{"rendered":"Novedades en tienda \u00a1y en Feria!"},"content":{"rendered":"\n<p><\/p>\n\n\n<p>Un buen pu\u00f1ado de novedades, para variar. Este fin de semana, en nuestra caseta de la Feria del Libro de Madrid, la 39, tendremos a los autores nacionales m\u00e1s populares y con m\u00e1s best-sellers a sus espaldas. <strong>Paco Roca, Moderna de Pueblo, Raquel Riba Rossy, Teresa Valero, Dario Adanti<\/strong>&#8230; \u00a1P\u00f3ker de ases total! Consulta horarios en nuestras redes sociales, coge un paraguas y disfruta del Parque del Retiro.<\/p>\n<h4><br \/>TINTIN &#8211; ZEPHYRUM<\/h4>\n<div class=\"product-container\">\n<div class=\"left-block\">\n<div class=\"product-image-container\"><a class=\"product_img_link\" title=\"COCHE ESCALA TINTIN 1\/24 - LE CABRIOLET BORDURE - L'AFFAIRE TOURNESOL \" href=\"https:\/\/www.comicalia.com\/figuras\/47172-coche-escala-tintin-1-24-le-cabriolet-bordure-l-affaire-tournesol-2992400000002.html\"><img data-recalc-dims=\"1\" loading=\"lazy\" decoding=\"async\" class=\"replace-2x img-responsive\" title=\"COCHE ESCALA TINTIN 1\/24 - LE CABRIOLET BORDURE - L'AFFAIRE TOURNESOL \" src=\"https:\/\/i0.wp.com\/www.comicalia.com\/44789-home_default\/coche-escala-tintin-1-24-le-cabriolet-bordure-l-affaire-tournesol.jpg?resize=250%2C250&#038;ssl=1\" alt=\"COCHE ESCALA TINTIN 1\/24 - LE CABRIOLET BORDURE - L'AFFAIRE TOURNESOL \" width=\"250\" height=\"250\" \/><\/a><\/div>\n<\/div>\n<div class=\"right-block\">\n<h5><a class=\"product-name\" title=\"COCHE ESCALA TINTIN 1\/24 - LE CABRIOLET BORDURE - L'AFFAIRE TOURNESOL \" href=\"https:\/\/www.comicalia.com\/figuras\/47172-coche-escala-tintin-1-24-le-cabriolet-bordure-l-affaire-tournesol-2992400000002.html\">COCHE ESCALA TINTIN 1\/24 &#8211; LE CABRIOLET&#8230;<\/a><\/h5>\n<div class=\"content_price\"><span class=\"price product-price\">59,95 \u20ac<\/span><\/div>\n<div class=\"color-list-container\">\u00a0<\/div>\n<div class=\"product-container\">\n<div class=\"left-block\">\n<div class=\"product-image-container\"><a class=\"product_img_link\" title=\"COCHE ESCALA TINTIN 1\/24 - LA LIMOUSINE DE PARADE - TINTIN EN AM\u00c9RIQUE \" href=\"https:\/\/www.comicalia.com\/figuras\/47199-coche-escala-tintin-1-24-la-limousine-de-parade-tintin-en-amerique-2991900000000.html\"><img data-recalc-dims=\"1\" loading=\"lazy\" decoding=\"async\" class=\"replace-2x img-responsive\" title=\"COCHE ESCALA TINTIN 1\/24 - LA LIMOUSINE DE PARADE - TINTIN EN AM\u00c9RIQUE \" src=\"https:\/\/i0.wp.com\/www.comicalia.com\/44790-home_default\/coche-escala-tintin-1-24-la-limousine-de-parade-tintin-en-amerique.jpg?resize=250%2C250&#038;ssl=1\" alt=\"COCHE ESCALA TINTIN 1\/24 - LA LIMOUSINE DE PARADE - TINTIN EN AM\u00c9RIQUE \" width=\"250\" height=\"250\" \/><\/a><\/div>\n<\/div>\n<div class=\"right-block\">\n<h5><a class=\"product-name\" title=\"COCHE ESCALA TINTIN 1\/24 - LA LIMOUSINE DE PARADE - TINTIN EN AM\u00c9RIQUE \" href=\"https:\/\/www.comicalia.com\/figuras\/47199-coche-escala-tintin-1-24-la-limousine-de-parade-tintin-en-amerique-2991900000000.html\">COCHE ESCALA TINTIN 1\/24 &#8211; LA LIMOUSINE DE&#8230;<\/a><\/h5>\n<div class=\"content_price\"><span class=\"price product-price\">59,95 \u20ac<\/span><\/div>\n<\/div>\n<\/div>\n<\/div>\n<\/div>\n<div class=\"product-container\">\n<div class=\"left-block\">\n<div class=\"product-image-container\"><a class=\"product_img_link\" title=\"CALENDARIO 2022 \" href=\"https:\/\/www.comicalia.com\/merchandise-otros\/47171-calendario-2022-9782874245176.html\"><img data-recalc-dims=\"1\" loading=\"lazy\" decoding=\"async\" class=\"replace-2x img-responsive\" title=\"CALENDARIO 2022 \" src=\"https:\/\/i0.wp.com\/www.comicalia.com\/44788-home_default\/calendario-2022.jpg?resize=250%2C250&#038;ssl=1\" alt=\"CALENDARIO 2022 \" width=\"250\" height=\"250\" \/><\/a><\/div>\n<\/div>\n<div class=\"right-block\">\n<h5><a class=\"product-name\" title=\"CALENDARIO 2022 \" href=\"https:\/\/www.comicalia.com\/merchandise-otros\/47171-calendario-2022-9782874245176.html\">CALENDARIO 2022<\/a><\/h5>\n<div class=\"content_price\"><span class=\"price product-price\">13,95 \u20ac<\/span><\/div>\n<\/div>\n<\/div>\n<p><br \/><br \/><br \/><\/p>\n<div class=\"content_sortPagiBar\">\n<div class=\"top-pagination-content clearfix\">\n<h4 class=\"product-count\">ASTIBERRI<br \/><br \/><\/h4>\n<\/div>\n<\/div>\n<div class=\"content_sortPagiBar\">\n<div class=\"top-pagination-content clearfix\">\n<div class=\"product-count\">\u00a0<\/div>\n<\/div>\n<\/div>\n<div class=\"product-container\">\n<div class=\"left-block\">\n<div class=\"product-image-container\"><a class=\"product_img_link\" title=\"SEX CRIMINALS 06. SEIS CRIMINALES\" href=\"https:\/\/www.comicalia.com\/fantasia-otros-mundos\/47192-sex-criminals-06-seis-criminales-9788418215858.html\"><img data-recalc-dims=\"1\" loading=\"lazy\" decoding=\"async\" class=\"replace-2x img-responsive\" title=\"SEX CRIMINALS 06. SEIS CRIMINALES\" src=\"https:\/\/i0.wp.com\/www.comicalia.com\/44817-home_default\/sex-criminals-06-seis-criminales.jpg?resize=250%2C250&#038;ssl=1\" alt=\"SEX CRIMINALS 06. SEIS CRIMINALES\" width=\"250\" height=\"250\" \/><\/a><\/div>\n<\/div>\n<h5><a class=\"product-name\" title=\"SEX CRIMINALS 06. SEIS CRIMINALES\" href=\"https:\/\/www.comicalia.com\/fantasia-otros-mundos\/47192-sex-criminals-06-seis-criminales-9788418215858.html\">SEX CRIMINALS 06. SEIS CRIMINALES<\/a><\/h5>\n<div class=\"content_price\">\n<p><span class=\"price product-price\">18,00 \u20ac<\/span><\/p>\n<\/div>\n<div class=\"color-list-container\"><br \/><br \/><\/div>\n<div>\u00a0<\/div>\n<h4 class=\"right-block\"><span class=\"availability\"><span class=\" label-success\">IVREA<br \/><br \/><\/span><\/span><\/h4>\n<\/div>\n<div class=\"product-container\">\n<div class=\"left-block\">\n<p class=\"product-image-container\"><a class=\"product_img_link\" title=\"SHAMAN KING 08\" href=\"https:\/\/www.comicalia.com\/shonen\/47193-shaman-king-08-9788418963568.html\"><img data-recalc-dims=\"1\" loading=\"lazy\" decoding=\"async\" class=\"replace-2x img-responsive\" title=\"SHAMAN KING 08\" src=\"https:\/\/i0.wp.com\/www.comicalia.com\/44818-home_default\/shaman-king-08.jpg?resize=250%2C250&#038;ssl=1\" alt=\"SHAMAN KING 08\" width=\"250\" height=\"250\" \/><\/a><\/p>\n<\/div>\n<h5><a class=\"product-name\" title=\"SHAMAN KING 08\" href=\"https:\/\/www.comicalia.com\/shonen\/47193-shaman-king-08-9788418963568.html\">SHAMAN KING 08<\/a><\/h5>\n<div class=\"content_price\"><span class=\"price product-price\">14,00 \u20ac<\/span><\/div>\n<div class=\"color-list-container\">\u00a0<\/div>\n<\/div>\n<div class=\"product-container\">\n<div class=\"product-image-container\"><a class=\"product_img_link\" title=\"SHUUMATSU NO VALKYRIE. RECORD OF RAGNAROK 09\" href=\"https:\/\/www.comicalia.com\/manga-seinen\/47194-shuumatsu-no-valkyrie-record-of-ragnarok-09-9788418963582.html\"><img data-recalc-dims=\"1\" loading=\"lazy\" decoding=\"async\" class=\"replace-2x img-responsive\" title=\"SHUUMATSU NO VALKYRIE. RECORD OF RAGNAROK 09\" src=\"https:\/\/i0.wp.com\/www.comicalia.com\/44819-home_default\/shuumatsu-no-valkyrie-record-of-ragnarok-09.jpg?resize=250%2C250&#038;ssl=1\" alt=\"SHUUMATSU NO VALKYRIE. RECORD OF RAGNAROK 09\" width=\"250\" height=\"250\" \/><\/a><\/div>\n<h5><a class=\"product-name\" title=\"SHUUMATSU NO VALKYRIE. RECORD OF RAGNAROK 09\" href=\"https:\/\/www.comicalia.com\/manga-seinen\/47194-shuumatsu-no-valkyrie-record-of-ragnarok-09-9788418963582.html\">SHUUMATSU NO VALKYRIE. RECORD OF RAGNAROK 09<\/a><\/h5>\n<div class=\"content_price\">\n<p><span class=\"price product-price\">8,50 \u20ac<\/span><\/p>\n<\/div>\n<div class=\"color-list-container\">\u00a0<\/div>\n<div class=\"product-container\">\n<p class=\"right-block\">\u00a0<\/p>\n<div class=\"product-container\">\n<div class=\"right-block\">\u00a0<\/div>\n<\/div>\n<div class=\"product-container\">\n<div class=\"left-block\">\n<div class=\"product-image-container\"><a class=\"product_img_link\" title=\"DR. STONE 21\" href=\"https:\/\/www.comicalia.com\/shonen\/47176-dr-stone-21-9788418963544.html\"><img data-recalc-dims=\"1\" loading=\"lazy\" decoding=\"async\" class=\"replace-2x img-responsive\" title=\"DR. STONE 21\" src=\"https:\/\/i0.wp.com\/www.comicalia.com\/44800-home_default\/dr-stone-21.jpg?resize=250%2C250&#038;ssl=1\" alt=\"DR. STONE 21\" width=\"250\" height=\"250\" \/><\/a><\/div>\n<\/div>\n<div class=\"right-block\">\n<h5><a class=\"product-name\" title=\"DR. STONE 21\" href=\"https:\/\/www.comicalia.com\/shonen\/47176-dr-stone-21-9788418963544.html\">DR. STONE 21<\/a><\/h5>\n<div class=\"content_price\"><span class=\"price product-price\">8,00 \u20ac<\/span><\/div>\n<\/div>\n<\/div>\n<p class=\"right-block\"><br \/><br \/><\/p>\n<\/div>\n<div class=\"product-container\">\n<div class=\"product-image-container\"><a class=\"product_img_link\" title=\"HANAKO-KUN, EL FANTASMA DEL LAVABO 08\" href=\"https:\/\/www.comicalia.com\/shonen\/47180-hanako-kun-el-fantasma-del-lavabo-08-9788418963551.html\"><img data-recalc-dims=\"1\" loading=\"lazy\" decoding=\"async\" class=\"replace-2x img-responsive\" title=\"HANAKO-KUN, EL FANTASMA DEL LAVABO 08\" src=\"https:\/\/i0.wp.com\/www.comicalia.com\/44806-home_default\/hanako-kun-el-fantasma-del-lavabo-08.jpg?resize=250%2C250&#038;ssl=1\" alt=\"HANAKO-KUN, EL FANTASMA DEL LAVABO 08\" width=\"250\" height=\"250\" \/><\/a><\/div>\n<h5><a class=\"product-name\" title=\"HANAKO-KUN, EL FANTASMA DEL LAVABO 08\" href=\"https:\/\/www.comicalia.com\/shonen\/47180-hanako-kun-el-fantasma-del-lavabo-08-9788418963551.html\">HANAKO-KUN, EL FANTASMA DEL LAVABO 08<\/a><\/h5>\n<div class=\"content_price\"><span class=\"price product-price\">8,50 \u20ac<\/span><\/div>\n<div class=\"color-list-container\">\u00a0<\/div>\n<\/div>\n<div class=\"product-container\">\n<div class=\"product-image-container\"><a class=\"product_img_link\" title=\"JOJO'S BIZARRE ADVENTURE PARTE 3: STARDUST CRUSADERS 01\" href=\"https:\/\/www.comicalia.com\/shonen\/47183-jojo-s-bizarre-adventure-parte-3-stardust-crusaders-01-9788417292867.html\"><img data-recalc-dims=\"1\" loading=\"lazy\" decoding=\"async\" class=\"replace-2x img-responsive\" title=\"JOJO'S BIZARRE ADVENTURE PARTE 3: STARDUST CRUSADERS 01\" src=\"https:\/\/i0.wp.com\/www.comicalia.com\/44809-home_default\/jojo-s-bizarre-adventure-parte-3-stardust-crusaders-01.jpg?resize=250%2C250&#038;ssl=1\" alt=\"JOJO'S BIZARRE ADVENTURE PARTE 3: STARDUST CRUSADERS 01\" width=\"250\" height=\"250\" \/><\/a><\/div>\n<p><a class=\"product-name\" title=\"JOJO'S BIZARRE ADVENTURE PARTE 3: STARDUST CRUSADERS 01\" href=\"https:\/\/www.comicalia.com\/shonen\/47183-jojo-s-bizarre-adventure-parte-3-stardust-crusaders-01-9788417292867.html\">JOJO&#8217;S BIZARRE ADVENTURE PARTE 3: STARDUST&#8230;<\/a><\/p>\n<span class=\"price product-price\">12,00 \u20ac<br \/><br \/><br \/><\/span><\/div>\n<h4 class=\"right-block\"><span class=\"availability\"><span class=\" label-success\"><br \/><br \/>PANINI\/MARVEL<br \/><br \/><\/span><\/span><\/h4>\n<\/div>\n<div class=\"product-container\">\n<div class=\"left-block\">\n<div class=\"product-image-container\"><a class=\"product_img_link\" title=\"SPIDERWOMAN 02: RABIA CIEGA\" href=\"https:\/\/www.comicalia.com\/superheroes-marvel\/47195-spiderwoman-02-rabia-ciega-9788411010269.html\"><img data-recalc-dims=\"1\" loading=\"lazy\" decoding=\"async\" class=\"replace-2x img-responsive\" title=\"SPIDERWOMAN 02: RABIA CIEGA\" src=\"https:\/\/i0.wp.com\/www.comicalia.com\/44820-home_default\/spiderwoman-02-rabia-ciega.jpg?resize=250%2C250&#038;ssl=1\" alt=\"SPIDERWOMAN 02: RABIA CIEGA\" width=\"250\" height=\"250\" \/><\/a><\/div>\n<\/div>\n<div class=\"right-block\">\n<h5><a class=\"product-name\" title=\"SPIDERWOMAN 02: RABIA CIEGA\" href=\"https:\/\/www.comicalia.com\/superheroes-marvel\/47195-spiderwoman-02-rabia-ciega-9788411010269.html\">SPIDERWOMAN 02: RABIA CIEGA<\/a><\/h5>\n<div class=\"content_price\"><span class=\"price product-price\">13,00 \u20ac<\/span><\/div>\n<\/div>\n<\/div>\n<div>\u00a0<\/div>\n<div>\u00a0<\/div>\n<div class=\"content_sortPagiBar\">\n<div class=\"top-pagination-content clearfix\">\n<div class=\"product-count\">\u00a0<\/div>\n<\/div>\n<\/div>\n<div class=\"product-container\">\n<div class=\"left-block\">\n<div class=\"product-image-container\"><a class=\"product_img_link\" title=\"HEROES REBORN: COMPENDIO 01\" href=\"https:\/\/www.comicalia.com\/superheroes-marvel\/47182-heroes-reborn-compendio-01-9788411010368.html\"><img data-recalc-dims=\"1\" loading=\"lazy\" decoding=\"async\" class=\"replace-2x img-responsive\" title=\"HEROES REBORN: COMPENDIO 01\" src=\"https:\/\/i0.wp.com\/www.comicalia.com\/44808-home_default\/heroes-reborn-compendio-01.jpg?resize=250%2C250&#038;ssl=1\" alt=\"HEROES REBORN: COMPENDIO 01\" width=\"250\" height=\"250\" \/><\/a><\/div>\n<\/div>\n<div class=\"right-block\">\n<h5><a class=\"product-name\" title=\"HEROES REBORN: COMPENDIO 01\" href=\"https:\/\/www.comicalia.com\/superheroes-marvel\/47182-heroes-reborn-compendio-01-9788411010368.html\">HEROES REBORN: COMPENDIO 01<\/a><\/h5>\n<div class=\"content_price\"><span class=\"price product-price\">16,50 \u20ac<\/span><\/div>\n<div class=\"color-list-container\">\u00a0<\/div>\n<\/div>\n<\/div>\n<div class=\"product-container\">\n<div class=\"left-block\">\n<div class=\"product-image-container\"><a class=\"product_img_link\" title=\"MARVEL ACTION. SPIDERMAN 05. SHOCK DEL SISTEMA\" href=\"https:\/\/www.comicalia.com\/superheroes-marvel\/47185-marvel-action-spiderman-05-shock-del-sistema-9788411010122.html\"><img data-recalc-dims=\"1\" loading=\"lazy\" decoding=\"async\" class=\"replace-2x img-responsive\" title=\"MARVEL ACTION. SPIDERMAN 05. SHOCK DEL SISTEMA\" src=\"https:\/\/i0.wp.com\/www.comicalia.com\/44811-home_default\/marvel-action-spiderman-05-shock-del-sistema.jpg?resize=250%2C250&#038;ssl=1\" alt=\"MARVEL ACTION. SPIDERMAN 05. SHOCK DEL SISTEMA\" width=\"250\" height=\"250\" \/><\/a><\/div>\n<\/div>\n<div class=\"right-block\">\n<h5><a class=\"product-name\" title=\"MARVEL ACTION. SPIDERMAN 05. SHOCK DEL SISTEMA\" href=\"https:\/\/www.comicalia.com\/superheroes-marvel\/47185-marvel-action-spiderman-05-shock-del-sistema-9788411010122.html\">MARVEL ACTION. SPIDERMAN 05. SHOCK DEL&#8230;<\/a><\/h5>\n<div class=\"content_price\"><span class=\"price product-price\">11,95 \u20ac<\/span><\/div>\n<div class=\"color-list-container\">\u00a0<\/div>\n<\/div>\n<\/div>\n<div class=\"product-container\">\n<div class=\"left-block\">\n<div class=\"product-image-container\"><a class=\"product_img_link\" title=\"EL ASOMBROSO SPIDERMAN 38 (187)\" href=\"https:\/\/www.comicalia.com\/superheroes-marvel\/47177-el-asombroso-spiderman-38-187-9770005339009.html\"><img data-recalc-dims=\"1\" loading=\"lazy\" decoding=\"async\" class=\"replace-2x img-responsive\" title=\"EL ASOMBROSO SPIDERMAN 38 (187)\" src=\"https:\/\/i0.wp.com\/www.comicalia.com\/44801-home_default\/el-asombroso-spiderman-38-187.jpg?resize=250%2C250&#038;ssl=1\" alt=\"EL ASOMBROSO SPIDERMAN 38 (187)\" width=\"250\" height=\"250\" \/><\/a><\/div>\n<\/div>\n<div class=\"right-block\">\n<h5><a class=\"product-name\" title=\"EL ASOMBROSO SPIDERMAN 38 (187)\" href=\"https:\/\/www.comicalia.com\/superheroes-marvel\/47177-el-asombroso-spiderman-38-187-9770005339009.html\">EL ASOMBROSO SPIDERMAN 38 (187)<\/a><\/h5>\n<div class=\"content_price\"><span class=\"price product-price\">5,90 \u20ac<\/span><\/div>\n<div class=\"color-list-container\">\u00a0<\/div>\n<\/div>\n<\/div>\n<div class=\"product-container\">\n<div class=\"right-block\">\n<div class=\"color-list-container\">\u00a0<\/div>\n<\/div>\n<\/div>\n<div class=\"product-container\">\n<div class=\"left-block\">\n<div class=\"product-image-container\"><a class=\"product_img_link\" title=\"MARVEL MUST-HAVE. LOS NUEVOS VENGADORES 01. FUGA\" href=\"https:\/\/www.comicalia.com\/superheroes-marvel\/47186-marvel-must-have-los-nuevos-vengadores-01-fuga-9788413349756.html\"><img data-recalc-dims=\"1\" loading=\"lazy\" decoding=\"async\" class=\"replace-2x img-responsive\" title=\"MARVEL MUST-HAVE. LOS NUEVOS VENGADORES 01. FUGA\" src=\"https:\/\/i0.wp.com\/www.comicalia.com\/44812-home_default\/marvel-must-have-los-nuevos-vengadores-01-fuga.jpg?resize=250%2C250&#038;ssl=1\" alt=\"MARVEL MUST-HAVE. LOS NUEVOS VENGADORES 01. FUGA\" width=\"250\" height=\"250\" \/><\/a><\/div>\n<\/div>\n<div class=\"right-block\">\n<h5><a class=\"product-name\" title=\"MARVEL MUST-HAVE. LOS NUEVOS VENGADORES 01. FUGA\" href=\"https:\/\/www.comicalia.com\/superheroes-marvel\/47186-marvel-must-have-los-nuevos-vengadores-01-fuga-9788413349756.html\">MARVEL MUST-HAVE. LOS NUEVOS VENGADORES&#8230;<\/a><\/h5>\n<div class=\"content_price\"><span class=\"price product-price\">15,00 \u20ac<\/span><\/div>\n<div class=\"color-list-container\">\u00a0<\/div>\n<br \/><br \/><\/div>\n<\/div>\n<div class=\"product-container\">\n<div class=\"left-block\">\n<div class=\"product-image-container\"><a class=\"product_img_link\" title=\"MARVEL SCHOLASTIC. MILES MORALES SHOCK WAVES\" href=\"https:\/\/www.comicalia.com\/superheroes-marvel\/47188-marvel-scholastic-miles-morales-shock-waves-9788413349732.html\"><img data-recalc-dims=\"1\" loading=\"lazy\" decoding=\"async\" class=\"replace-2x img-responsive\" title=\"MARVEL SCHOLASTIC. MILES MORALES SHOCK WAVES\" src=\"https:\/\/i0.wp.com\/www.comicalia.com\/44814-home_default\/marvel-scholastic-miles-morales-shock-waves.jpg?resize=250%2C250&#038;ssl=1\" alt=\"MARVEL SCHOLASTIC. MILES MORALES SHOCK WAVES\" width=\"250\" height=\"250\" \/><\/a><\/div>\n<\/div>\n<div class=\"right-block\">\n<h5><a class=\"product-name\" title=\"MARVEL SCHOLASTIC. MILES MORALES SHOCK WAVES\" href=\"https:\/\/www.comicalia.com\/superheroes-marvel\/47188-marvel-scholastic-miles-morales-shock-waves-9788413349732.html\">MARVEL SCHOLASTIC. MILES MORALES SHOCK WAVES<\/a><\/h5>\n<div class=\"content_price\"><span class=\"price product-price\">14,96 \u20ac<\/span><\/div>\n<div class=\"color-list-container\">\u00a0<\/div>\n<\/div>\n<\/div>\n<div class=\"product-container\">\n<div class=\"left-block\">\n<div class=\"product-image-container\"><a class=\"product_img_link\" title=\"MARVEL YOUNG ADULTS. SPIDERMAN AMA A MARY JANE 02. LA CUESTION INESPERADA\" href=\"https:\/\/www.comicalia.com\/superheroes-marvel\/47190-marvel-young-adults-spiderman-ama-a-mary-jane-02-la-cuestion-inesperada-9788411010498.html\"><img data-recalc-dims=\"1\" loading=\"lazy\" decoding=\"async\" class=\"replace-2x img-responsive\" title=\"MARVEL YOUNG ADULTS. SPIDERMAN AMA A MARY JANE 02. LA CUESTION INESPERADA\" src=\"https:\/\/i0.wp.com\/www.comicalia.com\/44816-home_default\/marvel-young-adults-spiderman-ama-a-mary-jane-02-la-cuestion-inesperada.jpg?resize=250%2C250&#038;ssl=1\" alt=\"MARVEL YOUNG ADULTS. SPIDERMAN AMA A MARY JANE 02. LA CUESTION INESPERADA\" width=\"250\" height=\"250\" \/><\/a><\/div>\n<\/div>\n<div class=\"right-block\">\n<h5><a class=\"product-name\" title=\"MARVEL YOUNG ADULTS. SPIDERMAN AMA A MARY JANE 02. LA CUESTION INESPERADA\" href=\"https:\/\/www.comicalia.com\/superheroes-marvel\/47190-marvel-young-adults-spiderman-ama-a-mary-jane-02-la-cuestion-inesperada-9788411010498.html\">MARVEL YOUNG ADULTS. SPIDERMAN AMA A MARY&#8230;<\/a><\/h5>\n<div class=\"content_price\"><span class=\"price product-price\">11,95 \u20ac<\/span><\/div>\n<\/div>\n<\/div>\n<div class=\"content_sortPagiBar\">\n<div class=\"top-pagination-content clearfix\">\n<div class=\"product-count\"><br \/><br \/><br \/>\n<div class=\"product-container\">\n<div class=\"right-block\">\n<div class=\"color-list-container\">\u00a0<\/div>\n<\/div>\n<\/div>\n<div class=\"product-container\">\n<div class=\"left-block\">\n<div class=\"product-image-container\"><a class=\"product_img_link\" title=\"HEROES REBORN 02 DE 05\" href=\"https:\/\/www.comicalia.com\/superheroes-marvel\/47181-heroes-reborn-02-de-05-9770005621005.html\"><img data-recalc-dims=\"1\" loading=\"lazy\" decoding=\"async\" class=\"replace-2x img-responsive\" title=\"HEROES REBORN 02 DE 05\" src=\"https:\/\/i0.wp.com\/www.comicalia.com\/44807-home_default\/heroes-reborn-02-de-05.jpg?resize=250%2C250&#038;ssl=1\" alt=\"HEROES REBORN 02 DE 05\" width=\"250\" height=\"250\" \/><\/a><\/div>\n<\/div>\n<div class=\"right-block\">\n<h5><a class=\"product-name\" title=\"HEROES REBORN 02 DE 05\" href=\"https:\/\/www.comicalia.com\/superheroes-marvel\/47181-heroes-reborn-02-de-05-9770005621005.html\">HEROES REBORN 02 DE 05<\/a><\/h5>\n<div class=\"content_price\"><span class=\"price product-price\">6,90 \u20ac<\/span><\/div>\n<div class=\"color-list-container\">\u00a0<\/div>\n<\/div>\n<\/div>\n<div class=\"product-container\">\n<div class=\"left-block\">\n<div class=\"product-image-container\"><a class=\"product_img_link\" title=\"LOS DEFENSORES. LOS HOMBRES CABEZA (MARVEL LIMITED EDITION)\" href=\"https:\/\/www.comicalia.com\/superheroes-marvel\/47184-los-defensores-los-hombres-cabeza-marvel-limited-edition-9788416986996.html\"><img data-recalc-dims=\"1\" loading=\"lazy\" decoding=\"async\" class=\"replace-2x img-responsive\" title=\"LOS DEFENSORES. LOS HOMBRES CABEZA (MARVEL LIMITED EDITION)\" src=\"https:\/\/i0.wp.com\/www.comicalia.com\/44810-home_default\/los-defensores-los-hombres-cabeza-marvel-limited-edition.jpg?resize=250%2C250&#038;ssl=1\" alt=\"LOS DEFENSORES. LOS HOMBRES CABEZA (MARVEL LIMITED EDITION)\" width=\"250\" height=\"250\" \/><\/a><\/div>\n<\/div>\n<div class=\"right-block\">\n<h5><a class=\"product-name\" title=\"LOS DEFENSORES. LOS HOMBRES CABEZA (MARVEL LIMITED EDITION)\" href=\"https:\/\/www.comicalia.com\/superheroes-marvel\/47184-los-defensores-los-hombres-cabeza-marvel-limited-edition-9788416986996.html\">LOS DEFENSORES. LOS HOMBRES CABEZA (MARVEL&#8230;<\/a><\/h5>\n<div class=\"content_price\"><span class=\"price product-price\">42,95 \u20ac<\/span><\/div>\n<div class=\"color-list-container\">\u00a0<\/div>\n<\/div>\n<\/div>\n<div class=\"product-container\">\n<div class=\"left-block\">\n<div class=\"product-image-container\"><a class=\"product_img_link\" title=\"MARVEL MUST-HAVE. ULTIMATE SPIDERMAN. PODER Y RESPONSABILIDAD\" href=\"https:\/\/www.comicalia.com\/superheroes-marvel\/47187-marvel-must-have-ultimate-spiderman-poder-y-responsabilidad-9788411010047.html\"><img data-recalc-dims=\"1\" loading=\"lazy\" decoding=\"async\" class=\"replace-2x img-responsive\" title=\"MARVEL MUST-HAVE. ULTIMATE SPIDERMAN. PODER Y RESPONSABILIDAD\" src=\"https:\/\/i0.wp.com\/www.comicalia.com\/44813-home_default\/marvel-must-have-ultimate-spiderman-poder-y-responsabilidad.jpg?resize=250%2C250&#038;ssl=1\" alt=\"MARVEL MUST-HAVE. ULTIMATE SPIDERMAN. PODER Y RESPONSABILIDAD\" width=\"250\" height=\"250\" \/><\/a><\/div>\n<\/div>\n<div class=\"right-block\">\n<h5><a class=\"product-name\" title=\"MARVEL MUST-HAVE. ULTIMATE SPIDERMAN. PODER Y RESPONSABILIDAD\" href=\"https:\/\/www.comicalia.com\/superheroes-marvel\/47187-marvel-must-have-ultimate-spiderman-poder-y-responsabilidad-9788411010047.html\">MARVEL MUST-HAVE. ULTIMATE SPIDERMAN&#8230;.<\/a><\/h5>\n<div class=\"content_price\"><span class=\"price product-price\">15,00 \u20ac<\/span><\/div>\n<div class=\"color-list-container\">\u00a0<\/div>\n<\/div>\n<\/div>\n<div class=\"product-container\">\n<div class=\"left-block\">\n<div class=\"product-image-container\"><a class=\"product_img_link\" title=\"MARVEL YOUNG ADULTS. MAPACHE COHETE Y GROOT 01 BROTES VERDES\" href=\"https:\/\/www.comicalia.com\/superheroes-marvel\/47189-marvel-young-adults-mapache-cohete-y-groot-01-brotes-verdes-9788411010108.html\"><img data-recalc-dims=\"1\" loading=\"lazy\" decoding=\"async\" class=\"replace-2x img-responsive\" title=\"MARVEL YOUNG ADULTS. MAPACHE COHETE Y GROOT 01 BROTES VERDES\" src=\"https:\/\/i0.wp.com\/www.comicalia.com\/44815-home_default\/marvel-young-adults-mapache-cohete-y-groot-01-brotes-verdes.jpg?resize=250%2C250&#038;ssl=1\" alt=\"MARVEL YOUNG ADULTS. MAPACHE COHETE Y GROOT 01 BROTES VERDES\" width=\"250\" height=\"250\" \/><\/a><\/div>\n<\/div>\n<div class=\"right-block\">\n<h5><a class=\"product-name\" title=\"MARVEL YOUNG ADULTS. MAPACHE COHETE Y GROOT 01 BROTES VERDES\" href=\"https:\/\/www.comicalia.com\/superheroes-marvel\/47189-marvel-young-adults-mapache-cohete-y-groot-01-brotes-verdes-9788411010108.html\">MARVEL YOUNG ADULTS. MAPACHE COHETE Y&#8230;<\/a><\/h5>\n<div class=\"content_price\"><span class=\"price product-price\">11,95 \u20ac<\/span><\/div>\n<div class=\"color-list-container\">\u00a0<\/div>\n<br \/>\n<div class=\"product-container\">\n<div class=\"right-block\">\u00a0<\/div>\n<\/div>\n<div class=\"product-container\">\n<div class=\"left-block\">\n<div class=\"product-image-container\"><a class=\"product_img_link\" title=\"GATA NEGRA 03: LA REINA DE NEGRO\" href=\"https:\/\/www.comicalia.com\/superheroes-marvel\/47179-gata-negra-03-la-reina-de-negro-9788411010252.html\"><img data-recalc-dims=\"1\" loading=\"lazy\" decoding=\"async\" class=\"replace-2x img-responsive\" title=\"GATA NEGRA 03: LA REINA DE NEGRO\" src=\"https:\/\/i0.wp.com\/www.comicalia.com\/44803-home_default\/gata-negra-03-la-reina-de-negro.jpg?resize=250%2C250&#038;ssl=1\" alt=\"GATA NEGRA 03: LA REINA DE NEGRO\" width=\"250\" height=\"250\" \/><\/a><\/div>\n<\/div>\n<div class=\"right-block\">\n<h5><a class=\"product-name\" title=\"GATA NEGRA 03: LA REINA DE NEGRO\" href=\"https:\/\/www.comicalia.com\/superheroes-marvel\/47179-gata-negra-03-la-reina-de-negro-9788411010252.html\">GATA NEGRA 03: LA REINA DE NEGRO<\/a><\/h5>\n<div class=\"content_price\"><span class=\"price product-price\">16,00 \u20ac<\/span><\/div>\n<\/div>\n<\/div>\n<p>\u00a0<\/p>\n<div class=\"product-container\">\n<div class=\"left-block\">\n<div class=\"product-image-container\"><a class=\"product_img_link\" title=\"ACADEMIA X 02. X-PUESTOS\" href=\"https:\/\/www.comicalia.com\/superheroes-marvel\/47174-academia-x-02-x-puestos-9788411010467.html\"><img data-recalc-dims=\"1\" loading=\"lazy\" decoding=\"async\" class=\"replace-2x img-responsive\" title=\"ACADEMIA X 02. X-PUESTOS\" src=\"https:\/\/i0.wp.com\/www.comicalia.com\/44798-home_default\/academia-x-02-x-puestos.jpg?resize=250%2C250&#038;ssl=1\" alt=\"ACADEMIA X 02. X-PUESTOS\" width=\"250\" height=\"250\" \/><\/a><\/div>\n<\/div>\n<div class=\"right-block\">\n<h5><a class=\"product-name\" title=\"ACADEMIA X 02. X-PUESTOS\" href=\"https:\/\/www.comicalia.com\/superheroes-marvel\/47174-academia-x-02-x-puestos-9788411010467.html\">ACADEMIA X 02. X-PUESTOS<\/a><\/h5>\n<div class=\"content_price\"><span class=\"price product-price\">32,00 \u20ac<\/span><\/div>\n<\/div>\n<\/div>\n<\/div>\n<\/div>\n<\/div>\n<h4 class=\"product-count\"><br \/><br \/>LA C\u00daPULA<br \/><br \/><br \/><\/h4>\n<\/div>\n<\/div>\n<div class=\"product-container\">\n<div class=\"left-block\">\n<div class=\"product-image-container\"><a class=\"product_img_link\" title=\"EL ESPIRITU DEL BOSQUE\" href=\"https:\/\/www.comicalia.com\/all\/47178-el-espiritu-del-bosque-9788417442934.html\"><img data-recalc-dims=\"1\" loading=\"lazy\" decoding=\"async\" class=\"replace-2x img-responsive\" title=\"EL ESPIRITU DEL BOSQUE\" src=\"https:\/\/i0.wp.com\/www.comicalia.com\/44802-home_default\/el-espiritu-del-bosque.jpg?resize=250%2C250&#038;ssl=1\" alt=\"EL ESPIRITU DEL BOSQUE\" width=\"250\" height=\"250\" \/><\/a><\/div>\n<\/div>\n<div class=\"right-block\">\n<h5><a class=\"product-name\" title=\"EL ESPIRITU DEL BOSQUE\" href=\"https:\/\/www.comicalia.com\/all\/47178-el-espiritu-del-bosque-9788417442934.html\">EL ESPIRITU DEL BOSQUE<\/a><\/h5>\n<div class=\"content_price\"><span class=\"price product-price\">21,00 \u20ac<\/span><\/div>\n<\/div>\n<\/div>\n<div class=\"product-container\">\n<div class=\"right-block\">\n<div class=\"product-container\">\n<div class=\"right-block\">\n<div class=\"content_price\">\u00a0<\/div>\n<\/div>\n<\/div>\n<\/div>\n<div>\u00a0<\/div>\n<h4>DOLMEN ED<br \/><br \/><\/h4>\n<div>\n<div class=\"product-container\">\n<div class=\"right-block\">\u00a0<\/div>\n<\/div>\n<div class=\"product-container\">\n<div class=\"left-block\">\n<div class=\"product-image-container\"><a class=\"product_img_link\" title=\"CINE DE VERANO\" href=\"https:\/\/www.comicalia.com\/comic-de-autor\/47175-cine-de-verano-9788418898105.html\"><img data-recalc-dims=\"1\" loading=\"lazy\" decoding=\"async\" class=\"replace-2x img-responsive\" title=\"CINE DE VERANO\" src=\"https:\/\/i0.wp.com\/www.comicalia.com\/44799-home_default\/cine-de-verano.jpg?resize=250%2C250&#038;ssl=1\" alt=\"CINE DE VERANO\" width=\"250\" height=\"250\" \/><\/a><\/div>\n<\/div>\n<div class=\"right-block\">\n<h5><a class=\"product-name\" title=\"CINE DE VERANO\" href=\"https:\/\/www.comicalia.com\/comic-de-autor\/47175-cine-de-verano-9788418898105.html\">CINE DE VERANO<\/a><\/h5>\n<div class=\"content_price\"><span class=\"price product-price\">19,90 \u20ac<\/span><\/div>\n<\/div>\n<\/div>\n<\/div>\n<div>\u00a0<\/div>\n<div>\u00a0<\/div>\n<\/div>\n<div>\n<div class=\"product-container\">\n<div class=\"right-block\">\u00a0<\/div>\n<\/div>\n<div class=\"product-container\">\n<div class=\"left-block\">\n<div class=\"product-image-container\"><a class=\"product_img_link\" title=\"TERRY Y LOS PIRATAS: 1940 - 1941\" href=\"https:\/\/www.comicalia.com\/fantasia-otros-mundos\/47197-terry-y-los-piratas-1940-1941-9788418898082.html\"><img data-recalc-dims=\"1\" loading=\"lazy\" decoding=\"async\" class=\"replace-2x img-responsive\" title=\"TERRY Y LOS PIRATAS: 1940 - 1941\" src=\"https:\/\/i0.wp.com\/www.comicalia.com\/44822-home_default\/terry-y-los-piratas-1940-1941.jpg?resize=250%2C250&#038;ssl=1\" alt=\"TERRY Y LOS PIRATAS: 1940 - 1941\" width=\"250\" height=\"250\" \/><\/a><\/div>\n<\/div>\n<div class=\"right-block\">\n<h5><a class=\"product-name\" title=\"TERRY Y LOS PIRATAS: 1940 - 1941\" href=\"https:\/\/www.comicalia.com\/fantasia-otros-mundos\/47197-terry-y-los-piratas-1940-1941-9788418898082.html\">TERRY Y LOS PIRATAS: 1940 &#8211; 1941<\/a><\/h5>\n<\/div>\n<\/div>\n<div class=\"content_sortPagiBar\">\n<div class=\"top-pagination-content clearfix\">\n<div class=\"product-count\"><span class=\"price product-price\">29,90 \u20ac<\/span><\/div>\n<\/div>\n<\/div>\n<\/div>\n<div>\u00a0<\/div>\n<div>\n<div class=\"product-container\">\n<h4 class=\"right-block\"><span class=\"availability\"><span class=\" label-success\">NUEVO NUEVE<br \/><br \/><br \/><\/span><\/span><\/h4>\n<\/div>\n<div class=\"product-container\">\n<div class=\"left-block\">\n<div class=\"product-image-container\"><a class=\"product_img_link\" title=\"SOBRA UN AUTOR DE C\u00d3MIC\" href=\"https:\/\/www.comicalia.com\/bd-nueva-ola\/47198-sobra-un-autor-de-comic-9788417989712.html\"><img data-recalc-dims=\"1\" loading=\"lazy\" decoding=\"async\" class=\"replace-2x img-responsive\" title=\"SOBRA UN AUTOR DE C\u00d3MIC\" src=\"https:\/\/i0.wp.com\/www.comicalia.com\/44792-home_default\/sobra-un-autor-de-comic.jpg?resize=250%2C250&#038;ssl=1\" alt=\"SOBRA UN AUTOR DE C\u00d3MIC\" width=\"250\" height=\"250\" \/><\/a><\/div>\n<\/div>\n<div class=\"right-block\">\n<h5><a class=\"product-name\" title=\"SOBRA UN AUTOR DE C\u00d3MIC\" href=\"https:\/\/www.comicalia.com\/bd-nueva-ola\/47198-sobra-un-autor-de-comic-9788417989712.html\">SOBRA UN AUTOR DE C\u00d3MIC<\/a><\/h5>\n<div class=\"content_price\"><span class=\"price product-price\">20,00 \u20ac<\/span><\/div>\n<\/div>\n<\/div>\n<\/div>\n<div>\u00a0<\/div>\n<div class=\"product-container\">\n<h4 class=\"right-block\"><br \/><br \/>M\u00c1S NOVEDADES EDITORIALES Y REEDICIONES CON DEMANDA<br \/><br \/><br \/><\/h4>\n<\/div>\n<div class=\"product-container\">\n<div class=\"left-block\">\n<div class=\"product-image-container\"><a class=\"product_img_link\" title=\"49\u00aa BRIGADA MIXTA. CRONICA DE UN SOLDADO\" href=\"https:\/\/www.comicalia.com\/bd-aventura\/47173-49-brigada-mixta-cronica-de-un-soldado-9788409331093.html\"><img data-recalc-dims=\"1\" loading=\"lazy\" decoding=\"async\" class=\"replace-2x img-responsive\" title=\"49\u00aa BRIGADA MIXTA. CRONICA DE UN SOLDADO\" src=\"https:\/\/i0.wp.com\/www.comicalia.com\/44797-home_default\/49-brigada-mixta-cronica-de-un-soldado.jpg?resize=250%2C250&#038;ssl=1\" alt=\"49\u00aa BRIGADA MIXTA. CRONICA DE UN SOLDADO\" width=\"250\" height=\"250\" \/><\/a><\/div>\n<\/div>\n<div class=\"right-block\">\n<h5><a class=\"product-name\" title=\"49\u00aa BRIGADA MIXTA. CRONICA DE UN SOLDADO\" href=\"https:\/\/www.comicalia.com\/bd-aventura\/47173-49-brigada-mixta-cronica-de-un-soldado-9788409331093.html\">49\u00aa BRIGADA MIXTA. CRONICA DE UN SOLDADO<\/a><\/h5>\n<div class=\"content_price\"><span class=\"price product-price\">18,00 \u20ac<\/span><\/div>\n<div class=\"color-list-container\">\u00a0<\/div>\n<\/div>\n<\/div>\n<div class=\"product-container\">\u00a0<\/div>\n<div class=\"product-container\">\u00a0<\/div>\n<div class=\"content_sortPagiBar\">\n<div class=\"top-pagination-content clearfix\">\n<div class=\"product-count\">\u00a0<\/div>\n<\/div>\n<\/div>\n<div class=\"product-container\">\n<div class=\"left-block\">\n<div class=\"product-image-container\"><a class=\"product_img_link\" title=\"RELATOS TERROR\u00cdFICOS\" href=\"https:\/\/www.comicalia.com\/manga-seinen\/47201-relatos-terrorificos-9788417419844.html\"><img data-recalc-dims=\"1\" loading=\"lazy\" decoding=\"async\" class=\"replace-2x img-responsive\" title=\"RELATOS TERROR\u00cdFICOS\" src=\"https:\/\/i0.wp.com\/www.comicalia.com\/44793-home_default\/relatos-terrorificos.jpg?resize=250%2C250&#038;ssl=1\" alt=\"RELATOS TERROR\u00cdFICOS\" width=\"250\" height=\"250\" \/><\/a><\/div>\n<\/div>\n<div class=\"right-block\">\n<h5><a class=\"product-name\" title=\"RELATOS TERROR\u00cdFICOS\" href=\"https:\/\/www.comicalia.com\/manga-seinen\/47201-relatos-terrorificos-9788417419844.html\">RELATOS TERROR\u00cdFICOS<\/a><\/h5>\n<div class=\"content_price\"><span class=\"price product-price\">15,00 \u20ac<\/span><\/div>\n<div class=\"color-list-container\">\u00a0<\/div>\n<\/div>\n<\/div>\n<div class=\"product-container\">\n<div class=\"left-block\">\n<div class=\"product-image-container\"><a class=\"product_img_link\" title=\"EL HOMBRE QUE R\u00cdE\" href=\"https:\/\/www.comicalia.com\/fantasia-otros-mundos\/47200-el-hombre-que-rie-9788409324699.html\"><img data-recalc-dims=\"1\" loading=\"lazy\" decoding=\"async\" class=\"replace-2x img-responsive\" title=\"EL HOMBRE QUE R\u00cdE\" src=\"https:\/\/i0.wp.com\/www.comicalia.com\/44791-home_default\/el-hombre-que-rie.jpg?resize=250%2C250&#038;ssl=1\" alt=\"EL HOMBRE QUE R\u00cdE\" width=\"250\" height=\"250\" \/><\/a><\/div>\n<\/div>\n<div class=\"right-block\">\n<h5><a class=\"product-name\" title=\"EL HOMBRE QUE R\u00cdE\" href=\"https:\/\/www.comicalia.com\/fantasia-otros-mundos\/47200-el-hombre-que-rie-9788409324699.html\">EL HOMBRE QUE R\u00cdE<\/a><\/h5>\n<div class=\"content_price\"><span class=\"price product-price\">22,00 \u20ac<\/span><\/div>\n<div class=\"color-list-container\">\u00a0<\/div>\n<\/div>\n<\/div>\n<div class=\"product-container\">\u00a0<\/div>\n<div class=\"product-container\">\n<div class=\"right-block\">\n<div class=\"content_price\">\u00a0<\/div>\n<div class=\"color-list-container\">\u00a0<\/div>\n<\/div>\n<\/div>\n<div class=\"product-container\">\n<div class=\"left-block\">\n<div class=\"product-image-container\"><a class=\"product_img_link\" title=\"STAR TREK PICARD. COUNTDOWN\" href=\"https:\/\/www.comicalia.com\/fantasia-otros-mundos\/47196-star-trek-picard-countdown-9788412169263.html\"><img data-recalc-dims=\"1\" loading=\"lazy\" decoding=\"async\" class=\"replace-2x img-responsive\" title=\"STAR TREK PICARD. COUNTDOWN\" src=\"https:\/\/i0.wp.com\/www.comicalia.com\/44821-home_default\/star-trek-picard-countdown.jpg?resize=250%2C250&#038;ssl=1\" alt=\"STAR TREK PICARD. COUNTDOWN\" width=\"250\" height=\"250\" \/><\/a><\/div>\n<\/div>\n<div class=\"right-block\">\n<h5><a class=\"product-name\" title=\"STAR TREK PICARD. COUNTDOWN\" href=\"https:\/\/www.comicalia.com\/fantasia-otros-mundos\/47196-star-trek-picard-countdown-9788412169263.html\">STAR TREK PICARD. COUNTDOWN<\/a><\/h5>\n<div class=\"content_price\"><span class=\"price product-price\">13,95 \u20ac<\/span><\/div>\n<div class=\"color-list-container\">\u00a0<\/div>\n<br \/><br \/><\/div>\n<\/div>\n<div class=\"product-container\">\n<div class=\"left-block\">\n<div class=\"product-image-container\"><a class=\"product_img_link\" title=\"Planeta Manga: Jap\u00f3n: De estudiante a mangaka (novela ligera)\" href=\"https:\/\/www.comicalia.com\/narrativa\/47209-planeta-manga-japon-de-estudiante-a-mangaka-novela-ligera-9788413415949.html\"><img data-recalc-dims=\"1\" loading=\"lazy\" decoding=\"async\" class=\"replace-2x img-responsive\" title=\"Planeta Manga: Jap\u00f3n: De estudiante a mangaka (novela ligera)\" src=\"https:\/\/i0.wp.com\/www.comicalia.com\/44825-home_default\/planeta-manga-japon-de-estudiante-a-mangaka-novela-ligera.jpg?resize=250%2C250&#038;ssl=1\" alt=\"Planeta Manga: Jap\u00f3n: De estudiante a mangaka (novela ligera)\" width=\"250\" height=\"250\" \/><\/a><\/div>\n<\/div>\n<div class=\"right-block\">\n<h5><a class=\"product-name\" title=\"Planeta Manga: Jap\u00f3n: De estudiante a mangaka (novela ligera)\" href=\"https:\/\/www.comicalia.com\/narrativa\/47209-planeta-manga-japon-de-estudiante-a-mangaka-novela-ligera-9788413415949.html\">Planeta Manga: Jap\u00f3n: De estudiante a&#8230;<\/a><\/h5>\n<div class=\"content_price\"><span class=\"price product-price\">18,95 \u20ac<\/span><\/div>\n<div class=\"color-list-container\">\u00a0<\/div>\n<\/div>\n<\/div>\n<div class=\"product-container\">\n<div class=\"left-block\">\n<div class=\"product-image-container\"><a class=\"product_img_link\" title=\"GEMMA BOVERY\" href=\"https:\/\/www.comicalia.com\/comic-de-autor\/47208-gemma-bovery-9788418347283.html\"><img data-recalc-dims=\"1\" loading=\"lazy\" decoding=\"async\" class=\"replace-2x img-responsive\" title=\"GEMMA BOVERY\" src=\"https:\/\/i0.wp.com\/www.comicalia.com\/44824-home_default\/gemma-bovery.jpg?resize=250%2C250&#038;ssl=1\" alt=\"GEMMA BOVERY\" width=\"250\" height=\"250\" \/><\/a><\/div>\n<\/div>\n<div class=\"right-block\">\n<h5><a class=\"product-name\" title=\"GEMMA BOVERY\" href=\"https:\/\/www.comicalia.com\/comic-de-autor\/47208-gemma-bovery-9788418347283.html\">GEMMA BOVERY<\/a><\/h5>\n<div class=\"content_price\"><span class=\"price product-price\">20,00 \u20ac<\/span><\/div>\n<div class=\"color-list-container\">\u00a0<\/div>\n<\/div>\n<\/div>\n<div class=\"product-container\">\n<div class=\"left-block\">\n<div class=\"product-image-container\"><a class=\"product_img_link\" title=\"VERNON SUBUTEX. PRIMERA PARTE\" href=\"https:\/\/www.comicalia.com\/bd-nueva-ola\/47207-vernon-subutex-primera-parte-9788418347818.html\"><img data-recalc-dims=\"1\" loading=\"lazy\" decoding=\"async\" class=\"replace-2x img-responsive\" title=\"VERNON SUBUTEX. PRIMERA PARTE\" src=\"https:\/\/i0.wp.com\/www.comicalia.com\/44823-home_default\/vernon-subutex-primera-parte.jpg?resize=250%2C250&#038;ssl=1\" alt=\"VERNON SUBUTEX. PRIMERA PARTE\" width=\"250\" height=\"250\" \/><\/a><\/div>\n<\/div>\n<div class=\"right-block\">\n<h5><a class=\"product-name\" title=\"VERNON SUBUTEX. PRIMERA PARTE\" href=\"https:\/\/www.comicalia.com\/bd-nueva-ola\/47207-vernon-subutex-primera-parte-9788418347818.html\">VERNON SUBUTEX. PRIMERA PARTE<\/a><\/h5>\n<div class=\"content_price\"><span class=\"price product-price\">32,00 \u20ac<\/span><\/div>\n<div class=\"color-list-container\">\u00a0<\/div>\n<\/div>\n<\/div>\n<div class=\"product-container\">\n<div class=\"right-block\">\n<div class=\"content_price\">\u00a0<\/div>\n<div class=\"color-list-container\">\u00a0<\/div>\n<\/div>\n<\/div>\n<div class=\"product-container\">\n<div class=\"right-block\"><span class=\"availability\"><span class=\"label-danger\"><br \/><\/span><\/span><a class=\"product_img_link\" title=\"SOLO. MUNDO CANIBAL\" href=\"https:\/\/www.comicalia.com\/bd-aventura\/47204-solo-mundo-canibal-9788412328066.html\"><img data-recalc-dims=\"1\" loading=\"lazy\" decoding=\"async\" class=\"replace-2x img-responsive\" title=\"SOLO. MUNDO CANIBAL\" src=\"https:\/\/i0.wp.com\/www.comicalia.com\/44796-home_default\/solo-mundo-canibal.jpg?resize=250%2C250&#038;ssl=1\" alt=\"SOLO. MUNDO CANIBAL\" width=\"250\" height=\"250\" \/><\/a><\/div>\n<div class=\"right-block\">\n<h5><a class=\"product-name\" title=\"SOLO. MUNDO CANIBAL\" href=\"https:\/\/www.comicalia.com\/bd-aventura\/47204-solo-mundo-canibal-9788412328066.html\">SOLO. MUNDO CANIBAL<\/a><\/h5>\n<div class=\"content_price\"><span class=\"price product-price\">26,00 \u20ac<\/span><\/div>\n<div class=\"color-list-container\">\u00a0<\/div>\n<\/div>\n<div class=\"left-block\">\n<div class=\"product-image-container\"><a class=\"product_img_link\" title=\"CENIT (ABRIGADITOS n\u00ba01)\" href=\"https:\/\/www.comicalia.com\/bd-nueva-ola\/47203-cenit-abrigaditos-n01-9788492615339.html\"><img data-recalc-dims=\"1\" loading=\"lazy\" decoding=\"async\" class=\"replace-2x img-responsive\" title=\"CENIT (ABRIGADITOS n\u00ba01)\" src=\"https:\/\/i0.wp.com\/www.comicalia.com\/44795-home_default\/cenit-abrigaditos-n01.jpg?resize=250%2C250&#038;ssl=1\" alt=\"CENIT (ABRIGADITOS n\u00ba01)\" width=\"250\" height=\"250\" \/><\/a><\/div>\n<\/div>\n<div class=\"right-block\">\n<h5><a class=\"product-name\" title=\"CENIT (ABRIGADITOS n\u00ba01)\" href=\"https:\/\/www.comicalia.com\/bd-nueva-ola\/47203-cenit-abrigaditos-n01-9788492615339.html\">CENIT (ABRIGADITOS n\u00ba01)<\/a><\/h5>\n<div class=\"content_price\"><span class=\"price product-price\">16,90 \u20ac<\/span><\/div>\n<div class=\"color-list-container\">\u00a0<\/div>\n<\/div>\n<\/div>\n\n\n<p><\/p>\n\n\n\n<p><\/p>\n","protected":false},"excerpt":{"rendered":"<p>Recuerda que estamos en la caseta 39 de la Feria del Libro de Madrid y este fin de semana tendremos m\u00e1s firmas de autores TOP. <a class=\"read-more-link\" href=\"https:\/\/www.atomcomics.net\/blog\/2021\/09\/16\/novedades-en-tienda-y-en-feria\/\">(seguir leyendo)<\/a><\/p>\n","protected":false},"author":1,"featured_media":13540,"comment_status":"closed","ping_status":"open","sticky":false,"template":"","format":"standard","meta":{"jetpack_post_was_ever_published":false,"_jetpack_newsletter_access":"","_jetpack_dont_email_post_to_subs":false,"_jetpack_newsletter_tier_id":0,"_jetpack_memberships_contains_paywalled_content":false,"_jetpack_memberships_contains_paid_content":false,"footnotes":"","jetpack_publicize_message":"","jetpack_publicize_feature_enabled":true,"jetpack_social_post_already_shared":true,"jetpack_social_options":{"image_generator_settings":{"template":"highway","default_image_id":0,"font":"","enabled":false},"version":2}},"categories":[3,1],"tags":[424,484,485,487,341,338,486,402,365,482,483],"class_list":["post-13535","post","type-post","status-publish","format-standard","has-post-thumbnail","hentry","category-novedades","category-uncategorized","tag-astiberri","tag-calendario-tintin","tag-dolmen-ed","tag-la-cupula-ed","tag-manga","tag-marvel-comics","tag-nuevo-nueve-editorial","tag-panini-comics","tag-shonen","tag-tintin","tag-zephyrum"],"jetpack_publicize_connections":[],"jetpack_featured_media_url":"https:\/\/i0.wp.com\/www.atomcomics.net\/blog\/wp-content\/uploads\/0F041944-0E59-4643-88EC-ADE1B3E9EF4A-copia.jpeg?fit=1900%2C1152&ssl=1","jetpack_shortlink":"https:\/\/wp.me\/p53Ua-3wj","jetpack-related-posts":[{"id":7136,"url":"https:\/\/www.atomcomics.net\/blog\/2014\/04\/30\/novedad-batman-y-tintin\/","url_meta":{"origin":13535,"position":0},"title":"Novedad: Batman y Tint\u00edn ;)","author":"ATOM COMICS","date":"30, abril, 2014","format":false,"excerpt":"ECC BATMAN N\u00daM. 25\u00a04,50 \u20ac ZEPHYRUM Peluche Mil\u00fa Flexible 50 cm.\u00a045,00 \u20ac Figura Tint\u00edn \"El Loto Azul\"\u00a030,00 \u20ac Resina Fetiche Arumbaya (Tint\u00edn)\u00a0165,00 \u20ac","rel":"","context":"En \u00abNovedades\u00bb","block_context":{"text":"Novedades","link":"https:\/\/www.atomcomics.net\/blog\/category\/novedades\/"},"img":{"alt_text":"","src":"https:\/\/i0.wp.com\/www.atomcomics.net\/blog\/wp-content\/uploads\/figura-tintin-el-loto-azul.jpg?fit=600%2C600&ssl=1&resize=350%2C200","width":350,"height":200,"srcset":"https:\/\/i0.wp.com\/www.atomcomics.net\/blog\/wp-content\/uploads\/figura-tintin-el-loto-azul.jpg?fit=600%2C600&ssl=1&resize=350%2C200 1x, https:\/\/i0.wp.com\/www.atomcomics.net\/blog\/wp-content\/uploads\/figura-tintin-el-loto-azul.jpg?fit=600%2C600&ssl=1&resize=525%2C300 1.5x"},"classes":[]},{"id":9100,"url":"https:\/\/www.atomcomics.net\/blog\/2016\/09\/02\/novedad-el-cohete-no-viene-solo\/","url_meta":{"origin":13535,"position":1},"title":"Novedad: El cohete no viene solo","author":"ATOM COMICS","date":"2, septiembre, 2016","format":false,"excerpt":"ZEPHYRUM\/TINT\u00cdN Resina Dupont ba\u00f1ista\u00a019,95 \u20ac Resina Haddock con botella vac\u00eda\u00a019,95 \u20ac Herg\u00e9. le feuilleton integral -...80,00 \u20ac RESINA COHETE DE 30 cm.119,00 \u20ac","rel":"","context":"En \u00abNovedades\u00bb","block_context":{"text":"Novedades","link":"https:\/\/www.atomcomics.net\/blog\/category\/novedades\/"},"img":{"alt_text":"Resina Dupont ba\u00f1ista ","src":"https:\/\/i0.wp.com\/www.comicalia.com\/23566-large\/resina-dupont-banista-.jpg?resize=350%2C200","width":350,"height":200},"classes":[]},{"id":10989,"url":"https:\/\/www.atomcomics.net\/blog\/2018\/05\/28\/atom-goya-cierra-los-martes-durante-la-feria-del-libro\/","url_meta":{"origin":13535,"position":2},"title":"Atom Goya cierra los martes durante la Feria del Libro","author":"ATOM COMICS","date":"28, mayo, 2018","format":false,"excerpt":"Nota informativa sobre la log\u00edstica de Atom durante la Feria del Libro de Madrid. Seguimos un a\u00f1o m\u00e1s en la Feria\u00a0, del 25 de Mayo al 10 de Junio en la Caseta 50, y debido a esto, los martes tendremos cerrada nuestra tienda en Fern\u00e1n Gonz\u00e1lez 14 (Zona de Goya)\u2026","rel":"","context":"En \u00abcomic\u00bb","block_context":{"text":"comic","link":"https:\/\/www.atomcomics.net\/blog\/tag\/comic\/"},"img":{"alt_text":"","src":"https:\/\/i0.wp.com\/www.atomcomics.net\/blog\/wp-content\/uploads\/feria-libro-madrid-retiro-1024x504.jpg?fit=1024%2C504&ssl=1&resize=350%2C200","width":350,"height":200,"srcset":"https:\/\/i0.wp.com\/www.atomcomics.net\/blog\/wp-content\/uploads\/feria-libro-madrid-retiro-1024x504.jpg?fit=1024%2C504&ssl=1&resize=350%2C200 1x, https:\/\/i0.wp.com\/www.atomcomics.net\/blog\/wp-content\/uploads\/feria-libro-madrid-retiro-1024x504.jpg?fit=1024%2C504&ssl=1&resize=525%2C300 1.5x, https:\/\/i0.wp.com\/www.atomcomics.net\/blog\/wp-content\/uploads\/feria-libro-madrid-retiro-1024x504.jpg?fit=1024%2C504&ssl=1&resize=700%2C400 2x"},"classes":[]},{"id":8801,"url":"https:\/\/www.atomcomics.net\/blog\/2016\/05\/24\/firmas-en-caseta-85-feria-del-libro\/","url_meta":{"origin":13535,"position":3},"title":"Firmas en caseta 85 Feria del Libro","author":"ATOM COMICS","date":"24, mayo, 2016","format":false,"excerpt":"Os anunciamos las primeras firmas que tendremos en nuestra caseta de la Feria del Libro de Madrid. Caseta 85. S\u00e1bado 28 de Mayo 11:30 a 12:30\u00a0Jaime Mart\u00ednez - Roman Ritual 12:30 a 14:00\u00a0Gerardo Vilches - El gui\u00f3n del c\u00f3mic 18:30 a 20:00\u00a0Carla Berrocal - Epigraf\u00edas Domingo 29 de Mayo 12:00\u2026","rel":"","context":"Entrada similar","block_context":{"text":"Entrada similar","link":""},"img":{"alt_text":"","src":"https:\/\/i0.wp.com\/www.comicalia.com\/22159-large\/roman-ritual.jpg?resize=350%2C200","width":350,"height":200},"classes":[]},{"id":14408,"url":"https:\/\/www.atomcomics.net\/blog\/2023\/05\/19\/firmas-feria-del-libro-de-madrid\/","url_meta":{"origin":13535,"position":4},"title":"Firmas Feria del Libro de Madrid","author":"ATOM COMICS","date":"19, mayo, 2023","format":false,"excerpt":"La Feria del Libro de Madrid tendr\u00e1, un a\u00f1o m\u00e1s, presencia de Atom C\u00f3mics; esta vez en la caseta n\u00famero 81. Y un a\u00f1o m\u00e1s tendremos firmas para todo tipo de gustos y lectores.\u00a0 Os ponemos a continuaci\u00f3n el listado de los invitados en nuestra caseta. A todos ellos\/as les\u2026","rel":"","context":"Entrada similar","block_context":{"text":"Entrada similar","link":""},"img":{"alt_text":"","src":"https:\/\/i0.wp.com\/www.atomcomics.net\/blog\/wp-content\/uploads\/firmas_en_la_Feria_del_Libro_de.png?fit=1200%2C233&ssl=1&resize=350%2C200","width":350,"height":200,"srcset":"https:\/\/i0.wp.com\/www.atomcomics.net\/blog\/wp-content\/uploads\/firmas_en_la_Feria_del_Libro_de.png?fit=1200%2C233&ssl=1&resize=350%2C200 1x, https:\/\/i0.wp.com\/www.atomcomics.net\/blog\/wp-content\/uploads\/firmas_en_la_Feria_del_Libro_de.png?fit=1200%2C233&ssl=1&resize=525%2C300 1.5x, https:\/\/i0.wp.com\/www.atomcomics.net\/blog\/wp-content\/uploads\/firmas_en_la_Feria_del_Libro_de.png?fit=1200%2C233&ssl=1&resize=700%2C400 2x, https:\/\/i0.wp.com\/www.atomcomics.net\/blog\/wp-content\/uploads\/firmas_en_la_Feria_del_Libro_de.png?fit=1200%2C233&ssl=1&resize=1050%2C600 3x"},"classes":[]},{"id":8722,"url":"https:\/\/www.atomcomics.net\/blog\/2016\/04\/12\/novedad-libro-ilustrado-milu-brooks-y-mas\/","url_meta":{"origin":13535,"position":5},"title":"Novedad: Libro ilustrado, Mil\u00fa, Brooks y m\u00e1s","author":"ATOM COMICS","date":"12, abril, 2016","format":false,"excerpt":"LIBROS DEL ZORRO ROJO Madre entre el sol y la noche\u00a014,90 \u20ac Freud\u00a019,90 \u20ac BLACKIE BOOKS Hurra\u00a019,00 \u20ac FULGENCIO PIMENTEL SEMILLAS DE MONSTRUO\u00a017,95 \u20ac T\u00da VAS SOLO A CUALQUIER PARTE\u00a019,00 \u20ac PONENT MON KOGARATSU INTEGRAL\u00a042,00 \u20ac FELGUERA AGENTE PROVOCADOR (A WILD THING...\u00a013,00 \u20ac DIBBUKS STED EST\u00c1 AQU\u00cd - PACK\u00a015,00 \u20ac\u2026","rel":"","context":"En \u00abNovedades\u00bb","block_context":{"text":"Novedades","link":"https:\/\/www.atomcomics.net\/blog\/category\/novedades\/"},"img":{"alt_text":" Madre entre el d\u00eda y lanoche","src":"https:\/\/i0.wp.com\/www.comicalia.com\/22039-large\/-madre-entre-el-dia-y-lanoche.jpg?resize=350%2C200","width":350,"height":200},"classes":[]}],"jetpack_sharing_enabled":true,"_links":{"self":[{"href":"https:\/\/www.atomcomics.net\/blog\/wp-json\/wp\/v2\/posts\/13535","targetHints":{"allow":["GET"]}}],"collection":[{"href":"https:\/\/www.atomcomics.net\/blog\/wp-json\/wp\/v2\/posts"}],"about":[{"href":"https:\/\/www.atomcomics.net\/blog\/wp-json\/wp\/v2\/types\/post"}],"author":[{"embeddable":true,"href":"https:\/\/www.atomcomics.net\/blog\/wp-json\/wp\/v2\/users\/1"}],"replies":[{"embeddable":true,"href":"https:\/\/www.atomcomics.net\/blog\/wp-json\/wp\/v2\/comments?post=13535"}],"version-history":[{"count":4,"href":"https:\/\/www.atomcomics.net\/blog\/wp-json\/wp\/v2\/posts\/13535\/revisions"}],"predecessor-version":[{"id":13541,"href":"https:\/\/www.atomcomics.net\/blog\/wp-json\/wp\/v2\/posts\/13535\/revisions\/13541"}],"wp:featuredmedia":[{"embeddable":true,"href":"https:\/\/www.atomcomics.net\/blog\/wp-json\/wp\/v2\/media\/13540"}],"wp:attachment":[{"href":"https:\/\/www.atomcomics.net\/blog\/wp-json\/wp\/v2\/media?parent=13535"}],"wp:term":[{"taxonomy":"category","embeddable":true,"href":"https:\/\/www.atomcomics.net\/blog\/wp-json\/wp\/v2\/categories?post=13535"},{"taxonomy":"post_tag","embeddable":true,"href":"https:\/\/www.atomcomics.net\/blog\/wp-json\/wp\/v2\/tags?post=13535"}],"curies":[{"name":"wp","href":"https:\/\/api.w.org\/{rel}","templated":true}]}}