{"id":142,"date":"2005-11-14T16:00:00","date_gmt":"2005-11-14T23:00:00","guid":{"rendered":"http:\/\/www.atom.foxgame.org\/?p=142"},"modified":"2005-11-14T16:00:00","modified_gmt":"2005-11-14T23:00:00","slug":"marvel-vs-dc-quienes-tienen-mejores-villanos","status":"publish","type":"post","link":"https:\/\/www.atomcomics.net\/blog\/2005\/11\/14\/marvel-vs-dc-quienes-tienen-mejores-villanos\/","title":{"rendered":"Marvel vs. DC, qui\u00e9nes tienen mejores villanos"},"content":{"rendered":"<p><a href=\"https:\/\/i0.wp.com\/comicsmedia.ign.com\/comics\/image\/article\/666\/666073\/marvel-vs-dc-the-villains-20051111062014495.jpg\"><img data-recalc-dims=\"1\" decoding=\"async\" src=\"https:\/\/i0.wp.com\/comicsmedia.ign.com\/comics\/image\/article\/666\/666073\/marvel-vs-dc-the-villains-20051111062014495.jpg\" alt=\"\" border=\"0\" \/><\/a>IGN nos entretiene con otro cachondo art\u00edculo que <a href=\"http:\/\/comics.ign.com\/articles\/666\/666073p1.html\">compara a los malos de ambos universos<\/a>, buscando qui\u00e9n es mejor, o mejor dicho, que malos son m\u00e1s molones, o deber\u00edamos decir m\u00e1s MALOnes. A mi el resultado final no me sorprende, \u00bfy a vosotros?. <\/p>\n","protected":false},"excerpt":{"rendered":"<p>IGN nos entretiene con otro cachondo art\u00edculo que compara a los malos de ambos universos, buscando qui\u00e9n es mejor, o mejor dicho, que malos son m\u00e1s molones, o deber\u00edamos decir m\u00e1s MALOnes. A mi el&hellip; <a class=\"read-more-link\" href=\"https:\/\/www.atomcomics.net\/blog\/2005\/11\/14\/marvel-vs-dc-quienes-tienen-mejores-villanos\/\">(seguir leyendo)<\/a><\/p>\n","protected":false},"author":1,"featured_media":9921,"comment_status":"open","ping_status":"open","sticky":false,"template":"","format":"standard","meta":{"jetpack_post_was_ever_published":false,"_jetpack_newsletter_access":"","_jetpack_dont_email_post_to_subs":false,"_jetpack_newsletter_tier_id":0,"_jetpack_memberships_contains_paywalled_content":false,"_jetpack_memberships_contains_paid_content":false,"footnotes":"","jetpack_publicize_message":"","jetpack_publicize_feature_enabled":true,"jetpack_social_post_already_shared":false,"jetpack_social_options":{"image_generator_settings":{"template":"highway","default_image_id":0,"font":"","enabled":false},"version":2}},"categories":[1],"tags":[],"class_list":["post-142","post","type-post","status-publish","format-standard","has-post-thumbnail","hentry","category-uncategorized"],"jetpack_publicize_connections":[],"jetpack_featured_media_url":"https:\/\/i0.wp.com\/www.atomcomics.net\/blog\/wp-content\/uploads\/logonegro.png?fit=473%2C191&ssl=1","jetpack_shortlink":"https:\/\/wp.me\/p53Ua-2i","jetpack-related-posts":[{"id":14733,"url":"https:\/\/www.atomcomics.net\/blog\/2024\/11\/07\/presentacion-malos-tragos\/","url_meta":{"origin":142,"position":0},"title":"Presentaci\u00f3n Malos Tragos","author":"ATOM COMICS","date":"7, noviembre, 2024","format":false,"excerpt":"El pr\u00f3ximo s\u00e1bado 9 a las 16h contaremos en Atom Luna con los autores Angux y Rom\u00e1n L\u00f3pez-Cabrera para presentar su nueva obra: Malos Tragos Os recordamos que todo el fin de semana tendremos un mont\u00f3n de firmas, charlas, presentaciones, talleres con motivo de Los Profesionales. El encuentro entre autores\u2026","rel":"","context":"En \u00abNoticias\u00bb","block_context":{"text":"Noticias","link":"https:\/\/www.atomcomics.net\/blog\/category\/noticias\/"},"img":{"alt_text":"","src":"https:\/\/i0.wp.com\/www.atomcomics.net\/blog\/wp-content\/uploads\/bannermalostragos-1.png?fit=900%2C298&ssl=1&resize=350%2C200","width":350,"height":200,"srcset":"https:\/\/i0.wp.com\/www.atomcomics.net\/blog\/wp-content\/uploads\/bannermalostragos-1.png?fit=900%2C298&ssl=1&resize=350%2C200 1x, https:\/\/i0.wp.com\/www.atomcomics.net\/blog\/wp-content\/uploads\/bannermalostragos-1.png?fit=900%2C298&ssl=1&resize=525%2C300 1.5x, https:\/\/i0.wp.com\/www.atomcomics.net\/blog\/wp-content\/uploads\/bannermalostragos-1.png?fit=900%2C298&ssl=1&resize=700%2C400 2x"},"classes":[]},{"id":1009,"url":"https:\/\/www.atomcomics.net\/blog\/2008\/04\/01\/comunicado-error-en-la-edicion-de-36-39-malos-tiempos-2\/","url_meta":{"origin":142,"position":1},"title":"Comunicado: Error en la edici\u00f3n de 36-39 Malos Tiempos #2","author":"ATOM COMICS","date":"1, abril, 2008","format":false,"excerpt":"Glenat informa: Lamentamos informar que la primera edici\u00f3n de la novedad \u201c36-39. Malos tiempos n\u00ba2 tiene 2 p\u00e1ginas intercambiadas, las n\u00ba32 y 33 de nuestra paginaci\u00f3n.Estamos corrigiendo el error y la nueva edici\u00f3n estar\u00e1 disponible en un plazo de 3 semanas.Todos aquellos que lo dese\u00e9is, podr\u00e9is cambiar vuestro ejemplar con\u2026","rel":"","context":"Entrada similar","block_context":{"text":"Entrada similar","link":""},"img":{"alt_text":"","src":"","width":0,"height":0},"classes":[]},{"id":8598,"url":"https:\/\/www.atomcomics.net\/blog\/2016\/03\/01\/novedad-casas-aventuras-asesinos-y-malos-companeros\/","url_meta":{"origin":142,"position":2},"title":"Novedad: Casas, aventuras, asesinos y malos compa\u00f1eros","author":"ATOM COMICS","date":"1, marzo, 2016","format":false,"excerpt":"ALPHA DECAY \u00a0y \u00a0P\u00c1LIDO FUEGO La casa de hojas\u00a027,90 \u20ac PONENT MON EL MERCENARIO VOL. 8\u00a018,00 \u20ac BERNARD PRINCE INTEGRAL 3\u00a038,00 \u20ac DIBBUKS LA C\u00d3LERA DE FANTOMAS 3\u00a016,00 \u20ac SON\u00a014,00 \u20ac A BUEN PASO UN JARD\u00cdN\u00a014,00 \u20ac ERRATA NATURAE EL COMPA\u00d1ERO DE PISO DE MIERDA\u00a017,50 \u20ac","rel":"","context":"En \u00abNovedades\u00bb","block_context":{"text":"Novedades","link":"https:\/\/www.atomcomics.net\/blog\/category\/novedades\/"},"img":{"alt_text":"LA CASA DE HOJAS","src":"https:\/\/i0.wp.com\/www.comicalia.com\/21475-large\/la-casa-de-hojas.jpg?resize=350%2C200","width":350,"height":200},"classes":[]},{"id":9024,"url":"https:\/\/www.atomcomics.net\/blog\/2016\/07\/20\/novedad-harley-siempre-cuenta-chistes\/","url_meta":{"origin":142,"position":3},"title":"Novedad: Harley siempre cuenta chistes","author":"ATOM COMICS","date":"20, julio, 2016","format":false,"excerpt":"ECC COLECCI\u00d3N NOVELAS GR\u00c1FICAS N\u00daM....12,99 \u20ac","rel":"","context":"En \u00abNovedades\u00bb","block_context":{"text":"Novedades","link":"https:\/\/www.atomcomics.net\/blog\/category\/novedades\/"},"img":{"alt_text":"COLECCI\u00d3N NOVELAS GR\u00c1FICAS N\u00daM. 09: HARLEY QUINN: PRELUDIOS Y CHISTES MALOS","src":"https:\/\/i0.wp.com\/www.comicalia.com\/23254-large\/coleccion-novelas-graficas-num-09-harley-quinn-preludios-y-chistes-malos.jpg?resize=350%2C200","width":350,"height":200},"classes":[]},{"id":112,"url":"https:\/\/www.atomcomics.net\/blog\/2005\/10\/04\/villanos-para-spiderman-3-hagan-apuestas\/","url_meta":{"origin":142,"position":4},"title":"Villanos para Spiderman 3&#8230; hagan apuestas","author":"ATOM COMICS","date":"4, octubre, 2005","format":false,"excerpt":"Se ha dicho mucho sobre los malos de la peli de Spidey 3, parec\u00eda casi asegurado que iban a ser tres: Sandman, El Duende y Venom... pero nunca ha habido confirmaci\u00f3n oficial. Y con todo este foll\u00f3n montado, en la web oficial de la pel\u00edcula van y nos ofrecen, decir\u2026","rel":"","context":"Entrada similar","block_context":{"text":"Entrada similar","link":""},"img":{"alt_text":"","src":"","width":0,"height":0},"classes":[]},{"id":949,"url":"https:\/\/www.atomcomics.net\/blog\/2007\/12\/20\/novedad-allred-en-solo\/","url_meta":{"origin":142,"position":5},"title":"Novedad: Allred en SOLO, Dolmen, Glenat y m\u00e1s","author":"ATOM COMICS","date":"20, diciembre, 2007","format":false,"excerpt":"Edito la entrada con m\u00e1s novedades de hoy:\u00a0 DOLMEN Eros Comix #75 - 3,50\u20ac El Juego Lugubre - 15\u20ac El Martin Pescador - 24\u20ac Vlade - 2,50\u20ac GLENAT Los Cuentos del Tio Pablo (Carlos Gimenez) - 15\u20ac 36-39 Malos Tiempos #1 (Carlos Gimenez) - 15\u20ac En su serie de libros\u2026","rel":"","context":"En \u00abNovedades\u00bb","block_context":{"text":"Novedades","link":"https:\/\/www.atomcomics.net\/blog\/category\/novedades\/"},"img":{"alt_text":"","src":"https:\/\/i0.wp.com\/i62.photobucket.com\/albums\/h108\/atomcomics\/barra-1-1.jpg?resize=350%2C200","width":350,"height":200},"classes":[]}],"jetpack_sharing_enabled":true,"_links":{"self":[{"href":"https:\/\/www.atomcomics.net\/blog\/wp-json\/wp\/v2\/posts\/142","targetHints":{"allow":["GET"]}}],"collection":[{"href":"https:\/\/www.atomcomics.net\/blog\/wp-json\/wp\/v2\/posts"}],"about":[{"href":"https:\/\/www.atomcomics.net\/blog\/wp-json\/wp\/v2\/types\/post"}],"author":[{"embeddable":true,"href":"https:\/\/www.atomcomics.net\/blog\/wp-json\/wp\/v2\/users\/1"}],"replies":[{"embeddable":true,"href":"https:\/\/www.atomcomics.net\/blog\/wp-json\/wp\/v2\/comments?post=142"}],"version-history":[{"count":0,"href":"https:\/\/www.atomcomics.net\/blog\/wp-json\/wp\/v2\/posts\/142\/revisions"}],"wp:featuredmedia":[{"embeddable":true,"href":"https:\/\/www.atomcomics.net\/blog\/wp-json\/wp\/v2\/media\/9921"}],"wp:attachment":[{"href":"https:\/\/www.atomcomics.net\/blog\/wp-json\/wp\/v2\/media?parent=142"}],"wp:term":[{"taxonomy":"category","embeddable":true,"href":"https:\/\/www.atomcomics.net\/blog\/wp-json\/wp\/v2\/categories?post=142"},{"taxonomy":"post_tag","embeddable":true,"href":"https:\/\/www.atomcomics.net\/blog\/wp-json\/wp\/v2\/tags?post=142"}],"curies":[{"name":"wp","href":"https:\/\/api.w.org\/{rel}","templated":true}]}}