{"id":143,"date":"2005-11-17T13:46:00","date_gmt":"2005-11-17T20:46:00","guid":{"rendered":"http:\/\/www.atom.foxgame.org\/?p=143"},"modified":"2005-11-17T13:46:00","modified_gmt":"2005-11-17T20:46:00","slug":"exposicion-de-mariana-chiesa-en-el-espacio-sins-entido","status":"publish","type":"post","link":"https:\/\/www.atomcomics.net\/blog\/2005\/11\/17\/exposicion-de-mariana-chiesa-en-el-espacio-sins-entido\/","title":{"rendered":"EXPOSICI\u00d3N DE MARIANA CHIESA EN EL ESPACIO SINS ENTIDO"},"content":{"rendered":"<p><a href=\"https:\/\/i0.wp.com\/www.atomcomics.net\/uploaded_images\/mariana_chiesa_web-756390.jpg\"><img data-recalc-dims=\"1\" decoding=\"async\" src=\"https:\/\/i0.wp.com\/www.atomcomics.net\/uploaded_images\/mariana_chiesa_web-755166.jpg\" alt=\"\" border=\"0\" \/><\/a><\/p>\n","protected":false},"excerpt":{"rendered":"","protected":false},"author":1,"featured_media":9921,"comment_status":"open","ping_status":"open","sticky":false,"template":"","format":"standard","meta":{"jetpack_post_was_ever_published":false,"_jetpack_newsletter_access":"","_jetpack_dont_email_post_to_subs":false,"_jetpack_newsletter_tier_id":0,"_jetpack_memberships_contains_paywalled_content":false,"_jetpack_memberships_contains_paid_content":false,"footnotes":"","jetpack_publicize_message":"","jetpack_publicize_feature_enabled":true,"jetpack_social_post_already_shared":false,"jetpack_social_options":{"image_generator_settings":{"template":"highway","default_image_id":0,"font":"","enabled":false},"version":2}},"categories":[1],"tags":[],"class_list":["post-143","post","type-post","status-publish","format-standard","has-post-thumbnail","hentry","category-uncategorized"],"jetpack_publicize_connections":[],"jetpack_featured_media_url":"https:\/\/i0.wp.com\/www.atomcomics.net\/blog\/wp-content\/uploads\/logonegro.png?fit=473%2C191&ssl=1","jetpack_shortlink":"https:\/\/wp.me\/p53Ua-2j","jetpack-related-posts":[{"id":108,"url":"https:\/\/www.atomcomics.net\/blog\/2005\/10\/03\/exposicion-de-pablo-auladell-en-espacio-sins-entido\/","url_meta":{"origin":143,"position":0},"title":"Exposici\u00f3n de PABLO AULADELL en Espacio Sins Entido","author":"ATOM COMICS","date":"3, octubre, 2005","format":false,"excerpt":"Los de Sins Entido se lo siguen currando, ah\u00ed va una actividad m\u00e1s: Coincidiendo con la publicaci\u00f3n de La Torre blanca, que sin duda y de momento ser\u00e1 la obra maestra de su autor: Pablo Auladell, del 27 de septiembre al 10 de octubre, el Espacio Sins Entido organiza una\u2026","rel":"","context":"Entrada similar","block_context":{"text":"Entrada similar","link":""},"img":{"alt_text":"","src":"","width":0,"height":0},"classes":[]},{"id":222,"url":"https:\/\/www.atomcomics.net\/blog\/2006\/02\/03\/guillem-cifre-en-espacio-sins-entido\/","url_meta":{"origin":143,"position":1},"title":"Guillem Cifr\u00e9 en Espacio Sins Entido","author":"ATOM COMICS","date":"3, febrero, 2006","format":false,"excerpt":"Desde Sins Entido nos anuncian su pr\u00f3xima exposici\u00f3n, en la que se mostrar\u00e1n y pondr\u00e1n a la venta gran parte de los originales del \u00e1lbum ARTF\u00d2BIA de Guillem Cifr\u00e9. Del 7 al 24 de febrero, el Espacio Sins Entido (C\/V\u00e1lgame Dios 6. madrid)","rel":"","context":"Entrada similar","block_context":{"text":"Entrada similar","link":""},"img":{"alt_text":"","src":"","width":0,"height":0},"classes":[]},{"id":27,"url":"https:\/\/www.atomcomics.net\/blog\/2005\/06\/16\/exposicion-de-rodrigo-manuel-no-esta-solo\/","url_meta":{"origin":143,"position":2},"title":"Exposici\u00f3n de RODRIGO \u00abManuel no est\u00e1 solo\u00bb","author":"ATOM COMICS","date":"16, junio, 2005","format":false,"excerpt":"El Espacio Sins Entido (c\/ V\u00e1lgame Dios, 6) nos ofrece una exposici\u00f3n sobre Rodrigo, uno de los dibujantes m\u00e1s representativos de la Movida madrile\u00f1a en la que se muestran los originales de 'Manuel', las entretelas y las otras pasiones de esta historia. Los dibujos est\u00e1n acompa\u00f1ados por la escultura con\u2026","rel":"","context":"Entrada similar","block_context":{"text":"Entrada similar","link":""},"img":{"alt_text":"","src":"","width":0,"height":0},"classes":[]},{"id":43,"url":"https:\/\/www.atomcomics.net\/blog\/2005\/06\/22\/los-elegidos-en-espacio-sins-entido\/","url_meta":{"origin":143,"position":3},"title":"Los Elegidos en Espacio Sins Entido","author":"ATOM COMICS","date":"22, junio, 2005","format":false,"excerpt":"El hombre es un negocio para el hombre Del 24 de Junio al 6 de Agosto en Espacio Sins Entido m\u00e1s info pincha aqu\u00ed y b\u00e1jate el dossier de prensa ESPACIO SINS ENTIDO C\/ V\u00e1lgame Dios, 6 28004 Madrid tlf: 0034 91 521 06 63 Fax: 0034 91 521 22\u2026","rel":"","context":"Entrada similar","block_context":{"text":"Entrada similar","link":""},"img":{"alt_text":"","src":"","width":0,"height":0},"classes":[]},{"id":399,"url":"https:\/\/www.atomcomics.net\/blog\/2006\/06\/15\/taller-de-dibujo-para-ninos-en-espacio-sins-entido\/","url_meta":{"origin":143,"position":4},"title":"Taller de dibujo para ni\u00f1os en Espacio Sins Entido","author":"ATOM COMICS","date":"15, junio, 2006","format":false,"excerpt":"Sins Entido nos informa del taller de dibujo para ni\u00f1os de edades entre 8 y 12 a\u00f1os, que les introducir\u00e1 en el conocimiento de la historia del arte impartido por Virginia Patrone. M\u00e1s informaci\u00f3n en Espacio Sins Entido.","rel":"","context":"Entrada similar","block_context":{"text":"Entrada similar","link":""},"img":{"alt_text":"","src":"","width":0,"height":0},"classes":[]},{"id":414,"url":"https:\/\/www.atomcomics.net\/blog\/2006\/06\/23\/visible-festival-cultural-de-la-felgtcogam\/","url_meta":{"origin":143,"position":5},"title":"VISIBLE festival cultural de la FELGT\/COGAM","author":"ATOM COMICS","date":"23, junio, 2006","format":false,"excerpt":"Desde Sins Entido nos informan de Visible, Festival Internacional de Cultura GLT de Madrid. Con motivo del Festival el Espacio Sins Entido realiza exposici\u00f3n, mirar cartel justo arriba. Corto y pego un extracto de la nota de prensa del Festival: VISIBLE es el festival cultural de la FELGT\/COGAM y est\u00e1\u2026","rel":"","context":"Con 4 comentarios","block_context":{"text":"Con 4 comentarios","link":"https:\/\/www.atomcomics.net\/blog\/2006\/06\/23\/visible-festival-cultural-de-la-felgtcogam\/#comments"},"img":{"alt_text":"","src":"","width":0,"height":0},"classes":[]}],"jetpack_sharing_enabled":true,"_links":{"self":[{"href":"https:\/\/www.atomcomics.net\/blog\/wp-json\/wp\/v2\/posts\/143","targetHints":{"allow":["GET"]}}],"collection":[{"href":"https:\/\/www.atomcomics.net\/blog\/wp-json\/wp\/v2\/posts"}],"about":[{"href":"https:\/\/www.atomcomics.net\/blog\/wp-json\/wp\/v2\/types\/post"}],"author":[{"embeddable":true,"href":"https:\/\/www.atomcomics.net\/blog\/wp-json\/wp\/v2\/users\/1"}],"replies":[{"embeddable":true,"href":"https:\/\/www.atomcomics.net\/blog\/wp-json\/wp\/v2\/comments?post=143"}],"version-history":[{"count":0,"href":"https:\/\/www.atomcomics.net\/blog\/wp-json\/wp\/v2\/posts\/143\/revisions"}],"wp:featuredmedia":[{"embeddable":true,"href":"https:\/\/www.atomcomics.net\/blog\/wp-json\/wp\/v2\/media\/9921"}],"wp:attachment":[{"href":"https:\/\/www.atomcomics.net\/blog\/wp-json\/wp\/v2\/media?parent=143"}],"wp:term":[{"taxonomy":"category","embeddable":true,"href":"https:\/\/www.atomcomics.net\/blog\/wp-json\/wp\/v2\/categories?post=143"},{"taxonomy":"post_tag","embeddable":true,"href":"https:\/\/www.atomcomics.net\/blog\/wp-json\/wp\/v2\/tags?post=143"}],"curies":[{"name":"wp","href":"https:\/\/api.w.org\/{rel}","templated":true}]}}