{"id":146,"date":"2005-11-17T14:17:00","date_gmt":"2005-11-17T21:17:00","guid":{"rendered":"http:\/\/www.atom.foxgame.org\/?p=146"},"modified":"2005-11-17T14:17:00","modified_gmt":"2005-11-17T21:17:00","slug":"emma-frost-en-x3","status":"publish","type":"post","link":"https:\/\/www.atomcomics.net\/blog\/2005\/11\/17\/emma-frost-en-x3\/","title":{"rendered":"Emma Frost en X3"},"content":{"rendered":"<p>Seg\u00fan informa <a href=\"http:\/\/www.xmenfilms.net\/\">xmenfilms.net<\/a>, web dedicada a las novedades de la pr\u00f3xima pel\u00edcula mutante, aunque yo esto lo s\u00e9 gracias a los simp\u00e1ticos de <a href=\"http:\/\/www.astrocitymadrid.com\/\">AstroCity<\/a> -y es que son mu majetes-, ya tenemos a un pib\u00f3n, se suma a las que ya forman parte del reparto original, para interpretar a Emma Frost. Ah\u00ed abajo la ten\u00e9is.<a href=\"https:\/\/i0.wp.com\/www.atomcomics.net\/uploaded_images\/ashley01frost-719625.jpg\"><img data-recalc-dims=\"1\" decoding=\"async\" src=\"https:\/\/i0.wp.com\/www.atomcomics.net\/uploaded_images\/ashley01frost-718463.jpg\" alt=\"\" border=\"0\" \/><\/a>La verdad, es que la chica ya luce look Emma Frost, por lo que suponemos que no se cortar\u00e1n a la hora de cortar tela para el traje.<\/p>\n","protected":false},"excerpt":{"rendered":"<p>Seg\u00fan informa xmenfilms.net, web dedicada a las novedades de la pr\u00f3xima pel\u00edcula mutante, aunque yo esto lo s\u00e9 gracias a los simp\u00e1ticos de AstroCity -y es que son mu majetes-, ya tenemos a un pib\u00f3n,&hellip; <a class=\"read-more-link\" href=\"https:\/\/www.atomcomics.net\/blog\/2005\/11\/17\/emma-frost-en-x3\/\">(seguir leyendo)<\/a><\/p>\n","protected":false},"author":1,"featured_media":9921,"comment_status":"open","ping_status":"open","sticky":false,"template":"","format":"standard","meta":{"jetpack_post_was_ever_published":false,"_jetpack_newsletter_access":"","_jetpack_dont_email_post_to_subs":false,"_jetpack_newsletter_tier_id":0,"_jetpack_memberships_contains_paywalled_content":false,"_jetpack_memberships_contains_paid_content":false,"footnotes":"","jetpack_publicize_message":"","jetpack_publicize_feature_enabled":true,"jetpack_social_post_already_shared":false,"jetpack_social_options":{"image_generator_settings":{"template":"highway","default_image_id":0,"font":"","enabled":false},"version":2}},"categories":[1],"tags":[],"class_list":["post-146","post","type-post","status-publish","format-standard","has-post-thumbnail","hentry","category-uncategorized"],"jetpack_publicize_connections":[],"jetpack_featured_media_url":"https:\/\/i0.wp.com\/www.atomcomics.net\/blog\/wp-content\/uploads\/logonegro.png?fit=473%2C191&ssl=1","jetpack_shortlink":"https:\/\/wp.me\/p53Ua-2m","jetpack-related-posts":[{"id":406,"url":"https:\/\/www.atomcomics.net\/blog\/2006\/06\/19\/resultado-encuesta-nos-encanta-el-traje-de-emma-frost-%c2%bfo-es-la-que-mas-nos-pone\/","url_meta":{"origin":146,"position":0},"title":"Resultado Encuesta: nos encanta el traje de Emma Frost (\u00bfo es la que m\u00e1s nos pone?)","author":"ATOM COMICS","date":"19, junio, 2006","format":false,"excerpt":"Parece ser que C\u00edclope no tiene ni un pelo de tonto y es que su chica se ha llevado el premio ATOM a mejor vestido, o deber\u00edamos decir a mejor no vestido. Parece ser que lo de ense\u00f1ar os mola, ya que claramente los primeros puestos los copan tarjes ligeros\u2026","rel":"","context":"Entrada similar","block_context":{"text":"Entrada similar","link":""},"img":{"alt_text":"","src":"","width":0,"height":0},"classes":[]},{"id":425,"url":"https:\/\/www.atomcomics.net\/blog\/2006\/06\/30\/noticias-de-marvel-de-aqui-y-de-alla\/","url_meta":{"origin":146,"position":1},"title":"Noticias de Marvel de aqu\u00ed y de all\u00e1","author":"ATOM COMICS","date":"30, junio, 2006","format":false,"excerpt":"Bueno bueno ya estamos otra vez aqu\u00ed, y es que parece que cada dos dias hay nuevas cosas interesantes en el mundo de Marvel (en otros mundos tambi\u00e9n, no os enfurru\u00f1eis) Despu\u00e9s de esta penosa introducci\u00f3n...All\u00e1 vamos.. -Wolverine Origins es una de las series que se deben seguir actualmente (si\u2026","rel":"","context":"En \u00abNoticias\u00bb","block_context":{"text":"Noticias","link":"https:\/\/www.atomcomics.net\/blog\/category\/noticias\/"},"img":{"alt_text":"","src":"","width":0,"height":0},"classes":[]},{"id":393,"url":"https:\/\/www.atomcomics.net\/blog\/2006\/06\/10\/peliculas-frikis-del-futuro\/","url_meta":{"origin":146,"position":2},"title":"Peliculas frikis del futuro","author":"ATOM COMICS","date":"10, junio, 2006","format":false,"excerpt":"Por la blogosfera pululan multitud de rumores conforme a peliculas posibles o a proyectos que ya se est\u00e1n desarrollando, as\u00ed que yo las aglutino todas aqu\u00ed: -Transformers: Aquellos robots que se transformaban en cualquier vehiculo inimaginable tendr\u00e1n su propia pel\u00edcula, aunque todavia nos quede alg\u00fan tiempo para verlo aqui en\u2026","rel":"","context":"En \u00abCine\u00bb","block_context":{"text":"Cine","link":"https:\/\/www.atomcomics.net\/blog\/category\/cine\/"},"img":{"alt_text":"","src":"","width":0,"height":0},"classes":[]},{"id":2239,"url":"https:\/\/www.atomcomics.net\/blog\/2010\/01\/07\/novedad-grapa-panini-taniguchi-etc\/","url_meta":{"origin":146,"position":3},"title":"Novedad: grapa panini, Taniguchi, etc.","author":"ATOM COMICS","date":"7, enero, 2010","format":false,"excerpt":"PANINI Los Poderosos Vengadores #24 - 1,95\u20ac Thunderbolts vol.2 #23 - 3,25\u20ac Thor vol.4 #22 - 2,50\u20ac Marvels: el ojo de la c\u00e1mara #1 - 3,25\u20ac Lobezno #49 - 3,70\u20ac Los Nuevos vengadores #49 - 1,95\u20ac Daredevil #47 - 2,50\u20ac Los Nuevos Cuatro Fant\u00e1sticos vol.7 #25 - 2,50\u20ac Asombroso Spiderman\u2026","rel":"","context":"Entrada similar","block_context":{"text":"Entrada similar","link":""},"img":{"alt_text":"","src":"https:\/\/i0.wp.com\/www.sddistribuciones.com\/novedades%202010\/enero\/08enero\/NEWSLETTER\/MEXMAROJO01.jpg?resize=350%2C200","width":350,"height":200},"classes":[]},{"id":1840,"url":"https:\/\/www.atomcomics.net\/blog\/2009\/06\/18\/novedad-rica-novedad\/","url_meta":{"origin":146,"position":4},"title":"Novedad: Rica novedad","author":"ATOM COMICS","date":"18, junio, 2009","format":false,"excerpt":"DOLMEN Gorka. El Viento de Odei - 19,95\u20ac Uno de los personajes m\u00e1s destacados de la producci\u00f3n espa\u00f1ola de los \u00faltimos a\u00f1os es, sin ninguna duda, Gorka. Despu\u00e9s de unas andanzas en la extinta Camale\u00f3n Editorial, vivi\u00f3 su mejor momento con la serie limitada de cuatro entregas El Viento de\u2026","rel":"","context":"En \u00abNovedades\u00bb","block_context":{"text":"Novedades","link":"https:\/\/www.atomcomics.net\/blog\/category\/novedades\/"},"img":{"alt_text":"","src":"https:\/\/i0.wp.com\/www.sddistribuciones.com\/novedades2009\/junio\/19junio\/NEWSLETTER\/DOLGORKAODE.jpg?resize=350%2C200","width":350,"height":200},"classes":[]},{"id":2203,"url":"https:\/\/www.atomcomics.net\/blog\/2009\/12\/10\/novedad-victoria-frances-mujeres-x-y-mas\/","url_meta":{"origin":146,"position":5},"title":"Novedad: Victoria Franc\u00e9s, Mujeres X y m\u00e1s","author":"ATOM COMICS","date":"10, diciembre, 2009","format":false,"excerpt":"ASTIBERRI Dark Sanctuary (Libro-Disco) - 19\u20ac Victoria Franc\u00e9s pone imagen a la m\u00fasica de Dark Sanctuary. La ilustradora valenciana y el grupo franc\u00e9s con reminiscencias g\u00f3ticas firman juntos \u201cDark Sanctuary\u201d un libro-disco que nace de la amistad y el lenguaje com\u00fan de sus autores. La dibujante Victoria Franc\u00e9s y el\u2026","rel":"","context":"En \u00abNovedades\u00bb","block_context":{"text":"Novedades","link":"https:\/\/www.atomcomics.net\/blog\/category\/novedades\/"},"img":{"alt_text":"","src":"https:\/\/i0.wp.com\/www.sddistribuciones.com\/novedades2009\/diciembre\/11diciembre\/NEWSLETTER\/ASTDARKSANC.jpg?resize=350%2C200","width":350,"height":200},"classes":[]}],"jetpack_sharing_enabled":true,"_links":{"self":[{"href":"https:\/\/www.atomcomics.net\/blog\/wp-json\/wp\/v2\/posts\/146","targetHints":{"allow":["GET"]}}],"collection":[{"href":"https:\/\/www.atomcomics.net\/blog\/wp-json\/wp\/v2\/posts"}],"about":[{"href":"https:\/\/www.atomcomics.net\/blog\/wp-json\/wp\/v2\/types\/post"}],"author":[{"embeddable":true,"href":"https:\/\/www.atomcomics.net\/blog\/wp-json\/wp\/v2\/users\/1"}],"replies":[{"embeddable":true,"href":"https:\/\/www.atomcomics.net\/blog\/wp-json\/wp\/v2\/comments?post=146"}],"version-history":[{"count":0,"href":"https:\/\/www.atomcomics.net\/blog\/wp-json\/wp\/v2\/posts\/146\/revisions"}],"wp:featuredmedia":[{"embeddable":true,"href":"https:\/\/www.atomcomics.net\/blog\/wp-json\/wp\/v2\/media\/9921"}],"wp:attachment":[{"href":"https:\/\/www.atomcomics.net\/blog\/wp-json\/wp\/v2\/media?parent=146"}],"wp:term":[{"taxonomy":"category","embeddable":true,"href":"https:\/\/www.atomcomics.net\/blog\/wp-json\/wp\/v2\/categories?post=146"},{"taxonomy":"post_tag","embeddable":true,"href":"https:\/\/www.atomcomics.net\/blog\/wp-json\/wp\/v2\/tags?post=146"}],"curies":[{"name":"wp","href":"https:\/\/api.w.org\/{rel}","templated":true}]}}