{"id":14633,"date":"2024-04-14T12:05:45","date_gmt":"2024-04-14T10:05:45","guid":{"rendered":"https:\/\/www.atomcomics.net\/blog\/?p=14633"},"modified":"2024-04-14T12:10:01","modified_gmt":"2024-04-14T10:10:01","slug":"presentacion-de-etileno-de-carmen-b-mikelarena","status":"publish","type":"post","link":"https:\/\/www.atomcomics.net\/blog\/2024\/04\/14\/presentacion-de-etileno-de-carmen-b-mikelarena\/","title":{"rendered":"Presentaci\u00f3n de Etileno de Carmen B. Mikelarena"},"content":{"rendered":"<h4>S\u00e1bado 20: Presentaci\u00f3n de Etileno de Carmen B. Mikelarena\u00a0<\/h4>\n\n\n<figure class=\"wp-block-image size-large\"><img data-recalc-dims=\"1\" loading=\"lazy\" decoding=\"async\" width=\"1200\" height=\"1199\" data-attachment-id=\"14634\" data-permalink=\"https:\/\/www.atomcomics.net\/blog\/2024\/04\/14\/presentacion-de-etileno-de-carmen-b-mikelarena\/final\/\" data-orig-file=\"https:\/\/i0.wp.com\/www.atomcomics.net\/blog\/wp-content\/uploads\/Final-scaled.jpg?fit=2560%2C2558&amp;ssl=1\" data-orig-size=\"2560,2558\" data-comments-opened=\"0\" data-image-meta=\"{&quot;aperture&quot;:&quot;0&quot;,&quot;credit&quot;:&quot;&quot;,&quot;camera&quot;:&quot;&quot;,&quot;caption&quot;:&quot;&quot;,&quot;created_timestamp&quot;:&quot;0&quot;,&quot;copyright&quot;:&quot;&quot;,&quot;focal_length&quot;:&quot;0&quot;,&quot;iso&quot;:&quot;0&quot;,&quot;shutter_speed&quot;:&quot;0&quot;,&quot;title&quot;:&quot;&quot;,&quot;orientation&quot;:&quot;0&quot;}\" data-image-title=\"Final\" data-image-description=\"\" data-image-caption=\"\" data-medium-file=\"https:\/\/i0.wp.com\/www.atomcomics.net\/blog\/wp-content\/uploads\/Final-scaled.jpg?fit=744%2C743&amp;ssl=1\" data-large-file=\"https:\/\/i0.wp.com\/www.atomcomics.net\/blog\/wp-content\/uploads\/Final-scaled.jpg?fit=1200%2C1199&amp;ssl=1\" src=\"https:\/\/i0.wp.com\/www.atomcomics.net\/blog\/wp-content\/uploads\/Final.jpg?resize=1200%2C1199&#038;ssl=1\" alt=\"\" class=\"wp-image-14634\" srcset=\"https:\/\/i0.wp.com\/www.atomcomics.net\/blog\/wp-content\/uploads\/Final-scaled.jpg?resize=1200%2C1199&amp;ssl=1 1200w, https:\/\/i0.wp.com\/www.atomcomics.net\/blog\/wp-content\/uploads\/Final-scaled.jpg?resize=744%2C743&amp;ssl=1 744w, https:\/\/i0.wp.com\/www.atomcomics.net\/blog\/wp-content\/uploads\/Final-scaled.jpg?resize=420%2C420&amp;ssl=1 420w, https:\/\/i0.wp.com\/www.atomcomics.net\/blog\/wp-content\/uploads\/Final-scaled.jpg?resize=768%2C767&amp;ssl=1 768w, https:\/\/i0.wp.com\/www.atomcomics.net\/blog\/wp-content\/uploads\/Final-scaled.jpg?resize=1536%2C1536&amp;ssl=1 1536w, https:\/\/i0.wp.com\/www.atomcomics.net\/blog\/wp-content\/uploads\/Final-scaled.jpg?resize=2048%2C2046&amp;ssl=1 2048w\" sizes=\"auto, (max-width: 1000px) 100vw, 1000px\" \/><\/figure>\n\n\n<p>Invitados est\u00e1is a la <strong>presentaci\u00f3n de Etileno<\/strong>, la primera novela gr\u00e1fica de <strong><em>Carmen B. Mikelarena<\/em><\/strong> que tendr\u00e1 lugar en <strong>Atom C\u00f3mics calle Luna 16 el s\u00e1bado 20 a las 18:30h.<\/strong><\/p>\n<p>Mikelarena que nos fascin\u00f3 con sus fanzines llega ahora con su primera obra larga para dejarnos todav\u00eda m\u00e1s flipados.\u00a0Esta obra representa un viaje hacia la desintoxicaci\u00f3n digital, entrelazando humor, melancol\u00eda y hartazgo personificados por su protagonista.<\/p>\n<p>Ejercer\u00e1n de anfitrionas Cols Comix. As\u00ed que el plan no puede ser m\u00e1s genial<\/p>\n<p>Recordad:<\/p>\n<h4 style=\"text-align: center;\"><strong>S\u00e1bado 20 de abril &#8211; 18:30h <\/strong><strong>Atom C\u00f3mics Luna 16 Madrid<\/strong><\/h4>\n<blockquote>\n<p>Cata es una aspirante a pintora adicta a las redes sociales, que sigue una rutina sembrada de procrastinaci\u00f3n. Como buena procrastinadora, exhibe varios niveles de confianza en s\u00ed misma, energ\u00eda nula y depresi\u00f3n.<a href=\"https:\/\/www.atomcomics.net\/bd-nueva-ola\/60193-etileno-9788409589289.html\"><span style=\"font-size: revert; color: initial;\"><img data-recalc-dims=\"1\" loading=\"lazy\" decoding=\"async\" data-attachment-id=\"14635\" data-permalink=\"https:\/\/www.atomcomics.net\/blog\/2024\/04\/14\/presentacion-de-etileno-de-carmen-b-mikelarena\/etileno\/\" data-orig-file=\"https:\/\/i0.wp.com\/www.atomcomics.net\/blog\/wp-content\/uploads\/etileno.png?fit=800%2C800&amp;ssl=1\" data-orig-size=\"800,800\" data-comments-opened=\"0\" data-image-meta=\"{&quot;aperture&quot;:&quot;0&quot;,&quot;credit&quot;:&quot;&quot;,&quot;camera&quot;:&quot;&quot;,&quot;caption&quot;:&quot;&quot;,&quot;created_timestamp&quot;:&quot;0&quot;,&quot;copyright&quot;:&quot;&quot;,&quot;focal_length&quot;:&quot;0&quot;,&quot;iso&quot;:&quot;0&quot;,&quot;shutter_speed&quot;:&quot;0&quot;,&quot;title&quot;:&quot;&quot;,&quot;orientation&quot;:&quot;0&quot;}\" data-image-title=\"etileno\" data-image-description=\"\" data-image-caption=\"\" data-medium-file=\"https:\/\/i0.wp.com\/www.atomcomics.net\/blog\/wp-content\/uploads\/etileno.png?fit=744%2C744&amp;ssl=1\" data-large-file=\"https:\/\/i0.wp.com\/www.atomcomics.net\/blog\/wp-content\/uploads\/etileno.png?fit=800%2C800&amp;ssl=1\" class=\" wp-image-14635 alignright\" src=\"https:\/\/i0.wp.com\/www.atomcomics.net\/blog\/wp-content\/uploads\/etileno.png?resize=465%2C465&#038;ssl=1\" alt=\"\" width=\"465\" height=\"465\" srcset=\"https:\/\/i0.wp.com\/www.atomcomics.net\/blog\/wp-content\/uploads\/etileno.png?resize=744%2C744&amp;ssl=1 744w, https:\/\/i0.wp.com\/www.atomcomics.net\/blog\/wp-content\/uploads\/etileno.png?resize=420%2C420&amp;ssl=1 420w, https:\/\/i0.wp.com\/www.atomcomics.net\/blog\/wp-content\/uploads\/etileno.png?resize=768%2C768&amp;ssl=1 768w, https:\/\/i0.wp.com\/www.atomcomics.net\/blog\/wp-content\/uploads\/etileno.png?w=800&amp;ssl=1 800w\" sizes=\"auto, (max-width: 465px) 100vw, 465px\" \/><\/span><\/a><\/p>\n<p><span style=\"font-size: revert; color: initial;\">Un d\u00eda descubre un panfleto que menciona el grupo de apoyo AMA (adictos al m\u00f3vil an\u00f3nimos), al que decide unirse en un momento de baj\u00f3n. Integrada en el grupo Catalina inicia progresivamente un proceso de evanescencia virtual mientras observa como su longeva amistad con Flor flaquea.<\/span><\/p>\n<p><span style=\"font-size: revert; color: initial;\">El t\u00edtulo \u00abEtileno\u00bb hace referencia a la influencia que tenemos como sociedad y como nuestras compa\u00f1\u00edas pueden afectar a nuestra actitud y bienestar. Aborda temas como la higiene digital, el desgaste de relaciones duraderas, la inteligencia humana y el anhelo de reconocimiento.<\/span><\/p>\n<h1><a href=\"https:\/\/www.atomcomics.net\/bd-nueva-ola\/60193-etileno-9788409589289.html\">ETILENO<\/a>\u00a0<\/h1>\n<p>PVP: 19,90\u20ac<\/p>\n<p>CARMEN B. MIKELARENA<\/p>\n<p>Editorial: DA VINCI<\/p>\n<p>Encuadernaci\u00f3n: Carton\u00e9<\/p>\n<p>P\u00e1ginas: 132<\/p>\n<p>ISBN: 978-84-09-58928-9<\/p>\n<\/blockquote>\n\n","protected":false},"excerpt":{"rendered":"<p>S\u00e1bado 20: Presentaci\u00f3n de Etileno de Carmen B. Mikelarena\u00a0 Invitados est\u00e1is a la presentaci\u00f3n de Etileno, la primera novela gr\u00e1fica de Carmen B. Mikelarena que tendr\u00e1 lugar en Atom C\u00f3mics calle Luna 16 el s\u00e1bado&hellip; <a class=\"read-more-link\" href=\"https:\/\/www.atomcomics.net\/blog\/2024\/04\/14\/presentacion-de-etileno-de-carmen-b-mikelarena\/\">(seguir leyendo)<\/a><\/p>\n","protected":false},"author":1,"featured_media":14639,"comment_status":"closed","ping_status":"open","sticky":false,"template":"","format":"standard","meta":{"jetpack_post_was_ever_published":false,"_jetpack_newsletter_access":"","_jetpack_dont_email_post_to_subs":false,"_jetpack_newsletter_tier_id":0,"_jetpack_memberships_contains_paywalled_content":false,"_jetpack_memberships_contains_paid_content":false,"footnotes":"","jetpack_publicize_message":"","jetpack_publicize_feature_enabled":true,"jetpack_social_post_already_shared":true,"jetpack_social_options":{"image_generator_settings":{"template":"highway","default_image_id":0,"font":"","enabled":false},"version":2}},"categories":[6],"tags":[],"class_list":["post-14633","post","type-post","status-publish","format-standard","has-post-thumbnail","hentry","category-noticias"],"jetpack_publicize_connections":[],"jetpack_featured_media_url":"https:\/\/i0.wp.com\/www.atomcomics.net\/blog\/wp-content\/uploads\/banneretileno-1.png?fit=4323%2C2599&ssl=1","jetpack_shortlink":"https:\/\/wp.me\/p53Ua-3O1","jetpack-related-posts":[{"id":14716,"url":"https:\/\/www.atomcomics.net\/blog\/2024\/10\/28\/presentacion-de-incendio\/","url_meta":{"origin":14633,"position":0},"title":"Presentaci\u00f3n de Incendio","author":"ATOM COMICS","date":"28, octubre, 2024","format":false,"excerpt":"El s\u00e1bado 16 de noviembre a las 18:30h (avisamos con tiempo) tendremos en Atom C\u00f3mics Luna (c\/ Luna 16) la presentaci\u00f3n de INCENDIO.\u00a0 \u00bfPero qu\u00e9 es Incendio? Incendio 2024 fue un evento de 24h en el que se reunieron cinco equipos creativos y\u00a0 un portadista para sacar un c\u00f3mic de\u2026","rel":"","context":"En \u00abNoticias\u00bb","block_context":{"text":"Noticias","link":"https:\/\/www.atomcomics.net\/blog\/category\/noticias\/"},"img":{"alt_text":"","src":"https:\/\/i0.wp.com\/www.atomcomics.net\/blog\/wp-content\/uploads\/bannerincendio.png?fit=1200%2C495&ssl=1&resize=350%2C200","width":350,"height":200,"srcset":"https:\/\/i0.wp.com\/www.atomcomics.net\/blog\/wp-content\/uploads\/bannerincendio.png?fit=1200%2C495&ssl=1&resize=350%2C200 1x, https:\/\/i0.wp.com\/www.atomcomics.net\/blog\/wp-content\/uploads\/bannerincendio.png?fit=1200%2C495&ssl=1&resize=525%2C300 1.5x, https:\/\/i0.wp.com\/www.atomcomics.net\/blog\/wp-content\/uploads\/bannerincendio.png?fit=1200%2C495&ssl=1&resize=700%2C400 2x, https:\/\/i0.wp.com\/www.atomcomics.net\/blog\/wp-content\/uploads\/bannerincendio.png?fit=1200%2C495&ssl=1&resize=1050%2C600 3x"},"classes":[]},{"id":14549,"url":"https:\/\/www.atomcomics.net\/blog\/2023\/11\/28\/ramen-ceviche-y-bravas-con-carla-berrocal-y-carmen-b-mikelarena\/","url_meta":{"origin":14633,"position":1},"title":"Ramen, ceviche y bravas con Carla Berrocal y Carmen B Mikelarena","author":"ATOM COMICS","date":"28, noviembre, 2023","format":false,"excerpt":"El pr\u00f3ximo\u00a0viernes 1 de diciembre\u00a0volvemos a tener charla en Atom C\u00f3mics de Calle Luna en la que se dar\u00e1 un encuentro entre c\u00f3mic, autor\u00eda, Madrid como influencia y autoras nacionales.\u00a0Carla Berrocal\u00a0(Epigraf\u00edas, Do\u00f1a Concha, La geometr\u00eda de los silencios)\u00a0y\u00a0Carmen B Mikelarena\u00a0(Zurdopolis, Forn de Cal\u00e7)\u00a0conversar\u00e1n en una charla arropada por\u00a0Cols Comix\u00a0sobre c\u00f3mo\u2026","rel":"","context":"En \u00abNoticias\u00bb","block_context":{"text":"Noticias","link":"https:\/\/www.atomcomics.net\/blog\/category\/noticias\/"},"img":{"alt_text":"","src":"https:\/\/i0.wp.com\/www.atomcomics.net\/blog\/wp-content\/uploads\/banner-2.png?fit=1200%2C302&ssl=1&resize=350%2C200","width":350,"height":200,"srcset":"https:\/\/i0.wp.com\/www.atomcomics.net\/blog\/wp-content\/uploads\/banner-2.png?fit=1200%2C302&ssl=1&resize=350%2C200 1x, https:\/\/i0.wp.com\/www.atomcomics.net\/blog\/wp-content\/uploads\/banner-2.png?fit=1200%2C302&ssl=1&resize=525%2C300 1.5x, https:\/\/i0.wp.com\/www.atomcomics.net\/blog\/wp-content\/uploads\/banner-2.png?fit=1200%2C302&ssl=1&resize=700%2C400 2x, https:\/\/i0.wp.com\/www.atomcomics.net\/blog\/wp-content\/uploads\/banner-2.png?fit=1200%2C302&ssl=1&resize=1050%2C600 3x"},"classes":[]},{"id":14739,"url":"https:\/\/www.atomcomics.net\/blog\/2024\/11\/08\/evento-profesionales-del-8-al-10-de-nov\/","url_meta":{"origin":14633,"position":2},"title":"Evento Profesionales (del 8 al 10 de nov)","author":"ATOM COMICS","date":"8, noviembre, 2024","format":false,"excerpt":"Es el evento que celebramos en el Barrio del c\u00f3mic de Madrid entre los d\u00edas 8 y 10 de noviembre (este fin de semana) donde se da encuentro entre aspirantes, profesionales y p\u00fablico lector aficionado al c\u00f3mic, la animaci\u00f3n... Os pasamos los encuentros que se celebrar\u00e1n en nuestro local de\u2026","rel":"","context":"En \u00abNoticias\u00bb","block_context":{"text":"Noticias","link":"https:\/\/www.atomcomics.net\/blog\/category\/noticias\/"},"img":{"alt_text":"","src":"https:\/\/i0.wp.com\/www.atomcomics.net\/blog\/wp-content\/uploads\/GbjLSDJWIAAZsWo.jpeg?fit=680%2C680&ssl=1&resize=350%2C200","width":350,"height":200,"srcset":"https:\/\/i0.wp.com\/www.atomcomics.net\/blog\/wp-content\/uploads\/GbjLSDJWIAAZsWo.jpeg?fit=680%2C680&ssl=1&resize=350%2C200 1x, https:\/\/i0.wp.com\/www.atomcomics.net\/blog\/wp-content\/uploads\/GbjLSDJWIAAZsWo.jpeg?fit=680%2C680&ssl=1&resize=525%2C300 1.5x"},"classes":[]},{"id":6748,"url":"https:\/\/www.atomcomics.net\/blog\/2014\/03\/19\/presentacion-historias-de-un-friki-con-barbas-sabado-22\/","url_meta":{"origin":14633,"position":3},"title":"Presentaci\u00f3n Historias de un friki con barbas &#8211; S\u00e1bado 22","author":"ATOM COMICS","date":"19, marzo, 2014","format":false,"excerpt":"El s\u00e1bado 22 a las 18.00h presentamos en Atom C\u00f3mics el libro de Historias de un friki con barbas, recopilatorio de las tiras c\u00f3micas publicadas en internet y con material extra e in\u00e9dito. Contaremos con su autor,\u00a0Nahum Rivas que nos hablar\u00e1 de\u00a0la elaboraci\u00f3n de esta obra casi autobiogr\u00e1fica, de tebeos,\u2026","rel":"","context":"Con 11 comentarios","block_context":{"text":"Con 11 comentarios","link":"https:\/\/www.atomcomics.net\/blog\/2014\/03\/19\/presentacion-historias-de-un-friki-con-barbas-sabado-22\/#comments"},"img":{"alt_text":"","src":"https:\/\/i0.wp.com\/2.bp.blogspot.com\/-eccD79y_yOU\/Us0bRT7pWzI\/AAAAAAAADfQ\/8-LtH4A7XS4\/s1600\/Portada1-01.png?resize=350%2C200","width":350,"height":200},"classes":[]},{"id":8454,"url":"https:\/\/www.atomcomics.net\/blog\/2015\/12\/26\/bulldog-con-lunes-28-17-30h-atom-comics\/","url_meta":{"origin":14633,"position":4},"title":"Bulldog Con &#8211; Lunes 28 &#8211; 17.30h &#8211; Atom C\u00f3mics","author":"ATOM COMICS","date":"26, diciembre, 2015","format":false,"excerpt":"El pr\u00f3ximo lunes 28 de diciembre se celebrar\u00e1 la tercera Bulldog Con (la primera se celebr\u00f3\u00a0en M\u00f3stoles en agosto y la segunda en Sabadell y Terrassa el pasado mes de noviembre). Ahora volvemos a Madrid, celebraremos esta edici\u00f3n en Atom C\u00f3mics (Calle Fuencarral 134,\u00a0entrada por Alburquerque). La entrada, como siempre,\u2026","rel":"","context":"En \u00abBulldog\u00bb","block_context":{"text":"Bulldog","link":"https:\/\/www.atomcomics.net\/blog\/category\/bulldog\/"},"img":{"alt_text":"SjobgtqK","src":"https:\/\/i0.wp.com\/www.atomcomics.net\/wp-content\/uploads\/SjobgtqK.jpg?resize=350%2C200","width":350,"height":200},"classes":[]},{"id":10359,"url":"https:\/\/www.atomcomics.net\/blog\/2017\/11\/28\/presentacion-arde-cuba-sabado-2-de-diciembre\/","url_meta":{"origin":14633,"position":5},"title":"Presentaci\u00f3n Arde Cuba &#8211; S\u00e1bado 2 de Diciembre","author":"ATOM COMICS","date":"28, noviembre, 2017","format":false,"excerpt":"Grafito Editorial\u00a0os invita a la presentaci\u00f3n de Arde Cuba que realizaremos en Atom C\u00f3mics (c\/ Fuencarral 134) el s\u00e1bado 2 de Diciembre. Contaremos con la presencia de Agust\u00edn Ferrer Casas que\u00a0presentar\u00e1 su obra junto a\u00a0Paco IIlescas\u00a0que ejercer\u00e1 de maestro de ceremonias. Cuando el fot\u00f3grafo Frank Spellman viaja a Cuba acompa\u00f1ando\u2026","rel":"","context":"En \u00abNoticias\u00bb","block_context":{"text":"Noticias","link":"https:\/\/www.atomcomics.net\/blog\/category\/noticias\/"},"img":{"alt_text":"","src":"https:\/\/i0.wp.com\/www.atomcomics.net\/blog\/wp-content\/uploads\/ARDE-CUBA-FIDEL-CASTRO.jpg?fit=800%2C405&ssl=1&resize=350%2C200","width":350,"height":200,"srcset":"https:\/\/i0.wp.com\/www.atomcomics.net\/blog\/wp-content\/uploads\/ARDE-CUBA-FIDEL-CASTRO.jpg?fit=800%2C405&ssl=1&resize=350%2C200 1x, https:\/\/i0.wp.com\/www.atomcomics.net\/blog\/wp-content\/uploads\/ARDE-CUBA-FIDEL-CASTRO.jpg?fit=800%2C405&ssl=1&resize=525%2C300 1.5x, https:\/\/i0.wp.com\/www.atomcomics.net\/blog\/wp-content\/uploads\/ARDE-CUBA-FIDEL-CASTRO.jpg?fit=800%2C405&ssl=1&resize=700%2C400 2x"},"classes":[]}],"jetpack_sharing_enabled":true,"_links":{"self":[{"href":"https:\/\/www.atomcomics.net\/blog\/wp-json\/wp\/v2\/posts\/14633","targetHints":{"allow":["GET"]}}],"collection":[{"href":"https:\/\/www.atomcomics.net\/blog\/wp-json\/wp\/v2\/posts"}],"about":[{"href":"https:\/\/www.atomcomics.net\/blog\/wp-json\/wp\/v2\/types\/post"}],"author":[{"embeddable":true,"href":"https:\/\/www.atomcomics.net\/blog\/wp-json\/wp\/v2\/users\/1"}],"replies":[{"embeddable":true,"href":"https:\/\/www.atomcomics.net\/blog\/wp-json\/wp\/v2\/comments?post=14633"}],"version-history":[{"count":2,"href":"https:\/\/www.atomcomics.net\/blog\/wp-json\/wp\/v2\/posts\/14633\/revisions"}],"predecessor-version":[{"id":14641,"href":"https:\/\/www.atomcomics.net\/blog\/wp-json\/wp\/v2\/posts\/14633\/revisions\/14641"}],"wp:featuredmedia":[{"embeddable":true,"href":"https:\/\/www.atomcomics.net\/blog\/wp-json\/wp\/v2\/media\/14639"}],"wp:attachment":[{"href":"https:\/\/www.atomcomics.net\/blog\/wp-json\/wp\/v2\/media?parent=14633"}],"wp:term":[{"taxonomy":"category","embeddable":true,"href":"https:\/\/www.atomcomics.net\/blog\/wp-json\/wp\/v2\/categories?post=14633"},{"taxonomy":"post_tag","embeddable":true,"href":"https:\/\/www.atomcomics.net\/blog\/wp-json\/wp\/v2\/tags?post=14633"}],"curies":[{"name":"wp","href":"https:\/\/api.w.org\/{rel}","templated":true}]}}