{"id":14716,"date":"2024-10-28T20:45:46","date_gmt":"2024-10-28T18:45:46","guid":{"rendered":"https:\/\/www.atomcomics.net\/blog\/?p=14716"},"modified":"2024-10-28T20:45:47","modified_gmt":"2024-10-28T18:45:47","slug":"presentacion-de-incendio","status":"publish","type":"post","link":"https:\/\/www.atomcomics.net\/blog\/2024\/10\/28\/presentacion-de-incendio\/","title":{"rendered":"Presentaci\u00f3n de Incendio"},"content":{"rendered":"<p>El <strong>s\u00e1bado 16 de noviembre a las 18:30h<\/strong> (avisamos con tiempo) tendremos en<strong> Atom C\u00f3mics Luna<\/strong> (c\/ Luna 16) la presentaci\u00f3n de INCENDIO.\u00a0<\/p>\n<p><strong><span style=\"color: #ff0000;\">\u00bfPero qu\u00e9 es Incendio?<\/span><\/strong><\/p>\n<p><strong>Incendio 2024<\/strong> fue un evento de 24h en el que se reunieron cinco equipos creativos y\u00a0 un portadista para sacar un c\u00f3mic de entre 5 y 8 p\u00e1ginas en ese margen temporal.<\/p>\n<p>Se retransmiti\u00f3 en Twitch, ah\u00ed ten\u00e9is el link por si quer\u00e9is un d\u00eda completo de hacer un tebeo:<\/p>\n<div><a href=\"https:\/\/www.twitch.tv\/videos\/2226505231\" target=\"_blank\" rel=\"noopener\" data-saferedirecturl=\"https:\/\/www.google.com\/url?q=https:\/\/www.twitch.tv\/videos\/2226505231&amp;source=gmail&amp;ust=1730225681951000&amp;usg=AOvVaw1ntfjGGZexGVdoNehrjcCL\">https:\/\/www.twitch.tv\/videos\/<wbr \/>2226505231<\/a><\/div>\n<div dir=\"auto\">\u00a0<\/div>\n<div dir=\"auto\"><strong>Y ahora llega en formato f\u00edsico<\/strong><\/div>\n\n\n<figure class=\"wp-block-image size-large\"><img data-recalc-dims=\"1\" loading=\"lazy\" decoding=\"async\" width=\"1200\" height=\"1132\" data-attachment-id=\"14717\" data-permalink=\"https:\/\/www.atomcomics.net\/blog\/2024\/10\/28\/presentacion-de-incendio\/cartel_atom\/\" data-orig-file=\"https:\/\/i0.wp.com\/www.atomcomics.net\/blog\/wp-content\/uploads\/cartel_atom.jpg?fit=2128%2C2007&amp;ssl=1\" data-orig-size=\"2128,2007\" data-comments-opened=\"0\" data-image-meta=\"{&quot;aperture&quot;:&quot;0&quot;,&quot;credit&quot;:&quot;Marketing&quot;,&quot;camera&quot;:&quot;&quot;,&quot;caption&quot;:&quot;&quot;,&quot;created_timestamp&quot;:&quot;0&quot;,&quot;copyright&quot;:&quot;&quot;,&quot;focal_length&quot;:&quot;0&quot;,&quot;iso&quot;:&quot;0&quot;,&quot;shutter_speed&quot;:&quot;0&quot;,&quot;title&quot;:&quot;&quot;,&quot;orientation&quot;:&quot;0&quot;}\" data-image-title=\"cartel_atom\" data-image-description=\"\" data-image-caption=\"\" data-medium-file=\"https:\/\/i0.wp.com\/www.atomcomics.net\/blog\/wp-content\/uploads\/cartel_atom.jpg?fit=744%2C702&amp;ssl=1\" data-large-file=\"https:\/\/i0.wp.com\/www.atomcomics.net\/blog\/wp-content\/uploads\/cartel_atom.jpg?fit=1200%2C1132&amp;ssl=1\" src=\"https:\/\/i0.wp.com\/www.atomcomics.net\/blog\/wp-content\/uploads\/cartel_atom.jpg?resize=1200%2C1132&#038;ssl=1\" alt=\"\" class=\"wp-image-14717\" srcset=\"https:\/\/i0.wp.com\/www.atomcomics.net\/blog\/wp-content\/uploads\/cartel_atom.jpg?resize=1200%2C1132&amp;ssl=1 1200w, https:\/\/i0.wp.com\/www.atomcomics.net\/blog\/wp-content\/uploads\/cartel_atom.jpg?resize=744%2C702&amp;ssl=1 744w, https:\/\/i0.wp.com\/www.atomcomics.net\/blog\/wp-content\/uploads\/cartel_atom.jpg?resize=420%2C396&amp;ssl=1 420w, https:\/\/i0.wp.com\/www.atomcomics.net\/blog\/wp-content\/uploads\/cartel_atom.jpg?resize=768%2C724&amp;ssl=1 768w, https:\/\/i0.wp.com\/www.atomcomics.net\/blog\/wp-content\/uploads\/cartel_atom.jpg?resize=1536%2C1449&amp;ssl=1 1536w, https:\/\/i0.wp.com\/www.atomcomics.net\/blog\/wp-content\/uploads\/cartel_atom.jpg?resize=2048%2C1932&amp;ssl=1 2048w\" sizes=\"auto, (max-width: 1000px) 100vw, 1000px\" \/><\/figure>\n\n\n<div dir=\"auto\">Siempre con el car\u00e1cter desinformal que nos caracteriza. La presentaci\u00f3n ser\u00e1 una charla con parte de los autores involucrados que explicar\u00e1n la experiencia personal y profesional de este proyecto. Y como no, firma de ejemplares. \u00bfOs lo vais a perder? <strong>Miguel Rubio y Miguel Babiano os esperan en Atom C\u00f3mics Luna el s\u00e1bado 16.<\/strong><\/div>","protected":false},"excerpt":{"rendered":"<p>El s\u00e1bado 16 de noviembre a las 18:30h (avisamos con tiempo) tendremos en Atom C\u00f3mics Luna (c\/ Luna 16) la presentaci\u00f3n de INCENDIO.\u00a0 \u00bfPero qu\u00e9 es Incendio? Incendio 2024 fue un evento de 24h en&hellip; <a class=\"read-more-link\" href=\"https:\/\/www.atomcomics.net\/blog\/2024\/10\/28\/presentacion-de-incendio\/\">(seguir leyendo)<\/a><\/p>\n","protected":false},"author":1,"featured_media":14718,"comment_status":"closed","ping_status":"open","sticky":false,"template":"","format":"standard","meta":{"jetpack_post_was_ever_published":false,"_jetpack_newsletter_access":"","_jetpack_dont_email_post_to_subs":false,"_jetpack_newsletter_tier_id":0,"_jetpack_memberships_contains_paywalled_content":false,"_jetpack_memberships_contains_paid_content":false,"footnotes":"","jetpack_publicize_message":"","jetpack_publicize_feature_enabled":true,"jetpack_social_post_already_shared":true,"jetpack_social_options":{"image_generator_settings":{"template":"highway","default_image_id":0,"font":"","enabled":false},"version":2}},"categories":[6],"tags":[],"class_list":["post-14716","post","type-post","status-publish","format-standard","has-post-thumbnail","hentry","category-noticias"],"jetpack_publicize_connections":[],"jetpack_featured_media_url":"https:\/\/i0.wp.com\/www.atomcomics.net\/blog\/wp-content\/uploads\/bannerincendio.png?fit=1383%2C571&ssl=1","jetpack_shortlink":"https:\/\/wp.me\/p53Ua-3Pm","jetpack-related-posts":[{"id":14748,"url":"https:\/\/www.atomcomics.net\/blog\/2024\/11\/14\/eventos-del-16-al-30-de-noviembre\/","url_meta":{"origin":14716,"position":0},"title":"Eventos del 16 al 30 de noviembre","author":"ATOM COMICS","date":"14, noviembre, 2024","format":false,"excerpt":"La publicaci\u00f3n del ciclo \"herm\u00e9tico\" de Moebius y la segunda entrega de Universo de Monteys son dos grandes noticias para los aficionados a la ciencia ficci\u00f3n de ayer y hoy. Dos autores y t\u00edtulos absolutamente imprescindibles para los que quieran saber de d\u00f3nde venimos y a d\u00f3nde vamos en lo\u2026","rel":"","context":"En \u00abNoticias\u00bb","block_context":{"text":"Noticias","link":"https:\/\/www.atomcomics.net\/blog\/category\/noticias\/"},"img":{"alt_text":"","src":"https:\/\/i0.wp.com\/www.atomcomics.net\/blog\/wp-content\/uploads\/std-1.jpg?fit=640%2C360&ssl=1&resize=350%2C200","width":350,"height":200,"srcset":"https:\/\/i0.wp.com\/www.atomcomics.net\/blog\/wp-content\/uploads\/std-1.jpg?fit=640%2C360&ssl=1&resize=350%2C200 1x, https:\/\/i0.wp.com\/www.atomcomics.net\/blog\/wp-content\/uploads\/std-1.jpg?fit=640%2C360&ssl=1&resize=525%2C300 1.5x"},"classes":[]},{"id":14739,"url":"https:\/\/www.atomcomics.net\/blog\/2024\/11\/08\/evento-profesionales-del-8-al-10-de-nov\/","url_meta":{"origin":14716,"position":1},"title":"Evento Profesionales (del 8 al 10 de nov)","author":"ATOM COMICS","date":"8, noviembre, 2024","format":false,"excerpt":"Es el evento que celebramos en el Barrio del c\u00f3mic de Madrid entre los d\u00edas 8 y 10 de noviembre (este fin de semana) donde se da encuentro entre aspirantes, profesionales y p\u00fablico lector aficionado al c\u00f3mic, la animaci\u00f3n... Os pasamos los encuentros que se celebrar\u00e1n en nuestro local de\u2026","rel":"","context":"En \u00abNoticias\u00bb","block_context":{"text":"Noticias","link":"https:\/\/www.atomcomics.net\/blog\/category\/noticias\/"},"img":{"alt_text":"","src":"https:\/\/i0.wp.com\/www.atomcomics.net\/blog\/wp-content\/uploads\/GbjLSDJWIAAZsWo.jpeg?fit=680%2C680&ssl=1&resize=350%2C200","width":350,"height":200,"srcset":"https:\/\/i0.wp.com\/www.atomcomics.net\/blog\/wp-content\/uploads\/GbjLSDJWIAAZsWo.jpeg?fit=680%2C680&ssl=1&resize=350%2C200 1x, https:\/\/i0.wp.com\/www.atomcomics.net\/blog\/wp-content\/uploads\/GbjLSDJWIAAZsWo.jpeg?fit=680%2C680&ssl=1&resize=525%2C300 1.5x"},"classes":[]},{"id":14431,"url":"https:\/\/www.atomcomics.net\/blog\/2023\/06\/27\/presentacion-imperio-argentina\/","url_meta":{"origin":14716,"position":2},"title":"Presentaci\u00f3n: Imperio Argentina","author":"ATOM COMICS","date":"27, junio, 2023","format":false,"excerpt":"Imperio Argentina es la actriz m\u00e1s internacional de nuestro cine. Pionera y mujer adelantada a su tiempo. Inspiraci\u00f3n para Rosa, su mayor fan, que va dando forma a un manuscrito donde recoge art\u00edculos, carteles, programas de cine, fotos, todo aquello que cae en sus manos y que habla de la\u2026","rel":"","context":"En \u00abNoticias\u00bb","block_context":{"text":"Noticias","link":"https:\/\/www.atomcomics.net\/blog\/category\/noticias\/"},"img":{"alt_text":"","src":"https:\/\/i0.wp.com\/www.atomcomics.net\/blog\/wp-content\/uploads\/bannerimperio.png?fit=1200%2C700&ssl=1&resize=350%2C200","width":350,"height":200,"srcset":"https:\/\/i0.wp.com\/www.atomcomics.net\/blog\/wp-content\/uploads\/bannerimperio.png?fit=1200%2C700&ssl=1&resize=350%2C200 1x, https:\/\/i0.wp.com\/www.atomcomics.net\/blog\/wp-content\/uploads\/bannerimperio.png?fit=1200%2C700&ssl=1&resize=525%2C300 1.5x, https:\/\/i0.wp.com\/www.atomcomics.net\/blog\/wp-content\/uploads\/bannerimperio.png?fit=1200%2C700&ssl=1&resize=700%2C400 2x, https:\/\/i0.wp.com\/www.atomcomics.net\/blog\/wp-content\/uploads\/bannerimperio.png?fit=1200%2C700&ssl=1&resize=1050%2C600 3x"},"classes":[]},{"id":14633,"url":"https:\/\/www.atomcomics.net\/blog\/2024\/04\/14\/presentacion-de-etileno-de-carmen-b-mikelarena\/","url_meta":{"origin":14716,"position":3},"title":"Presentaci\u00f3n de Etileno de Carmen B. Mikelarena","author":"ATOM COMICS","date":"14, abril, 2024","format":false,"excerpt":"S\u00e1bado 20: Presentaci\u00f3n de Etileno de Carmen B. Mikelarena\u00a0 Invitados est\u00e1is a la presentaci\u00f3n de Etileno, la primera novela gr\u00e1fica de Carmen B. Mikelarena que tendr\u00e1 lugar en Atom C\u00f3mics calle Luna 16 el s\u00e1bado 20 a las 18:30h. Mikelarena que nos fascin\u00f3 con sus fanzines llega ahora con su\u2026","rel":"","context":"En \u00abNoticias\u00bb","block_context":{"text":"Noticias","link":"https:\/\/www.atomcomics.net\/blog\/category\/noticias\/"},"img":{"alt_text":"","src":"https:\/\/i0.wp.com\/www.atomcomics.net\/blog\/wp-content\/uploads\/banneretileno-1.png?fit=1200%2C721&ssl=1&resize=350%2C200","width":350,"height":200,"srcset":"https:\/\/i0.wp.com\/www.atomcomics.net\/blog\/wp-content\/uploads\/banneretileno-1.png?fit=1200%2C721&ssl=1&resize=350%2C200 1x, https:\/\/i0.wp.com\/www.atomcomics.net\/blog\/wp-content\/uploads\/banneretileno-1.png?fit=1200%2C721&ssl=1&resize=525%2C300 1.5x, https:\/\/i0.wp.com\/www.atomcomics.net\/blog\/wp-content\/uploads\/banneretileno-1.png?fit=1200%2C721&ssl=1&resize=700%2C400 2x, https:\/\/i0.wp.com\/www.atomcomics.net\/blog\/wp-content\/uploads\/banneretileno-1.png?fit=1200%2C721&ssl=1&resize=1050%2C600 3x"},"classes":[]},{"id":13707,"url":"https:\/\/www.atomcomics.net\/blog\/2021\/12\/23\/jueves-con-normalidad-y-novedad\/","url_meta":{"origin":14716,"position":4},"title":"Jueves con normalidad y novedad","author":"ATOM COMICS","date":"23, diciembre, 2021","format":false,"excerpt":"FANDOGAMIA NUEVO MI PRIMERA INVASI\u00d3N MUNDIAL En stock 14,00 \u20ac A\u00f1adir al carritoM\u00e1s \u00a0A\u00f1adir a la lista de deseos NUEVO ROMPER EN CASO DE INCENDIO En stock 14,00 \u20ac A\u00f1adir al carritoM\u00e1s \u00a0A\u00f1adir a la lista de deseos NUEVO LE PUEDE PASAR A USTED En stock 10,00 \u20ac A\u00f1adir al\u2026","rel":"","context":"En \u00abNovedades\u00bb","block_context":{"text":"Novedades","link":"https:\/\/www.atomcomics.net\/blog\/category\/novedades\/"},"img":{"alt_text":"","src":"https:\/\/i0.wp.com\/www.atomcomics.net\/blog\/wp-content\/uploads\/vs-vision-figura-27-cm-diorama-pvc-marvel-comic-gallery.jpg?fit=800%2C800&ssl=1&resize=350%2C200","width":350,"height":200,"srcset":"https:\/\/i0.wp.com\/www.atomcomics.net\/blog\/wp-content\/uploads\/vs-vision-figura-27-cm-diorama-pvc-marvel-comic-gallery.jpg?fit=800%2C800&ssl=1&resize=350%2C200 1x, https:\/\/i0.wp.com\/www.atomcomics.net\/blog\/wp-content\/uploads\/vs-vision-figura-27-cm-diorama-pvc-marvel-comic-gallery.jpg?fit=800%2C800&ssl=1&resize=525%2C300 1.5x, https:\/\/i0.wp.com\/www.atomcomics.net\/blog\/wp-content\/uploads\/vs-vision-figura-27-cm-diorama-pvc-marvel-comic-gallery.jpg?fit=800%2C800&ssl=1&resize=700%2C400 2x"},"classes":[]},{"id":14494,"url":"https:\/\/www.atomcomics.net\/blog\/2023\/10\/18\/pressentacion-eki-en-las-nubes\/","url_meta":{"origin":14716,"position":5},"title":"Presentaci\u00f3n Eki en las nubes","author":"ATOM COMICS","date":"18, octubre, 2023","format":false,"excerpt":"Nos hace mucha ilusi\u00f3n invitaros a la presentaci\u00f3n de Eki en las Nubes que tendr\u00e1 lugar el jueves 26 de octubre a las 18.30h en Atom C\u00f3mics c\/ Luna 16. Be\u00f1at Olea se estrena como autor de c\u00f3mic y lo hace a lo grande; con un obra llena de color,\u2026","rel":"","context":"Entrada similar","block_context":{"text":"Entrada similar","link":""},"img":{"alt_text":"","src":"https:\/\/i0.wp.com\/www.atomcomics.net\/blog\/wp-content\/uploads\/bannereki.png?fit=799%2C332&ssl=1&resize=350%2C200","width":350,"height":200,"srcset":"https:\/\/i0.wp.com\/www.atomcomics.net\/blog\/wp-content\/uploads\/bannereki.png?fit=799%2C332&ssl=1&resize=350%2C200 1x, https:\/\/i0.wp.com\/www.atomcomics.net\/blog\/wp-content\/uploads\/bannereki.png?fit=799%2C332&ssl=1&resize=525%2C300 1.5x, https:\/\/i0.wp.com\/www.atomcomics.net\/blog\/wp-content\/uploads\/bannereki.png?fit=799%2C332&ssl=1&resize=700%2C400 2x"},"classes":[]}],"jetpack_sharing_enabled":true,"_links":{"self":[{"href":"https:\/\/www.atomcomics.net\/blog\/wp-json\/wp\/v2\/posts\/14716","targetHints":{"allow":["GET"]}}],"collection":[{"href":"https:\/\/www.atomcomics.net\/blog\/wp-json\/wp\/v2\/posts"}],"about":[{"href":"https:\/\/www.atomcomics.net\/blog\/wp-json\/wp\/v2\/types\/post"}],"author":[{"embeddable":true,"href":"https:\/\/www.atomcomics.net\/blog\/wp-json\/wp\/v2\/users\/1"}],"replies":[{"embeddable":true,"href":"https:\/\/www.atomcomics.net\/blog\/wp-json\/wp\/v2\/comments?post=14716"}],"version-history":[{"count":1,"href":"https:\/\/www.atomcomics.net\/blog\/wp-json\/wp\/v2\/posts\/14716\/revisions"}],"predecessor-version":[{"id":14719,"href":"https:\/\/www.atomcomics.net\/blog\/wp-json\/wp\/v2\/posts\/14716\/revisions\/14719"}],"wp:featuredmedia":[{"embeddable":true,"href":"https:\/\/www.atomcomics.net\/blog\/wp-json\/wp\/v2\/media\/14718"}],"wp:attachment":[{"href":"https:\/\/www.atomcomics.net\/blog\/wp-json\/wp\/v2\/media?parent=14716"}],"wp:term":[{"taxonomy":"category","embeddable":true,"href":"https:\/\/www.atomcomics.net\/blog\/wp-json\/wp\/v2\/categories?post=14716"},{"taxonomy":"post_tag","embeddable":true,"href":"https:\/\/www.atomcomics.net\/blog\/wp-json\/wp\/v2\/tags?post=14716"}],"curies":[{"name":"wp","href":"https:\/\/api.w.org\/{rel}","templated":true}]}}