{"id":14721,"date":"2024-10-28T21:00:55","date_gmt":"2024-10-28T19:00:55","guid":{"rendered":"https:\/\/www.atomcomics.net\/blog\/?p=14721"},"modified":"2024-10-28T21:00:57","modified_gmt":"2024-10-28T19:00:57","slug":"charlas-atomicas-vol-4-montatore-y-mcgill","status":"publish","type":"post","link":"https:\/\/www.atomcomics.net\/blog\/2024\/10\/28\/charlas-atomicas-vol-4-montatore-y-mcgill\/","title":{"rendered":"Charlas At\u00f3micas vol.4 Montatore y McGill"},"content":{"rendered":"\n<p>Vuelve Charlas At\u00f3micas, un evento en el que dos autores de c\u00f3mic con semejanzas y disparidades se re\u00fanen para debatir durante una hora sobre: proceso creativo, fuentes de inspiraci\u00f3n, narrativa y el futuro del c\u00f3mic. <\/p>\n\n\n\n<figure class=\"wp-block-image size-large\"><img data-recalc-dims=\"1\" loading=\"lazy\" decoding=\"async\" width=\"1200\" height=\"1200\" data-attachment-id=\"14722\" data-permalink=\"https:\/\/www.atomcomics.net\/blog\/2024\/10\/28\/charlas-atomicas-vol-4-montatore-y-mcgill\/atom-loren-ivan\/\" data-orig-file=\"https:\/\/i0.wp.com\/www.atomcomics.net\/blog\/wp-content\/uploads\/ATOM-loren-Ivan.jpg?fit=2048%2C2048&amp;ssl=1\" data-orig-size=\"2048,2048\" data-comments-opened=\"0\" data-image-meta=\"{&quot;aperture&quot;:&quot;0&quot;,&quot;credit&quot;:&quot;&quot;,&quot;camera&quot;:&quot;&quot;,&quot;caption&quot;:&quot;&quot;,&quot;created_timestamp&quot;:&quot;0&quot;,&quot;copyright&quot;:&quot;&quot;,&quot;focal_length&quot;:&quot;0&quot;,&quot;iso&quot;:&quot;0&quot;,&quot;shutter_speed&quot;:&quot;0&quot;,&quot;title&quot;:&quot;&quot;,&quot;orientation&quot;:&quot;0&quot;}\" data-image-title=\"ATOM loren Ivan\" data-image-description=\"\" data-image-caption=\"\" data-medium-file=\"https:\/\/i0.wp.com\/www.atomcomics.net\/blog\/wp-content\/uploads\/ATOM-loren-Ivan.jpg?fit=744%2C744&amp;ssl=1\" data-large-file=\"https:\/\/i0.wp.com\/www.atomcomics.net\/blog\/wp-content\/uploads\/ATOM-loren-Ivan.jpg?fit=1200%2C1200&amp;ssl=1\" src=\"https:\/\/i0.wp.com\/www.atomcomics.net\/blog\/wp-content\/uploads\/ATOM-loren-Ivan.jpg?resize=1200%2C1200&#038;ssl=1\" alt=\"\" class=\"wp-image-14722\" srcset=\"https:\/\/i0.wp.com\/www.atomcomics.net\/blog\/wp-content\/uploads\/ATOM-loren-Ivan.jpg?resize=1200%2C1200&amp;ssl=1 1200w, https:\/\/i0.wp.com\/www.atomcomics.net\/blog\/wp-content\/uploads\/ATOM-loren-Ivan.jpg?resize=744%2C744&amp;ssl=1 744w, https:\/\/i0.wp.com\/www.atomcomics.net\/blog\/wp-content\/uploads\/ATOM-loren-Ivan.jpg?resize=420%2C420&amp;ssl=1 420w, https:\/\/i0.wp.com\/www.atomcomics.net\/blog\/wp-content\/uploads\/ATOM-loren-Ivan.jpg?resize=768%2C768&amp;ssl=1 768w, https:\/\/i0.wp.com\/www.atomcomics.net\/blog\/wp-content\/uploads\/ATOM-loren-Ivan.jpg?resize=1536%2C1536&amp;ssl=1 1536w, https:\/\/i0.wp.com\/www.atomcomics.net\/blog\/wp-content\/uploads\/ATOM-loren-Ivan.jpg?w=2048&amp;ssl=1 2048w\" sizes=\"auto, (max-width: 1000px) 100vw, 1000px\" \/><\/figure>\n\n\n\n<p>Es un evento abierto al p\u00fablico en el que tambi\u00e9n pueden plantear sus dudas y opiniones <\/p>\n\n\n\n<p>En esta cuarta entrega contaremos con <strong>Lorenzo Montatore e Iv\u00e1n McGill<\/strong>, ambos han lanzado tebeos nuevos recientemente. El evento estar\u00e1 moderado por las autoras de<strong> Cols C\u00f3mix<\/strong> y tendr\u00e1 lugar en la librer\u00eda Atom C\u00f3mics (Calle Luna, 16) a las <strong>18:30 del viernes 8 de noviembre de 2024<\/strong>.<\/p>\n","protected":false},"excerpt":{"rendered":"<p>Vuelve Charlas At\u00f3micas, un evento en el que dos autores de c\u00f3mic con semejanzas y disparidades se re\u00fanen para debatir durante una hora sobre: proceso creativo, fuentes de inspiraci\u00f3n, narrativa y el futuro del c\u00f3mic.&hellip; <a class=\"read-more-link\" href=\"https:\/\/www.atomcomics.net\/blog\/2024\/10\/28\/charlas-atomicas-vol-4-montatore-y-mcgill\/\">(seguir leyendo)<\/a><\/p>\n","protected":false},"author":1,"featured_media":14723,"comment_status":"closed","ping_status":"open","sticky":false,"template":"","format":"standard","meta":{"jetpack_post_was_ever_published":false,"_jetpack_newsletter_access":"","_jetpack_dont_email_post_to_subs":false,"_jetpack_newsletter_tier_id":0,"_jetpack_memberships_contains_paywalled_content":false,"_jetpack_memberships_contains_paid_content":false,"footnotes":"","jetpack_publicize_message":"","jetpack_publicize_feature_enabled":true,"jetpack_social_post_already_shared":true,"jetpack_social_options":{"image_generator_settings":{"template":"highway","default_image_id":0,"font":"","enabled":false},"version":2}},"categories":[6],"tags":[],"class_list":["post-14721","post","type-post","status-publish","format-standard","has-post-thumbnail","hentry","category-noticias"],"jetpack_publicize_connections":[],"jetpack_featured_media_url":"https:\/\/i0.wp.com\/www.atomcomics.net\/blog\/wp-content\/uploads\/bannercharlas4.png?fit=2047%2C769&ssl=1","jetpack_shortlink":"https:\/\/wp.me\/p53Ua-3Pr","jetpack-related-posts":[{"id":14739,"url":"https:\/\/www.atomcomics.net\/blog\/2024\/11\/08\/evento-profesionales-del-8-al-10-de-nov\/","url_meta":{"origin":14721,"position":0},"title":"Evento Profesionales (del 8 al 10 de nov)","author":"ATOM COMICS","date":"8, noviembre, 2024","format":false,"excerpt":"Es el evento que celebramos en el Barrio del c\u00f3mic de Madrid entre los d\u00edas 8 y 10 de noviembre (este fin de semana) donde se da encuentro entre aspirantes, profesionales y p\u00fablico lector aficionado al c\u00f3mic, la animaci\u00f3n... Os pasamos los encuentros que se celebrar\u00e1n en nuestro local de\u2026","rel":"","context":"En \u00abNoticias\u00bb","block_context":{"text":"Noticias","link":"https:\/\/www.atomcomics.net\/blog\/category\/noticias\/"},"img":{"alt_text":"","src":"https:\/\/i0.wp.com\/www.atomcomics.net\/blog\/wp-content\/uploads\/GbjLSDJWIAAZsWo.jpeg?fit=680%2C680&ssl=1&resize=350%2C200","width":350,"height":200,"srcset":"https:\/\/i0.wp.com\/www.atomcomics.net\/blog\/wp-content\/uploads\/GbjLSDJWIAAZsWo.jpeg?fit=680%2C680&ssl=1&resize=350%2C200 1x, https:\/\/i0.wp.com\/www.atomcomics.net\/blog\/wp-content\/uploads\/GbjLSDJWIAAZsWo.jpeg?fit=680%2C680&ssl=1&resize=525%2C300 1.5x"},"classes":[]},{"id":14821,"url":"https:\/\/www.atomcomics.net\/blog\/2025\/08\/07\/vacaciones-atomicas-2\/","url_meta":{"origin":14721,"position":1},"title":"Vacaciones at\u00f3micas","author":"ATOM COMICS","date":"7, agosto, 2025","format":false,"excerpt":"","rel":"","context":"Entrada similar","block_context":{"text":"Entrada similar","link":""},"img":{"alt_text":"","src":"https:\/\/i0.wp.com\/www.atomcomics.net\/blog\/wp-content\/uploads\/vacas.jpg?fit=1080%2C1080&ssl=1&resize=350%2C200","width":350,"height":200,"srcset":"https:\/\/i0.wp.com\/www.atomcomics.net\/blog\/wp-content\/uploads\/vacas.jpg?fit=1080%2C1080&ssl=1&resize=350%2C200 1x, https:\/\/i0.wp.com\/www.atomcomics.net\/blog\/wp-content\/uploads\/vacas.jpg?fit=1080%2C1080&ssl=1&resize=525%2C300 1.5x, https:\/\/i0.wp.com\/www.atomcomics.net\/blog\/wp-content\/uploads\/vacas.jpg?fit=1080%2C1080&ssl=1&resize=700%2C400 2x, https:\/\/i0.wp.com\/www.atomcomics.net\/blog\/wp-content\/uploads\/vacas.jpg?fit=1080%2C1080&ssl=1&resize=1050%2C600 3x"},"classes":[]},{"id":14539,"url":"https:\/\/www.atomcomics.net\/blog\/2023\/11\/07\/los-profesionales-2\/","url_meta":{"origin":14721,"position":2},"title":"Los Profesionales 2","author":"ATOM COMICS","date":"7, noviembre, 2023","format":false,"excerpt":"Este fin de semana, el centro de Madrid acoger\u00e1 una nueva entrega del festival de c\u00f3mic \u201cProfesionales\u201d, de acceso libre y que contar\u00e1 con m\u00e1s de 35 estrellas nacionales del tebeo mundial, incluyendo a Pepe Larraz, Teresa Valero, Kenny Ruiz o \u00c1lvaro Mart\u00ednez Bueno, entre otros. \u201cProfesionales\u201d ofrecer\u00e1 durante todo\u2026","rel":"","context":"En \u00abNoticias\u00bb","block_context":{"text":"Noticias","link":"https:\/\/www.atomcomics.net\/blog\/category\/noticias\/"},"img":{"alt_text":"","src":"https:\/\/i0.wp.com\/www.atomcomics.net\/blog\/wp-content\/uploads\/unnamed.png?fit=1201%2C631&ssl=1&resize=350%2C200","width":350,"height":200,"srcset":"https:\/\/i0.wp.com\/www.atomcomics.net\/blog\/wp-content\/uploads\/unnamed.png?fit=1201%2C631&ssl=1&resize=350%2C200 1x, https:\/\/i0.wp.com\/www.atomcomics.net\/blog\/wp-content\/uploads\/unnamed.png?fit=1201%2C631&ssl=1&resize=525%2C300 1.5x, https:\/\/i0.wp.com\/www.atomcomics.net\/blog\/wp-content\/uploads\/unnamed.png?fit=1201%2C631&ssl=1&resize=700%2C400 2x, https:\/\/i0.wp.com\/www.atomcomics.net\/blog\/wp-content\/uploads\/unnamed.png?fit=1201%2C631&ssl=1&resize=1050%2C600 3x"},"classes":[]},{"id":8072,"url":"https:\/\/www.atomcomics.net\/blog\/2015\/08\/14\/vacaciones-atomicas\/","url_meta":{"origin":14721,"position":3},"title":"Vacaciones at\u00f3micas","author":"ATOM COMICS","date":"14, agosto, 2015","format":false,"excerpt":"\u00a1\u00a1Nos vamos de VACACIONES!! Atom C\u00f3mics permanecer\u00e1 cerrado desde el s\u00e1bado d\u00eda 15 hasta el martes 25 de Agosto* Volveremos con energ\u00edas renovadas, o eso esperamos. *Nuestros planes pueden surgir modificaciones porque somos impredecibles, os informaremos en tal caso. Tranquilos, la novedad que salga en los d\u00edas de asueto la\u2026","rel":"","context":"Entrada similar","block_context":{"text":"Entrada similar","link":""},"img":{"alt_text":"in-your-face-jam-flipping-through-the-weirdly-subversive-marvel","src":"https:\/\/i0.wp.com\/www.atomcomics.net\/wp-content\/uploads\/in-your-face-jam-flipping-through-the-weirdly-subversive-marvel.jpg?resize=350%2C200","width":350,"height":200,"srcset":"https:\/\/i0.wp.com\/www.atomcomics.net\/wp-content\/uploads\/in-your-face-jam-flipping-through-the-weirdly-subversive-marvel.jpg?resize=350%2C200 1x, https:\/\/i0.wp.com\/www.atomcomics.net\/wp-content\/uploads\/in-your-face-jam-flipping-through-the-weirdly-subversive-marvel.jpg?resize=525%2C300 1.5x"},"classes":[]},{"id":9159,"url":"https:\/\/www.atomcomics.net\/blog\/2016\/09\/21\/acdc-y-la-critica-del-comic-en-espana-jueves-6-de-octubre\/","url_meta":{"origin":14721,"position":4},"title":"ACDC\u00f3mic y la cr\u00edtica del c\u00f3mic en Espa\u00f1a &#8211; Jueves 6 de Octubre","author":"ATOM COMICS","date":"21, septiembre, 2016","format":false,"excerpt":"Nuevo evento at\u00f3mico, nueva mesa redonda que podr\u00eda girar sobre la cuesti\u00f3n:\u00a0Cr\u00edtico y divulgador de c\u00f3mic, \u00bfnace o se hace? Sin embargo, no creo que lleguemos a resolver tal inquietante duda\u00a0pero seguro que abordaremos otros temas a\u00fan importantes. Queremos conocer el estado de\u00a0la cr\u00edtica y la divulgaci\u00f3n de c\u00f3mic en\u2026","rel":"","context":"Entrada similar","block_context":{"text":"Entrada similar","link":""},"img":{"alt_text":"logo-lateral-parte-1","src":"https:\/\/i0.wp.com\/www.atomcomics.net\/wp-content\/uploads\/logo-lateral-parte-1.png?resize=350%2C200","width":350,"height":200},"classes":[]},{"id":155,"url":"https:\/\/www.atomcomics.net\/blog\/2005\/11\/21\/nacional-heroclix\/","url_meta":{"origin":14721,"position":5},"title":"Nacional HeroClix","author":"ATOM COMICS","date":"21, noviembre, 2005","format":false,"excerpt":"Os informo de todo lo que s\u00e9 del magno evento heroclixero del a\u00f1o, s\u00ed, me refiero al Nacional, que se celebrar\u00e1 en Madrid, en los Salones BodenSee, el domingo d\u00eda 4 de diciembre. Desde aqu\u00ed, hacemos un llamamiento a la participaci\u00f3n. El torneo comenzar\u00e1 a las 9:30, y por la\u2026","rel":"","context":"Entrada similar","block_context":{"text":"Entrada similar","link":""},"img":{"alt_text":"","src":"","width":0,"height":0},"classes":[]}],"jetpack_sharing_enabled":true,"_links":{"self":[{"href":"https:\/\/www.atomcomics.net\/blog\/wp-json\/wp\/v2\/posts\/14721","targetHints":{"allow":["GET"]}}],"collection":[{"href":"https:\/\/www.atomcomics.net\/blog\/wp-json\/wp\/v2\/posts"}],"about":[{"href":"https:\/\/www.atomcomics.net\/blog\/wp-json\/wp\/v2\/types\/post"}],"author":[{"embeddable":true,"href":"https:\/\/www.atomcomics.net\/blog\/wp-json\/wp\/v2\/users\/1"}],"replies":[{"embeddable":true,"href":"https:\/\/www.atomcomics.net\/blog\/wp-json\/wp\/v2\/comments?post=14721"}],"version-history":[{"count":1,"href":"https:\/\/www.atomcomics.net\/blog\/wp-json\/wp\/v2\/posts\/14721\/revisions"}],"predecessor-version":[{"id":14724,"href":"https:\/\/www.atomcomics.net\/blog\/wp-json\/wp\/v2\/posts\/14721\/revisions\/14724"}],"wp:featuredmedia":[{"embeddable":true,"href":"https:\/\/www.atomcomics.net\/blog\/wp-json\/wp\/v2\/media\/14723"}],"wp:attachment":[{"href":"https:\/\/www.atomcomics.net\/blog\/wp-json\/wp\/v2\/media?parent=14721"}],"wp:term":[{"taxonomy":"category","embeddable":true,"href":"https:\/\/www.atomcomics.net\/blog\/wp-json\/wp\/v2\/categories?post=14721"},{"taxonomy":"post_tag","embeddable":true,"href":"https:\/\/www.atomcomics.net\/blog\/wp-json\/wp\/v2\/tags?post=14721"}],"curies":[{"name":"wp","href":"https:\/\/api.w.org\/{rel}","templated":true}]}}