{"id":14782,"date":"2025-02-12T14:20:12","date_gmt":"2025-02-12T12:20:12","guid":{"rendered":"https:\/\/www.atomcomics.net\/blog\/?p=14782"},"modified":"2025-02-12T14:20:14","modified_gmt":"2025-02-12T12:20:14","slug":"charla-y-firmas-sabado-15-en-atom-c-luna-16","status":"publish","type":"post","link":"https:\/\/www.atomcomics.net\/blog\/2025\/02\/12\/charla-y-firmas-sabado-15-en-atom-c-luna-16\/","title":{"rendered":"Charla y Firmas s\u00e1bado 15 en Atom C\/Luna 16"},"content":{"rendered":"\n<p><strong>PRESENTAC\u00d3N Y FIRMAS<\/strong>: <strong>Cascaborra Ediciones<\/strong> nos brinda la visita de<strong> El Torres<\/strong> y <strong>Jorge Esteban Urabayen<\/strong>, que presentan su c\u00f3mic Espada y Bruja. Ser\u00e1 el <strong>s\u00e1bado 15 de febrero a las 18:30<\/strong>. Atom C\u00f3mics de <strong>Calle Luna 16<\/strong>, no te despistes. Cerca del metro de Gran V\u00eda y Callao.<\/p>\n\n\n\n<p>Sobre la Obra: El capit\u00e1n Alonso de Contreras, soldado, marino y aventurero, debe hospedarse un tiempo en Madrid&#8230; y lo hace en casa de uno de los m\u00e1s famosos poetas y escritores de todos los tiempos: el F\u00e9nix de los Ingenios, Lope de Vega. La amistad surge entre los relatos de las aventuras de Contreras y el deambular por las calles de lo que hoy conocemos como el Barrio de las Letras de Madrid. Un barrio poblado por actores, actrices, poetas e hidalgos, entre los que no faltan los inmortales Quevedo, G\u00f3ngora y Cervantes. Este relato, basado en parte en el primer volumen de \u201c<em>Discurso de mi vida<\/em>\u201d, libro escrito por el mismo Alonso de Contreras, captura la esencia de una \u00e9poca incomparable, reuniendo la grandeza del teatro, la guerra, y la pasi\u00f3n que marc\u00f3 la vida de sus protagonistas. <strong>El Torres<\/strong>, galardonado guionista de c\u00f3mic <em>El fantasma de Gaud\u00ed, Goya, lo sublime terrible<\/em>, se une al excelente arte de <strong>Jorge Esteban Urabayen<\/strong> Por esta hacha para narrarnos una historia de amistad, aventuras, celos y la inmortalidad de las letras espa\u00f1olas.<\/p>\n\n\n\n<p><\/p>\n\n\n\n<figure class=\"wp-block-image size-large is-resized\"><img data-recalc-dims=\"1\" height=\"1703\" width=\"1200\" decoding=\"async\" data-attachment-id=\"14783\" data-permalink=\"https:\/\/www.atomcomics.net\/blog\/2025\/02\/12\/charla-y-firmas-sabado-15-en-atom-c-luna-16\/normal\/\" data-orig-file=\"https:\/\/i0.wp.com\/www.atomcomics.net\/blog\/wp-content\/uploads\/Normal-e1739362310127.png?fit=1748%2C814&amp;ssl=1\" data-orig-size=\"1748,814\" data-comments-opened=\"0\" data-image-meta=\"{&quot;aperture&quot;:&quot;0&quot;,&quot;credit&quot;:&quot;&quot;,&quot;camera&quot;:&quot;&quot;,&quot;caption&quot;:&quot;&quot;,&quot;created_timestamp&quot;:&quot;0&quot;,&quot;copyright&quot;:&quot;&quot;,&quot;focal_length&quot;:&quot;0&quot;,&quot;iso&quot;:&quot;0&quot;,&quot;shutter_speed&quot;:&quot;0&quot;,&quot;title&quot;:&quot;&quot;,&quot;orientation&quot;:&quot;0&quot;}\" data-image-title=\"Normal\" data-image-description=\"\" data-image-caption=\"\" data-medium-file=\"https:\/\/i0.wp.com\/www.atomcomics.net\/blog\/wp-content\/uploads\/Normal-e1739362310127.png?fit=744%2C346&amp;ssl=1\" data-large-file=\"https:\/\/i0.wp.com\/www.atomcomics.net\/blog\/wp-content\/uploads\/Normal-e1739362310127.png?fit=1200%2C559&amp;ssl=1\" src=\"https:\/\/i0.wp.com\/www.atomcomics.net\/blog\/wp-content\/uploads\/Normal.png?resize=1200%2C1703&#038;ssl=1\" alt=\"\" class=\"wp-image-14783\" style=\"width:600px\"\/><\/figure>\n\n\n\n<p><\/p>\n\n\n\n<p><\/p>\n\n\n\n<p><\/p>\n","protected":false},"excerpt":{"rendered":"<p>PRESENTAC\u00d3N Y FIRMAS: Cascaborra Ediciones nos brinda la visita de El Torres y Jorge Esteban Urabayen, que presentan su c\u00f3mic Espada y Bruja. Ser\u00e1 el s\u00e1bado 15 de febrero a las 18:30. Atom C\u00f3mics de&hellip; <a class=\"read-more-link\" href=\"https:\/\/www.atomcomics.net\/blog\/2025\/02\/12\/charla-y-firmas-sabado-15-en-atom-c-luna-16\/\">(seguir leyendo)<\/a><\/p>\n","protected":false},"author":1,"featured_media":14783,"comment_status":"closed","ping_status":"open","sticky":false,"template":"","format":"standard","meta":{"jetpack_post_was_ever_published":false,"_jetpack_newsletter_access":"","_jetpack_dont_email_post_to_subs":false,"_jetpack_newsletter_tier_id":0,"_jetpack_memberships_contains_paywalled_content":false,"_jetpack_memberships_contains_paid_content":false,"footnotes":"","jetpack_publicize_message":"","jetpack_publicize_feature_enabled":true,"jetpack_social_post_already_shared":true,"jetpack_social_options":{"image_generator_settings":{"template":"highway","default_image_id":0,"font":"","enabled":false},"version":2}},"categories":[1],"tags":[697,654,699,698,701,700,635],"class_list":["post-14782","post","type-post","status-publish","format-standard","has-post-thumbnail","hentry","category-uncategorized","tag-cascaborra-ediciones","tag-charla-y-firmas","tag-comic-europeo","tag-el-torres","tag-libreria-de-barrio","tag-madrid-eventos","tag-madrid-gratis"],"jetpack_publicize_connections":[],"jetpack_featured_media_url":"https:\/\/i0.wp.com\/www.atomcomics.net\/blog\/wp-content\/uploads\/Normal-e1739362310127.png?fit=1748%2C814&ssl=1","jetpack_shortlink":"https:\/\/wp.me\/p53Ua-3Qq","jetpack-related-posts":[{"id":14739,"url":"https:\/\/www.atomcomics.net\/blog\/2024\/11\/08\/evento-profesionales-del-8-al-10-de-nov\/","url_meta":{"origin":14782,"position":0},"title":"Evento Profesionales (del 8 al 10 de nov)","author":"ATOM COMICS","date":"8, noviembre, 2024","format":false,"excerpt":"Es el evento que celebramos en el Barrio del c\u00f3mic de Madrid entre los d\u00edas 8 y 10 de noviembre (este fin de semana) donde se da encuentro entre aspirantes, profesionales y p\u00fablico lector aficionado al c\u00f3mic, la animaci\u00f3n... Os pasamos los encuentros que se celebrar\u00e1n en nuestro local de\u2026","rel":"","context":"En \u00abNoticias\u00bb","block_context":{"text":"Noticias","link":"https:\/\/www.atomcomics.net\/blog\/category\/noticias\/"},"img":{"alt_text":"","src":"https:\/\/i0.wp.com\/www.atomcomics.net\/blog\/wp-content\/uploads\/GbjLSDJWIAAZsWo.jpeg?fit=680%2C680&ssl=1&resize=350%2C200","width":350,"height":200,"srcset":"https:\/\/i0.wp.com\/www.atomcomics.net\/blog\/wp-content\/uploads\/GbjLSDJWIAAZsWo.jpeg?fit=680%2C680&ssl=1&resize=350%2C200 1x, https:\/\/i0.wp.com\/www.atomcomics.net\/blog\/wp-content\/uploads\/GbjLSDJWIAAZsWo.jpeg?fit=680%2C680&ssl=1&resize=525%2C300 1.5x"},"classes":[]},{"id":14218,"url":"https:\/\/www.atomcomics.net\/blog\/2022\/11\/28\/ninjamal-en-atom-comics-10-de-diciembre\/","url_meta":{"origin":14782,"position":1},"title":"Ninjamal en Atom C\u00f3mics &#8211; 10 de diciembre","author":"ATOM COMICS","date":"28, noviembre, 2022","format":false,"excerpt":"Foster Ediciones y Atom C\u00f3mics os invitan a la presentaci\u00f3n de Ninjamal, el nuevo c\u00f3mic de Jorge Gonz\u00e1lez de Castro. Esperamos veros el s\u00e1bado 10 de diciembre a las 12.45h, s\u00ed de ma\u00f1ana, en Atom C\u00f3mics c\/ Fuencarral 134 (entrada por Alburquerque).\u00a0 Charla, dibujo, firmas... y quiz\u00e1s luego todos nos\u2026","rel":"","context":"En \u00abNoticias\u00bb","block_context":{"text":"Noticias","link":"https:\/\/www.atomcomics.net\/blog\/category\/noticias\/"},"img":{"alt_text":"","src":"https:\/\/i0.wp.com\/www.atomcomics.net\/blog\/wp-content\/uploads\/pagina_ninjamal-2.jpg?fit=1080%2C1080&ssl=1&resize=350%2C200","width":350,"height":200,"srcset":"https:\/\/i0.wp.com\/www.atomcomics.net\/blog\/wp-content\/uploads\/pagina_ninjamal-2.jpg?fit=1080%2C1080&ssl=1&resize=350%2C200 1x, https:\/\/i0.wp.com\/www.atomcomics.net\/blog\/wp-content\/uploads\/pagina_ninjamal-2.jpg?fit=1080%2C1080&ssl=1&resize=525%2C300 1.5x, https:\/\/i0.wp.com\/www.atomcomics.net\/blog\/wp-content\/uploads\/pagina_ninjamal-2.jpg?fit=1080%2C1080&ssl=1&resize=700%2C400 2x, https:\/\/i0.wp.com\/www.atomcomics.net\/blog\/wp-content\/uploads\/pagina_ninjamal-2.jpg?fit=1080%2C1080&ssl=1&resize=1050%2C600 3x"},"classes":[]},{"id":14555,"url":"https:\/\/www.atomcomics.net\/blog\/2023\/11\/29\/satan-en-hollywood-charla-y-firmas-con-jesus-palacios\/","url_meta":{"origin":14782,"position":2},"title":"Sat\u00e1n en Hollywood: charla y firmas con Jes\u00fas Palacios","author":"ATOM COMICS","date":"29, noviembre, 2023","format":false,"excerpt":"El pr\u00f3ximo jueves 7, a partir de las 18:30 (sed puntuales) disfrutaremos de la compa\u00f1\u00eda del veterano autor Jes\u00fas Palacios, especializado en cr\u00edtica de cine y ensayo sobre literatura pulp y todo lo relacionado con las realidades a la sombra de la cultura de masas. Presenta su nuevo libro sobre\u2026","rel":"","context":"En \u00abCine\u00bb","block_context":{"text":"Cine","link":"https:\/\/www.atomcomics.net\/blog\/category\/cine\/"},"img":{"alt_text":"","src":"https:\/\/i0.wp.com\/www.atomcomics.net\/blog\/wp-content\/uploads\/rQU3sOBms4WA7iFAqBCtbMXgaB8-1.jpg?fit=1200%2C728&ssl=1&resize=350%2C200","width":350,"height":200,"srcset":"https:\/\/i0.wp.com\/www.atomcomics.net\/blog\/wp-content\/uploads\/rQU3sOBms4WA7iFAqBCtbMXgaB8-1.jpg?fit=1200%2C728&ssl=1&resize=350%2C200 1x, https:\/\/i0.wp.com\/www.atomcomics.net\/blog\/wp-content\/uploads\/rQU3sOBms4WA7iFAqBCtbMXgaB8-1.jpg?fit=1200%2C728&ssl=1&resize=525%2C300 1.5x, https:\/\/i0.wp.com\/www.atomcomics.net\/blog\/wp-content\/uploads\/rQU3sOBms4WA7iFAqBCtbMXgaB8-1.jpg?fit=1200%2C728&ssl=1&resize=700%2C400 2x, https:\/\/i0.wp.com\/www.atomcomics.net\/blog\/wp-content\/uploads\/rQU3sOBms4WA7iFAqBCtbMXgaB8-1.jpg?fit=1200%2C728&ssl=1&resize=1050%2C600 3x"},"classes":[]},{"id":8801,"url":"https:\/\/www.atomcomics.net\/blog\/2016\/05\/24\/firmas-en-caseta-85-feria-del-libro\/","url_meta":{"origin":14782,"position":3},"title":"Firmas en caseta 85 Feria del Libro","author":"ATOM COMICS","date":"24, mayo, 2016","format":false,"excerpt":"Os anunciamos las primeras firmas que tendremos en nuestra caseta de la Feria del Libro de Madrid. Caseta 85. S\u00e1bado 28 de Mayo 11:30 a 12:30\u00a0Jaime Mart\u00ednez - Roman Ritual 12:30 a 14:00\u00a0Gerardo Vilches - El gui\u00f3n del c\u00f3mic 18:30 a 20:00\u00a0Carla Berrocal - Epigraf\u00edas Domingo 29 de Mayo 12:00\u2026","rel":"","context":"Entrada similar","block_context":{"text":"Entrada similar","link":""},"img":{"alt_text":"","src":"https:\/\/i0.wp.com\/www.comicalia.com\/22159-large\/roman-ritual.jpg?resize=350%2C200","width":350,"height":200},"classes":[]},{"id":7677,"url":"https:\/\/www.atomcomics.net\/blog\/2015\/02\/13\/firmas-de-javi-de-castro-el-sabado-14\/","url_meta":{"origin":14782,"position":4},"title":"Firmas de Javi de Castro el s\u00e1bado 14","author":"ATOM COMICS","date":"13, febrero, 2015","format":false,"excerpt":"Javi de Castro estar\u00e1 en Atom C\u00f3mics para firmar su \u00faltimo c\u00f3mic, se trata de: LA ULTIMA AVENTURA Adentrarse en una selva inh\u00f3spita, buscar tesoros perdidos, descubrir nuevas civilizaciones, luchar contra grandes peligros! \u00bfQui\u00e9n no ha so\u00f1ado de peque\u00f1o en vivir mil aventuras junto a sus grandes h\u00e9roes? \u00a1\u00a1Nick Rivers\u2026","rel":"","context":"En \u00abNovedades\u00bb","block_context":{"text":"Novedades","link":"https:\/\/www.atomcomics.net\/blog\/category\/novedades\/"},"img":{"alt_text":"","src":"https:\/\/i0.wp.com\/www.dibbuks.es\/sites\/default\/files\/\/Portada_LaUltimaAventura%20copy.png?resize=350%2C200","width":350,"height":200},"classes":[]},{"id":14549,"url":"https:\/\/www.atomcomics.net\/blog\/2023\/11\/28\/ramen-ceviche-y-bravas-con-carla-berrocal-y-carmen-b-mikelarena\/","url_meta":{"origin":14782,"position":5},"title":"Ramen, ceviche y bravas con Carla Berrocal y Carmen B Mikelarena","author":"ATOM COMICS","date":"28, noviembre, 2023","format":false,"excerpt":"El pr\u00f3ximo\u00a0viernes 1 de diciembre\u00a0volvemos a tener charla en Atom C\u00f3mics de Calle Luna en la que se dar\u00e1 un encuentro entre c\u00f3mic, autor\u00eda, Madrid como influencia y autoras nacionales.\u00a0Carla Berrocal\u00a0(Epigraf\u00edas, Do\u00f1a Concha, La geometr\u00eda de los silencios)\u00a0y\u00a0Carmen B Mikelarena\u00a0(Zurdopolis, Forn de Cal\u00e7)\u00a0conversar\u00e1n en una charla arropada por\u00a0Cols Comix\u00a0sobre c\u00f3mo\u2026","rel":"","context":"En \u00abNoticias\u00bb","block_context":{"text":"Noticias","link":"https:\/\/www.atomcomics.net\/blog\/category\/noticias\/"},"img":{"alt_text":"","src":"https:\/\/i0.wp.com\/www.atomcomics.net\/blog\/wp-content\/uploads\/banner-2.png?fit=1200%2C302&ssl=1&resize=350%2C200","width":350,"height":200,"srcset":"https:\/\/i0.wp.com\/www.atomcomics.net\/blog\/wp-content\/uploads\/banner-2.png?fit=1200%2C302&ssl=1&resize=350%2C200 1x, https:\/\/i0.wp.com\/www.atomcomics.net\/blog\/wp-content\/uploads\/banner-2.png?fit=1200%2C302&ssl=1&resize=525%2C300 1.5x, https:\/\/i0.wp.com\/www.atomcomics.net\/blog\/wp-content\/uploads\/banner-2.png?fit=1200%2C302&ssl=1&resize=700%2C400 2x, https:\/\/i0.wp.com\/www.atomcomics.net\/blog\/wp-content\/uploads\/banner-2.png?fit=1200%2C302&ssl=1&resize=1050%2C600 3x"},"classes":[]}],"jetpack_sharing_enabled":true,"_links":{"self":[{"href":"https:\/\/www.atomcomics.net\/blog\/wp-json\/wp\/v2\/posts\/14782","targetHints":{"allow":["GET"]}}],"collection":[{"href":"https:\/\/www.atomcomics.net\/blog\/wp-json\/wp\/v2\/posts"}],"about":[{"href":"https:\/\/www.atomcomics.net\/blog\/wp-json\/wp\/v2\/types\/post"}],"author":[{"embeddable":true,"href":"https:\/\/www.atomcomics.net\/blog\/wp-json\/wp\/v2\/users\/1"}],"replies":[{"embeddable":true,"href":"https:\/\/www.atomcomics.net\/blog\/wp-json\/wp\/v2\/comments?post=14782"}],"version-history":[{"count":2,"href":"https:\/\/www.atomcomics.net\/blog\/wp-json\/wp\/v2\/posts\/14782\/revisions"}],"predecessor-version":[{"id":14786,"href":"https:\/\/www.atomcomics.net\/blog\/wp-json\/wp\/v2\/posts\/14782\/revisions\/14786"}],"wp:featuredmedia":[{"embeddable":true,"href":"https:\/\/www.atomcomics.net\/blog\/wp-json\/wp\/v2\/media\/14783"}],"wp:attachment":[{"href":"https:\/\/www.atomcomics.net\/blog\/wp-json\/wp\/v2\/media?parent=14782"}],"wp:term":[{"taxonomy":"category","embeddable":true,"href":"https:\/\/www.atomcomics.net\/blog\/wp-json\/wp\/v2\/categories?post=14782"},{"taxonomy":"post_tag","embeddable":true,"href":"https:\/\/www.atomcomics.net\/blog\/wp-json\/wp\/v2\/tags?post=14782"}],"curies":[{"name":"wp","href":"https:\/\/api.w.org\/{rel}","templated":true}]}}