{"id":14792,"date":"2025-05-29T11:29:26","date_gmt":"2025-05-29T09:29:26","guid":{"rendered":"https:\/\/www.atomcomics.net\/blog\/?p=14792"},"modified":"2025-06-03T11:30:00","modified_gmt":"2025-06-03T09:30:00","slug":"firmas-en-la-caseta-80","status":"publish","type":"post","link":"https:\/\/www.atomcomics.net\/blog\/2025\/05\/29\/firmas-en-la-caseta-80\/","title":{"rendered":"Firmas en la caseta 80"},"content":{"rendered":"\n<figure class=\"wp-block-image size-full\"><img data-recalc-dims=\"1\" loading=\"lazy\" decoding=\"async\" width=\"960\" height=\"726\" data-attachment-id=\"14793\" data-permalink=\"https:\/\/www.atomcomics.net\/blog\/2025\/05\/29\/firmas-en-la-caseta-80\/firmas\/\" data-orig-file=\"https:\/\/i0.wp.com\/www.atomcomics.net\/blog\/wp-content\/uploads\/firmas.png?fit=960%2C726&amp;ssl=1\" data-orig-size=\"960,726\" data-comments-opened=\"0\" data-image-meta=\"{&quot;aperture&quot;:&quot;0&quot;,&quot;credit&quot;:&quot;&quot;,&quot;camera&quot;:&quot;&quot;,&quot;caption&quot;:&quot;&quot;,&quot;created_timestamp&quot;:&quot;0&quot;,&quot;copyright&quot;:&quot;&quot;,&quot;focal_length&quot;:&quot;0&quot;,&quot;iso&quot;:&quot;0&quot;,&quot;shutter_speed&quot;:&quot;0&quot;,&quot;title&quot;:&quot;&quot;,&quot;orientation&quot;:&quot;0&quot;}\" data-image-title=\"firmas\" data-image-description=\"\" data-image-caption=\"\" data-medium-file=\"https:\/\/i0.wp.com\/www.atomcomics.net\/blog\/wp-content\/uploads\/firmas.png?fit=744%2C563&amp;ssl=1\" data-large-file=\"https:\/\/i0.wp.com\/www.atomcomics.net\/blog\/wp-content\/uploads\/firmas.png?fit=960%2C726&amp;ssl=1\" src=\"https:\/\/i0.wp.com\/www.atomcomics.net\/blog\/wp-content\/uploads\/firmas.png?resize=960%2C726&#038;ssl=1\" alt=\"\" class=\"wp-image-14793\" srcset=\"https:\/\/i0.wp.com\/www.atomcomics.net\/blog\/wp-content\/uploads\/firmas.png?w=960&amp;ssl=1 960w, https:\/\/i0.wp.com\/www.atomcomics.net\/blog\/wp-content\/uploads\/firmas.png?resize=744%2C563&amp;ssl=1 744w, https:\/\/i0.wp.com\/www.atomcomics.net\/blog\/wp-content\/uploads\/firmas.png?resize=420%2C318&amp;ssl=1 420w, https:\/\/i0.wp.com\/www.atomcomics.net\/blog\/wp-content\/uploads\/firmas.png?resize=768%2C581&amp;ssl=1 768w\" sizes=\"auto, (max-width: 960px) 100vw, 960px\" \/><\/figure>\n","protected":false},"excerpt":{"rendered":"","protected":false},"author":1,"featured_media":14798,"comment_status":"closed","ping_status":"open","sticky":false,"template":"","format":"standard","meta":{"jetpack_post_was_ever_published":false,"_jetpack_newsletter_access":"","_jetpack_dont_email_post_to_subs":false,"_jetpack_newsletter_tier_id":0,"_jetpack_memberships_contains_paywalled_content":false,"_jetpack_memberships_contains_paid_content":false,"footnotes":"","jetpack_publicize_message":"","jetpack_publicize_feature_enabled":true,"jetpack_social_post_already_shared":true,"jetpack_social_options":{"image_generator_settings":{"template":"highway","default_image_id":0,"font":"","enabled":false},"version":2}},"categories":[1],"tags":[],"class_list":["post-14792","post","type-post","status-publish","format-standard","has-post-thumbnail","hentry","category-uncategorized"],"jetpack_publicize_connections":[],"jetpack_featured_media_url":"https:\/\/i0.wp.com\/www.atomcomics.net\/blog\/wp-content\/uploads\/FLM_logo-Edicion_fondo-blanco_RG.jpg?fit=2527%2C1787&ssl=1","jetpack_shortlink":"https:\/\/wp.me\/p53Ua-3QA","jetpack-related-posts":[{"id":8801,"url":"https:\/\/www.atomcomics.net\/blog\/2016\/05\/24\/firmas-en-caseta-85-feria-del-libro\/","url_meta":{"origin":14792,"position":0},"title":"Firmas en caseta 85 Feria del Libro","author":"ATOM COMICS","date":"24, mayo, 2016","format":false,"excerpt":"Os anunciamos las primeras firmas que tendremos en nuestra caseta de la Feria del Libro de Madrid. Caseta 85. S\u00e1bado 28 de Mayo 11:30 a 12:30\u00a0Jaime Mart\u00ednez - Roman Ritual 12:30 a 14:00\u00a0Gerardo Vilches - El gui\u00f3n del c\u00f3mic 18:30 a 20:00\u00a0Carla Berrocal - Epigraf\u00edas Domingo 29 de Mayo 12:00\u2026","rel":"","context":"Entrada similar","block_context":{"text":"Entrada similar","link":""},"img":{"alt_text":"","src":"https:\/\/i0.wp.com\/www.comicalia.com\/22159-large\/roman-ritual.jpg?resize=350%2C200","width":350,"height":200},"classes":[]},{"id":8883,"url":"https:\/\/www.atomcomics.net\/blog\/2016\/06\/09\/firmas-jugosas-en-la-caseta-85\/","url_meta":{"origin":14792,"position":1},"title":"\u00a1Firmas jugosas en la Caseta 85!","author":"ATOM COMICS","date":"9, junio, 2016","format":false,"excerpt":"Y como llega el veranito y la operaci\u00f3n bikini acecha, en la\u00a0Caseta 85 de la Feria del Libro de Madrid\u00a0os proponemos para esta\u00a0semana\u00a0una ensalada de firmas muy \u00a0variada, equilibrada y colorida. \u00a1Viva la dieta mediterr\u00e1nea! Jueves 9 de Junio 19:30h a 21:00 \u00a0 \u00a0\u00a0Joaqu\u00edn Guirao\u00a0- No tiene gracia. \u00a0 \u00a0Pablo\u2026","rel":"","context":"Entrada similar","block_context":{"text":"Entrada similar","link":""},"img":{"alt_text":"","src":"https:\/\/i0.wp.com\/www.atomcomics.net\/wp-content\/uploads\/medium_joaquin01-564725-1-e1465295173102.jpg?resize=350%2C200","width":350,"height":200},"classes":[]},{"id":8824,"url":"https:\/\/www.atomcomics.net\/blog\/2016\/06\/03\/continuan-las-firmas-en-la-caseta-85-feria-del-libro\/","url_meta":{"origin":14792,"position":2},"title":"Contin\u00faan las firmas en la Caseta 85 Feria del Libro","author":"ATOM COMICS","date":"3, junio, 2016","format":false,"excerpt":"Os recordamos que el\u00a0pr\u00f3ximo fin de semana contin\u00faan visit\u00e1ndonos\u00a0amigos, \u00a1avisamos que vienen con los l\u00e1pices afilados!\u00a0Caseta 85,\u00a0Feria del Libro de Madrid.\u00a0 Viernes\u00a03 de Junio 19:00 a 20:30\u00a0Nuria Tamarit y Xulia Vicente\u00a0-\u00a0Duerme pueblo \u00a0 S\u00e1bado\u00a04 de Junio\u00a0 12:00 a 14:30 Ana Oncina y Alex Gim\u00e9nez\u00a0-\u00a0Voltio \u00a0 17:00 a 19:00 Ana Oncina\u00a0-\u2026","rel":"","context":"Entrada similar","block_context":{"text":"Entrada similar","link":""},"img":{"alt_text":"duerme pueblo","src":"https:\/\/i0.wp.com\/www.atomcomics.net\/wp-content\/uploads\/duerme-pueblo.jpg?resize=350%2C200","width":350,"height":200},"classes":[]},{"id":14408,"url":"https:\/\/www.atomcomics.net\/blog\/2023\/05\/19\/firmas-feria-del-libro-de-madrid\/","url_meta":{"origin":14792,"position":3},"title":"Firmas Feria del Libro de Madrid","author":"ATOM COMICS","date":"19, mayo, 2023","format":false,"excerpt":"La Feria del Libro de Madrid tendr\u00e1, un a\u00f1o m\u00e1s, presencia de Atom C\u00f3mics; esta vez en la caseta n\u00famero 81. Y un a\u00f1o m\u00e1s tendremos firmas para todo tipo de gustos y lectores.\u00a0 Os ponemos a continuaci\u00f3n el listado de los invitados en nuestra caseta. A todos ellos\/as les\u2026","rel":"","context":"Entrada similar","block_context":{"text":"Entrada similar","link":""},"img":{"alt_text":"","src":"https:\/\/i0.wp.com\/www.atomcomics.net\/blog\/wp-content\/uploads\/firmas_en_la_Feria_del_Libro_de.png?fit=1200%2C233&ssl=1&resize=350%2C200","width":350,"height":200,"srcset":"https:\/\/i0.wp.com\/www.atomcomics.net\/blog\/wp-content\/uploads\/firmas_en_la_Feria_del_Libro_de.png?fit=1200%2C233&ssl=1&resize=350%2C200 1x, https:\/\/i0.wp.com\/www.atomcomics.net\/blog\/wp-content\/uploads\/firmas_en_la_Feria_del_Libro_de.png?fit=1200%2C233&ssl=1&resize=525%2C300 1.5x, https:\/\/i0.wp.com\/www.atomcomics.net\/blog\/wp-content\/uploads\/firmas_en_la_Feria_del_Libro_de.png?fit=1200%2C233&ssl=1&resize=700%2C400 2x, https:\/\/i0.wp.com\/www.atomcomics.net\/blog\/wp-content\/uploads\/firmas_en_la_Feria_del_Libro_de.png?fit=1200%2C233&ssl=1&resize=1050%2C600 3x"},"classes":[]},{"id":7919,"url":"https:\/\/www.atomcomics.net\/blog\/2015\/06\/03\/firmas-en-la-caseta-99-de-la-feria-del-libro\/","url_meta":{"origin":14792,"position":4},"title":"Firmas en la caseta 99 de la Feria del Libro","author":"ATOM COMICS","date":"3, junio, 2015","format":false,"excerpt":"","rel":"","context":"En \u00abNoticias\u00bb","block_context":{"text":"Noticias","link":"https:\/\/www.atomcomics.net\/blog\/category\/noticias\/"},"img":{"alt_text":"Imprimir","src":"https:\/\/i0.wp.com\/www.atomcomics.net\/wp-content\/uploads\/Cartel-Firmas-002-744x1050.jpg?resize=350%2C200","width":350,"height":200,"srcset":"https:\/\/i0.wp.com\/www.atomcomics.net\/wp-content\/uploads\/Cartel-Firmas-002-744x1050.jpg?resize=350%2C200 1x, https:\/\/i0.wp.com\/www.atomcomics.net\/wp-content\/uploads\/Cartel-Firmas-002-744x1050.jpg?resize=525%2C300 1.5x, https:\/\/i0.wp.com\/www.atomcomics.net\/wp-content\/uploads\/Cartel-Firmas-002-744x1050.jpg?resize=700%2C400 2x"},"classes":[]},{"id":14796,"url":"https:\/\/www.atomcomics.net\/blog\/2025\/06\/03\/firmas-segunda-semana-caseta-80\/","url_meta":{"origin":14792,"position":5},"title":"Firmas segunda semana caseta 80","author":"ATOM COMICS","date":"3, junio, 2025","format":false,"excerpt":"","rel":"","context":"En \u00abNoticias\u00bb","block_context":{"text":"Noticias","link":"https:\/\/www.atomcomics.net\/blog\/category\/noticias\/"},"img":{"alt_text":"","src":"https:\/\/i0.wp.com\/www.atomcomics.net\/blog\/wp-content\/uploads\/FLM_logo-Edicion_fondo-blanco_RG.jpg?fit=1200%2C849&ssl=1&resize=350%2C200","width":350,"height":200,"srcset":"https:\/\/i0.wp.com\/www.atomcomics.net\/blog\/wp-content\/uploads\/FLM_logo-Edicion_fondo-blanco_RG.jpg?fit=1200%2C849&ssl=1&resize=350%2C200 1x, https:\/\/i0.wp.com\/www.atomcomics.net\/blog\/wp-content\/uploads\/FLM_logo-Edicion_fondo-blanco_RG.jpg?fit=1200%2C849&ssl=1&resize=525%2C300 1.5x, https:\/\/i0.wp.com\/www.atomcomics.net\/blog\/wp-content\/uploads\/FLM_logo-Edicion_fondo-blanco_RG.jpg?fit=1200%2C849&ssl=1&resize=700%2C400 2x, https:\/\/i0.wp.com\/www.atomcomics.net\/blog\/wp-content\/uploads\/FLM_logo-Edicion_fondo-blanco_RG.jpg?fit=1200%2C849&ssl=1&resize=1050%2C600 3x"},"classes":[]}],"jetpack_sharing_enabled":true,"_links":{"self":[{"href":"https:\/\/www.atomcomics.net\/blog\/wp-json\/wp\/v2\/posts\/14792","targetHints":{"allow":["GET"]}}],"collection":[{"href":"https:\/\/www.atomcomics.net\/blog\/wp-json\/wp\/v2\/posts"}],"about":[{"href":"https:\/\/www.atomcomics.net\/blog\/wp-json\/wp\/v2\/types\/post"}],"author":[{"embeddable":true,"href":"https:\/\/www.atomcomics.net\/blog\/wp-json\/wp\/v2\/users\/1"}],"replies":[{"embeddable":true,"href":"https:\/\/www.atomcomics.net\/blog\/wp-json\/wp\/v2\/comments?post=14792"}],"version-history":[{"count":1,"href":"https:\/\/www.atomcomics.net\/blog\/wp-json\/wp\/v2\/posts\/14792\/revisions"}],"predecessor-version":[{"id":14794,"href":"https:\/\/www.atomcomics.net\/blog\/wp-json\/wp\/v2\/posts\/14792\/revisions\/14794"}],"wp:featuredmedia":[{"embeddable":true,"href":"https:\/\/www.atomcomics.net\/blog\/wp-json\/wp\/v2\/media\/14798"}],"wp:attachment":[{"href":"https:\/\/www.atomcomics.net\/blog\/wp-json\/wp\/v2\/media?parent=14792"}],"wp:term":[{"taxonomy":"category","embeddable":true,"href":"https:\/\/www.atomcomics.net\/blog\/wp-json\/wp\/v2\/categories?post=14792"},{"taxonomy":"post_tag","embeddable":true,"href":"https:\/\/www.atomcomics.net\/blog\/wp-json\/wp\/v2\/tags?post=14792"}],"curies":[{"name":"wp","href":"https:\/\/api.w.org\/{rel}","templated":true}]}}