{"id":14821,"date":"2025-08-07T11:37:56","date_gmt":"2025-08-07T09:37:56","guid":{"rendered":"https:\/\/www.atomcomics.net\/blog\/?p=14821"},"modified":"2025-08-07T11:38:46","modified_gmt":"2025-08-07T09:38:46","slug":"vacaciones-atomicas-2","status":"publish","type":"post","link":"https:\/\/www.atomcomics.net\/blog\/2025\/08\/07\/vacaciones-atomicas-2\/","title":{"rendered":"Vacaciones at\u00f3micas"},"content":{"rendered":"\n<figure class=\"wp-block-image size-full\"><img data-recalc-dims=\"1\" loading=\"lazy\" decoding=\"async\" width=\"1080\" height=\"1080\" data-attachment-id=\"14822\" data-permalink=\"https:\/\/www.atomcomics.net\/blog\/2025\/08\/07\/vacaciones-atomicas-2\/vacas\/\" data-orig-file=\"https:\/\/i0.wp.com\/www.atomcomics.net\/blog\/wp-content\/uploads\/vacas.jpg?fit=1080%2C1080&amp;ssl=1\" data-orig-size=\"1080,1080\" data-comments-opened=\"0\" data-image-meta=\"{&quot;aperture&quot;:&quot;0&quot;,&quot;credit&quot;:&quot;&quot;,&quot;camera&quot;:&quot;&quot;,&quot;caption&quot;:&quot;&quot;,&quot;created_timestamp&quot;:&quot;0&quot;,&quot;copyright&quot;:&quot;&quot;,&quot;focal_length&quot;:&quot;0&quot;,&quot;iso&quot;:&quot;0&quot;,&quot;shutter_speed&quot;:&quot;0&quot;,&quot;title&quot;:&quot;&quot;,&quot;orientation&quot;:&quot;0&quot;}\" data-image-title=\"vacas\" data-image-description=\"\" data-image-caption=\"\" data-medium-file=\"https:\/\/i0.wp.com\/www.atomcomics.net\/blog\/wp-content\/uploads\/vacas.jpg?fit=744%2C744&amp;ssl=1\" data-large-file=\"https:\/\/i0.wp.com\/www.atomcomics.net\/blog\/wp-content\/uploads\/vacas.jpg?fit=1080%2C1080&amp;ssl=1\" src=\"https:\/\/i0.wp.com\/www.atomcomics.net\/blog\/wp-content\/uploads\/vacas.jpg?resize=1080%2C1080&#038;ssl=1\" alt=\"\" class=\"wp-image-14822\" srcset=\"https:\/\/i0.wp.com\/www.atomcomics.net\/blog\/wp-content\/uploads\/vacas.jpg?w=1080&amp;ssl=1 1080w, https:\/\/i0.wp.com\/www.atomcomics.net\/blog\/wp-content\/uploads\/vacas.jpg?resize=744%2C744&amp;ssl=1 744w, https:\/\/i0.wp.com\/www.atomcomics.net\/blog\/wp-content\/uploads\/vacas.jpg?resize=420%2C420&amp;ssl=1 420w, https:\/\/i0.wp.com\/www.atomcomics.net\/blog\/wp-content\/uploads\/vacas.jpg?resize=768%2C768&amp;ssl=1 768w\" sizes=\"auto, (max-width: 1000px) 100vw, 1000px\" \/><\/figure>\n","protected":false},"excerpt":{"rendered":"","protected":false},"author":1,"featured_media":14822,"comment_status":"closed","ping_status":"open","sticky":false,"template":"","format":"standard","meta":{"jetpack_post_was_ever_published":false,"_jetpack_newsletter_access":"","_jetpack_dont_email_post_to_subs":false,"_jetpack_newsletter_tier_id":0,"_jetpack_memberships_contains_paywalled_content":false,"_jetpack_memberships_contains_paid_content":false,"footnotes":"","jetpack_publicize_message":"","jetpack_publicize_feature_enabled":true,"jetpack_social_post_already_shared":true,"jetpack_social_options":{"image_generator_settings":{"template":"highway","default_image_id":0,"font":"","enabled":false},"version":2}},"categories":[1],"tags":[],"class_list":["post-14821","post","type-post","status-publish","format-standard","has-post-thumbnail","hentry","category-uncategorized"],"jetpack_publicize_connections":[],"jetpack_featured_media_url":"https:\/\/i0.wp.com\/www.atomcomics.net\/blog\/wp-content\/uploads\/vacas.jpg?fit=1080%2C1080&ssl=1","jetpack_shortlink":"https:\/\/wp.me\/p53Ua-3R3","jetpack-related-posts":[{"id":8072,"url":"https:\/\/www.atomcomics.net\/blog\/2015\/08\/14\/vacaciones-atomicas\/","url_meta":{"origin":14821,"position":0},"title":"Vacaciones at\u00f3micas","author":"ATOM COMICS","date":"14, agosto, 2015","format":false,"excerpt":"\u00a1\u00a1Nos vamos de VACACIONES!! Atom C\u00f3mics permanecer\u00e1 cerrado desde el s\u00e1bado d\u00eda 15 hasta el martes 25 de Agosto* Volveremos con energ\u00edas renovadas, o eso esperamos. *Nuestros planes pueden surgir modificaciones porque somos impredecibles, os informaremos en tal caso. Tranquilos, la novedad que salga en los d\u00edas de asueto la\u2026","rel":"","context":"Entrada similar","block_context":{"text":"Entrada similar","link":""},"img":{"alt_text":"in-your-face-jam-flipping-through-the-weirdly-subversive-marvel","src":"https:\/\/i0.wp.com\/www.atomcomics.net\/wp-content\/uploads\/in-your-face-jam-flipping-through-the-weirdly-subversive-marvel.jpg?resize=350%2C200","width":350,"height":200,"srcset":"https:\/\/i0.wp.com\/www.atomcomics.net\/wp-content\/uploads\/in-your-face-jam-flipping-through-the-weirdly-subversive-marvel.jpg?resize=350%2C200 1x, https:\/\/i0.wp.com\/www.atomcomics.net\/wp-content\/uploads\/in-your-face-jam-flipping-through-the-weirdly-subversive-marvel.jpg?resize=525%2C300 1.5x"},"classes":[]},{"id":2586,"url":"https:\/\/www.atomcomics.net\/blog\/2010\/08\/06\/vacaciones-atom-comics\/","url_meta":{"origin":14821,"position":1},"title":"Vacaciones ATOM COMICS","author":"ATOM COMICS","date":"6, agosto, 2010","format":false,"excerpt":"Hola, Os informamos que ATOM COMICS permanecer\u00e1 cerrada del d\u00eda 8 al 22 de Agosto.","rel":"","context":"Con 1 comentario","block_context":{"text":"Con 1 comentario","link":"https:\/\/www.atomcomics.net\/blog\/2010\/08\/06\/vacaciones-atom-comics\/#comments"},"img":{"alt_text":"","src":"","width":0,"height":0},"classes":[]},{"id":9884,"url":"https:\/\/www.atomcomics.net\/blog\/2017\/08\/05\/cerrado-por-vacaciones\/","url_meta":{"origin":14821,"position":2},"title":"Cerrado por vacaciones","author":"ATOM COMICS","date":"5, agosto, 2017","format":false,"excerpt":"Nos vamos de vacaciones. Atom C\u00f3mics\u00a0permanecer\u00e1\u00a0cerrado del 6 al 22 de Agosto. Atom Goya\u00a0permanecer\u00e1\u00a0cerrado del 6 al 27 de Agosto. Ademas, el\u00a0s\u00e1bado 5 de Agosto s\u00f3lo haremos horario de ma\u00f1ana. Siempre con estilo","rel":"","context":"En \u00abNoticias\u00bb","block_context":{"text":"Noticias","link":"https:\/\/www.atomcomics.net\/blog\/category\/noticias\/"},"img":{"alt_text":"","src":"https:\/\/i0.wp.com\/www.atomcomics.net\/blog\/wp-content\/uploads\/10-little-fauss-big-halsy-robert-redford-style-02.jpg?fit=1200%2C812&ssl=1&resize=350%2C200","width":350,"height":200,"srcset":"https:\/\/i0.wp.com\/www.atomcomics.net\/blog\/wp-content\/uploads\/10-little-fauss-big-halsy-robert-redford-style-02.jpg?fit=1200%2C812&ssl=1&resize=350%2C200 1x, https:\/\/i0.wp.com\/www.atomcomics.net\/blog\/wp-content\/uploads\/10-little-fauss-big-halsy-robert-redford-style-02.jpg?fit=1200%2C812&ssl=1&resize=525%2C300 1.5x, https:\/\/i0.wp.com\/www.atomcomics.net\/blog\/wp-content\/uploads\/10-little-fauss-big-halsy-robert-redford-style-02.jpg?fit=1200%2C812&ssl=1&resize=700%2C400 2x, https:\/\/i0.wp.com\/www.atomcomics.net\/blog\/wp-content\/uploads\/10-little-fauss-big-halsy-robert-redford-style-02.jpg?fit=1200%2C812&ssl=1&resize=1050%2C600 3x"},"classes":[]},{"id":11214,"url":"https:\/\/www.atomcomics.net\/blog\/2018\/08\/11\/nos-vamos-de-vacaciones-2\/","url_meta":{"origin":14821,"position":3},"title":"Nos vamos de vacaciones","author":"ATOM COMICS","date":"11, agosto, 2018","format":false,"excerpt":"Atom C\u00f3mics cierra sus puertas por unos d\u00edas.\u00a0Volvemos el d\u00eda 28 de agosto a las 10.45h. Echadnos de menos... venga Aprovecharemos para mejorar nuestro drive","rel":"","context":"Entrada similar","block_context":{"text":"Entrada similar","link":""},"img":{"alt_text":"","src":"https:\/\/i0.wp.com\/www.atomcomics.net\/blog\/wp-content\/uploads\/in-your-face-jam-flipping-through-the-weirdly-subversive-marvel.jpg?fit=654%2C200&ssl=1&resize=350%2C200","width":350,"height":200,"srcset":"https:\/\/i0.wp.com\/www.atomcomics.net\/blog\/wp-content\/uploads\/in-your-face-jam-flipping-through-the-weirdly-subversive-marvel.jpg?fit=654%2C200&ssl=1&resize=350%2C200 1x, https:\/\/i0.wp.com\/www.atomcomics.net\/blog\/wp-content\/uploads\/in-your-face-jam-flipping-through-the-weirdly-subversive-marvel.jpg?fit=654%2C200&ssl=1&resize=525%2C300 1.5x"},"classes":[]},{"id":9063,"url":"https:\/\/www.atomcomics.net\/blog\/2016\/08\/12\/vacaciones-en-atom\/","url_meta":{"origin":14821,"position":4},"title":"Vacaciones en Atom","author":"ATOM COMICS","date":"12, agosto, 2016","format":false,"excerpt":"Nos vamos de vacaciones, unos gritar\u00e1n \"por fin\" otros \"no es posible\", pero s\u00ed, el resultado es el mismo: NOS VAMOS DE VACACIONES. Atom C\u00f3mics permanecer\u00e1\u00a0cerrado del 14 al 23 de Agosto. Nos vamos a descansar, que el siguiente curso lectivo viene fuerte.Capit\u00e1n de la flota estelar aprovechando las vacaciones\u00a0para\u2026","rel":"","context":"Entrada similar","block_context":{"text":"Entrada similar","link":""},"img":{"alt_text":"Patrick-Stewart-as-Captain-Jean-Luc-Picard-on-Risa-Captains-Holiday-Star-Trek-The-Next-Generation","src":"https:\/\/i0.wp.com\/www.atomcomics.net\/wp-content\/uploads\/Patrick-Stewart-as-Captain-Jean-Luc-Picard-on-Risa-Captains-Holiday-Star-Trek-The-Next-Generation-420x315.png?resize=350%2C200","width":350,"height":200},"classes":[]},{"id":13486,"url":"https:\/\/www.atomcomics.net\/blog\/2021\/08\/06\/vacaciones-atomgoya\/","url_meta":{"origin":14821,"position":5},"title":"Vacaciones #AtomGoya","author":"ATOM COMICS","date":"6, agosto, 2021","format":false,"excerpt":"Ha llegado ese momento de descansar. #AtomGoya cierra por vacaciones desde el d\u00eda 7 de agosto a las 14.30h hasta el 24 del mismo mes. Volviendo a la actividad y con las pilas cargadas el d\u00eda 25. Asimismo, os informamos que los s\u00e1bados de agosto s\u00f3lo abriremos por la ma\u00f1ana,\u2026","rel":"","context":"Entrada similar","block_context":{"text":"Entrada similar","link":""},"img":{"alt_text":"","src":"https:\/\/i0.wp.com\/www.atomcomics.net\/blog\/wp-content\/uploads\/Les-5-meilleurs-albums-de-Gaston-Lagaffe.jpg?fit=998%2C662&ssl=1&resize=350%2C200","width":350,"height":200,"srcset":"https:\/\/i0.wp.com\/www.atomcomics.net\/blog\/wp-content\/uploads\/Les-5-meilleurs-albums-de-Gaston-Lagaffe.jpg?fit=998%2C662&ssl=1&resize=350%2C200 1x, https:\/\/i0.wp.com\/www.atomcomics.net\/blog\/wp-content\/uploads\/Les-5-meilleurs-albums-de-Gaston-Lagaffe.jpg?fit=998%2C662&ssl=1&resize=525%2C300 1.5x, https:\/\/i0.wp.com\/www.atomcomics.net\/blog\/wp-content\/uploads\/Les-5-meilleurs-albums-de-Gaston-Lagaffe.jpg?fit=998%2C662&ssl=1&resize=700%2C400 2x"},"classes":[]}],"jetpack_sharing_enabled":true,"_links":{"self":[{"href":"https:\/\/www.atomcomics.net\/blog\/wp-json\/wp\/v2\/posts\/14821","targetHints":{"allow":["GET"]}}],"collection":[{"href":"https:\/\/www.atomcomics.net\/blog\/wp-json\/wp\/v2\/posts"}],"about":[{"href":"https:\/\/www.atomcomics.net\/blog\/wp-json\/wp\/v2\/types\/post"}],"author":[{"embeddable":true,"href":"https:\/\/www.atomcomics.net\/blog\/wp-json\/wp\/v2\/users\/1"}],"replies":[{"embeddable":true,"href":"https:\/\/www.atomcomics.net\/blog\/wp-json\/wp\/v2\/comments?post=14821"}],"version-history":[{"count":1,"href":"https:\/\/www.atomcomics.net\/blog\/wp-json\/wp\/v2\/posts\/14821\/revisions"}],"predecessor-version":[{"id":14823,"href":"https:\/\/www.atomcomics.net\/blog\/wp-json\/wp\/v2\/posts\/14821\/revisions\/14823"}],"wp:featuredmedia":[{"embeddable":true,"href":"https:\/\/www.atomcomics.net\/blog\/wp-json\/wp\/v2\/media\/14822"}],"wp:attachment":[{"href":"https:\/\/www.atomcomics.net\/blog\/wp-json\/wp\/v2\/media?parent=14821"}],"wp:term":[{"taxonomy":"category","embeddable":true,"href":"https:\/\/www.atomcomics.net\/blog\/wp-json\/wp\/v2\/categories?post=14821"},{"taxonomy":"post_tag","embeddable":true,"href":"https:\/\/www.atomcomics.net\/blog\/wp-json\/wp\/v2\/tags?post=14821"}],"curies":[{"name":"wp","href":"https:\/\/api.w.org\/{rel}","templated":true}]}}