{"id":14833,"date":"2025-12-31T19:38:05","date_gmt":"2025-12-31T17:38:05","guid":{"rendered":"https:\/\/www.atomcomics.net\/blog\/?p=14833"},"modified":"2025-12-31T19:42:03","modified_gmt":"2025-12-31T17:42:03","slug":"feliz-2026","status":"publish","type":"post","link":"https:\/\/www.atomcomics.net\/blog\/2025\/12\/31\/feliz-2026\/","title":{"rendered":"Feliz 2026 (+top ventas 2025"},"content":{"rendered":"<p>Todo lo que comienza\u2026 termina. Y s\u00ed, el 2025 se despide. Un a\u00f1o bastante (o muy movido) en Atom C\u00f3mics:<\/p>\n<p>Cerramos una librer\u00eda, abrimos otra, nos fuimos de ferias, incluyendo la primera Feria del Comic de Madrid -ojito que en breve habr\u00e1 segunda edici\u00f3n-, ampliamos nuestros fondos comiqueros y literarios, le\u00edmos mucho (pero nunca lo suficiente), re\u00edmos, lloramos, nos quejamos, nos ca\u00edmos, y como Bruce Wayne (y el resto de los mortales) nos levantamos, descubrimos a mucha gente maja (y otra no tanto), planemos muchas cosas (s\u00f3lo pudimos hacer alguna de ellas), y de alguna manera nos acompa\u00f1amos de manera rec\u00edproca (lectores y libreros, libreros y lectores)<\/p>\n<p>Y lo m\u00e1s importante de todo\u2026 \u00a1LO PODEMOS CONTAR!<\/p>\n<p>As\u00ed que s\u00f3lo podemos confiar en un 2026 con movimiento, peleas y supervivencia\u2026 y si es posible un poquito mejor en las cosas que no podemos controlar, las que controlamos ya nos encargaremos nosotros de mejorarlas (o intentarlo)<\/p>\n<p>Os deseamos a todos los que le\u00e1is estas l\u00edneas (y a los que no tambi\u00e9n):<\/p>\n<p class=\"last-child\" style=\"text-align: center;\"><strong>FELIZ A\u00d1O NUEVO<\/strong><\/p>\n<p>Ten\u00e9is nuestro <a href=\"https:\/\/mailchi.mp\/dae53dab2ff3\/topventas20025?e=[UNIQID]\">top ventas aqu\u00ed mismo<\/a>. \u00bfNo est\u00e1s suscrito a nuestra newsletter? \u00bfA qu\u00e9 esperas?<\/p>\n","protected":false},"excerpt":{"rendered":"<p>Todo lo que comienza\u2026 termina. Y s\u00ed, el 2025 se despide. Un a\u00f1o bastante (o muy movido) en Atom C\u00f3mics: Cerramos una librer\u00eda, abrimos otra, nos fuimos de ferias, incluyendo la primera Feria del Comic&hellip; <a class=\"read-more-link\" href=\"https:\/\/www.atomcomics.net\/blog\/2025\/12\/31\/feliz-2026\/\">(seguir leyendo)<\/a><\/p>\n","protected":false},"author":1,"featured_media":14834,"comment_status":"closed","ping_status":"open","sticky":false,"template":"","format":"standard","meta":{"jetpack_post_was_ever_published":false,"_jetpack_newsletter_access":"","_jetpack_dont_email_post_to_subs":false,"_jetpack_newsletter_tier_id":0,"_jetpack_memberships_contains_paywalled_content":false,"_jetpack_memberships_contains_paid_content":false,"footnotes":"","jetpack_publicize_message":"","jetpack_publicize_feature_enabled":true,"jetpack_social_post_already_shared":true,"jetpack_social_options":{"image_generator_settings":{"template":"highway","default_image_id":0,"font":"","enabled":false},"version":2}},"categories":[1],"tags":[],"class_list":["post-14833","post","type-post","status-publish","format-standard","has-post-thumbnail","hentry","category-uncategorized"],"jetpack_publicize_connections":[],"jetpack_featured_media_url":"https:\/\/i0.wp.com\/www.atomcomics.net\/blog\/wp-content\/uploads\/WhatsApp-Image-2025-12-24-at-11.53.51.jpeg?fit=680%2C561&ssl=1","jetpack_shortlink":"https:\/\/wp.me\/p53Ua-3Rf","jetpack-related-posts":[{"id":10562,"url":"https:\/\/www.atomcomics.net\/blog\/2017\/12\/29\/feliz-2018\/","url_meta":{"origin":14833,"position":0},"title":"Feliz 2018","author":"ATOM COMICS","date":"29, diciembre, 2017","format":false,"excerpt":"\u00a1\u00a12018, VAMOS A PETARLO!!","rel":"","context":"Entrada similar","block_context":{"text":"Entrada similar","link":""},"img":{"alt_text":"","src":"https:\/\/i0.wp.com\/www.atomcomics.net\/blog\/wp-content\/uploads\/tumblr_mfwpsrbXd61qlva78o1_1280-1-e1514548912146.jpg?fit=799%2C449&ssl=1&resize=350%2C200","width":350,"height":200,"srcset":"https:\/\/i0.wp.com\/www.atomcomics.net\/blog\/wp-content\/uploads\/tumblr_mfwpsrbXd61qlva78o1_1280-1-e1514548912146.jpg?fit=799%2C449&ssl=1&resize=350%2C200 1x, https:\/\/i0.wp.com\/www.atomcomics.net\/blog\/wp-content\/uploads\/tumblr_mfwpsrbXd61qlva78o1_1280-1-e1514548912146.jpg?fit=799%2C449&ssl=1&resize=525%2C300 1.5x, https:\/\/i0.wp.com\/www.atomcomics.net\/blog\/wp-content\/uploads\/tumblr_mfwpsrbXd61qlva78o1_1280-1-e1514548912146.jpg?fit=799%2C449&ssl=1&resize=700%2C400 2x"},"classes":[]},{"id":14848,"url":"https:\/\/www.atomcomics.net\/blog\/2026\/03\/19\/que-leen-los-libreros\/","url_meta":{"origin":14833,"position":1},"title":"\u00bfQu\u00e9 leen los libreros?","author":"ATOM COMICS","date":"19, marzo, 2026","format":false,"excerpt":"https:\/\/youtube.com\/shorts\/grBkpKhiYFw?si=FFsT6lP45aJ0HqG5","rel":"","context":"Entrada similar","block_context":{"text":"Entrada similar","link":""},"img":{"alt_text":"","src":"https:\/\/i0.wp.com\/img.youtube.com\/vi\/\/0.jpg?resize=350%2C200","width":350,"height":200},"classes":[]},{"id":9528,"url":"https:\/\/www.atomcomics.net\/blog\/2017\/03\/23\/abrakadabra-dibuja-un-monstruo-taller-en-atom\/","url_meta":{"origin":14833,"position":2},"title":"Abrakadabra- Dibuja un monstruo &#8211; Taller en Atom","author":"ATOM COMICS","date":"23, marzo, 2017","format":false,"excerpt":"Abrakadabra es una iniciativa, impulsada por Kideoo Entertainment y el Gremio de Libreros de Madrid, que nace con el objetivo de ayudar a difundir la literatura infantil y juvenil asi? como a reforzar la importante funcio?n de las libreri?as y sus libreros entre los nuevos lectores. Esta primera edici\u00f3n, tendra?\u2026","rel":"","context":"En \u00abNoticias\u00bb","block_context":{"text":"Noticias","link":"https:\/\/www.atomcomics.net\/blog\/category\/noticias\/"},"img":{"alt_text":"","src":"https:\/\/i0.wp.com\/kideoo.com\/abrakadabra\/wp-content\/uploads\/2017\/02\/Moonlight-y-el-dinosaurio-diabolico-1000x550.jpg?resize=350%2C200","width":350,"height":200},"classes":[]},{"id":11498,"url":"https:\/\/www.atomcomics.net\/blog\/2018\/12\/21\/ya-falta-poco\/","url_meta":{"origin":14833,"position":3},"title":"Ya falta poco&#8230;","author":"ATOM COMICS","date":"21, diciembre, 2018","format":false,"excerpt":"Libreros, esa clase de gente que siempre va mal de tiempo, rodeados de cajas, con p\u00e1ginas y p\u00e1ginas por leer, pedidos por gestionar y devoluciones por empacar. Eso s\u00ed, con un poquito de tiempo para desearos a todos: \u00a1\u00a1 FELIZ NAVIDAD!! Ho,\u00a0ho,\u00a0ho!!! Desde Atom C\u00f3mics esperamos que se\u00e1is felices todos\u2026","rel":"","context":"Entrada similar","block_context":{"text":"Entrada similar","link":""},"img":{"alt_text":"","src":"https:\/\/i0.wp.com\/www.atomcomics.net\/blog\/wp-content\/uploads\/superman_christmas_adventure_big-610x250.jpg?fit=610%2C250&ssl=1&resize=350%2C200","width":350,"height":200,"srcset":"https:\/\/i0.wp.com\/www.atomcomics.net\/blog\/wp-content\/uploads\/superman_christmas_adventure_big-610x250.jpg?fit=610%2C250&ssl=1&resize=350%2C200 1x, https:\/\/i0.wp.com\/www.atomcomics.net\/blog\/wp-content\/uploads\/superman_christmas_adventure_big-610x250.jpg?fit=610%2C250&ssl=1&resize=525%2C300 1.5x"},"classes":[]},{"id":541,"url":"https:\/\/www.atomcomics.net\/blog\/2006\/09\/06\/entrevista-con-manuel-heras-editor-de-kraken\/","url_meta":{"origin":14833,"position":4},"title":"Entrevista con Manuel Heras editor de Kraken","author":"Dani","date":"6, septiembre, 2006","format":false,"excerpt":"KRAKEN tienen el prop\u00f3sito de hacer las cosas bien, y para comenzar Manuel Heras, su editor de colecciones, nos concede una entrevista que nos ayudar\u00e1 a saber m\u00e1s sobre la editorial, sus planes de futuro y del presente m\u00e1s inmediato.ATOM.- Hola Manuel y antes de todo gracias por la entrevista.\u2026","rel":"","context":"En \u00abNoticias\u00bb","block_context":{"text":"Noticias","link":"https:\/\/www.atomcomics.net\/blog\/category\/noticias\/"},"img":{"alt_text":"","src":"https:\/\/i0.wp.com\/www.bbc.co.uk\/cult\/images\/173\/dredd_jock.jpg?resize=350%2C200","width":350,"height":200},"classes":[]},{"id":224,"url":"https:\/\/www.atomcomics.net\/blog\/2006\/02\/04\/cena-con-los-astrocitos\/","url_meta":{"origin":14833,"position":5},"title":"Cena con los Astrocitos","author":"ATOM COMICS","date":"4, febrero, 2006","format":false,"excerpt":"Ayer se celebraba el cuarto aniversario de Astro City, tienda con las que nos une una grata amistad y a las que le debemos mucho, ya que nos ayudaron con sus consejos y sabidur\u00eda a montar este rinc\u00f3n llamado Atom Comics. Con motivo de dicho festejo nos invitaron a su\u2026","rel":"","context":"Con 2 comentarios","block_context":{"text":"Con 2 comentarios","link":"https:\/\/www.atomcomics.net\/blog\/2006\/02\/04\/cena-con-los-astrocitos\/#comments"},"img":{"alt_text":"","src":"","width":0,"height":0},"classes":[]}],"jetpack_sharing_enabled":true,"_links":{"self":[{"href":"https:\/\/www.atomcomics.net\/blog\/wp-json\/wp\/v2\/posts\/14833","targetHints":{"allow":["GET"]}}],"collection":[{"href":"https:\/\/www.atomcomics.net\/blog\/wp-json\/wp\/v2\/posts"}],"about":[{"href":"https:\/\/www.atomcomics.net\/blog\/wp-json\/wp\/v2\/types\/post"}],"author":[{"embeddable":true,"href":"https:\/\/www.atomcomics.net\/blog\/wp-json\/wp\/v2\/users\/1"}],"replies":[{"embeddable":true,"href":"https:\/\/www.atomcomics.net\/blog\/wp-json\/wp\/v2\/comments?post=14833"}],"version-history":[{"count":3,"href":"https:\/\/www.atomcomics.net\/blog\/wp-json\/wp\/v2\/posts\/14833\/revisions"}],"predecessor-version":[{"id":14840,"href":"https:\/\/www.atomcomics.net\/blog\/wp-json\/wp\/v2\/posts\/14833\/revisions\/14840"}],"wp:featuredmedia":[{"embeddable":true,"href":"https:\/\/www.atomcomics.net\/blog\/wp-json\/wp\/v2\/media\/14834"}],"wp:attachment":[{"href":"https:\/\/www.atomcomics.net\/blog\/wp-json\/wp\/v2\/media?parent=14833"}],"wp:term":[{"taxonomy":"category","embeddable":true,"href":"https:\/\/www.atomcomics.net\/blog\/wp-json\/wp\/v2\/categories?post=14833"},{"taxonomy":"post_tag","embeddable":true,"href":"https:\/\/www.atomcomics.net\/blog\/wp-json\/wp\/v2\/tags?post=14833"}],"curies":[{"name":"wp","href":"https:\/\/api.w.org\/{rel}","templated":true}]}}