{"id":154,"date":"2005-11-21T13:22:00","date_gmt":"2005-11-21T20:22:00","guid":{"rendered":"http:\/\/www.atom.foxgame.org\/?p=154"},"modified":"2005-11-21T13:22:00","modified_gmt":"2005-11-21T20:22:00","slug":"entrevista-a-ed-brubaker","status":"publish","type":"post","link":"https:\/\/www.atomcomics.net\/blog\/2005\/11\/21\/entrevista-a-ed-brubaker\/","title":{"rendered":"Entrevista a Ed Brubaker"},"content":{"rendered":"<p><a href=\"https:\/\/i0.wp.com\/www.uncannyxmen.net\/images\/news\/thumbnails\/deadlygenesis1.jpg\"><img data-recalc-dims=\"1\" decoding=\"async\" src=\"https:\/\/i0.wp.com\/www.uncannyxmen.net\/images\/news\/thumbnails\/deadlygenesis1.jpg\" alt=\"\" border=\"0\" \/><\/a><a href=\"http:\/\/www.zonanegativa.com\/\">Zona Negativa<\/a> nos traduce, gracias chicos, una entrevista a Ed Brubaker aparecida en <a href=\"http:\/\/www.uncannyxmen.net\/\">Uncanny X-Men.net<\/a>. El motivo de la misma es su trabajo en X-men Deadly Genesis, como observar\u00e9is, la portada podr\u00eda ser descrita como la versi\u00f3n zombie del renacimiento de la Patrulla-X, y es que los zombies est\u00e1n de moda, y m\u00e1s en nuestro pa\u00eds con la reciente publicaci\u00f3n de Lone y Los Muertos Viviente, que resultan  ser dos series m\u00e1s que entretenidas.<br \/>\nAsimismo, nos encontraremos en breve -en USA- con \u00abMarvel Zombies\u00bb, serie limitada de 5 entregas en la que todos los seres superhumanos se han convertido en no-muertos hambrientos de carne, la idea resulta cuanto menos cachonda&#8230;pero que miedito da un Lobezno come humanos, \u00bfno?<br \/>\nY os pongo los enlaces de la entrevista, que con tanto parloteo casi se me pasa:<br \/>\nPara la <a href=\"http:\/\/www.uncannyxmen.net\/db\/article\/showquestion.asp?faq=11&amp;fldAuto=266\">versi\u00f3n inglesa de la entrevista pincha aqu\u00ed<\/a>, para la<a href=\"http:\/\/www.zonanegativa.com\/?p=1661\"> castellana aqu\u00ed<\/a>.<\/p>\n","protected":false},"excerpt":{"rendered":"<p>Zona Negativa nos traduce, gracias chicos, una entrevista a Ed Brubaker aparecida en Uncanny X-Men.net. El motivo de la misma es su trabajo en X-men Deadly Genesis, como observar\u00e9is, la portada podr\u00eda ser descrita como&hellip; <a class=\"read-more-link\" href=\"https:\/\/www.atomcomics.net\/blog\/2005\/11\/21\/entrevista-a-ed-brubaker\/\">(seguir leyendo)<\/a><\/p>\n","protected":false},"author":1,"featured_media":9921,"comment_status":"open","ping_status":"open","sticky":false,"template":"","format":"standard","meta":{"jetpack_post_was_ever_published":false,"_jetpack_newsletter_access":"","_jetpack_dont_email_post_to_subs":false,"_jetpack_newsletter_tier_id":0,"_jetpack_memberships_contains_paywalled_content":false,"_jetpack_memberships_contains_paid_content":false,"footnotes":"","jetpack_publicize_message":"","jetpack_publicize_feature_enabled":true,"jetpack_social_post_already_shared":false,"jetpack_social_options":{"image_generator_settings":{"template":"highway","default_image_id":0,"font":"","enabled":false},"version":2}},"categories":[1],"tags":[],"class_list":["post-154","post","type-post","status-publish","format-standard","has-post-thumbnail","hentry","category-uncategorized"],"jetpack_publicize_connections":[],"jetpack_featured_media_url":"https:\/\/i0.wp.com\/www.atomcomics.net\/blog\/wp-content\/uploads\/logonegro.png?fit=473%2C191&ssl=1","jetpack_shortlink":"https:\/\/wp.me\/p53Ua-2u","jetpack-related-posts":[{"id":906,"url":"https:\/\/www.atomcomics.net\/blog\/2007\/10\/26\/resena-los-libros-de-muerte\/","url_meta":{"origin":154,"position":0},"title":"Rese\u00f1a: Los Libros de Muerte","author":"ATOM COMICS","date":"26, octubre, 2007","format":false,"excerpt":"DOCTOR MUERTE: Los Libros de Muerte Gui\u00f3n: Ed Brubaker Dibujo: Pablo Raimondi Edici\u00f3n original: The Books of Doom 1-6 USA Formato:Tomo r\u00fastica de 144 p\u00e1ginas. Precio: 9,25\u20ac\u00a0 La oscura mirada de Ed Brubaker se orienta hacia el mayor villano de la Casa de las Ideas: V\u00edctor Von Muerte. Descubre su\u2026","rel":"","context":"En \u00abRese\u00f1as\u00bb","block_context":{"text":"Rese\u00f1as","link":"https:\/\/www.atomcomics.net\/blog\/category\/resenas\/"},"img":{"alt_text":"","src":"https:\/\/i0.wp.com\/www.paninicomics.es\/img\/titoli\/2396.jpg?resize=350%2C200","width":350,"height":200},"classes":[]},{"id":1158,"url":"https:\/\/www.atomcomics.net\/blog\/2008\/09\/10\/novedad-nuevo-capitan-america-y-new-x-men\/","url_meta":{"origin":154,"position":1},"title":"Novedad: Nuevo Capit\u00e1n Am\u00e9rica y New X-Men","author":"ATOM COMICS","date":"10, septiembre, 2008","format":false,"excerpt":"PANINI Capit\u00e1n Am\u00e9rica #35 - 1,95 \u00a1El c\u00f3mic que lo cambiar\u00e1 todo! Steve Rogers ha muerto\u2026 \u00a1Y seguir\u00e1 muerto! Pero el Capit\u00e1n Am\u00e9rica debe vivir. \u00bfQui\u00e9n se oculta tras la m\u00e1scara del nuevo Centinela de la Libertad? \u00bfPor qu\u00e9 utiliza cuchillo y pistola? S\u00f3lo Ed Brubaker podr\u00eda concebir la historia\u2026","rel":"","context":"En \u00abNovedades\u00bb","block_context":{"text":"Novedades","link":"https:\/\/www.atomcomics.net\/blog\/category\/novedades\/"},"img":{"alt_text":"","src":"https:\/\/i0.wp.com\/i62.photobucket.com\/albums\/h108\/atomcomics\/barra-1-1.jpg?resize=350%2C200","width":350,"height":200},"classes":[]},{"id":687,"url":"https:\/\/www.atomcomics.net\/blog\/2007\/01\/20\/resena-65-aniversario-del-capitan-america\/","url_meta":{"origin":154,"position":2},"title":"Rese\u00f1a: 65 aniversario del Capit\u00e1n Am\u00e9rica","author":"Bano Tuk","date":"20, enero, 2007","format":false,"excerpt":"Capit\u00e1n Am\u00e9rica #15Precio: 2,90\u20ac Gui\u00f3n: Ed BrubakerDibujo: Javier Pulido y Mike Perkins Me estreno en este blog con la celebraci\u00f3n del 65 aniversario de la creaci\u00f3n del Capit\u00e1n Am\u00e9rica, que Panini nos concede con un especial, el numero 15 de la colecci\u00f3n de este personaje, formato grapa de 48 paginas\u2026","rel":"","context":"En \u00abRese\u00f1as\u00bb","block_context":{"text":"Rese\u00f1as","link":"https:\/\/www.atomcomics.net\/blog\/category\/resenas\/"},"img":{"alt_text":"","src":"https:\/\/i0.wp.com\/www.paninicomics.es\/img\/titoli\/1755.jpg?resize=350%2C200","width":350,"height":200},"classes":[]},{"id":2923,"url":"https:\/\/www.atomcomics.net\/blog\/2011\/02\/03\/novedad-1\/","url_meta":{"origin":154,"position":3},"title":"Novedad: #1","author":"ATOM COMICS","date":"3, febrero, 2011","format":false,"excerpt":"12 BIS Octavo Continente #1. Edgar Poe: La \u00faltima pesadilla - 14\u20ac Edgar Allan Poe, escritor norteamericano, poeta, novelista y cuentista del siglo XIX tuvo un final digno de sus mejores narraciones. El 3 de octubre de 1849 le encontraron deambulando por las calles de Baltimore, si no en estado\u2026","rel":"","context":"En \u00abNovedades\u00bb","block_context":{"text":"Novedades","link":"https:\/\/www.atomcomics.net\/blog\/category\/novedades\/"},"img":{"alt_text":"","src":"https:\/\/i0.wp.com\/www.sddistribuciones.com\/novedades2011\/febrero\/31_4_febreo\/comics\/12BOCTAVO01.png?resize=350%2C200","width":350,"height":200},"classes":[]},{"id":739,"url":"https:\/\/www.atomcomics.net\/blog\/2007\/03\/20\/resena-capitan-america-soldado-de-invierno\/","url_meta":{"origin":154,"position":4},"title":"Rese\u00f1a: Capit\u00e1n Am\u00e9rica: Soldado de Invierno","author":"ATOM COMICS","date":"20, marzo, 2007","format":false,"excerpt":"Nueva rese\u00f1a de Marcos Miguel Gonz\u00e1lez, ah\u00ed va:\u00a0CAPIT\u00c1N AM\u00c9RICA: SAGA SOLDADO DE INVIERNOGui\u00f3n: Ed BrubakerDibujo: Steve Epting y Michael LarkCapit\u00e1n Am\u00e9rica #1-14 Hagamos un poco de historia. Steve Rogers, muchacho enclenque, se presenta voluntario a un experimento cient\u00edfico que trataba de crear al perfecto soldado americano; tras inyectar el suero\u2026","rel":"","context":"En \u00abRese\u00f1as\u00bb","block_context":{"text":"Rese\u00f1as","link":"https:\/\/www.atomcomics.net\/blog\/category\/resenas\/"},"img":{"alt_text":"","src":"","width":0,"height":0},"classes":[]},{"id":272,"url":"https:\/\/www.atomcomics.net\/blog\/2006\/03\/18\/hojeando-el-previews-marveljunio\/","url_meta":{"origin":154,"position":5},"title":"Hojeando el Previews Marvel(Junio)","author":"ATOM COMICS","date":"18, marzo, 2006","format":false,"excerpt":"He visto en newsarama(la web enchufada del reino yanqui por antonomasia) el listado de comics para Junio de Marvel Comics,puede parecer que el mes de Junio queda lejos,pero como se reservan y piden comics a las distribuidoras americanas dos meses antes es normal que se sepa con esta antelaci\u00f3n lo\u2026","rel":"","context":"En \u00abNoticias\u00bb","block_context":{"text":"Noticias","link":"https:\/\/www.atomcomics.net\/blog\/category\/noticias\/"},"img":{"alt_text":"","src":"","width":0,"height":0},"classes":[]}],"jetpack_sharing_enabled":true,"_links":{"self":[{"href":"https:\/\/www.atomcomics.net\/blog\/wp-json\/wp\/v2\/posts\/154","targetHints":{"allow":["GET"]}}],"collection":[{"href":"https:\/\/www.atomcomics.net\/blog\/wp-json\/wp\/v2\/posts"}],"about":[{"href":"https:\/\/www.atomcomics.net\/blog\/wp-json\/wp\/v2\/types\/post"}],"author":[{"embeddable":true,"href":"https:\/\/www.atomcomics.net\/blog\/wp-json\/wp\/v2\/users\/1"}],"replies":[{"embeddable":true,"href":"https:\/\/www.atomcomics.net\/blog\/wp-json\/wp\/v2\/comments?post=154"}],"version-history":[{"count":0,"href":"https:\/\/www.atomcomics.net\/blog\/wp-json\/wp\/v2\/posts\/154\/revisions"}],"wp:featuredmedia":[{"embeddable":true,"href":"https:\/\/www.atomcomics.net\/blog\/wp-json\/wp\/v2\/media\/9921"}],"wp:attachment":[{"href":"https:\/\/www.atomcomics.net\/blog\/wp-json\/wp\/v2\/media?parent=154"}],"wp:term":[{"taxonomy":"category","embeddable":true,"href":"https:\/\/www.atomcomics.net\/blog\/wp-json\/wp\/v2\/categories?post=154"},{"taxonomy":"post_tag","embeddable":true,"href":"https:\/\/www.atomcomics.net\/blog\/wp-json\/wp\/v2\/tags?post=154"}],"curies":[{"name":"wp","href":"https:\/\/api.w.org\/{rel}","templated":true}]}}