{"id":158,"date":"2005-11-22T13:23:00","date_gmt":"2005-11-22T20:23:00","guid":{"rendered":"http:\/\/www.atom.foxgame.org\/?p=158"},"modified":"2005-11-22T13:23:00","modified_gmt":"2005-11-22T20:23:00","slug":"animadrid","status":"publish","type":"post","link":"https:\/\/www.atomcomics.net\/blog\/2005\/11\/22\/animadrid\/","title":{"rendered":"Animadrid"},"content":{"rendered":"<p>Os informo que desde el d\u00eda 25 de Noviembre hasta el 2 de Diciembre de 2005 se celebrar\u00e1 ANIMADRID, VI Festival Internacional de Imagen Animada, en Pozuelo de Alcorc\u00f3n. La web <a href=\"http:\/\/www.animadrid.com\/\">www.animadrid.com<\/a> aun no est\u00e1 actualizada sin embargo, para los inquietos, os pod\u00e9is pasar por la tienda y recoger la programaci\u00f3n, que es de lo m\u00e1s variadita e interesante, desarroll\u00e1ndose en cinco espacios: Mira Teatro, Casa de Cultura, Sala de Conferencias Mira, Cafeter\u00eda del Espacio Cultural Mira y el Kin\u00e9polis. Lo dicho, m\u00e1s info visitando la tienda, y as\u00ed os enga\u00f1o y os llev\u00e1is algo.<\/p>\n","protected":false},"excerpt":{"rendered":"<p>Os informo que desde el d\u00eda 25 de Noviembre hasta el 2 de Diciembre de 2005 se celebrar\u00e1 ANIMADRID, VI Festival Internacional de Imagen Animada, en Pozuelo de Alcorc\u00f3n. La web www.animadrid.com aun no est\u00e1&hellip; <a class=\"read-more-link\" href=\"https:\/\/www.atomcomics.net\/blog\/2005\/11\/22\/animadrid\/\">(seguir leyendo)<\/a><\/p>\n","protected":false},"author":1,"featured_media":9921,"comment_status":"open","ping_status":"open","sticky":false,"template":"","format":"standard","meta":{"jetpack_post_was_ever_published":false,"_jetpack_newsletter_access":"","_jetpack_dont_email_post_to_subs":false,"_jetpack_newsletter_tier_id":0,"_jetpack_memberships_contains_paywalled_content":false,"_jetpack_memberships_contains_paid_content":false,"footnotes":"","jetpack_publicize_message":"","jetpack_publicize_feature_enabled":true,"jetpack_social_post_already_shared":false,"jetpack_social_options":{"image_generator_settings":{"template":"highway","default_image_id":0,"font":"","enabled":false},"version":2}},"categories":[1],"tags":[],"class_list":["post-158","post","type-post","status-publish","format-standard","has-post-thumbnail","hentry","category-uncategorized"],"jetpack_publicize_connections":[],"jetpack_featured_media_url":"https:\/\/i0.wp.com\/www.atomcomics.net\/blog\/wp-content\/uploads\/logonegro.png?fit=473%2C191&ssl=1","jetpack_shortlink":"https:\/\/wp.me\/p53Ua-2y","jetpack-related-posts":[{"id":9819,"url":"https:\/\/www.atomcomics.net\/blog\/2017\/07\/07\/altamente-ilogico-23-de-paseo-por-la-tienda\/","url_meta":{"origin":158,"position":0},"title":"Altamente Il\u00f3gico 23. De paseo por la tienda","author":"ATOM COMICS","date":"7, julio, 2017","format":false,"excerpt":"El librero y Javi Suxinsu pasean por la tienda y hablan de tebeos y de sus cosas. Como siempre, altamente il\u00f3gico. Un repaso desenfadado a la novedad comiquera con alguna recomendaci\u00f3n y lluvia en la calle. La charla\/paseo tuvo lugar el 6 de Julio de 2017 en Atom C\u00f3mics (C\/Fuencarral\u2026","rel":"","context":"En \u00abPodcast\u00bb","block_context":{"text":"Podcast","link":"https:\/\/www.atomcomics.net\/blog\/category\/pod\/"},"img":{"alt_text":"","src":"https:\/\/i0.wp.com\/www.atomcomics.net\/blog\/wp-content\/uploads\/supersons.jpg?fit=1200%2C675&ssl=1&resize=350%2C200","width":350,"height":200,"srcset":"https:\/\/i0.wp.com\/www.atomcomics.net\/blog\/wp-content\/uploads\/supersons.jpg?fit=1200%2C675&ssl=1&resize=350%2C200 1x, https:\/\/i0.wp.com\/www.atomcomics.net\/blog\/wp-content\/uploads\/supersons.jpg?fit=1200%2C675&ssl=1&resize=525%2C300 1.5x, https:\/\/i0.wp.com\/www.atomcomics.net\/blog\/wp-content\/uploads\/supersons.jpg?fit=1200%2C675&ssl=1&resize=700%2C400 2x, https:\/\/i0.wp.com\/www.atomcomics.net\/blog\/wp-content\/uploads\/supersons.jpg?fit=1200%2C675&ssl=1&resize=1050%2C600 3x"},"classes":[]},{"id":140,"url":"https:\/\/www.atomcomics.net\/blog\/2005\/11\/13\/presentacion-armor-wars-sabado-19-de-noviembre\/","url_meta":{"origin":158,"position":1},"title":"Presentaci\u00f3n ARMOR WARS S\u00e1bado 19 de Noviembre","author":"ATOM COMICS","date":"13, noviembre, 2005","format":false,"excerpt":"Hola a todos, Realizamos la primera presentaci\u00f3n de una expansi\u00f3n de HEROCLIX en la tienda, todo un orgullo ;). Os recuerdo con el aforo es limitado (10 + 2 de reserva) por lo que se ruega confirmad vuestra presencia pasando por la tienda o escribiendo a info@atomcomics.net. Para que no\u2026","rel":"","context":"Con 2 comentarios","block_context":{"text":"Con 2 comentarios","link":"https:\/\/www.atomcomics.net\/blog\/2005\/11\/13\/presentacion-armor-wars-sabado-19-de-noviembre\/#comments"},"img":{"alt_text":"","src":"","width":0,"height":0},"classes":[]},{"id":4648,"url":"https:\/\/www.atomcomics.net\/blog\/2012\/11\/21\/videojuegos-en-atom-comics\/","url_meta":{"origin":158,"position":2},"title":"Videojuegos en Atom Comics","author":"ATOM COMICS","date":"21, noviembre, 2012","format":false,"excerpt":"Hola, Los que hay\u00e1is pasado por la tienda en los \u00faltimo d\u00edas habr\u00e9is comprobado que en Atom Comics estamos de cambio. Nuevas estanter\u00edas, m\u00e1s fondo, nuevas secciones... entre ellas: Videojuegos. Se\u00f1ores y se\u00f1oras hemos decidido probar en el sector de los videojuegos. Por ahora nuestra secci\u00f3n es modesta, pero contamos\u2026","rel":"","context":"En \u00abNoticias\u00bb","block_context":{"text":"Noticias","link":"https:\/\/www.atomcomics.net\/blog\/category\/noticias\/"},"img":{"alt_text":"","src":"https:\/\/i0.wp.com\/www.zoogames.es\/web\/imagenes\/producto\/foto\/normal\/4950.jpg?resize=350%2C200","width":350,"height":200},"classes":[]},{"id":219,"url":"https:\/\/www.atomcomics.net\/blog\/2006\/02\/02\/atom-comics-aqui-si-carnet-joven-y-carnet-26\/","url_meta":{"origin":158,"position":3},"title":"Atom Comics AQU\u00cd S\u00cd Carnet Joven y Carnet + 26","author":"ATOM COMICS","date":"2, febrero, 2006","format":false,"excerpt":"A partir de hoy mismo somos una tienda Carnet Joven y Carn\u00e9 + 26, esto implica que cada comprador que presente su carnet correspondiente se llevar\u00e1, por la cara, un agradable descuento. Pero si no ten\u00e9is carn\u00e9t no os preocup\u00e9is, os hac\u00e9is socio de la tienda y ya est\u00e1, descuento\u2026","rel":"","context":"Con 1 comentario","block_context":{"text":"Con 1 comentario","link":"https:\/\/www.atomcomics.net\/blog\/2006\/02\/02\/atom-comics-aqui-si-carnet-joven-y-carnet-26\/#comments"},"img":{"alt_text":"","src":"","width":0,"height":0},"classes":[]},{"id":469,"url":"https:\/\/www.atomcomics.net\/blog\/2006\/07\/19\/magic-sabado-22-presentacion-ola-de-frio-en-atom\/","url_meta":{"origin":158,"position":4},"title":"MAGIC: S\u00e1bado 22 presentaci\u00f3n OLA DE FRIO en ATOM","author":"ATOM COMICS","date":"19, julio, 2006","format":false,"excerpt":"Este S\u00e1bado realizaremos la presentaci\u00f3n de OLA DE FRIO\/COLDSNAP.El formato del campeonato ser\u00e1 baraja sellada. Al no haber barajas de torneo de Ola de Frio se sustituir\u00e1n las barajas por 3 sobres adicionales de Ola de Frio, o lo que es lo mismo, la presentaci\u00f3n se har\u00e1 con con 5\u2026","rel":"","context":"Entrada similar","block_context":{"text":"Entrada similar","link":""},"img":{"alt_text":"ola de frio","src":"https:\/\/i0.wp.com\/www.devir.es\/producto\/mtg\/oladefrio\/inicio\/images\/oladefrio_logo.jpg?resize=350%2C200","width":350,"height":200},"classes":[]},{"id":756,"url":"https:\/\/www.atomcomics.net\/blog\/2007\/04\/04\/tira-malditos\/","url_meta":{"origin":158,"position":5},"title":"Tira: Malditos&#8230;","author":"ATOM COMICS","date":"4, abril, 2007","format":false,"excerpt":"Lillo y Pepe nos ofrecen su primera colaboraci\u00f3n (pinchad sobre la imagen para verla m\u00e1s grande):\u00a0 Os recuerdo que la tienda permanecer\u00e1 cerrada hasta el 9 de Abril. \u00a1NOS VEMOS EL LUNES!","rel":"","context":"En \u00abHumor\u00bb","block_context":{"text":"Humor","link":"https:\/\/www.atomcomics.net\/blog\/category\/humor\/"},"img":{"alt_text":"","src":"https:\/\/i0.wp.com\/i62.photobucket.com\/albums\/h108\/atomcomics\/tira1correccin.jpg?resize=350%2C200","width":350,"height":200},"classes":[]}],"jetpack_sharing_enabled":true,"_links":{"self":[{"href":"https:\/\/www.atomcomics.net\/blog\/wp-json\/wp\/v2\/posts\/158","targetHints":{"allow":["GET"]}}],"collection":[{"href":"https:\/\/www.atomcomics.net\/blog\/wp-json\/wp\/v2\/posts"}],"about":[{"href":"https:\/\/www.atomcomics.net\/blog\/wp-json\/wp\/v2\/types\/post"}],"author":[{"embeddable":true,"href":"https:\/\/www.atomcomics.net\/blog\/wp-json\/wp\/v2\/users\/1"}],"replies":[{"embeddable":true,"href":"https:\/\/www.atomcomics.net\/blog\/wp-json\/wp\/v2\/comments?post=158"}],"version-history":[{"count":0,"href":"https:\/\/www.atomcomics.net\/blog\/wp-json\/wp\/v2\/posts\/158\/revisions"}],"wp:featuredmedia":[{"embeddable":true,"href":"https:\/\/www.atomcomics.net\/blog\/wp-json\/wp\/v2\/media\/9921"}],"wp:attachment":[{"href":"https:\/\/www.atomcomics.net\/blog\/wp-json\/wp\/v2\/media?parent=158"}],"wp:term":[{"taxonomy":"category","embeddable":true,"href":"https:\/\/www.atomcomics.net\/blog\/wp-json\/wp\/v2\/categories?post=158"},{"taxonomy":"post_tag","embeddable":true,"href":"https:\/\/www.atomcomics.net\/blog\/wp-json\/wp\/v2\/tags?post=158"}],"curies":[{"name":"wp","href":"https:\/\/api.w.org\/{rel}","templated":true}]}}