{"id":169,"date":"2005-11-30T17:18:00","date_gmt":"2005-12-01T00:18:00","guid":{"rendered":"http:\/\/www.atom.foxgame.org\/?p=169"},"modified":"2005-11-30T17:18:00","modified_gmt":"2005-12-01T00:18:00","slug":"entrevista-a-juanjo-guarnido-y-a-steve-oliff","status":"publish","type":"post","link":"https:\/\/www.atomcomics.net\/blog\/2005\/11\/30\/entrevista-a-juanjo-guarnido-y-a-steve-oliff\/","title":{"rendered":"Entrevista a JUANJO GUARNIDO y a STEVE OLIFF"},"content":{"rendered":"<p> Con motivo del lanzamiento de Blacksad 3, la web de NORMA nos ofrece una entrevista con Juanjo Guarnido, dibujante con may\u00fasculas. En enlace <a href=\"http:\/\/www.normaeditorial.com\/main.aspx?page=content&amp;sectid=10&amp;pageid=160\">aqu\u00ed<\/a>.<br \/>\nAsimismo, la web de NORMA nos ofrece tambi\u00e9n, una entrevista a Steve Oliff, reponsable del, para mi, excelente color de AKIRA, m\u00e1s aun, pensando en cuando se hizo. Su entrevista <a href=\"http:\/\/www.normaeditorial.com\/main.aspx?page=content&amp;sectid=10&amp;pageid=152\">aqu\u00ed<\/a>.<\/p>\n","protected":false},"excerpt":{"rendered":"<p>Con motivo del lanzamiento de Blacksad 3, la web de NORMA nos ofrece una entrevista con Juanjo Guarnido, dibujante con may\u00fasculas. En enlace aqu\u00ed. Asimismo, la web de NORMA nos ofrece tambi\u00e9n, una entrevista a&hellip; <a class=\"read-more-link\" href=\"https:\/\/www.atomcomics.net\/blog\/2005\/11\/30\/entrevista-a-juanjo-guarnido-y-a-steve-oliff\/\">(seguir leyendo)<\/a><\/p>\n","protected":false},"author":1,"featured_media":9921,"comment_status":"open","ping_status":"open","sticky":false,"template":"","format":"standard","meta":{"jetpack_post_was_ever_published":false,"_jetpack_newsletter_access":"","_jetpack_dont_email_post_to_subs":false,"_jetpack_newsletter_tier_id":0,"_jetpack_memberships_contains_paywalled_content":false,"_jetpack_memberships_contains_paid_content":false,"footnotes":"","jetpack_publicize_message":"","jetpack_publicize_feature_enabled":true,"jetpack_social_post_already_shared":false,"jetpack_social_options":{"image_generator_settings":{"template":"highway","default_image_id":0,"font":"","enabled":false},"version":2}},"categories":[1],"tags":[],"class_list":["post-169","post","type-post","status-publish","format-standard","has-post-thumbnail","hentry","category-uncategorized"],"jetpack_publicize_connections":[],"jetpack_featured_media_url":"https:\/\/i0.wp.com\/www.atomcomics.net\/blog\/wp-content\/uploads\/logonegro.png?fit=473%2C191&ssl=1","jetpack_shortlink":"https:\/\/wp.me\/p53Ua-2J","jetpack-related-posts":[{"id":191,"url":"https:\/\/www.atomcomics.net\/blog\/2005\/12\/20\/entrevista-a-juan-diaz-canales\/","url_meta":{"origin":169,"position":0},"title":"Entrevista a JUAN D\u00cdAZ CANALES","author":"ATOM COMICS","date":"20, diciembre, 2005","format":false,"excerpt":"El mes pasado Norma nos ofrec\u00eda una entrevista a Juanjo Guarnido, sin embargo, faltaba el otro creador de Blacksad, por lo que hoy nos ofrece una entrevista con su guionista. Para leerla pinchad aqu\u00ed.","rel":"","context":"Entrada similar","block_context":{"text":"Entrada similar","link":""},"img":{"alt_text":"","src":"","width":0,"height":0},"classes":[]},{"id":223,"url":"https:\/\/www.atomcomics.net\/blog\/2006\/02\/03\/entrevista-andi-watson\/","url_meta":{"origin":169,"position":1},"title":"Entrevista Andi Watson","author":"ATOM COMICS","date":"3, febrero, 2006","format":false,"excerpt":"La Web de Norma nos ofrece una entrevista con un autor que gusta mucho a algunos de los parroquianos de la tienda pero que tambi\u00e9n decepciona a muchos otros, se trata de ANDI WATSON (PELEAS DE ENAMORADOS y SED DE NOTICIAS). Bueno, para ir a ella pinchad aqu\u00ed.","rel":"","context":"Entrada similar","block_context":{"text":"Entrada similar","link":""},"img":{"alt_text":"","src":"","width":0,"height":0},"classes":[]},{"id":111,"url":"https:\/\/www.atomcomics.net\/blog\/2005\/10\/04\/entevista-daniel-torres\/","url_meta":{"origin":169,"position":2},"title":"Entevista Daniel Torres","author":"ATOM COMICS","date":"4, octubre, 2005","format":false,"excerpt":"La web de Norma nos ofrece una completa entrevista a Daniel Torres, autor de Roco Vargas, aventurero espacial, y del simp\u00e1tico dinosaurio Tom. Si te interesa pincha aqu\u00ed.","rel":"","context":"Entrada similar","block_context":{"text":"Entrada similar","link":""},"img":{"alt_text":"","src":"","width":0,"height":0},"classes":[]},{"id":2753,"url":"https:\/\/www.atomcomics.net\/blog\/2010\/10\/29\/novedad-norma-noviembre-2010\/","url_meta":{"origin":169,"position":3},"title":"Novedad: Norma Noviembre 2010","author":"ATOM COMICS","date":"29, octubre, 2010","format":false,"excerpt":"NORMA Bakuman #1 - 7,50\u20ac EL NUEVO TRABAJO DE OHBA Y OBATA, UNA HISTORIA QUE NOS DESVELA LOS ENTRESIJOS DEL MUNDO DEL MANGA Muchos son los que sue\u00f1an con convertirse en dibujantes de manga, pero no solo se consigue a base de ilusi\u00f3n: se necesita perseverancia, trabajo duro\u2026 y una\u2026","rel":"","context":"En \u00abNoticias\u00bb","block_context":{"text":"Noticias","link":"https:\/\/www.atomcomics.net\/blog\/category\/noticias\/"},"img":{"alt_text":"","src":"https:\/\/i0.wp.com\/www.normaeditorial.com\/libros_img\/01243000101_g.jpg?resize=350%2C200","width":350,"height":200},"classes":[]},{"id":5983,"url":"https:\/\/www.atomcomics.net\/blog\/2013\/09\/10\/podcast-8-altamente-ilogico-entrevista-a-oscar-herreo-y-raul-arnaiz-autores-de-home-parte-1\/","url_meta":{"origin":169,"position":4},"title":"Podcast #8. Altamente Il\u00f3gico: Entrevista a \u00d3scar Herreo y Ra\u00fal Arn\u00e1iz autores de Home (Parte 1)","author":"ATOM COMICS","date":"10, septiembre, 2013","format":false,"excerpt":"Aitor I. Era\u00f1a y Javier Jarillo entrevistan a \u00d3scar Herreo y Ra\u00fal Arn\u00e1iz autores del c\u00f3mic \"Home 1. Liam\" La entrevista se realiz\u00f3 durante la sesi\u00f3n de firmas del d\u00eda 6 de septiembre de 2013 en Atom Comics. En esta primera parte (de dos) los autores nos explican el porqu\u00e9\u2026","rel":"","context":"En \u00abPodcast\u00bb","block_context":{"text":"Podcast","link":"https:\/\/www.atomcomics.net\/blog\/category\/pod\/"},"img":{"alt_text":"HOME","src":"https:\/\/i0.wp.com\/www.comicalia.com\/10952-10769-large\/home.jpg?resize=350%2C200","width":350,"height":200},"classes":[]},{"id":1064,"url":"https:\/\/www.atomcomics.net\/blog\/2008\/06\/26\/novedad-norma-y-aleta-3\/","url_meta":{"origin":169,"position":5},"title":"Novedad: Norma y Aleta","author":"ATOM COMICS","date":"26, junio, 2008","format":false,"excerpt":"ALETA Dylan Dog #36 - 5\u20ac Dampyr #26 - 5\u20ac Martin Mystere #36 -5\u20ac Nathan Never #36 - 5\u20ac Superpatriot Fuerza de Combate - 9,50\u20ac NORMA Subversive Beauti Limited Edition - 45\u20ac \u00a1EDICI\u00d3N LIMITADA DE 500 COPIAS! INCLUYE L\u00c1MINA FIRMADA POR LUIS ROYO Aqu\u00ed nos llega una presentaci\u00f3n especial del\u2026","rel":"","context":"En \u00abNovedades\u00bb","block_context":{"text":"Novedades","link":"https:\/\/www.atomcomics.net\/blog\/category\/novedades\/"},"img":{"alt_text":"","src":"https:\/\/i0.wp.com\/i62.photobucket.com\/albums\/h108\/atomcomics\/barra-1-1.jpg?resize=350%2C200","width":350,"height":200},"classes":[]}],"jetpack_sharing_enabled":true,"_links":{"self":[{"href":"https:\/\/www.atomcomics.net\/blog\/wp-json\/wp\/v2\/posts\/169","targetHints":{"allow":["GET"]}}],"collection":[{"href":"https:\/\/www.atomcomics.net\/blog\/wp-json\/wp\/v2\/posts"}],"about":[{"href":"https:\/\/www.atomcomics.net\/blog\/wp-json\/wp\/v2\/types\/post"}],"author":[{"embeddable":true,"href":"https:\/\/www.atomcomics.net\/blog\/wp-json\/wp\/v2\/users\/1"}],"replies":[{"embeddable":true,"href":"https:\/\/www.atomcomics.net\/blog\/wp-json\/wp\/v2\/comments?post=169"}],"version-history":[{"count":0,"href":"https:\/\/www.atomcomics.net\/blog\/wp-json\/wp\/v2\/posts\/169\/revisions"}],"wp:featuredmedia":[{"embeddable":true,"href":"https:\/\/www.atomcomics.net\/blog\/wp-json\/wp\/v2\/media\/9921"}],"wp:attachment":[{"href":"https:\/\/www.atomcomics.net\/blog\/wp-json\/wp\/v2\/media?parent=169"}],"wp:term":[{"taxonomy":"category","embeddable":true,"href":"https:\/\/www.atomcomics.net\/blog\/wp-json\/wp\/v2\/categories?post=169"},{"taxonomy":"post_tag","embeddable":true,"href":"https:\/\/www.atomcomics.net\/blog\/wp-json\/wp\/v2\/tags?post=169"}],"curies":[{"name":"wp","href":"https:\/\/api.w.org\/{rel}","templated":true}]}}