{"id":172,"date":"2005-12-02T13:10:00","date_gmt":"2005-12-02T20:10:00","guid":{"rendered":"http:\/\/www.atom.foxgame.org\/?p=172"},"modified":"2005-12-02T13:10:00","modified_gmt":"2005-12-02T20:10:00","slug":"pequenos-cambios-en-el-nacional-de-heroclix","status":"publish","type":"post","link":"https:\/\/www.atomcomics.net\/blog\/2005\/12\/02\/pequenos-cambios-en-el-nacional-de-heroclix\/","title":{"rendered":"Peque\u00f1os cambios en el nacional de Heroclix"},"content":{"rendered":"<p><a href=\"https:\/\/i0.wp.com\/www.devir.es\/info_torneo\/posters\/nacionalheroclix2005.jpg\"><img data-recalc-dims=\"1\" decoding=\"async\" src=\"https:\/\/i0.wp.com\/www.devir.es\/info_torneo\/posters\/nacionalheroclix2005.jpg\" alt=\"\" border=\"0\" \/><\/a>Queda muy poco ya y tenemos novedades, seg\u00fan nos informa Sandman, gran director del evento, se nos dij\u00f3 que habr\u00eda un premio al mejor Junior, menor de 16 a\u00f1os, esto no es as\u00ed, ya que en los torneos junior oficiales de WizKids, son para menores de 12 a\u00f1os. Para este nacional, sin embargo, se eleva la edad a 14 a\u00f1os. Es decir, el menor de 14 (o que tenga 14) que mejor quede, se llevar\u00e1 un premio adicional. Asimismo, esta es mejor noticia, deciros que se ha podido a\u00f1adir al pool de premios una Dark Phoenix (de sorteo entre los participantes al Sealed de la tarde) y una Jean Grey Phoenix para el jugador m\u00e1s deportivo del nacional.<\/p>\n<div> Para m\u00e1s informaci\u00f3n del nacional y  descarga de la hoja de equipo: <\/div>\n<div> <a href=\"http:\/\/www.devir.es\/forum\/forum_posts.asp?TID=2031&amp;PN=1\"> http:\/\/www.devir.es\/forum\/forum_posts.asp?TID=2031&amp;PN=1<\/a> <\/div>\n<p>Un saludo y mucha suerte a todos, especialmente a los que vienen por la tienda, jeje, y m\u00e1s aun a los que compr\u00e1is, jeje.<\/p>\n<div> <\/div>\n","protected":false},"excerpt":{"rendered":"<p>Queda muy poco ya y tenemos novedades, seg\u00fan nos informa Sandman, gran director del evento, se nos dij\u00f3 que habr\u00eda un premio al mejor Junior, menor de 16 a\u00f1os, esto no es as\u00ed, ya que&hellip; <a class=\"read-more-link\" href=\"https:\/\/www.atomcomics.net\/blog\/2005\/12\/02\/pequenos-cambios-en-el-nacional-de-heroclix\/\">(seguir leyendo)<\/a><\/p>\n","protected":false},"author":1,"featured_media":9921,"comment_status":"open","ping_status":"open","sticky":false,"template":"","format":"standard","meta":{"jetpack_post_was_ever_published":false,"_jetpack_newsletter_access":"","_jetpack_dont_email_post_to_subs":false,"_jetpack_newsletter_tier_id":0,"_jetpack_memberships_contains_paywalled_content":false,"_jetpack_memberships_contains_paid_content":false,"footnotes":"","jetpack_publicize_message":"","jetpack_publicize_feature_enabled":true,"jetpack_social_post_already_shared":false,"jetpack_social_options":{"image_generator_settings":{"template":"highway","default_image_id":0,"font":"","enabled":false},"version":2}},"categories":[1],"tags":[],"class_list":["post-172","post","type-post","status-publish","format-standard","has-post-thumbnail","hentry","category-uncategorized"],"jetpack_publicize_connections":[],"jetpack_featured_media_url":"https:\/\/i0.wp.com\/www.atomcomics.net\/blog\/wp-content\/uploads\/logonegro.png?fit=473%2C191&ssl=1","jetpack_shortlink":"https:\/\/wp.me\/p53Ua-2M","jetpack-related-posts":[{"id":165,"url":"https:\/\/www.atomcomics.net\/blog\/2005\/11\/28\/informacion-nacional-heroclix\/","url_meta":{"origin":172,"position":0},"title":"Informaci\u00f3n Nacional Heroclix","author":"ATOM COMICS","date":"28, noviembre, 2005","format":false,"excerpt":"Como lo prometido es deuda, os pongo la informaci\u00f3n del Nacional Heroclix actualizada. Desde aqu\u00ed agradecer a Sandman, y al resto de jueces, entre ellos nuestro apreciado Masacre, por \"pringar\" en el evento. Os recuerdo, que el jueves y el s\u00e1bado tenemos torneos en ATOM. Fecha y hora: 4 de\u2026","rel":"","context":"Entrada similar","block_context":{"text":"Entrada similar","link":""},"img":{"alt_text":"","src":"","width":0,"height":0},"classes":[]},{"id":92,"url":"https:\/\/www.atomcomics.net\/blog\/2005\/09\/14\/v-premios-de-la-critica-jornadas-aviles\/","url_meta":{"origin":172,"position":1},"title":"V Premios de la cr\u00edtica Jornadas Avil\u00e9s","author":"ATOM COMICS","date":"14, septiembre, 2005","format":false,"excerpt":"Yo corto y pego... Como es habitual, el pasado fin de semana, durante la ceremonia de clausura de las Jornadas de Avil\u00e9s se hizo oficial los resultados de los Premios de la Asociaci\u00f3n de la Cr\u00edtica, compuesta por los cr\u00edticos relacionados con los medios de comunicaci\u00f3n especializados en el mundo\u2026","rel":"","context":"Entrada similar","block_context":{"text":"Entrada similar","link":""},"img":{"alt_text":"","src":"","width":0,"height":0},"classes":[]},{"id":168,"url":"https:\/\/www.atomcomics.net\/blog\/2005\/11\/30\/xiii-certamen-nacional-de-comic-mutantes-paseantes\/","url_meta":{"origin":172,"position":2},"title":"XIII Certamen Nacional de C\u00f3mic \u00abMutantes Paseantes\u00bb","author":"ATOM COMICS","date":"30, noviembre, 2005","format":false,"excerpt":"Nos ha llegado informaci\u00f3n del XIII Certamen Nacional de Comic \"Mutantes Paseantes\", organizado por el Instituto Muncipal de Fiestas y Juventud del Asyuntamiento de San Roque en colaboraci\u00f3n con la Asociaci\u00f3n Juvenil \"Mutantes Paseantes\", pongo a continuaci\u00f3n todo lo que s\u00e9: -Categor\u00edas: Adultos: A parit de 18 a\u00f1os. Juvenil: Menores\u2026","rel":"","context":"Entrada similar","block_context":{"text":"Entrada similar","link":""},"img":{"alt_text":"","src":"","width":0,"height":0},"classes":[]},{"id":155,"url":"https:\/\/www.atomcomics.net\/blog\/2005\/11\/21\/nacional-heroclix\/","url_meta":{"origin":172,"position":3},"title":"Nacional HeroClix","author":"ATOM COMICS","date":"21, noviembre, 2005","format":false,"excerpt":"Os informo de todo lo que s\u00e9 del magno evento heroclixero del a\u00f1o, s\u00ed, me refiero al Nacional, que se celebrar\u00e1 en Madrid, en los Salones BodenSee, el domingo d\u00eda 4 de diciembre. Desde aqu\u00ed, hacemos un llamamiento a la participaci\u00f3n. El torneo comenzar\u00e1 a las 9:30, y por la\u2026","rel":"","context":"Entrada similar","block_context":{"text":"Entrada similar","link":""},"img":{"alt_text":"","src":"","width":0,"height":0},"classes":[]},{"id":547,"url":"https:\/\/www.atomcomics.net\/blog\/2006\/09\/11\/los-ganadores-de-los-harvey-son\/","url_meta":{"origin":172,"position":4},"title":"Los ganadores de los Harvey son&#8230;","author":"Dani","date":"11, septiembre, 2006","format":false,"excerpt":"Ya hay ganadores de los premios Harvey, tras conocer a los nominados, tenemos a los ganadores que son: Mejor rotulista: Chris Ware, por Acme Novelty Library #18Mejor colorista: Laura Martin, por Astonishing X-MenMejor tira: Maakies , de Tony MillionaireMejor entintador: Charles Burns, por Black Hole #12Mejor comic on-line: American Elf\u2026","rel":"","context":"En \u00abNoticias\u00bb","block_context":{"text":"Noticias","link":"https:\/\/www.atomcomics.net\/blog\/category\/noticias\/"},"img":{"alt_text":"","src":"","width":0,"height":0},"classes":[]},{"id":8626,"url":"https:\/\/www.atomcomics.net\/blog\/2016\/03\/09\/la-casa-de-paco-roca-premio-zona-comic-2015\/","url_meta":{"origin":172,"position":5},"title":"\u2018La casa\u2019 de Paco Roca, Premio Zona C\u00f3mic 2015","author":"ATOM COMICS","date":"9, marzo, 2016","format":false,"excerpt":"Las librer\u00edas especializadas que integran ZONA C\u00d3MIC han elegido la obra \u2018La casa\u2019 de Paco Roca, editada por Astiberri, como el mejor c\u00f3mic nacional publicado durante 2015. \u2018La casa\u2018 ha sido elegida en un proceso en el que han quedado finalistas Corto Malt\u00e9s: \u2018Bajo el sol de medianoche\u2019 de Juan\u2026","rel":"","context":"Entrada similar","block_context":{"text":"Entrada similar","link":""},"img":{"alt_text":"","src":"https:\/\/i0.wp.com\/www.comicalia.com\/20334-large\/la-casa-paco-roca.jpg?resize=350%2C200","width":350,"height":200},"classes":[]}],"jetpack_sharing_enabled":true,"_links":{"self":[{"href":"https:\/\/www.atomcomics.net\/blog\/wp-json\/wp\/v2\/posts\/172","targetHints":{"allow":["GET"]}}],"collection":[{"href":"https:\/\/www.atomcomics.net\/blog\/wp-json\/wp\/v2\/posts"}],"about":[{"href":"https:\/\/www.atomcomics.net\/blog\/wp-json\/wp\/v2\/types\/post"}],"author":[{"embeddable":true,"href":"https:\/\/www.atomcomics.net\/blog\/wp-json\/wp\/v2\/users\/1"}],"replies":[{"embeddable":true,"href":"https:\/\/www.atomcomics.net\/blog\/wp-json\/wp\/v2\/comments?post=172"}],"version-history":[{"count":0,"href":"https:\/\/www.atomcomics.net\/blog\/wp-json\/wp\/v2\/posts\/172\/revisions"}],"wp:featuredmedia":[{"embeddable":true,"href":"https:\/\/www.atomcomics.net\/blog\/wp-json\/wp\/v2\/media\/9921"}],"wp:attachment":[{"href":"https:\/\/www.atomcomics.net\/blog\/wp-json\/wp\/v2\/media?parent=172"}],"wp:term":[{"taxonomy":"category","embeddable":true,"href":"https:\/\/www.atomcomics.net\/blog\/wp-json\/wp\/v2\/categories?post=172"},{"taxonomy":"post_tag","embeddable":true,"href":"https:\/\/www.atomcomics.net\/blog\/wp-json\/wp\/v2\/tags?post=172"}],"curies":[{"name":"wp","href":"https:\/\/api.w.org\/{rel}","templated":true}]}}