{"id":179,"date":"2005-12-10T17:45:00","date_gmt":"2005-12-11T00:45:00","guid":{"rendered":"http:\/\/www.atom.foxgame.org\/?p=179"},"modified":"2005-12-10T17:45:00","modified_gmt":"2005-12-11T00:45:00","slug":"nominados-en-angouleme","status":"publish","type":"post","link":"https:\/\/www.atomcomics.net\/blog\/2005\/12\/10\/nominados-en-angouleme\/","title":{"rendered":"Nominados en Angoul\u00eame"},"content":{"rendered":"<p>Desde hace unos d\u00edas se conocen las nominaciones del que es el gran evento del BD. En la lista, como siempre, mucho comicazo , muchas de ellos sin embargo aun no han llegado a nuestras fronteras, pero no hay nada mejor que un premio para animar a editores.<br \/>\nLa lista completa -tomada de La Carcel de Papel-:<\/p>\n<p>Premio al mejor \u00e1lbum<strong><br \/>\n&#8211; Notes pour une histoire de guerre<\/strong>, de GIPI. Actes Sud BD<br \/>\n<strong>&#8211; Hant\u00e9<\/strong>, de Philippe Dypuy. Corn\u00e9lius<br \/>\n<strong>&#8211; Olivia Sturgess 1914-2004<\/strong>, de Floc\u2019h &amp; Rivi\u00e8re. Dargaud<br \/>\n<strong>&#8211; Fritz Haber<\/strong>, de de David Vandermeulen. Delcourt<br \/>\n<strong>&#8211; Les damn\u00e9s de Nanterre<\/strong>, de Chantal Montellier. Deno\u00ebl Graphic<br \/>\n<strong>&#8211; Le petit bleu de la c\u00f4te ouest<\/strong>, de Manchette y Tardi. Les Humano\u00efdes Assosi\u00e9s<br \/>\n<strong>&#8211; Ripple<\/strong>, de Dave Cooper. Seuil   <\/p>\n<p>Premio al mejor Dibujo<br \/>\n<strong>&#8211; Mitchum<\/strong>, de Blutch. Corn\u00e9lius<br \/>\n<strong>&#8211; Panopticum<\/strong>, de Thomas Ott. L\u2019Association<br \/>\n<strong>&#8211; Quimby Mouse<\/strong>, de Chris Ware. L\u2019Association<br \/>\n<strong>&#8211; Gogo Monster<\/strong>, de Taiyou Matsumoto. Delcourt<br \/>\n<strong>&#8211; Le vol du corbeau y Tome 2<\/strong>, de Gibrat. Dupuis<br \/>\n<strong>&#8211; Prestige de l\u2019uniforme<\/strong>, de Hugues Micol y Loo Hui Phang. Dupuis<br \/>\n<strong>&#8211; Chocottes au sous-sol !<\/strong>, de Blanquet. La Joie de Lire<\/p>\n<p>Mejor Gui\u00f3n<br \/>\n<strong>&#8211; Le roi des mouches<\/strong>, de Mezzo y Pirus. Albin Michel<br \/>\n<strong>&#8211; Hemingway<\/strong>, de Jason. Editions Carabas<br \/>\n<strong>&#8211; A history of violence<\/strong>, de John Wagner y Vince Locke. Delcourt<br \/>\n<strong>&#8211; Dans la prison<\/strong>, de Kazuichi Hanawa. ego comme x<br \/>\n<strong>&#8211; Les passe-murailles y Tome 1<\/strong>, de Jean-Luc Cornette y St\u00e9phane Oiry. Les Humano\u00efdes Assosi\u00e9s<br \/>\n<strong>&#8211; Les mauvaises gens<\/strong>, de Etienne Davodeau. Delcourt<br \/>\n<strong>&#8211; The autobiography of me too two<\/strong>, de Bouzard.Les requins marteaux<\/p>\n<p>Mejor Primer \u00e1lbum<br \/>\n<strong>&#8211; A la lettre pr\u00e8s<\/strong>, de Cyrille Pom\u00e8s. Albin Michel<br \/>\n<strong>&#8211; Le blog de Frantico<\/strong>, de Frantico. Albin Michel<br \/>\n<strong>&#8211; Cornigule<\/strong>, de Takashi Kurihara. Editions Corn\u00e9lius<br \/>\n<strong>&#8211; The Goon y Tome 1<\/strong>, de Eric Powell. Delcourt<br \/>\n<strong>&#8211; Aya de Yopougon y Tome 1<\/strong>, de Marguerite Abouet y Cl\u00e9ment Oubrerie. Gallimard<br \/>\n<strong>&#8211; Essence<\/strong>, de Janusz y Gawronkiewicz. Gl\u00e9nat<br \/>\n<strong>&#8211; Kinky &amp; Cosy y C\u2019est encore loin ?<\/strong>, de Nix. Lombard<\/p>\n<p>Patrimonio de la BD<br \/>\n<strong>&#8211; Comment d\u00e9coder l\u2019\u00e9tircopyh<\/strong>, de Jean-Claude Forest. L\u2019Association<br \/>\n<strong>&#8211; Prince Norman y Tome 1<\/strong>, de Osamu Tezuka. Editions Corn\u00e9lius<br \/>\n<strong>&#8211; Snoopy &amp; Les Peanuts<\/strong>, de Schulz. Dargaud<br \/>\n<strong>&#8211; Popeye<\/strong>, de Segar. Deno\u00ebl Graphic<br \/>\n<strong>&#8211; L\u2019\u00e9cole emport\u00e9e<\/strong>, de Kazuo Umezu. Gl\u00e9nat<br \/>\n<strong>&#8211; Polly and her pals<\/strong>, de Cliff Sterrett.<br \/>\n<strong>&#8211; Locas y Volume 1<\/strong>, de Jaime Hernandez. Seuil<\/p>\n<p>Mejor Serie<br \/>\n<strong>&#8211; La Java Bleue<\/strong>, de Joann Sfar. L\u2019Association<br \/>\n<strong>&#8211; Lupus<\/strong>, de Frederik Peeters. Atrabile<br \/>\n<strong>&#8211; Blacksad<\/strong>, de Diaz Canales y Guarnido. Dargaud<br \/>\n<strong>&#8211; Blackhole<\/strong>, de Charles Burns. Delcourt<br \/>\n<strong>&#8211; Bone<\/strong>, de Jeff Smith. Delcourt<br \/>\n<strong>&#8211; Th\u00e9odore Poussin<\/strong>, de Franck Le Gall. Dupuis<br \/>\n<strong>&#8211; Bouncer<\/strong>, de Boucq y Jodorowsky. Les Humano\u00efdes Assosi\u00e9s<\/p>\n<p>Mejor obra juvenil<br \/>\n<strong>&#8211; N\u00e4vis. Tome 2<\/strong>, de Munuera. Delcourt<br \/>\n<strong>&#8211; Sillage. Tome 8<\/strong>, de Morvan y Buchet.Delcourt<br \/>\n<strong>&#8211; Kid Paddle. Tome 10<\/strong>, de Midam. Dupuis<br \/>\n<strong>&#8211; L\u2019enfant de l\u2019orage y Tome 2<\/strong>, de Bichebois y Poli. Les Humano\u00efdes Assosi\u00e9s<\/p>\n<p>Premio del P\u00fablico al Mejor \u00e1lbum<br \/>\n<strong>&#8211; Cour Royale<\/strong>, de Rochette y Veyron. Albin Michel<br \/>\n<strong>&#8211; Terre de r\u00eaves<\/strong>, de Jir\u00f4 Taniguchi. Casterman<br \/>\n<strong>&#8211; Blacksad<\/strong>, de Diaz Canales y Guarnido. Dargaud<br \/>\n<strong>&#8211; Le chat du Rabbin<\/strong>, de Joann Sfar. Poisson Pilote<br \/>\n<strong>&#8211; Les mauvaises gens<\/strong>, de Etienne Davodeau. Delcourt<br \/>\n<strong>&#8211; Nana<\/strong>, de Ai Yazawa. Delcourt<br \/>\n<strong>&#8211; Sam &amp; Twitch<\/strong>, de Marc Andreyko y Paul Lee. Delcourt<br \/>\n<strong>&#8211; L\u2019aigle sans orteils<\/strong>, de Lax. Dupuis<br \/>\n<strong>&#8211; Largo Winch. Tome 13<\/strong>, de Philippe Francq y Jean Van Hamme. Dupuis<br \/>\n<strong>&#8211; P\u00e9riode glaciaire<\/strong>, de Nicolas De Cr\u00e9cy. Futuropolis<br \/>\n<strong>&#8211; Roy &amp; Al<\/strong>, de Ralf Konig. Gl\u00e9nat<br \/>\n<strong>&#8211; Bouncer. Tome 4<\/strong>, de Boucq y Jodorowsky. Les Humano\u00efdes Assosi\u00e9s<br \/>\n<strong>&#8211; Le petit bleu de la c\u00f4te ouest<\/strong>, de Manchette y Tardi. Les Humano\u00efdes Assosi\u00e9s<br \/>\n<strong>&#8211; Naruto<\/strong>, de Masashi Kishimoto. Kana<br \/>\n<strong>&#8211; Kinky &amp; Cosy: C\u2019est encore loin ?<\/strong>, de Nix. Lombard <\/p>\n<p> Y para los muy interesados aqu\u00ed ten\u00e9is la web del sal\u00f3n <a href=\"http:\/\/www.bdangouleme.com\/\">www.bdangouleme.com<\/a><\/p>\n","protected":false},"excerpt":{"rendered":"<p>Desde hace unos d\u00edas se conocen las nominaciones del que es el gran evento del BD. En la lista, como siempre, mucho comicazo , muchas de ellos sin embargo aun no han llegado a nuestras&hellip; <a class=\"read-more-link\" href=\"https:\/\/www.atomcomics.net\/blog\/2005\/12\/10\/nominados-en-angouleme\/\">(seguir leyendo)<\/a><\/p>\n","protected":false},"author":1,"featured_media":9921,"comment_status":"open","ping_status":"open","sticky":false,"template":"","format":"standard","meta":{"jetpack_post_was_ever_published":false,"_jetpack_newsletter_access":"","_jetpack_dont_email_post_to_subs":false,"_jetpack_newsletter_tier_id":0,"_jetpack_memberships_contains_paywalled_content":false,"_jetpack_memberships_contains_paid_content":false,"footnotes":"","jetpack_publicize_message":"","jetpack_publicize_feature_enabled":true,"jetpack_social_post_already_shared":false,"jetpack_social_options":{"image_generator_settings":{"template":"highway","default_image_id":0,"font":"","enabled":false},"version":2}},"categories":[1],"tags":[],"class_list":["post-179","post","type-post","status-publish","format-standard","has-post-thumbnail","hentry","category-uncategorized"],"jetpack_publicize_connections":[],"jetpack_featured_media_url":"https:\/\/i0.wp.com\/www.atomcomics.net\/blog\/wp-content\/uploads\/logonegro.png?fit=473%2C191&ssl=1","jetpack_shortlink":"https:\/\/wp.me\/p53Ua-2T","jetpack-related-posts":[{"id":2450,"url":"https:\/\/www.atomcomics.net\/blog\/2010\/05\/08\/premios-28-salon-del-comic-de-barcelona\/","url_meta":{"origin":179,"position":0},"title":"Premios 28 SAL\u00d3N DEL C\u00d3MIC DE BARCELONA","author":"ATOM COMICS","date":"8, mayo, 2010","format":false,"excerpt":"Nota de prensa con los premios del Sal\u00f3n del C\u00f3mic de Barcelona: LOS PREMIOS DEL SAL\u00d3N CELEBRAN EL EXCELENTE MOMENTO CREATIVO DEL MUNDO DEL C\u00d3MIC La entrega de los Premios del Sal\u00f3n del C\u00f3mic de Barcelona, los galardones m\u00e1s prestigiosos de los que se conceden en Espa\u00f1a en el \u00e1mbito\u2026","rel":"","context":"En \u00abNoticias\u00bb","block_context":{"text":"Noticias","link":"https:\/\/www.atomcomics.net\/blog\/category\/noticias\/"},"img":{"alt_text":"","src":"","width":0,"height":0},"classes":[]},{"id":3896,"url":"https:\/\/www.atomcomics.net\/blog\/2012\/03\/12\/nominados-salon-de-comic-de-barcelona\/","url_meta":{"origin":179,"position":1},"title":"Nominados Sal\u00f3n de C\u00f3mic de Barcelona","author":"ATOM COMICS","date":"12, marzo, 2012","format":false,"excerpt":"FICOMIC nos informa... En la primera fase de las votaciones, los profesionales del sector de la historieta han escogido a los nominados a las categor\u00edas de Mejor Obra de Autor Espa\u00f1ol 2011, Mejor Obra de Autor Extranjero y Mejor Fanzine. \u00c9sta es la lista de los nominados: NOMINADOS MEJOR OBRA\u2026","rel":"","context":"En \u00abNoticias\u00bb","block_context":{"text":"Noticias","link":"https:\/\/www.atomcomics.net\/blog\/category\/noticias\/"},"img":{"alt_text":"","src":"","width":0,"height":0},"classes":[]},{"id":676,"url":"https:\/\/www.atomcomics.net\/blog\/2007\/01\/03\/novedades-ano-nuevo-cosas-nuevos\/","url_meta":{"origin":179,"position":2},"title":"Novedades: A\u00f1o nuevo, cosas nuevos","author":"ATOM COMICS","date":"3, enero, 2007","format":false,"excerpt":"PANINIUltimate Fantastic Four #16 - 3,35\u20ac\u00a0ROLMutants and Masterminds - 44,95\u20acSegunda edici\u00f3n de Mutants & Masterminds, revisi\u00f3n y mejora del juego ganador del Premio al Mejor Juego de los GenCon EN World RPG Awards y del Premio Peer al producto m\u00e1s innovador, junto con muchos otros premios y galardones. \u00a1El Mejor\u2026","rel":"","context":"En \u00abNovedades\u00bb","block_context":{"text":"Novedades","link":"https:\/\/www.atomcomics.net\/blog\/category\/novedades\/"},"img":{"alt_text":"","src":"https:\/\/i0.wp.com\/i62.photobucket.com\/albums\/h108\/atomcomics\/barra-1-1.jpg?resize=350%2C200","width":350,"height":200},"classes":[]},{"id":165,"url":"https:\/\/www.atomcomics.net\/blog\/2005\/11\/28\/informacion-nacional-heroclix\/","url_meta":{"origin":179,"position":3},"title":"Informaci\u00f3n Nacional Heroclix","author":"ATOM COMICS","date":"28, noviembre, 2005","format":false,"excerpt":"Como lo prometido es deuda, os pongo la informaci\u00f3n del Nacional Heroclix actualizada. Desde aqu\u00ed agradecer a Sandman, y al resto de jueces, entre ellos nuestro apreciado Masacre, por \"pringar\" en el evento. Os recuerdo, que el jueves y el s\u00e1bado tenemos torneos en ATOM. Fecha y hora: 4 de\u2026","rel":"","context":"Entrada similar","block_context":{"text":"Entrada similar","link":""},"img":{"alt_text":"","src":"","width":0,"height":0},"classes":[]},{"id":92,"url":"https:\/\/www.atomcomics.net\/blog\/2005\/09\/14\/v-premios-de-la-critica-jornadas-aviles\/","url_meta":{"origin":179,"position":4},"title":"V Premios de la cr\u00edtica Jornadas Avil\u00e9s","author":"ATOM COMICS","date":"14, septiembre, 2005","format":false,"excerpt":"Yo corto y pego... Como es habitual, el pasado fin de semana, durante la ceremonia de clausura de las Jornadas de Avil\u00e9s se hizo oficial los resultados de los Premios de la Asociaci\u00f3n de la Cr\u00edtica, compuesta por los cr\u00edticos relacionados con los medios de comunicaci\u00f3n especializados en el mundo\u2026","rel":"","context":"Entrada similar","block_context":{"text":"Entrada similar","link":""},"img":{"alt_text":"","src":"","width":0,"height":0},"classes":[]},{"id":8626,"url":"https:\/\/www.atomcomics.net\/blog\/2016\/03\/09\/la-casa-de-paco-roca-premio-zona-comic-2015\/","url_meta":{"origin":179,"position":5},"title":"\u2018La casa\u2019 de Paco Roca, Premio Zona C\u00f3mic 2015","author":"ATOM COMICS","date":"9, marzo, 2016","format":false,"excerpt":"Las librer\u00edas especializadas que integran ZONA C\u00d3MIC han elegido la obra \u2018La casa\u2019 de Paco Roca, editada por Astiberri, como el mejor c\u00f3mic nacional publicado durante 2015. \u2018La casa\u2018 ha sido elegida en un proceso en el que han quedado finalistas Corto Malt\u00e9s: \u2018Bajo el sol de medianoche\u2019 de Juan\u2026","rel":"","context":"Entrada similar","block_context":{"text":"Entrada similar","link":""},"img":{"alt_text":"","src":"https:\/\/i0.wp.com\/www.comicalia.com\/20334-large\/la-casa-paco-roca.jpg?resize=350%2C200","width":350,"height":200},"classes":[]}],"jetpack_sharing_enabled":true,"_links":{"self":[{"href":"https:\/\/www.atomcomics.net\/blog\/wp-json\/wp\/v2\/posts\/179","targetHints":{"allow":["GET"]}}],"collection":[{"href":"https:\/\/www.atomcomics.net\/blog\/wp-json\/wp\/v2\/posts"}],"about":[{"href":"https:\/\/www.atomcomics.net\/blog\/wp-json\/wp\/v2\/types\/post"}],"author":[{"embeddable":true,"href":"https:\/\/www.atomcomics.net\/blog\/wp-json\/wp\/v2\/users\/1"}],"replies":[{"embeddable":true,"href":"https:\/\/www.atomcomics.net\/blog\/wp-json\/wp\/v2\/comments?post=179"}],"version-history":[{"count":0,"href":"https:\/\/www.atomcomics.net\/blog\/wp-json\/wp\/v2\/posts\/179\/revisions"}],"wp:featuredmedia":[{"embeddable":true,"href":"https:\/\/www.atomcomics.net\/blog\/wp-json\/wp\/v2\/media\/9921"}],"wp:attachment":[{"href":"https:\/\/www.atomcomics.net\/blog\/wp-json\/wp\/v2\/media?parent=179"}],"wp:term":[{"taxonomy":"category","embeddable":true,"href":"https:\/\/www.atomcomics.net\/blog\/wp-json\/wp\/v2\/categories?post=179"},{"taxonomy":"post_tag","embeddable":true,"href":"https:\/\/www.atomcomics.net\/blog\/wp-json\/wp\/v2\/tags?post=179"}],"curies":[{"name":"wp","href":"https:\/\/api.w.org\/{rel}","templated":true}]}}