{"id":191,"date":"2005-12-20T19:18:00","date_gmt":"2005-12-21T02:18:00","guid":{"rendered":"http:\/\/www.atom.foxgame.org\/?p=191"},"modified":"2005-12-20T19:18:00","modified_gmt":"2005-12-21T02:18:00","slug":"entrevista-a-juan-diaz-canales","status":"publish","type":"post","link":"https:\/\/www.atomcomics.net\/blog\/2005\/12\/20\/entrevista-a-juan-diaz-canales\/","title":{"rendered":"Entrevista a JUAN D\u00cdAZ CANALES"},"content":{"rendered":"<p>El mes pasado Norma nos ofrec\u00eda una entrevista a Juanjo Guarnido, sin embargo, faltaba el otro creador de Blacksad, por lo que hoy nos ofrece una entrevista con su guionista. Para leerla <a href=\"http:\/\/www.normaeditorial.com\/main.aspx?page=content&amp;pageid=171&amp;sectid=10\">pinchad aqu\u00ed<\/a>.<strong><\/strong><\/p>\n","protected":false},"excerpt":{"rendered":"<p>El mes pasado Norma nos ofrec\u00eda una entrevista a Juanjo Guarnido, sin embargo, faltaba el otro creador de Blacksad, por lo que hoy nos ofrece una entrevista con su guionista. Para leerla pinchad aqu\u00ed.<\/p>\n","protected":false},"author":1,"featured_media":9921,"comment_status":"open","ping_status":"open","sticky":false,"template":"","format":"standard","meta":{"jetpack_post_was_ever_published":false,"_jetpack_newsletter_access":"","_jetpack_dont_email_post_to_subs":false,"_jetpack_newsletter_tier_id":0,"_jetpack_memberships_contains_paywalled_content":false,"_jetpack_memberships_contains_paid_content":false,"footnotes":"","jetpack_publicize_message":"","jetpack_publicize_feature_enabled":true,"jetpack_social_post_already_shared":false,"jetpack_social_options":{"image_generator_settings":{"template":"highway","default_image_id":0,"font":"","enabled":false},"version":2}},"categories":[1],"tags":[],"class_list":["post-191","post","type-post","status-publish","format-standard","has-post-thumbnail","hentry","category-uncategorized"],"jetpack_publicize_connections":[],"jetpack_featured_media_url":"https:\/\/i0.wp.com\/www.atomcomics.net\/blog\/wp-content\/uploads\/logonegro.png?fit=473%2C191&ssl=1","jetpack_shortlink":"https:\/\/wp.me\/p53Ua-35","jetpack-related-posts":[{"id":7043,"url":"https:\/\/www.atomcomics.net\/blog\/2014\/04\/15\/novedad-la-entrevista-salamandra\/","url_meta":{"origin":191,"position":0},"title":"Novedad: La entrevista (Salamandra)","author":"ATOM COMICS","date":"15, abril, 2014","format":false,"excerpt":"SALAMANDRA GRAPHIC La entrevista\u00a022,00 \u20ac","rel":"","context":"En \u00abNovedades\u00bb","block_context":{"text":"Novedades","link":"https:\/\/www.atomcomics.net\/blog\/category\/novedades\/"},"img":{"alt_text":"La entrevista","src":"https:\/\/i0.wp.com\/www.comicalia.com\/13397-large\/la-entrevista.jpg?resize=350%2C200","width":350,"height":200},"classes":[]},{"id":169,"url":"https:\/\/www.atomcomics.net\/blog\/2005\/11\/30\/entrevista-a-juanjo-guarnido-y-a-steve-oliff\/","url_meta":{"origin":191,"position":1},"title":"Entrevista a JUANJO GUARNIDO y a STEVE OLIFF","author":"ATOM COMICS","date":"30, noviembre, 2005","format":false,"excerpt":"Con motivo del lanzamiento de Blacksad 3, la web de NORMA nos ofrece una entrevista con Juanjo Guarnido, dibujante con may\u00fasculas. En enlace aqu\u00ed. Asimismo, la web de NORMA nos ofrece tambi\u00e9n, una entrevista a Steve Oliff, reponsable del, para mi, excelente color de AKIRA, m\u00e1s aun, pensando en cuando\u2026","rel":"","context":"Entrada similar","block_context":{"text":"Entrada similar","link":""},"img":{"alt_text":"","src":"","width":0,"height":0},"classes":[]},{"id":5894,"url":"https:\/\/www.atomcomics.net\/blog\/2013\/08\/01\/podcast-6-altamente-ilogico-entrevista-a-pedro-angosto-cap-1\/","url_meta":{"origin":191,"position":2},"title":"Podcast #6. Altamente Il\u00f3gico: Entrevista a Pedro Angosto Cap.1","author":"ATOM COMICS","date":"1, agosto, 2013","format":false,"excerpt":"Nuevo cap\u00edtulo de Altamente Il\u00f3gico\u00a0 y nueva entrevista. En este cap\u00edtulo tenemos la primera parte (de dos) de la entrevista a Pedro Angosto donde nos presenta Men of Bronze Studios. Como es normal acabamos hablando de muchas otras cosas relacionadas con el c\u00f3mic: pel\u00edculas de superh\u00e9roes, Marvel y DC, Dan\u2026","rel":"","context":"En \u00abNovedades\u00bb","block_context":{"text":"Novedades","link":"https:\/\/www.atomcomics.net\/blog\/category\/novedades\/"},"img":{"alt_text":"angosto01","src":"https:\/\/i0.wp.com\/www.atomcomics.net\/wp-content\/uploads\/angosto01.jpg?resize=350%2C200","width":350,"height":200},"classes":[]},{"id":223,"url":"https:\/\/www.atomcomics.net\/blog\/2006\/02\/03\/entrevista-andi-watson\/","url_meta":{"origin":191,"position":3},"title":"Entrevista Andi Watson","author":"ATOM COMICS","date":"3, febrero, 2006","format":false,"excerpt":"La Web de Norma nos ofrece una entrevista con un autor que gusta mucho a algunos de los parroquianos de la tienda pero que tambi\u00e9n decepciona a muchos otros, se trata de ANDI WATSON (PELEAS DE ENAMORADOS y SED DE NOTICIAS). Bueno, para ir a ella pinchad aqu\u00ed.","rel":"","context":"Entrada similar","block_context":{"text":"Entrada similar","link":""},"img":{"alt_text":"","src":"","width":0,"height":0},"classes":[]},{"id":5918,"url":"https:\/\/www.atomcomics.net\/blog\/2013\/08\/05\/podcast-7-altamente-ilogico-entrevista-a-pedro-angosto-cap-2\/","url_meta":{"origin":191,"position":4},"title":"Podcast #7. Altamente Il\u00f3gico: Entrevista a Pedro Angosto Cap.2","author":"ATOM COMICS","date":"5, agosto, 2013","format":false,"excerpt":"Antes de irnos de vacaciones un regalo (o no); la segunda parte de la entrevista a Pedro Angosto: \u00bfOs quedasteis con ganas de m\u00e1s? Pues est\u00e1is de suerte.","rel":"","context":"En \u00abPodcast\u00bb","block_context":{"text":"Podcast","link":"https:\/\/www.atomcomics.net\/blog\/category\/pod\/"},"img":{"alt_text":"bama_man_of_bronze_cover1a","src":"https:\/\/i0.wp.com\/www.atomcomics.net\/wp-content\/uploads\/bama_man_of_bronze_cover1a.jpg?resize=350%2C200","width":350,"height":200},"classes":[]},{"id":154,"url":"https:\/\/www.atomcomics.net\/blog\/2005\/11\/21\/entrevista-a-ed-brubaker\/","url_meta":{"origin":191,"position":5},"title":"Entrevista a Ed Brubaker","author":"ATOM COMICS","date":"21, noviembre, 2005","format":false,"excerpt":"Zona Negativa nos traduce, gracias chicos, una entrevista a Ed Brubaker aparecida en Uncanny X-Men.net. El motivo de la misma es su trabajo en X-men Deadly Genesis, como observar\u00e9is, la portada podr\u00eda ser descrita como la versi\u00f3n zombie del renacimiento de la Patrulla-X, y es que los zombies est\u00e1n de\u2026","rel":"","context":"Con 1 comentario","block_context":{"text":"Con 1 comentario","link":"https:\/\/www.atomcomics.net\/blog\/2005\/11\/21\/entrevista-a-ed-brubaker\/#comments"},"img":{"alt_text":"","src":"","width":0,"height":0},"classes":[]}],"jetpack_sharing_enabled":true,"_links":{"self":[{"href":"https:\/\/www.atomcomics.net\/blog\/wp-json\/wp\/v2\/posts\/191","targetHints":{"allow":["GET"]}}],"collection":[{"href":"https:\/\/www.atomcomics.net\/blog\/wp-json\/wp\/v2\/posts"}],"about":[{"href":"https:\/\/www.atomcomics.net\/blog\/wp-json\/wp\/v2\/types\/post"}],"author":[{"embeddable":true,"href":"https:\/\/www.atomcomics.net\/blog\/wp-json\/wp\/v2\/users\/1"}],"replies":[{"embeddable":true,"href":"https:\/\/www.atomcomics.net\/blog\/wp-json\/wp\/v2\/comments?post=191"}],"version-history":[{"count":0,"href":"https:\/\/www.atomcomics.net\/blog\/wp-json\/wp\/v2\/posts\/191\/revisions"}],"wp:featuredmedia":[{"embeddable":true,"href":"https:\/\/www.atomcomics.net\/blog\/wp-json\/wp\/v2\/media\/9921"}],"wp:attachment":[{"href":"https:\/\/www.atomcomics.net\/blog\/wp-json\/wp\/v2\/media?parent=191"}],"wp:term":[{"taxonomy":"category","embeddable":true,"href":"https:\/\/www.atomcomics.net\/blog\/wp-json\/wp\/v2\/categories?post=191"},{"taxonomy":"post_tag","embeddable":true,"href":"https:\/\/www.atomcomics.net\/blog\/wp-json\/wp\/v2\/tags?post=191"}],"curies":[{"name":"wp","href":"https:\/\/api.w.org\/{rel}","templated":true}]}}