{"id":203,"date":"2005-12-30T13:11:00","date_gmt":"2005-12-30T20:11:00","guid":{"rendered":"http:\/\/www.atom.foxgame.org\/?p=203"},"modified":"2005-12-30T13:11:00","modified_gmt":"2005-12-30T20:11:00","slug":"salimos-en-la-carcel-de-papel","status":"publish","type":"post","link":"https:\/\/www.atomcomics.net\/blog\/2005\/12\/30\/salimos-en-la-carcel-de-papel\/","title":{"rendered":"Salimos en La Carcel de Papel"},"content":{"rendered":"<div><a href=\"http:\/\/www.lacarceldepapel.com\/?p=444\">Que orgullo que satisfacci\u00f3n, salimos y mola un mont\u00f3n.<\/a><a href=\"https:\/\/i0.wp.com\/www.atomcomics.net\/uploaded_images\/carcelresena-755248.jpg\"><img data-recalc-dims=\"1\" decoding=\"async\" src=\"https:\/\/i0.wp.com\/www.atomcomics.net\/uploaded_images\/carcelresena-754028.jpg\" alt=\"\" border=\"0\" \/><\/a><\/div>\n<div>\n<div>Tras este horrible pareado que casi no me he currado (ah\u00ed va otro), comentar ahora ya en serio, que tenemos que dar unas gracias dobles a Alvaro Pons, la primera por crear y mantener a esa increible \u00abcriatura\u00bb que es <a href=\"http:\/\/www.lacarceldepapel.com\">La Carcel de Papel<\/a> y la segunda por mencionarnos en una de sus recientes rese\u00f1as. Adem\u00e1s, estamos muy bien acompa\u00f1ados, sino pinchad y ver\u00e9is:\n <\/div>\n<\/p><\/div>\n<div>\n<div><a href=\"http:\/\/www.pocaspaginas.com\/\">-Pocas P\u00e1ginas<\/a>\n <\/div>\n<p> <a href=\"http:\/\/spaces.msn.com\/members\/ryosuke1000\/\">-La fortaleza de la soledad<\/a><br \/>\n<a href=\"http:\/\/gdoblog.blogspot.com\/\">-GDOBlog<\/a>,<br \/>\n<a href=\"http:\/\/tintaylapiz.blogspot.com\/\">-Tinta y l\u00e1piz <\/a><br \/>\n<a href=\"http:\/\/www.gerardomacias.blogspot.com\/\">-Elegidos para la gloria<\/a>\n<\/div>\n","protected":false},"excerpt":{"rendered":"<p>Que orgullo que satisfacci\u00f3n, salimos y mola un mont\u00f3n. Tras este horrible pareado que casi no me he currado (ah\u00ed va otro), comentar ahora ya en serio, que tenemos que dar unas gracias dobles a&hellip; <a class=\"read-more-link\" href=\"https:\/\/www.atomcomics.net\/blog\/2005\/12\/30\/salimos-en-la-carcel-de-papel\/\">(seguir leyendo)<\/a><\/p>\n","protected":false},"author":1,"featured_media":9921,"comment_status":"open","ping_status":"open","sticky":false,"template":"","format":"standard","meta":{"jetpack_post_was_ever_published":false,"_jetpack_newsletter_access":"","_jetpack_dont_email_post_to_subs":false,"_jetpack_newsletter_tier_id":0,"_jetpack_memberships_contains_paywalled_content":false,"_jetpack_memberships_contains_paid_content":false,"footnotes":"","jetpack_publicize_message":"","jetpack_publicize_feature_enabled":true,"jetpack_social_post_already_shared":false,"jetpack_social_options":{"image_generator_settings":{"template":"highway","default_image_id":0,"font":"","enabled":false},"version":2}},"categories":[1],"tags":[],"class_list":["post-203","post","type-post","status-publish","format-standard","has-post-thumbnail","hentry","category-uncategorized"],"jetpack_publicize_connections":[],"jetpack_featured_media_url":"https:\/\/i0.wp.com\/www.atomcomics.net\/blog\/wp-content\/uploads\/logonegro.png?fit=473%2C191&ssl=1","jetpack_shortlink":"https:\/\/wp.me\/p53Ua-3h","jetpack-related-posts":[{"id":52,"url":"https:\/\/www.atomcomics.net\/blog\/2005\/06\/28\/terry-y-los-piratas-recomendacion-de-la-carcel-de-papel\/","url_meta":{"origin":203,"position":0},"title":"Terry y los Piratas, recomendaci\u00f3n de la CARCEL DE PAPEL","author":"ATOM COMICS","date":"28, junio, 2005","format":false,"excerpt":"Muchos de vosotros mir\u00e1is con cara rara los dos n\u00fameros de Terry y los Piratas, de hecho, debo de confesar que considero dichos vol\u00famenes como un material \"poco vendible\". Sin embargo, acabo de echar un vistazo a la Carcel de Papel y sorpresa... Terry los Piratas, o c\u00f3mo asistir al\u2026","rel":"","context":"Entrada similar","block_context":{"text":"Entrada similar","link":""},"img":{"alt_text":"","src":"","width":0,"height":0},"classes":[]},{"id":9635,"url":"https:\/\/www.atomcomics.net\/blog\/2017\/04\/19\/novedad-aqui-no-se-descansa-nunca\/","url_meta":{"origin":203,"position":1},"title":"Novedad: Aqu\u00ed no se descansa, nunca","author":"ATOM COMICS","date":"19, abril, 2017","format":false,"excerpt":"PONENT MON PLINIVS VOL. 3 20,00 \u20ac SKY HAWK (NE) 18,00 \u20ac DIBBUKS VALEROSAS 1 18,00 \u20ac LILA TROTAMUNDOS \u00a1S\u00fabete a la caravana de Le Cirque de la Lune y hazte ciudadano del mundo!\u00a018,00 \u20ac CONFLUENCIAS LA C\u00c1RCEL DE PAPEL 27,00 \u20ac MAMUT ROBERTO Y SUS AMIGOS 10,00 \u20ac REINO\u2026","rel":"","context":"En \u00abNovedades\u00bb","block_context":{"text":"Novedades","link":"https:\/\/www.atomcomics.net\/blog\/category\/novedades\/"},"img":{"alt_text":"PLINIVS VOL. 3","src":"https:\/\/i0.wp.com\/www.comicalia.com\/26871-home_default\/plinivs-vol-3.jpg?resize=350%2C200&ssl=1","width":350,"height":200},"classes":[]},{"id":307,"url":"https:\/\/www.atomcomics.net\/blog\/2006\/04\/18\/en-el-dia-del-libro-regala-tebeos\/","url_meta":{"origin":203,"position":2},"title":"En el D\u00eda del Libro, regala TEBEOS","author":"ATOM COMICS","date":"18, abril, 2006","format":false,"excerpt":"La Carcel de Papel os ofrece este precioso Logo de David Lafuente y Josep Busquet, ya sab\u00e9is Si ten\u00e9is un weblog que hable sobre tebeos, o sencillamente ten\u00e9is una p\u00e1gina web y os gustan los tebeos, apuntaros a esta campa\u00f1a: \u201cEn el D\u00eda del Libro, regala TEBEOS\u201dHay tres tama\u00f1os: 276\u00d7132\u2026","rel":"","context":"Entrada similar","block_context":{"text":"Entrada similar","link":""},"img":{"alt_text":"","src":"","width":0,"height":0},"classes":[]},{"id":118,"url":"https:\/\/www.atomcomics.net\/blog\/2005\/10\/13\/blacksad3-a-punto-de-salir-en-francia-y-en-navidades-aqui\/","url_meta":{"origin":203,"position":3},"title":"Blacksad#3 a punto de salir en Francia y en Navidades aqu\u00ed","author":"ATOM COMICS","date":"13, octubre, 2005","format":false,"excerpt":"Como bien informa La C\u00e1rcel de Papel, hoy por hoy, y sin desmerecer a ning\u00fan otro, el blog puntero del mundillo, Blacksad #3 est\u00e1 a punto de aparecer en el mercado franc\u00e9s, y es de esperar, que en Navidad est\u00e9 en nuestras estanter\u00edas, las de la tienda y las vuestras\u2026","rel":"","context":"Con 2 comentarios","block_context":{"text":"Con 2 comentarios","link":"https:\/\/www.atomcomics.net\/blog\/2005\/10\/13\/blacksad3-a-punto-de-salir-en-francia-y-en-navidades-aqui\/#comments"},"img":{"alt_text":"","src":"","width":0,"height":0},"classes":[]},{"id":415,"url":"https:\/\/www.atomcomics.net\/blog\/2006\/06\/23\/importante-error-en-edicion-de-agujero-negro\/","url_meta":{"origin":203,"position":4},"title":"Importante: Error en edici\u00f3n de AGUJERO NEGRO","author":"ATOM COMICS","date":"23, junio, 2006","format":false,"excerpt":"La C\u00fapula ha informado que la totalida de la edici\u00f3n de Agujero Negro tiene una p\u00e1gina repetida, y por tanto, le falta la correcta. M\u00e1s concretamente, se trata de la p\u00e1gina 281, donde se repite la 277 y falta \u00e9sta (.pdf) que ha sido colgada en La Carcel de Papel.\u2026","rel":"","context":"En \u00abNoticias\u00bb","block_context":{"text":"Noticias","link":"https:\/\/www.atomcomics.net\/blog\/category\/noticias\/"},"img":{"alt_text":"","src":"","width":0,"height":0},"classes":[]},{"id":5826,"url":"https:\/\/www.atomcomics.net\/blog\/2013\/07\/22\/desde-rtve-el-laboratorio-y-el-comic-se-hizo-sonido\/","url_meta":{"origin":203,"position":5},"title":"Desde RTVE: El laboratorio &#8211; Y el comic se hizo sonido","author":"ATOM COMICS","date":"22, julio, 2013","format":false,"excerpt":"Desde RTVE\u00a0 nos llega El laboratorio - Y el comic se hizo sonido. Ahora que vamos despacio, vamos a contar... historietas. S\u00ed, con vi\u00f1etas. Iker Est\u00e9vez hablar\u00e1 con Carlos Pacheco, dibujante de Superman, Batman y X-Men entre otros, sobre el comic americano. Pero en Espa\u00f1a tambi\u00e9n hay an\u00e9cdotas que contar,\u2026","rel":"","context":"Entrada similar","block_context":{"text":"Entrada similar","link":""},"img":{"alt_text":"","src":"","width":0,"height":0},"classes":[]}],"jetpack_sharing_enabled":true,"_links":{"self":[{"href":"https:\/\/www.atomcomics.net\/blog\/wp-json\/wp\/v2\/posts\/203","targetHints":{"allow":["GET"]}}],"collection":[{"href":"https:\/\/www.atomcomics.net\/blog\/wp-json\/wp\/v2\/posts"}],"about":[{"href":"https:\/\/www.atomcomics.net\/blog\/wp-json\/wp\/v2\/types\/post"}],"author":[{"embeddable":true,"href":"https:\/\/www.atomcomics.net\/blog\/wp-json\/wp\/v2\/users\/1"}],"replies":[{"embeddable":true,"href":"https:\/\/www.atomcomics.net\/blog\/wp-json\/wp\/v2\/comments?post=203"}],"version-history":[{"count":0,"href":"https:\/\/www.atomcomics.net\/blog\/wp-json\/wp\/v2\/posts\/203\/revisions"}],"wp:featuredmedia":[{"embeddable":true,"href":"https:\/\/www.atomcomics.net\/blog\/wp-json\/wp\/v2\/media\/9921"}],"wp:attachment":[{"href":"https:\/\/www.atomcomics.net\/blog\/wp-json\/wp\/v2\/media?parent=203"}],"wp:term":[{"taxonomy":"category","embeddable":true,"href":"https:\/\/www.atomcomics.net\/blog\/wp-json\/wp\/v2\/categories?post=203"},{"taxonomy":"post_tag","embeddable":true,"href":"https:\/\/www.atomcomics.net\/blog\/wp-json\/wp\/v2\/tags?post=203"}],"curies":[{"name":"wp","href":"https:\/\/api.w.org\/{rel}","templated":true}]}}