{"id":209,"date":"2006-01-12T15:37:00","date_gmt":"2006-01-12T22:37:00","guid":{"rendered":"http:\/\/www.atom.foxgame.org\/?p=209"},"modified":"2006-01-12T15:37:00","modified_gmt":"2006-01-12T22:37:00","slug":"sin-internet-en-atom","status":"publish","type":"post","link":"https:\/\/www.atomcomics.net\/blog\/2006\/01\/12\/sin-internet-en-atom\/","title":{"rendered":"Sin Internet en ATOM"},"content":{"rendered":"<p>Hola a tod@s,<br \/>\nNos hemos quedado sin internet en la tienda por unos d\u00edas, por lo que la actualizaci\u00f3n de la p\u00e1gina va a ser complicada, pedimos disculpas por ello.<br \/>\nSe recomienda que pas\u00e9is por la tienda para estar informado de las novedades, y ya que est\u00e1is all\u00ed pues comprad malditos&#8230;comprad, jejeje.<br \/>\nUn saludo at\u00f3mico<\/p>\n","protected":false},"excerpt":{"rendered":"<p>Hola a tod@s, Nos hemos quedado sin internet en la tienda por unos d\u00edas, por lo que la actualizaci\u00f3n de la p\u00e1gina va a ser complicada, pedimos disculpas por ello. Se recomienda que pas\u00e9is por&hellip; <a class=\"read-more-link\" href=\"https:\/\/www.atomcomics.net\/blog\/2006\/01\/12\/sin-internet-en-atom\/\">(seguir leyendo)<\/a><\/p>\n","protected":false},"author":1,"featured_media":9921,"comment_status":"open","ping_status":"open","sticky":false,"template":"","format":"standard","meta":{"jetpack_post_was_ever_published":false,"_jetpack_newsletter_access":"","_jetpack_dont_email_post_to_subs":false,"_jetpack_newsletter_tier_id":0,"_jetpack_memberships_contains_paywalled_content":false,"_jetpack_memberships_contains_paid_content":false,"footnotes":"","jetpack_publicize_message":"","jetpack_publicize_feature_enabled":true,"jetpack_social_post_already_shared":false,"jetpack_social_options":{"image_generator_settings":{"template":"highway","default_image_id":0,"font":"","enabled":false},"version":2}},"categories":[1],"tags":[],"class_list":["post-209","post","type-post","status-publish","format-standard","has-post-thumbnail","hentry","category-uncategorized"],"jetpack_publicize_connections":[],"jetpack_featured_media_url":"https:\/\/i0.wp.com\/www.atomcomics.net\/blog\/wp-content\/uploads\/logonegro.png?fit=473%2C191&ssl=1","jetpack_shortlink":"https:\/\/wp.me\/p53Ua-3n","jetpack-related-posts":[{"id":158,"url":"https:\/\/www.atomcomics.net\/blog\/2005\/11\/22\/animadrid\/","url_meta":{"origin":209,"position":0},"title":"Animadrid","author":"ATOM COMICS","date":"22, noviembre, 2005","format":false,"excerpt":"Os informo que desde el d\u00eda 25 de Noviembre hasta el 2 de Diciembre de 2005 se celebrar\u00e1 ANIMADRID, VI Festival Internacional de Imagen Animada, en Pozuelo de Alcorc\u00f3n. La web www.animadrid.com aun no est\u00e1 actualizada sin embargo, para los inquietos, os pod\u00e9is pasar por la tienda y recoger la\u2026","rel":"","context":"Entrada similar","block_context":{"text":"Entrada similar","link":""},"img":{"alt_text":"","src":"","width":0,"height":0},"classes":[]},{"id":344,"url":"https:\/\/www.atomcomics.net\/blog\/2006\/05\/12\/atomalgo-mas-que-una-tienda\/","url_meta":{"origin":209,"position":1},"title":"Atom&#8230;algo m\u00e1s que una tienda","author":"ATOM COMICS","date":"12, mayo, 2006","format":false,"excerpt":"","rel":"","context":"Con 9 comentarios","block_context":{"text":"Con 9 comentarios","link":"https:\/\/www.atomcomics.net\/blog\/2006\/05\/12\/atomalgo-mas-que-una-tienda\/#comments"},"img":{"alt_text":"","src":"","width":0,"height":0},"classes":[]},{"id":7705,"url":"https:\/\/www.atomcomics.net\/blog\/2015\/02\/23\/novedad-un-pedazo-de-japon-en-tienda\/","url_meta":{"origin":209,"position":2},"title":"Novedad: Un pedazo de Jap\u00f3n en tienda","author":"ATOM COMICS","date":"23, febrero, 2015","format":false,"excerpt":"EIKY\u00d4 Eiky\u00f4 n\u00fam 16\u00a04,00 \u20ac","rel":"","context":"En \u00abNovedades\u00bb","block_context":{"text":"Novedades","link":"https:\/\/www.atomcomics.net\/blog\/category\/novedades\/"},"img":{"alt_text":"Eiky\u00f4 n\u00fam 16","src":"https:\/\/i0.wp.com\/www.comicalia.com\/16804-large\/eikyo-num-16.jpg?resize=350%2C200","width":350,"height":200},"classes":[]},{"id":9819,"url":"https:\/\/www.atomcomics.net\/blog\/2017\/07\/07\/altamente-ilogico-23-de-paseo-por-la-tienda\/","url_meta":{"origin":209,"position":3},"title":"Altamente Il\u00f3gico 23. De paseo por la tienda","author":"ATOM COMICS","date":"7, julio, 2017","format":false,"excerpt":"El librero y Javi Suxinsu pasean por la tienda y hablan de tebeos y de sus cosas. Como siempre, altamente il\u00f3gico. Un repaso desenfadado a la novedad comiquera con alguna recomendaci\u00f3n y lluvia en la calle. La charla\/paseo tuvo lugar el 6 de Julio de 2017 en Atom C\u00f3mics (C\/Fuencarral\u2026","rel":"","context":"En \u00abPodcast\u00bb","block_context":{"text":"Podcast","link":"https:\/\/www.atomcomics.net\/blog\/category\/pod\/"},"img":{"alt_text":"","src":"https:\/\/i0.wp.com\/www.atomcomics.net\/blog\/wp-content\/uploads\/supersons.jpg?fit=1200%2C675&ssl=1&resize=350%2C200","width":350,"height":200,"srcset":"https:\/\/i0.wp.com\/www.atomcomics.net\/blog\/wp-content\/uploads\/supersons.jpg?fit=1200%2C675&ssl=1&resize=350%2C200 1x, https:\/\/i0.wp.com\/www.atomcomics.net\/blog\/wp-content\/uploads\/supersons.jpg?fit=1200%2C675&ssl=1&resize=525%2C300 1.5x, https:\/\/i0.wp.com\/www.atomcomics.net\/blog\/wp-content\/uploads\/supersons.jpg?fit=1200%2C675&ssl=1&resize=700%2C400 2x, https:\/\/i0.wp.com\/www.atomcomics.net\/blog\/wp-content\/uploads\/supersons.jpg?fit=1200%2C675&ssl=1&resize=1050%2C600 3x"},"classes":[]},{"id":7534,"url":"https:\/\/www.atomcomics.net\/blog\/2014\/12\/01\/novedad-milky-way-en-tienda\/","url_meta":{"origin":209,"position":4},"title":"Novedad: Milky Way en tienda","author":"ATOM COMICS","date":"1, diciembre, 2014","format":false,"excerpt":"MILKY WAY Los Dioses Mienten\u00a08,00 \u20ac Cibercaf\u00e9 a la Deriva, Vol. 4\u00a08,00 \u20ac","rel":"","context":"En \u00abNovedades\u00bb","block_context":{"text":"Novedades","link":"https:\/\/www.atomcomics.net\/blog\/category\/novedades\/"},"img":{"alt_text":"Los Dioses Mienten","src":"https:\/\/i0.wp.com\/www.comicalia.com\/15795-large\/los-dioses-mienten.jpg?resize=350%2C200","width":350,"height":200},"classes":[]},{"id":7770,"url":"https:\/\/www.atomcomics.net\/blog\/2015\/03\/26\/novedad-en-tienda-lo-nuevo-de-milky-way\/","url_meta":{"origin":209,"position":5},"title":"Novedad: En tienda lo nuevo de Milky Way","author":"ATOM COMICS","date":"26, marzo, 2015","format":false,"excerpt":"MILKY WAY Grey Is... Vol. 3\u00a08,00 \u20ac Cibercaf\u00e9 a la Deriva, Vol. 6\u00a08,00 \u20ac Your Lie in April, Vol. 1\u00a08,00 \u20ac","rel":"","context":"En \u00abNovedades\u00bb","block_context":{"text":"Novedades","link":"https:\/\/www.atomcomics.net\/blog\/category\/novedades\/"},"img":{"alt_text":"Grey Is... Vol. 3","src":"https:\/\/i0.wp.com\/www.comicalia.com\/17266-large\/grey-is-vol-3.jpg?resize=350%2C200","width":350,"height":200},"classes":[]}],"jetpack_sharing_enabled":true,"_links":{"self":[{"href":"https:\/\/www.atomcomics.net\/blog\/wp-json\/wp\/v2\/posts\/209","targetHints":{"allow":["GET"]}}],"collection":[{"href":"https:\/\/www.atomcomics.net\/blog\/wp-json\/wp\/v2\/posts"}],"about":[{"href":"https:\/\/www.atomcomics.net\/blog\/wp-json\/wp\/v2\/types\/post"}],"author":[{"embeddable":true,"href":"https:\/\/www.atomcomics.net\/blog\/wp-json\/wp\/v2\/users\/1"}],"replies":[{"embeddable":true,"href":"https:\/\/www.atomcomics.net\/blog\/wp-json\/wp\/v2\/comments?post=209"}],"version-history":[{"count":0,"href":"https:\/\/www.atomcomics.net\/blog\/wp-json\/wp\/v2\/posts\/209\/revisions"}],"wp:featuredmedia":[{"embeddable":true,"href":"https:\/\/www.atomcomics.net\/blog\/wp-json\/wp\/v2\/media\/9921"}],"wp:attachment":[{"href":"https:\/\/www.atomcomics.net\/blog\/wp-json\/wp\/v2\/media?parent=209"}],"wp:term":[{"taxonomy":"category","embeddable":true,"href":"https:\/\/www.atomcomics.net\/blog\/wp-json\/wp\/v2\/categories?post=209"},{"taxonomy":"post_tag","embeddable":true,"href":"https:\/\/www.atomcomics.net\/blog\/wp-json\/wp\/v2\/tags?post=209"}],"curies":[{"name":"wp","href":"https:\/\/api.w.org\/{rel}","templated":true}]}}