{"id":8022,"date":"2015-07-14T13:31:21","date_gmt":"2015-07-14T11:31:21","guid":{"rendered":"http:\/\/www.atomcomics.net\/?p=8022"},"modified":"2015-07-14T13:31:21","modified_gmt":"2015-07-14T11:31:21","slug":"novedad-nuevos-mangas-nuevas-lecturas","status":"publish","type":"post","link":"https:\/\/www.atomcomics.net\/blog\/2015\/07\/14\/novedad-nuevos-mangas-nuevas-lecturas\/","title":{"rendered":"Novedad: Nuevos mangas, nuevas lecturas"},"content":{"rendered":"<p><span style=\"text-decoration: underline;\"><strong>GALLO NERO<\/strong><\/span><\/p>\n<ul id=\"product_list\" class=\"categorie_product clear\">\n<li class=\"ajax_block_product first_item item clearfix\">\n<p id=\"product_list_stuffs\"><span class=\"new_product\"><strong><a title=\"El Giro de Italia\" href=\"http:\/\/www.comicalia.com\/narrativa\/17579-el-giro-de-italia-9788494235719.html\">El Giro de Italia<\/a>\u00a0<\/strong><\/span><span class=\"new_product\"><strong><b>17,00 \u20ac<\/b><\/strong><\/span><\/p>\n<p><a class=\"product_img_link\" title=\"El Giro de Italia\" href=\"http:\/\/www.comicalia.com\/narrativa\/17579-el-giro-de-italia-9788494235719.html\"><img data-recalc-dims=\"1\" loading=\"lazy\" decoding=\"async\" src=\"https:\/\/i0.wp.com\/www.comicalia.com\/18477-large\/el-giro-de-italia.jpg?resize=129%2C129\" alt=\"El Giro de Italia\" width=\"129\" height=\"129\" \/><\/a><\/li>\n<\/ul>\n<p><span style=\"text-decoration: underline;\"><strong>TOMODOMO<\/strong><\/span><\/p>\n<ul id=\"product_list\" class=\"categorie_product clear\">\n<li class=\"ajax_block_product  alternate_item clearfix\">\n<p id=\"product_list_stuffs\"><span class=\"new_product\"><strong><a title=\"SHONEN NOTE, VOL.1\t\" href=\"http:\/\/www.comicalia.com\/shonen\/17578-shonen-note-vol1--9788416188116.html\">SHONEN NOTE, VOL.1<\/a>\u00a0<\/strong><\/span><span class=\"new_product\"><strong><b>8,00 \u20ac<\/b><\/strong><\/span><\/p>\n<p><a class=\"product_img_link\" title=\"SHONEN NOTE, VOL.1\t\" href=\"http:\/\/www.comicalia.com\/shonen\/17578-shonen-note-vol1--9788416188116.html\"><img data-recalc-dims=\"1\" loading=\"lazy\" decoding=\"async\" src=\"https:\/\/i0.wp.com\/www.comicalia.com\/18476-large\/shonen-note-vol1-.jpg?resize=129%2C129\" alt=\"SHONEN NOTE, VOL.1\t\" width=\"129\" height=\"129\" \/><\/a><\/li>\n<li class=\"ajax_block_product  item clearfix\">\n<p id=\"product_list_stuffs\"><span class=\"new_product\"><strong><a title=\"ORANGE, VOL.2\" href=\"http:\/\/www.comicalia.com\/shonen\/17577-orange-vol2-9788416188123.html\">ORANGE, VOL.2<\/a>\u00a0<\/strong><\/span><span class=\"new_product\"><strong><b>8,00 \u20ac<\/b><\/strong><\/span><\/p>\n<p><a class=\"product_img_link\" title=\"ORANGE, VOL.2\" href=\"http:\/\/www.comicalia.com\/shonen\/17577-orange-vol2-9788416188123.html\"><img data-recalc-dims=\"1\" loading=\"lazy\" decoding=\"async\" src=\"https:\/\/i0.wp.com\/www.comicalia.com\/18475-large\/orange-vol2.jpg?resize=129%2C129\" alt=\"ORANGE, VOL.2\" width=\"129\" height=\"129\" \/><\/a><\/li>\n<\/ul>\n<p><span style=\"text-decoration: underline;\"><strong>EDITORIAL NORAY<\/strong><\/span><\/p>\n<ul id=\"product_list\" class=\"categorie_product clear\">\n<li class=\"ajax_block_product  alternate_item clearfix\">\n<p id=\"product_list_stuffs\"><span class=\"new_product\"><strong><a title=\"EL VAPOR REINA DE CASTILLA\" href=\"http:\/\/www.comicalia.com\/narrativa\/17576-el-vapor-reina-de-castilla-9788474862621.html\">EL VAPOR REINA DE CASTILLA<\/a><\/strong><\/span><span class=\"new_product\"><strong><b>2 8,50 \u20ac<\/b><\/strong><\/span><\/p>\n<p><a class=\"product_img_link\" title=\"EL VAPOR REINA DE CASTILLA\" href=\"http:\/\/www.comicalia.com\/narrativa\/17576-el-vapor-reina-de-castilla-9788474862621.html\"><img data-recalc-dims=\"1\" loading=\"lazy\" decoding=\"async\" src=\"https:\/\/i0.wp.com\/www.comicalia.com\/18474-large\/el-vapor-reina-de-castilla.jpg?resize=129%2C129\" alt=\"EL VAPOR REINA DE CASTILLA\" width=\"129\" height=\"129\" \/><\/a><\/li>\n<\/ul>\n<p><span style=\"text-decoration: underline;\"><strong>ALREV\u00c9S<\/strong><\/span><\/p>\n<ul id=\"product_list\" class=\"categorie_product clear\">\n<li class=\"ajax_block_product  item clearfix\">\n<p id=\"product_list_stuffs\"><span class=\"new_product\"><strong><a title=\"LA FIESTA\" href=\"http:\/\/www.comicalia.com\/narrativa\/17575-la-fiesta-9788416328116.html\">LA FIESTA<\/a>\u00a0<\/strong><\/span><span class=\"new_product\"><strong><b>9,95 \u20ac<\/b><\/strong><\/span><\/p>\n<p><a class=\"product_img_link\" title=\"LA FIESTA\" href=\"http:\/\/www.comicalia.com\/narrativa\/17575-la-fiesta-9788416328116.html\"><img data-recalc-dims=\"1\" loading=\"lazy\" decoding=\"async\" src=\"https:\/\/i0.wp.com\/www.comicalia.com\/18473-large\/la-fiesta.jpg?resize=129%2C129\" alt=\"LA FIESTA\" width=\"129\" height=\"129\" \/><\/a><\/li>\n<li class=\"ajax_block_product  alternate_item clearfix\">\n<p id=\"product_list_stuffs\"><span class=\"new_product\"><strong><a title=\"CONTRA LAS CUERDAS\" href=\"http:\/\/www.comicalia.com\/narrativa\/17574-contra-las-cuerdas-9788416328130.html\">CONTRA LAS CUERDAS<\/a>\u00a0<\/strong><\/span><span class=\"new_product\"><strong><b>8,95 \u20ac<\/b><\/strong><\/span><\/p>\n<p><a class=\"product_img_link\" title=\"CONTRA LAS CUERDAS\" href=\"http:\/\/www.comicalia.com\/narrativa\/17574-contra-las-cuerdas-9788416328130.html\"><img data-recalc-dims=\"1\" loading=\"lazy\" decoding=\"async\" src=\"https:\/\/i0.wp.com\/www.comicalia.com\/18472-large\/contra-las-cuerdas.jpg?resize=129%2C129\" alt=\"CONTRA LAS CUERDAS\" width=\"129\" height=\"129\" \/><\/a><\/li>\n<li class=\"ajax_block_product  item clearfix\">\n<p id=\"product_list_stuffs\"><span class=\"new_product\"><strong><a title=\"UN BUEN INVIERNO PARA GARRAPATA\" href=\"http:\/\/www.comicalia.com\/narrativa\/17570-buen-invierno-para-garrapata-9788416328147.html\">UN BUEN INVIERNO PARA GARRAPATA<\/a>\u00a0<\/strong><\/span><span class=\"new_product\"><strong><b>7,95 \u20ac<\/b><\/strong><\/span><\/p>\n<p><a class=\"product_img_link\" title=\"UN BUEN INVIERNO PARA GARRAPATA\" href=\"http:\/\/www.comicalia.com\/narrativa\/17570-buen-invierno-para-garrapata-9788416328147.html\"><img data-recalc-dims=\"1\" loading=\"lazy\" decoding=\"async\" src=\"https:\/\/i0.wp.com\/www.comicalia.com\/18471-large\/buen-invierno-para-garrapata.jpg?resize=129%2C129\" alt=\"BUEN INVIERNO PARA GARRAPATA\" width=\"129\" height=\"129\" \/><\/a><\/li>\n<li class=\"ajax_block_product  alternate_item clearfix\">\n<p id=\"product_list_stuffs\"><span class=\"new_product\"><strong><a title=\"RUIDO DE CA\u00d1ER\u00cdAS\" href=\"http:\/\/www.comicalia.com\/narrativa\/17569-ruido-de-canerias-9788416328093.html\">RUIDO DE CA\u00d1ER\u00cdAS<\/a><\/strong><\/span><span class=\"new_product\"><strong><b>8,95 \u20ac<\/b><\/strong><\/span><\/p>\n<p><a class=\"product_img_link\" title=\"RUIDO DE CA\u00d1ER\u00cdAS\" href=\"http:\/\/www.comicalia.com\/narrativa\/17569-ruido-de-canerias-9788416328093.html\"><img data-recalc-dims=\"1\" loading=\"lazy\" decoding=\"async\" src=\"https:\/\/i0.wp.com\/www.comicalia.com\/18470-large\/ruido-de-canerias.jpg?resize=129%2C129\" alt=\"RUIDO DE CA\u00d1ER\u00cdAS\" width=\"129\" height=\"129\" \/><\/a><\/li>\n<li class=\"ajax_block_product  item clearfix\">\n<p id=\"product_list_stuffs\"><span class=\"new_product\"><strong><a title=\"LA PAZ DE LOS SEPULCROS\" href=\"http:\/\/www.comicalia.com\/narrativa\/17568-la-paz-de-los-sepulcros-9788416328123.html\">LA PAZ DE LOS SEPULCROS<\/a><\/strong><\/span><span class=\"new_product\"><strong><b>8,95 \u20ac<\/b><\/strong><\/span><\/p>\n<p><a class=\"product_img_link\" title=\"LA PAZ DE LOS SEPULCROS\" href=\"http:\/\/www.comicalia.com\/narrativa\/17568-la-paz-de-los-sepulcros-9788416328123.html\"><img data-recalc-dims=\"1\" loading=\"lazy\" decoding=\"async\" src=\"https:\/\/i0.wp.com\/www.comicalia.com\/18469-large\/la-paz-de-los-sepulcros.jpg?resize=129%2C129\" alt=\"LA PAZ DE LOS SEPULCROS\" width=\"129\" height=\"129\" \/><\/a><\/li>\n<li class=\"ajax_block_product  alternate_item clearfix\">\n<p id=\"product_list_stuffs\"><span class=\"new_product\"><strong><a title=\"UN BUEN LUGAR PARA REPOSAR\" href=\"http:\/\/www.comicalia.com\/narrativa\/17567-un-buen-lugar-para-reposar-9788416328109.html\">UN BUEN LUGAR PARA REPOSAR<\/a><\/strong><\/span><span class=\"new_product\"><strong><b>8,95 \u20ac<\/b><\/strong><\/span><\/p>\n<p><a class=\"product_img_link\" title=\"UN BUEN LUGAR PARA REPOSAR\" href=\"http:\/\/www.comicalia.com\/narrativa\/17567-un-buen-lugar-para-reposar-9788416328109.html\"><img data-recalc-dims=\"1\" loading=\"lazy\" decoding=\"async\" src=\"https:\/\/i0.wp.com\/www.comicalia.com\/18468-large\/un-buen-lugar-para-reposar.jpg?resize=129%2C129\" alt=\"UN BUEN LUGAR PARA REPOSAR\" width=\"129\" height=\"129\" \/><\/a><\/li>\n<\/ul>\n<p><span style=\"text-decoration: underline;\"><strong>QUALEA<\/strong><\/span><\/p>\n<ul id=\"product_list\" class=\"categorie_product clear\">\n<li class=\"ajax_block_product  item clearfix\">\n<p id=\"product_list_stuffs\"><span class=\"new_product\"><strong><a title=\"LA CASA MALDITA Y OTROS CASOS INS\u00d3LITOS\" href=\"http:\/\/www.comicalia.com\/narrativa\/17566-la-casa-maldita-y-otros-casos-insolitos-9788494428708.html\">LA CASA MALDITA Y OTROS CASOS&#8230;<\/a><\/strong><\/span><span class=\"new_product\"><strong><b>17,00 \u20ac<\/b><\/strong><\/span><\/p>\n<p><a class=\"product_img_link\" title=\"LA CASA MALDITA Y OTROS CASOS INS\u00d3LITOS\" href=\"http:\/\/www.comicalia.com\/narrativa\/17566-la-casa-maldita-y-otros-casos-insolitos-9788494428708.html\"><img data-recalc-dims=\"1\" loading=\"lazy\" decoding=\"async\" src=\"https:\/\/i0.wp.com\/www.comicalia.com\/18467-large\/la-casa-maldita-y-otros-casos-insolitos.jpg?resize=129%2C129\" alt=\"LA CASA MALDITA Y OTROS CASOS INS\u00d3LITOS\" width=\"129\" height=\"129\" \/><\/a><\/li>\n<\/ul>\n<p><span style=\"text-decoration: underline;\"><strong>BIBLIOPOLIS<\/strong><\/span><\/p>\n<ul id=\"product_list\" class=\"categorie_product clear\">\n<li class=\"ajax_block_product  alternate_item clearfix\">\n<p id=\"product_list_stuffs\"><span class=\"new_product\"><strong><a title=\"SON DE PIEDRA Y OTROS RELATOS\" href=\"http:\/\/www.comicalia.com\/narrativa\/17565-son-de-piedra-y-otros-relatos-9788415157151.html\">SON DE PIEDRA Y OTROS RELATOS<\/a>\u00a0<\/strong><\/span><span class=\"new_product\"><strong><b>20,95 \u20ac<\/b><\/strong><\/span><\/p>\n<p><a class=\"product_img_link\" title=\"SON DE PIEDRA Y OTROS RELATOS\" href=\"http:\/\/www.comicalia.com\/narrativa\/17565-son-de-piedra-y-otros-relatos-9788415157151.html\"><img data-recalc-dims=\"1\" loading=\"lazy\" decoding=\"async\" src=\"https:\/\/i0.wp.com\/www.comicalia.com\/18466-large\/son-de-piedra-y-otros-relatos.jpg?resize=129%2C129\" alt=\"SON DE PIEDRA Y OTROS RELATOS\" width=\"129\" height=\"129\" \/><\/a><\/li>\n<\/ul>\n","protected":false},"excerpt":{"rendered":"<p>GALLO NERO El Giro de Italia\u00a017,00 \u20ac TOMODOMO SHONEN NOTE, VOL.1\u00a08,00 \u20ac ORANGE, VOL.2\u00a08,00 \u20ac EDITORIAL NORAY EL VAPOR REINA DE CASTILLA2 8,50 \u20ac ALREV\u00c9S LA FIESTA\u00a09,95 \u20ac CONTRA LAS CUERDAS\u00a08,95 \u20ac UN BUEN INVIERNO&hellip; <a class=\"read-more-link\" href=\"https:\/\/www.atomcomics.net\/blog\/2015\/07\/14\/novedad-nuevos-mangas-nuevas-lecturas\/\">(seguir leyendo)<\/a><\/p>\n","protected":false},"author":1,"featured_media":9921,"comment_status":"closed","ping_status":"open","sticky":false,"template":"","format":"standard","meta":{"jetpack_post_was_ever_published":false,"_jetpack_newsletter_access":"","_jetpack_dont_email_post_to_subs":false,"_jetpack_newsletter_tier_id":0,"_jetpack_memberships_contains_paywalled_content":false,"_jetpack_memberships_contains_paid_content":false,"footnotes":"","jetpack_publicize_message":"Novedad: Nuevos mangas, nuevas lecturas","jetpack_publicize_feature_enabled":true,"jetpack_social_post_already_shared":true,"jetpack_social_options":{"image_generator_settings":{"template":"highway","default_image_id":0,"font":"","enabled":false},"version":2}},"categories":[3],"tags":[],"class_list":["post-8022","post","type-post","status-publish","format-standard","has-post-thumbnail","hentry","category-novedades"],"jetpack_publicize_connections":[],"jetpack_featured_media_url":"https:\/\/i0.wp.com\/www.atomcomics.net\/blog\/wp-content\/uploads\/logonegro.png?fit=473%2C191&ssl=1","jetpack_shortlink":"https:\/\/wp.me\/p53Ua-25o","jetpack-related-posts":[{"id":7240,"url":"https:\/\/www.atomcomics.net\/blog\/2014\/06\/17\/novedad-atom-un-espacio-para-todos\/","url_meta":{"origin":8022,"position":0},"title":"Novedad: Atom un espacio para todos","author":"ATOM COMICS","date":"17, junio, 2014","format":false,"excerpt":"FULGENCIO PIMENTEL ERRATA STIGMATA\u00a017,00 \u20ac SEXTO PISO EL PILOTO Y EL PRINCIPITO\u00a020,00 \u20ac GALLO NERO R. Crumb. Entrevistas y c\u00f3mics\u00a024,00 \u20ac OTROS QUEMAD MADRID\u00a015,90 \u20ac","rel":"","context":"En \u00abNovedades\u00bb","block_context":{"text":"Novedades","link":"https:\/\/www.atomcomics.net\/blog\/category\/novedades\/"},"img":{"alt_text":"ERRATA STIGMATA","src":"https:\/\/i0.wp.com\/www.comicalia.com\/14015-large\/errata-stigmata.jpg?resize=350%2C200","width":350,"height":200},"classes":[]},{"id":7494,"url":"https:\/\/www.atomcomics.net\/blog\/2014\/11\/19\/novedad-un-clasico-de-la-literatura-universal-no-viene-solo\/","url_meta":{"origin":8022,"position":1},"title":"Novedad: Un cl\u00e1sico de la literatura universal no viene solo","author":"ATOM COMICS","date":"19, noviembre, 2014","format":false,"excerpt":"TOMODOMO EN LA MISMA CLASE VOL 1\u00a07,95 \u20ac SEVEN DAYS VOL 1\u00a07,95 \u20ac DIBBUKS PROCYON 2\u00a016,00 \u20ac BANG \/ MAMUT BILL BOLET EL REY DE LAS SETAS\u00a010,00 \u20ac LAS VACACIONES DE MARTIN Y SU...10,00 \u20ac NOCTURNA EL DESTELLO\u00a017,00 \u20ac NINTH\u00a0EDICIONES LAS TRIPAS DE EL HEROE 2\u00a025,00 \u20ac NORDICA LAS AVENTURAS\u2026","rel":"","context":"En \u00abNovedades\u00bb","block_context":{"text":"Novedades","link":"https:\/\/www.atomcomics.net\/blog\/category\/novedades\/"},"img":{"alt_text":"EN LA MISMA CLASE VOL 1","src":"https:\/\/i0.wp.com\/www.comicalia.com\/15587-large\/en-la-misma-clase-vol-1.jpg?resize=350%2C200","width":350,"height":200},"classes":[]},{"id":7707,"url":"https:\/\/www.atomcomics.net\/blog\/2015\/02\/24\/novedad-zorro-rojo-gallo-nero-blackie-y-principal\/","url_meta":{"origin":8022,"position":2},"title":"Novedad: Zorro Rojo, Gallo Nero, Blackie y Principal","author":"ATOM COMICS","date":"24, febrero, 2015","format":false,"excerpt":"LIBROS DEL ZORRO ROJO Narraci\u00f3n de Arthur Gordon Pym\u00a019,00 \u20ac PRINCIPAL DE LOS LIBROS Capit\u00e1n Twain o la sirena del...21,90 \u20ac GALLO NERO Aniara\u00a018,00 \u20ac BLACKIE BOOKS Ultraviolencia. Edici\u00f3n especial...19,90 \u20ac","rel":"","context":"En \u00abNovedades\u00bb","block_context":{"text":"Novedades","link":"https:\/\/www.atomcomics.net\/blog\/category\/novedades\/"},"img":{"alt_text":"Narraci\u00f3n de Arthur Gordon Pym","src":"https:\/\/i0.wp.com\/www.comicalia.com\/16851-large\/narracion-de-arthur-gordon-pym.jpg?resize=350%2C200","width":350,"height":200},"classes":[]},{"id":9358,"url":"https:\/\/www.atomcomics.net\/blog\/2016\/11\/30\/novedad-solo-una-al-dia-no-que-da-alegria\/","url_meta":{"origin":8022,"position":3},"title":"Novedad: \u00bfS\u00f3lo una al d\u00eda? NO, que da alegr\u00eda","author":"ATOM COMICS","date":"30, noviembre, 2016","format":false,"excerpt":"\u00a0GALLO NERO Cartas de \u00c1frica (Arthur Rimbaud) \u00abViajaremos, cazaremos en los desiertos, dormiremos sobre el empedrado de ciudades desconocidas, sin cuidados, sin penas..\u00bb 17,00 \u20ac CATAPULTA \u00a0MINIGALER\u00cdA - DEXTER VA DE PASEO Libro para dibuijar y colorear. \u00a08,90 \u20ac MINIGALER\u00cdA - SAFARI\u00a09,90 \u20ac MINIGALER\u00cdA - MASCOTAS\u00a09,90 \u20ac DUOMO PERIF\u00c9RICA EL\u2026","rel":"","context":"En \u00abNovedades\u00bb","block_context":{"text":"Novedades","link":"https:\/\/www.atomcomics.net\/blog\/category\/novedades\/"},"img":{"alt_text":"Cartas de \u00c1frica (Arthur Rimbaud)","src":"https:\/\/i0.wp.com\/www.comicalia.com\/25151-home_default\/cartas-de-africa-arthur-rimbaud.jpg?resize=350%2C200&ssl=1","width":350,"height":200},"classes":[]},{"id":1412,"url":"https:\/\/www.atomcomics.net\/blog\/2008\/12\/22\/novedad-dos-nuevos-mangas-y-mas\/","url_meta":{"origin":8022,"position":4},"title":"Novedad: Dos nuevos mangas y m\u00e1s","author":"ATOM COMICS","date":"22, diciembre, 2008","format":false,"excerpt":"ALTAYA Figura Superh\u00e9roes DC #9: Ra's Al Ghul - 10,99\u20ac PLANETA Megatokyo #1 - 4,95\u20ac \u00bfTe imaginas viajar a Jap\u00f3n? \u00bfTe imaginas ir a la E3, la feria de videojuegos m\u00e1s importante del mundo? Pues esto es lo que hacen Piro y Largo, aunque las cosas no salen como ellos\u2026","rel":"","context":"En \u00abNovedades\u00bb","block_context":{"text":"Novedades","link":"https:\/\/www.atomcomics.net\/blog\/category\/novedades\/"},"img":{"alt_text":"","src":"https:\/\/i0.wp.com\/i62.photobucket.com\/albums\/h108\/atomcomics\/barra-1-1.jpg?resize=350%2C200","width":350,"height":200},"classes":[]},{"id":8305,"url":"https:\/\/www.atomcomics.net\/blog\/2015\/11\/10\/novedad-mortadelo-y-mas-cosas-siempre\/","url_meta":{"origin":8022,"position":5},"title":"Novedad: Mortadelo y m\u00e1s cosas (siempre)","author":"ATOM COMICS","date":"10, noviembre, 2015","format":false,"excerpt":"EDICIONES B MAGOS HUMOR 179: \u00a1ELECCIONES!...12,90 \u20ac MONGOLIA MONGOLIA 38\u00a03,00 \u20ac ZORRO ROJO Linterna m\u00e1gica\u00a013,90 \u20ac GALLO NERO El hombre sin talento\u00a020,00 \u20ac BLACKIE BOOKS Instrumental. Memorias de...19,90 \u20ac ALBA Peque\u00f1os grandes gestos en el...16,00 \u20ac Peque\u00f1os grandes gestos contra...16,00 \u20ac DOLMEN EL LIBRO DE SARAH. LA FORTALEZA...17,90 \u20ac","rel":"","context":"En \u00abNovedades\u00bb","block_context":{"text":"Novedades","link":"https:\/\/www.atomcomics.net\/blog\/category\/novedades\/"},"img":{"alt_text":"MAGOS HUMOR 179: \u00a1ELECCIONES! (MORTADELO Y FILEMON)","src":"https:\/\/i0.wp.com\/www.comicalia.com\/19823-large\/magos-humor-179-elecciones-mortadelo-y-filemon.jpg?resize=350%2C200","width":350,"height":200},"classes":[]}],"jetpack_sharing_enabled":true,"_links":{"self":[{"href":"https:\/\/www.atomcomics.net\/blog\/wp-json\/wp\/v2\/posts\/8022","targetHints":{"allow":["GET"]}}],"collection":[{"href":"https:\/\/www.atomcomics.net\/blog\/wp-json\/wp\/v2\/posts"}],"about":[{"href":"https:\/\/www.atomcomics.net\/blog\/wp-json\/wp\/v2\/types\/post"}],"author":[{"embeddable":true,"href":"https:\/\/www.atomcomics.net\/blog\/wp-json\/wp\/v2\/users\/1"}],"replies":[{"embeddable":true,"href":"https:\/\/www.atomcomics.net\/blog\/wp-json\/wp\/v2\/comments?post=8022"}],"version-history":[{"count":1,"href":"https:\/\/www.atomcomics.net\/blog\/wp-json\/wp\/v2\/posts\/8022\/revisions"}],"predecessor-version":[{"id":8023,"href":"https:\/\/www.atomcomics.net\/blog\/wp-json\/wp\/v2\/posts\/8022\/revisions\/8023"}],"wp:featuredmedia":[{"embeddable":true,"href":"https:\/\/www.atomcomics.net\/blog\/wp-json\/wp\/v2\/media\/9921"}],"wp:attachment":[{"href":"https:\/\/www.atomcomics.net\/blog\/wp-json\/wp\/v2\/media?parent=8022"}],"wp:term":[{"taxonomy":"category","embeddable":true,"href":"https:\/\/www.atomcomics.net\/blog\/wp-json\/wp\/v2\/categories?post=8022"},{"taxonomy":"post_tag","embeddable":true,"href":"https:\/\/www.atomcomics.net\/blog\/wp-json\/wp\/v2\/tags?post=8022"}],"curies":[{"name":"wp","href":"https:\/\/api.w.org\/{rel}","templated":true}]}}