{"id":8034,"date":"2015-07-24T12:26:03","date_gmt":"2015-07-24T10:26:03","guid":{"rendered":"http:\/\/www.atomcomics.net\/?p=8034"},"modified":"2015-07-24T12:40:13","modified_gmt":"2015-07-24T10:40:13","slug":"josep-busquet-responde-a-vuestras-preguntas","status":"publish","type":"post","link":"https:\/\/www.atomcomics.net\/blog\/2015\/07\/24\/josep-busquet-responde-a-vuestras-preguntas\/","title":{"rendered":"Josep Busquet responde a vuestras preguntas"},"content":{"rendered":"<p>Hoy\u00a0viernes d\u00eda 24 a las 18:30 <strong>Josep Busquet responde a vuestras preguntas,<\/strong> y tambi\u00e9n a las nuestras.\u00a0<img data-recalc-dims=\"1\" loading=\"lazy\" decoding=\"async\" data-attachment-id=\"8035\" data-permalink=\"https:\/\/www.atomcomics.net\/blog\/2015\/07\/24\/josep-busquet-responde-a-vuestras-preguntas\/cartel-josep-busquet\/\" data-orig-file=\"https:\/\/i0.wp.com\/www.atomcomics.net\/blog\/wp-content\/uploads\/Cartel-Josep-Busquet.jpg?fit=2480%2C2480&amp;ssl=1\" data-orig-size=\"2480,2480\" data-comments-opened=\"0\" data-image-meta=\"{&quot;aperture&quot;:&quot;0&quot;,&quot;credit&quot;:&quot;&quot;,&quot;camera&quot;:&quot;&quot;,&quot;caption&quot;:&quot;&quot;,&quot;created_timestamp&quot;:&quot;0&quot;,&quot;copyright&quot;:&quot;&quot;,&quot;focal_length&quot;:&quot;0&quot;,&quot;iso&quot;:&quot;0&quot;,&quot;shutter_speed&quot;:&quot;0&quot;,&quot;title&quot;:&quot;Cartel Josep Busquet&quot;,&quot;orientation&quot;:&quot;1&quot;}\" data-image-title=\"Cartel Josep Busquet\" data-image-description=\"\" data-image-caption=\"\" data-medium-file=\"https:\/\/i0.wp.com\/www.atomcomics.net\/blog\/wp-content\/uploads\/Cartel-Josep-Busquet.jpg?fit=744%2C744&amp;ssl=1\" data-large-file=\"https:\/\/i0.wp.com\/www.atomcomics.net\/blog\/wp-content\/uploads\/Cartel-Josep-Busquet.jpg?fit=1200%2C1200&amp;ssl=1\" class=\"aligncenter size-medium wp-image-8035\" src=\"https:\/\/i0.wp.com\/www.atomcomics.net\/wp-content\/uploads\/Cartel-Josep-Busquet-744x744.jpg?resize=744%2C744\" alt=\"Cartel Josep Busquet\" width=\"744\" height=\"744\" srcset=\"https:\/\/i0.wp.com\/www.atomcomics.net\/blog\/wp-content\/uploads\/Cartel-Josep-Busquet.jpg?resize=744%2C744&amp;ssl=1 744w, https:\/\/i0.wp.com\/www.atomcomics.net\/blog\/wp-content\/uploads\/Cartel-Josep-Busquet.jpg?resize=420%2C420&amp;ssl=1 420w, https:\/\/i0.wp.com\/www.atomcomics.net\/blog\/wp-content\/uploads\/Cartel-Josep-Busquet.jpg?resize=1200%2C1200&amp;ssl=1 1200w, https:\/\/i0.wp.com\/www.atomcomics.net\/blog\/wp-content\/uploads\/Cartel-Josep-Busquet.jpg?w=2000&amp;ssl=1 2000w\" sizes=\"auto, (max-width: 744px) 100vw, 744px\" \/><\/p>\n<p>Los secretos de guionista quedar\u00e1n al final expuestos. Oportunidad \u00fanica.<\/p>\n<p>Pod\u00e9is escribirnos a <a href=\"mailto:info@atomcomics.net\">info@atomcomics.net<\/a>, usar<a href=\"https:\/\/www.facebook.com\/pages\/Atom-Comics\/152089462494\"> facebook<\/a> o <a href=\"https:\/\/twitter.com\/ATOMCOMICS\">tuitearnos<\/a> con el hastag #BusquetResponde.<\/p>\n<p>Y como no, firmar\u00e1 toda su obra. \u00a0Est\u00e1is todos invitados.<\/p>\n","protected":false},"excerpt":{"rendered":"<p>Hoy\u00a0viernes d\u00eda 24 a las 18:30 Josep Busquet responde a vuestras preguntas, y tambi\u00e9n a las nuestras.\u00a0 Los secretos de guionista quedar\u00e1n al final expuestos. Oportunidad \u00fanica. Pod\u00e9is escribirnos a info@atomcomics.net, usar facebook o tuitearnos&hellip; <a class=\"read-more-link\" href=\"https:\/\/www.atomcomics.net\/blog\/2015\/07\/24\/josep-busquet-responde-a-vuestras-preguntas\/\">(seguir leyendo)<\/a><\/p>\n","protected":false},"author":1,"featured_media":9921,"comment_status":"closed","ping_status":"open","sticky":false,"template":"","format":"standard","meta":{"jetpack_post_was_ever_published":false,"_jetpack_newsletter_access":"","_jetpack_dont_email_post_to_subs":false,"_jetpack_newsletter_tier_id":0,"_jetpack_memberships_contains_paywalled_content":false,"_jetpack_memberships_contains_paid_content":false,"footnotes":"","jetpack_publicize_message":"Josep Busquet responde a vuestras preguntas #BusquetResponde","jetpack_publicize_feature_enabled":true,"jetpack_social_post_already_shared":true,"jetpack_social_options":{"image_generator_settings":{"template":"highway","default_image_id":0,"font":"","enabled":false},"version":2}},"categories":[6],"tags":[],"class_list":["post-8034","post","type-post","status-publish","format-standard","has-post-thumbnail","hentry","category-noticias"],"jetpack_publicize_connections":[],"jetpack_featured_media_url":"https:\/\/i0.wp.com\/www.atomcomics.net\/blog\/wp-content\/uploads\/logonegro.png?fit=473%2C191&ssl=1","jetpack_shortlink":"https:\/\/wp.me\/p53Ua-25A","jetpack-related-posts":[{"id":8046,"url":"https:\/\/www.atomcomics.net\/blog\/2015\/07\/27\/altamente-ilogico-20-confesiones-de-un-guionista-junto-a-josep-busquet\/","url_meta":{"origin":8034,"position":0},"title":"Altamente Il\u00f3gico 20: Confesiones de un guionista junto a Josep Busquet","author":"ATOM COMICS","date":"27, julio, 2015","format":false,"excerpt":"Los secretos de guionista quedar\u00e1n al final expuestos en este podcast. Sometemos a Josep Busquet a la tortura de nuestras (y vuestras) preguntas. Javi Gonz\u00e1lez (Suxinsu) y Dani el librero preguntan al autor de Fargons & Gorgons, La \u00faltima aventura, Le petit bulldog, La revoluci\u00f3n de los pinceles y tantos\u2026","rel":"","context":"En \u00abPodcast\u00bb","block_context":{"text":"Podcast","link":"https:\/\/www.atomcomics.net\/blog\/category\/pod\/"},"img":{"alt_text":"","src":"","width":0,"height":0},"classes":[]},{"id":7583,"url":"https:\/\/www.atomcomics.net\/blog\/2014\/12\/26\/josep-busquet-el-sabado-27-en-atom-comics\/","url_meta":{"origin":8034,"position":1},"title":"Josep Busquet el s\u00e1bado 27 en Atom C\u00f3mics","author":"ATOM COMICS","date":"26, diciembre, 2014","format":false,"excerpt":"","rel":"","context":"Entrada similar","block_context":{"text":"Entrada similar","link":""},"img":{"alt_text":"Cartel Josep Busquets","src":"https:\/\/i0.wp.com\/www.atomcomics.net\/wp-content\/uploads\/Cartel-Josep-Busquets-724x1024.jpg?resize=350%2C200","width":350,"height":200},"classes":[]},{"id":8454,"url":"https:\/\/www.atomcomics.net\/blog\/2015\/12\/26\/bulldog-con-lunes-28-17-30h-atom-comics\/","url_meta":{"origin":8034,"position":2},"title":"Bulldog Con &#8211; Lunes 28 &#8211; 17.30h &#8211; Atom C\u00f3mics","author":"ATOM COMICS","date":"26, diciembre, 2015","format":false,"excerpt":"El pr\u00f3ximo lunes 28 de diciembre se celebrar\u00e1 la tercera Bulldog Con (la primera se celebr\u00f3\u00a0en M\u00f3stoles en agosto y la segunda en Sabadell y Terrassa el pasado mes de noviembre). Ahora volvemos a Madrid, celebraremos esta edici\u00f3n en Atom C\u00f3mics (Calle Fuencarral 134,\u00a0entrada por Alburquerque). La entrada, como siempre,\u2026","rel":"","context":"En \u00abBulldog\u00bb","block_context":{"text":"Bulldog","link":"https:\/\/www.atomcomics.net\/blog\/category\/bulldog\/"},"img":{"alt_text":"SjobgtqK","src":"https:\/\/i0.wp.com\/www.atomcomics.net\/wp-content\/uploads\/SjobgtqK.jpg?resize=350%2C200","width":350,"height":200},"classes":[]},{"id":307,"url":"https:\/\/www.atomcomics.net\/blog\/2006\/04\/18\/en-el-dia-del-libro-regala-tebeos\/","url_meta":{"origin":8034,"position":3},"title":"En el D\u00eda del Libro, regala TEBEOS","author":"ATOM COMICS","date":"18, abril, 2006","format":false,"excerpt":"La Carcel de Papel os ofrece este precioso Logo de David Lafuente y Josep Busquet, ya sab\u00e9is Si ten\u00e9is un weblog que hable sobre tebeos, o sencillamente ten\u00e9is una p\u00e1gina web y os gustan los tebeos, apuntaros a esta campa\u00f1a: \u201cEn el D\u00eda del Libro, regala TEBEOS\u201dHay tres tama\u00f1os: 276\u00d7132\u2026","rel":"","context":"Entrada similar","block_context":{"text":"Entrada similar","link":""},"img":{"alt_text":"","src":"","width":0,"height":0},"classes":[]},{"id":8464,"url":"https:\/\/www.atomcomics.net\/blog\/2015\/12\/30\/altamente-ilogico-21-bulldog-con-2015\/","url_meta":{"origin":8034,"position":4},"title":"Altamente Il\u00f3gico 21: Bulldog Con 2015","author":"ATOM COMICS","date":"30, diciembre, 2015","format":false,"excerpt":"Programa muy especial ya que se trata de la charla que se mantuvo en Atom C\u00f3mics el 28 de diciembre de 2015 con motivo de la Bulldog Con. Josep Busquet modera y participa en \u201cTu a Bruselas y yo a California 2\u201d, una mesa redonda donde se habl\u00f3 de las\u2026","rel":"","context":"En \u00abBulldog\u00bb","block_context":{"text":"Bulldog","link":"https:\/\/www.atomcomics.net\/blog\/category\/bulldog\/"},"img":{"alt_text":"","src":"","width":0,"height":0},"classes":[]},{"id":8466,"url":"https:\/\/www.atomcomics.net\/blog\/2015\/12\/31\/feliz-2016-y-repaso-de-lecturas-de-2015\/","url_meta":{"origin":8034,"position":5},"title":"Feliz 2016 y repaso de lecturas de 2015","author":"ATOM COMICS","date":"31, diciembre, 2015","format":false,"excerpt":"\u00daltimo d\u00eda del a\u00f1o, os deseamos a todos un FELIZ 2016 lleno de lecturas y buenos momentos. Pero antes de irnos, no pod\u00edamos ser menos que muchos cr\u00edticos, criticones y revistas de alto nivel, y aqu\u00ed va un\u00a0listado de lecturas de 2015 que han gustado especialmente al librero: RITUALES (COMIC)\u2026","rel":"","context":"En \u00abLecturas recomendadas\u00bb","block_context":{"text":"Lecturas recomendadas","link":"https:\/\/www.atomcomics.net\/blog\/category\/aca\/"},"img":{"alt_text":"","src":"https:\/\/i0.wp.com\/www.comicalia.com\/20062-large\/rituales-comic.jpg?resize=350%2C200","width":350,"height":200},"classes":[]}],"jetpack_sharing_enabled":true,"_links":{"self":[{"href":"https:\/\/www.atomcomics.net\/blog\/wp-json\/wp\/v2\/posts\/8034","targetHints":{"allow":["GET"]}}],"collection":[{"href":"https:\/\/www.atomcomics.net\/blog\/wp-json\/wp\/v2\/posts"}],"about":[{"href":"https:\/\/www.atomcomics.net\/blog\/wp-json\/wp\/v2\/types\/post"}],"author":[{"embeddable":true,"href":"https:\/\/www.atomcomics.net\/blog\/wp-json\/wp\/v2\/users\/1"}],"replies":[{"embeddable":true,"href":"https:\/\/www.atomcomics.net\/blog\/wp-json\/wp\/v2\/comments?post=8034"}],"version-history":[{"count":2,"href":"https:\/\/www.atomcomics.net\/blog\/wp-json\/wp\/v2\/posts\/8034\/revisions"}],"predecessor-version":[{"id":8042,"href":"https:\/\/www.atomcomics.net\/blog\/wp-json\/wp\/v2\/posts\/8034\/revisions\/8042"}],"wp:featuredmedia":[{"embeddable":true,"href":"https:\/\/www.atomcomics.net\/blog\/wp-json\/wp\/v2\/media\/9921"}],"wp:attachment":[{"href":"https:\/\/www.atomcomics.net\/blog\/wp-json\/wp\/v2\/media?parent=8034"}],"wp:term":[{"taxonomy":"category","embeddable":true,"href":"https:\/\/www.atomcomics.net\/blog\/wp-json\/wp\/v2\/categories?post=8034"},{"taxonomy":"post_tag","embeddable":true,"href":"https:\/\/www.atomcomics.net\/blog\/wp-json\/wp\/v2\/tags?post=8034"}],"curies":[{"name":"wp","href":"https:\/\/api.w.org\/{rel}","templated":true}]}}