{"id":8046,"date":"2015-07-27T18:12:41","date_gmt":"2015-07-27T16:12:41","guid":{"rendered":"http:\/\/www.atomcomics.net\/?p=8046"},"modified":"2015-07-27T14:14:29","modified_gmt":"2015-07-27T12:14:29","slug":"altamente-ilogico-20-confesiones-de-un-guionista-junto-a-josep-busquet","status":"publish","type":"post","link":"https:\/\/www.atomcomics.net\/blog\/2015\/07\/27\/altamente-ilogico-20-confesiones-de-un-guionista-junto-a-josep-busquet\/","title":{"rendered":"Altamente Il\u00f3gico 20: Confesiones de un guionista junto a Josep Busquet"},"content":{"rendered":"<p>Los secretos de guionista quedar\u00e1n al final expuestos en este podcast.<\/p>\n<p>Sometemos a Josep Busquet a la tortura de nuestras (y vuestras) preguntas.<\/p>\n<p>Javi Gonz\u00e1lez (Suxinsu) y Dani el librero preguntan al autor de Fargons &amp; Gorgons, La \u00faltima aventura, Le petit bulldog, La revoluci\u00f3n de los pinceles y tantos otros.<\/p>\n<p><iframe loading=\"lazy\" id=\"audio_5311495\" style=\"border: 1px solid #EEE; box-sizing: border-box; width: 100%;\" src=\"https:\/\/www.ivoox.com\/player_ej_5311495_4_1.html?c1=ff6600\" width=\"300\" height=\"200\" frameborder=\"0\" scrolling=\"no\" allowfullscreen=\"allowfullscreen\"><\/iframe><\/p>\n<p>Altamente Il\u00f3gico es el podcast de Atom C\u00f3mics, librer\u00eda especializada de Madrid, con el apoyo de www.comicalia.com<br \/>\nUna producci\u00f3n de:<br \/>\nATOM COMICS<br \/>\nc\/ Fuencarral 134 (entrada por Alburquerque) &#8211; 28010 Madrid<br \/>\ninfo@atomcomics.net<br \/>\nwww.atomcomics.net y www.comicalia.com<\/p>\n","protected":false},"excerpt":{"rendered":"<p>Los secretos de guionista quedar\u00e1n al final expuestos en este podcast. Sometemos a Josep Busquet a la tortura de nuestras (y vuestras) preguntas. Javi Gonz\u00e1lez (Suxinsu) y Dani el librero preguntan al autor de Fargons&hellip; <a class=\"read-more-link\" href=\"https:\/\/www.atomcomics.net\/blog\/2015\/07\/27\/altamente-ilogico-20-confesiones-de-un-guionista-junto-a-josep-busquet\/\">(seguir leyendo)<\/a><\/p>\n","protected":false},"author":1,"featured_media":9921,"comment_status":"closed","ping_status":"open","sticky":false,"template":"","format":"standard","meta":{"jetpack_post_was_ever_published":false,"_jetpack_newsletter_access":"","_jetpack_dont_email_post_to_subs":false,"_jetpack_newsletter_tier_id":0,"_jetpack_memberships_contains_paywalled_content":false,"_jetpack_memberships_contains_paid_content":false,"footnotes":"","jetpack_publicize_message":"Altamente Il\u00f3gico 20: Confesiones de un guionista junto a Josep Busquet","jetpack_publicize_feature_enabled":true,"jetpack_social_post_already_shared":true,"jetpack_social_options":{"image_generator_settings":{"template":"highway","default_image_id":0,"font":"","enabled":false},"version":2}},"categories":[46],"tags":[],"class_list":["post-8046","post","type-post","status-publish","format-standard","has-post-thumbnail","hentry","category-pod"],"jetpack_publicize_connections":[],"jetpack_featured_media_url":"https:\/\/i0.wp.com\/www.atomcomics.net\/blog\/wp-content\/uploads\/logonegro.png?fit=473%2C191&ssl=1","jetpack_shortlink":"https:\/\/wp.me\/p53Ua-25M","jetpack-related-posts":[{"id":8464,"url":"https:\/\/www.atomcomics.net\/blog\/2015\/12\/30\/altamente-ilogico-21-bulldog-con-2015\/","url_meta":{"origin":8046,"position":0},"title":"Altamente Il\u00f3gico 21: Bulldog Con 2015","author":"ATOM COMICS","date":"30, diciembre, 2015","format":false,"excerpt":"Programa muy especial ya que se trata de la charla que se mantuvo en Atom C\u00f3mics el 28 de diciembre de 2015 con motivo de la Bulldog Con. Josep Busquet modera y participa en \u201cTu a Bruselas y yo a California 2\u201d, una mesa redonda donde se habl\u00f3 de las\u2026","rel":"","context":"En \u00abBulldog\u00bb","block_context":{"text":"Bulldog","link":"https:\/\/www.atomcomics.net\/blog\/category\/bulldog\/"},"img":{"alt_text":"","src":"","width":0,"height":0},"classes":[]},{"id":7875,"url":"https:\/\/www.atomcomics.net\/blog\/2015\/05\/11\/altamente-ilogico-19-recomendacion-a-mi-yo-de-tierra-2\/","url_meta":{"origin":8046,"position":1},"title":"Altamente Il\u00f3gico 19: Recomendaci\u00f3n a mi yo de Tierra 2","author":"ATOM COMICS","date":"11, mayo, 2015","format":false,"excerpt":"Hoy recomendamos pero de manera rara. A nuestro yo del pasado, a nuestro del futuro y a nuestro yo maligno. Un d\u00eda m\u00e1s contamos con Luigi Benedicto Borges (El Mundo-ComicWood) y Javier Gonz\u00e1les (Suxinsu). Adem\u00e1s, traemos invitados de lujo, a Ana Rodr\u00edguez y Alfonso Ardizone. Altamente Il\u00f3gico es el podcast\u2026","rel":"","context":"En \u00abPodcast\u00bb","block_context":{"text":"Podcast","link":"https:\/\/www.atomcomics.net\/blog\/category\/pod\/"},"img":{"alt_text":"","src":"","width":0,"height":0},"classes":[]},{"id":6016,"url":"https:\/\/www.atomcomics.net\/blog\/2013\/09\/25\/altamente-ilogico-10-mark-millar-vs-grant-morrison\/","url_meta":{"origin":8046,"position":2},"title":"Altamente Il\u00f3gico 10: Mark Millar vs. Grant Morrison","author":"ATOM COMICS","date":"25, septiembre, 2013","format":false,"excerpt":"En el cap\u00edtulo de hoy tenemos debate. Los expertos de Atom: Javier Jarillo, Luigi Benedicto Borges, Javier Gonz\u00e1lez y Daniel \"El Librero\" debaten sobre qu\u00e9 guionista es mejor: Grant Morrison o Mark Millar. Dos de los autores m\u00e1s importantes de los \u00faltimos veinte a\u00f1os y que han cambiado el c\u00f3mic\u2026","rel":"","context":"En \u00abPodcast\u00bb","block_context":{"text":"Podcast","link":"https:\/\/www.atomcomics.net\/blog\/category\/pod\/"},"img":{"alt_text":"morrisonmillar","src":"https:\/\/i0.wp.com\/www.atomcomics.net\/wp-content\/uploads\/morrisonmillar.jpg?resize=350%2C200","width":350,"height":200},"classes":[]},{"id":6207,"url":"https:\/\/www.atomcomics.net\/blog\/2013\/12\/26\/altamente-ilogico-lo-mejor-de-2013\/","url_meta":{"origin":8046,"position":3},"title":"Altamente Il\u00f3gico: Lo mejor de 2013","author":"ATOM COMICS","date":"26, diciembre, 2013","format":false,"excerpt":"Os traemos el \u00faltimo podcast del a\u00f1o, y como no, va de lo mejor de 2013. Sentimos la calidad del audio, cosas del directo. \u00a1FELIZ 2014! Altamente il\u00f3gico es una producci\u00f3n de: ATOM COMICS c\/ Fuencarral 134 \u2013 28010 Madrid info@atomcomics.net www.atomcomics.net y www.comicalia.com","rel":"","context":"En \u00abPodcast\u00bb","block_context":{"text":"Podcast","link":"https:\/\/www.atomcomics.net\/blog\/category\/pod\/"},"img":{"alt_text":"Bb269BkIYAEiSnY","src":"https:\/\/i0.wp.com\/www.atomcomics.net\/wp-content\/uploads\/Bb269BkIYAEiSnY.jpg?resize=350%2C200","width":350,"height":200},"classes":[]},{"id":7807,"url":"https:\/\/www.atomcomics.net\/blog\/2015\/04\/13\/7807\/","url_meta":{"origin":8046,"position":4},"title":"Novedad: Podcast Altamente Il\u00f3gico. Hype","author":"ATOM COMICS","date":"13, abril, 2015","format":false,"excerpt":"Nuevo podcast.\u00a0En este programa nos decantamos por ser molones, as\u00ed que hablamos del hype y el mundo del tebeo. Para ello contamos con Luigi Benedicto Borges (El Mundo\/ComicWood) y Javier Gonz\u00e1les (Suxinsu) Altamente Il\u00f3gico es el podcast de Atom C\u00f3mics, librer\u00eda especializada de Madrid, con el apoyo de www.comicalia.com \u00a0","rel":"","context":"Entrada similar","block_context":{"text":"Entrada similar","link":""},"img":{"alt_text":"","src":"https:\/\/i0.wp.com\/estaticos03.elmundo.es\/blogs\/elmundo\/comicwood\/imagenes_posts\/2015\/04\/11\/136911.jpg?resize=350%2C200","width":350,"height":200},"classes":[]},{"id":6571,"url":"https:\/\/www.atomcomics.net\/blog\/2014\/02\/20\/altamente-ilogico-oscars-premios-comiqueros-y-desparrame-mental\/","url_meta":{"origin":8046,"position":5},"title":"Altamente il\u00f3gico: Oscars, premios comiqueros y desparrame mental","author":"ATOM COMICS","date":"20, febrero, 2014","format":false,"excerpt":"Nuevo podcast, el segundo en neo-Atom y esta vez nos vamos al cine. M\u00e1s concretamente a los Oscars. Luigi, Javi (Suxinsu) y el librero apuestan sobre los futuros Oscars. Como no, se menciona a Nathan Fillion aunque nada tenga que ver. Adem\u00e1s, se habla de los premios de c\u00f3mic y\u2026","rel":"","context":"En \u00abPodcast\u00bb","block_context":{"text":"Podcast","link":"https:\/\/www.atomcomics.net\/blog\/category\/pod\/"},"img":{"alt_text":"OSCARS","src":"https:\/\/i0.wp.com\/www.atomcomics.net\/wp-content\/uploads\/OSCARS.jpg?resize=350%2C200","width":350,"height":200},"classes":[]}],"jetpack_sharing_enabled":true,"_links":{"self":[{"href":"https:\/\/www.atomcomics.net\/blog\/wp-json\/wp\/v2\/posts\/8046","targetHints":{"allow":["GET"]}}],"collection":[{"href":"https:\/\/www.atomcomics.net\/blog\/wp-json\/wp\/v2\/posts"}],"about":[{"href":"https:\/\/www.atomcomics.net\/blog\/wp-json\/wp\/v2\/types\/post"}],"author":[{"embeddable":true,"href":"https:\/\/www.atomcomics.net\/blog\/wp-json\/wp\/v2\/users\/1"}],"replies":[{"embeddable":true,"href":"https:\/\/www.atomcomics.net\/blog\/wp-json\/wp\/v2\/comments?post=8046"}],"version-history":[{"count":1,"href":"https:\/\/www.atomcomics.net\/blog\/wp-json\/wp\/v2\/posts\/8046\/revisions"}],"predecessor-version":[{"id":8047,"href":"https:\/\/www.atomcomics.net\/blog\/wp-json\/wp\/v2\/posts\/8046\/revisions\/8047"}],"wp:featuredmedia":[{"embeddable":true,"href":"https:\/\/www.atomcomics.net\/blog\/wp-json\/wp\/v2\/media\/9921"}],"wp:attachment":[{"href":"https:\/\/www.atomcomics.net\/blog\/wp-json\/wp\/v2\/media?parent=8046"}],"wp:term":[{"taxonomy":"category","embeddable":true,"href":"https:\/\/www.atomcomics.net\/blog\/wp-json\/wp\/v2\/categories?post=8046"},{"taxonomy":"post_tag","embeddable":true,"href":"https:\/\/www.atomcomics.net\/blog\/wp-json\/wp\/v2\/tags?post=8046"}],"curies":[{"name":"wp","href":"https:\/\/api.w.org\/{rel}","templated":true}]}}