{"id":8072,"date":"2015-08-14T12:29:17","date_gmt":"2015-08-14T10:29:17","guid":{"rendered":"http:\/\/www.atomcomics.net\/?p=8072"},"modified":"2015-08-14T12:44:41","modified_gmt":"2015-08-14T10:44:41","slug":"vacaciones-atomicas","status":"publish","type":"post","link":"https:\/\/www.atomcomics.net\/blog\/2015\/08\/14\/vacaciones-atomicas\/","title":{"rendered":"Vacaciones at\u00f3micas"},"content":{"rendered":"<h5 style=\"text-align: center;\">\u00a1\u00a1Nos vamos de VACACIONES!!<a href=\"http:\/\/www.atomcomics.net\/2015\/08\/14\/vacaciones-atomicas\/in-your-face-jam-flipping-through-the-weirdly-subversive-marvel\/\" rel=\"attachment wp-att-8073\"><img data-recalc-dims=\"1\" loading=\"lazy\" decoding=\"async\" data-attachment-id=\"8073\" data-permalink=\"https:\/\/www.atomcomics.net\/blog\/2015\/08\/14\/vacaciones-atomicas\/in-your-face-jam-flipping-through-the-weirdly-subversive-marvel\/\" data-orig-file=\"https:\/\/i0.wp.com\/www.atomcomics.net\/blog\/wp-content\/uploads\/in-your-face-jam-flipping-through-the-weirdly-subversive-marvel.jpg?fit=654%2C200&amp;ssl=1\" data-orig-size=\"654,200\" data-comments-opened=\"0\" data-image-meta=\"{&quot;aperture&quot;:&quot;0&quot;,&quot;credit&quot;:&quot;&quot;,&quot;camera&quot;:&quot;&quot;,&quot;caption&quot;:&quot;&quot;,&quot;created_timestamp&quot;:&quot;0&quot;,&quot;copyright&quot;:&quot;&quot;,&quot;focal_length&quot;:&quot;0&quot;,&quot;iso&quot;:&quot;0&quot;,&quot;shutter_speed&quot;:&quot;0&quot;,&quot;title&quot;:&quot;&quot;,&quot;orientation&quot;:&quot;0&quot;}\" data-image-title=\"in-your-face-jam-flipping-through-the-weirdly-subversive-marvel\" data-image-description=\"\" data-image-caption=\"\" data-medium-file=\"https:\/\/i0.wp.com\/www.atomcomics.net\/blog\/wp-content\/uploads\/in-your-face-jam-flipping-through-the-weirdly-subversive-marvel.jpg?fit=654%2C200&amp;ssl=1\" data-large-file=\"https:\/\/i0.wp.com\/www.atomcomics.net\/blog\/wp-content\/uploads\/in-your-face-jam-flipping-through-the-weirdly-subversive-marvel.jpg?fit=654%2C200&amp;ssl=1\" class=\"aligncenter size-full wp-image-8073\" src=\"https:\/\/i0.wp.com\/www.atomcomics.net\/wp-content\/uploads\/in-your-face-jam-flipping-through-the-weirdly-subversive-marvel.jpg?resize=654%2C200\" alt=\"in-your-face-jam-flipping-through-the-weirdly-subversive-marvel\" width=\"654\" height=\"200\" srcset=\"https:\/\/i0.wp.com\/www.atomcomics.net\/blog\/wp-content\/uploads\/in-your-face-jam-flipping-through-the-weirdly-subversive-marvel.jpg?w=654&amp;ssl=1 654w, https:\/\/i0.wp.com\/www.atomcomics.net\/blog\/wp-content\/uploads\/in-your-face-jam-flipping-through-the-weirdly-subversive-marvel.jpg?resize=420%2C128&amp;ssl=1 420w\" sizes=\"auto, (max-width: 654px) 100vw, 654px\" \/><\/a><\/h5>\n<h5 style=\"text-align: left;\">Atom C\u00f3mics permanecer\u00e1 <span style=\"text-decoration: underline;\">cerrado desde el s\u00e1bado d\u00eda 15 hasta el martes 25 de Agosto*<\/span><\/h5>\n<h5 style=\"text-align: left;\">Volveremos con energ\u00edas renovadas, o eso esperamos.<\/h5>\n<hr \/>\n<p>*Nuestros planes pueden surgir modificaciones porque somos impredecibles, os informaremos en tal caso.<br \/>\nTranquilos, la novedad que salga en los d\u00edas de asueto la recibiremos nada m\u00e1s volver.<\/p>\n","protected":false},"excerpt":{"rendered":"<p>\u00a1\u00a1Nos vamos de VACACIONES!! Atom C\u00f3mics permanecer\u00e1 cerrado desde el s\u00e1bado d\u00eda 15 hasta el martes 25 de Agosto* Volveremos con energ\u00edas renovadas, o eso esperamos. *Nuestros planes pueden surgir modificaciones porque somos impredecibles, os&hellip; <a class=\"read-more-link\" href=\"https:\/\/www.atomcomics.net\/blog\/2015\/08\/14\/vacaciones-atomicas\/\">(seguir leyendo)<\/a><\/p>\n","protected":false},"author":1,"featured_media":9921,"comment_status":"closed","ping_status":"open","sticky":false,"template":"","format":"standard","meta":{"jetpack_post_was_ever_published":false,"_jetpack_newsletter_access":"","_jetpack_dont_email_post_to_subs":false,"_jetpack_newsletter_tier_id":0,"_jetpack_memberships_contains_paywalled_content":false,"_jetpack_memberships_contains_paid_content":false,"footnotes":"","jetpack_publicize_message":"Vacaciones at\u00f3micas","jetpack_publicize_feature_enabled":true,"jetpack_social_post_already_shared":true,"jetpack_social_options":{"image_generator_settings":{"template":"highway","default_image_id":0,"font":"","enabled":false},"version":2}},"categories":[1],"tags":[],"class_list":["post-8072","post","type-post","status-publish","format-standard","has-post-thumbnail","hentry","category-uncategorized"],"jetpack_publicize_connections":[],"jetpack_featured_media_url":"https:\/\/i0.wp.com\/www.atomcomics.net\/blog\/wp-content\/uploads\/logonegro.png?fit=473%2C191&ssl=1","jetpack_shortlink":"https:\/\/wp.me\/p53Ua-26c","jetpack-related-posts":[{"id":9063,"url":"https:\/\/www.atomcomics.net\/blog\/2016\/08\/12\/vacaciones-en-atom\/","url_meta":{"origin":8072,"position":0},"title":"Vacaciones en Atom","author":"ATOM COMICS","date":"12, agosto, 2016","format":false,"excerpt":"Nos vamos de vacaciones, unos gritar\u00e1n \"por fin\" otros \"no es posible\", pero s\u00ed, el resultado es el mismo: NOS VAMOS DE VACACIONES. Atom C\u00f3mics permanecer\u00e1\u00a0cerrado del 14 al 23 de Agosto. Nos vamos a descansar, que el siguiente curso lectivo viene fuerte.Capit\u00e1n de la flota estelar aprovechando las vacaciones\u00a0para\u2026","rel":"","context":"Entrada similar","block_context":{"text":"Entrada similar","link":""},"img":{"alt_text":"Patrick-Stewart-as-Captain-Jean-Luc-Picard-on-Risa-Captains-Holiday-Star-Trek-The-Next-Generation","src":"https:\/\/i0.wp.com\/www.atomcomics.net\/wp-content\/uploads\/Patrick-Stewart-as-Captain-Jean-Luc-Picard-on-Risa-Captains-Holiday-Star-Trek-The-Next-Generation-420x315.png?resize=350%2C200","width":350,"height":200},"classes":[]},{"id":7342,"url":"https:\/\/www.atomcomics.net\/blog\/2014\/08\/14\/nos-vamos-de-vacaciones\/","url_meta":{"origin":8072,"position":1},"title":"Nos vamos de vacaciones","author":"ATOM COMICS","date":"14, agosto, 2014","format":false,"excerpt":"Atom C\u00f3mics se va de vacaciones del d\u00eda 15 al 24 de Agosto Una buena\u00a0lectura, viento sobre mi vela, una estrella que gu\u00ede mi camino...\u00a0 \u00a0","rel":"","context":"En \u00abNovedades\u00bb","block_context":{"text":"Novedades","link":"https:\/\/www.atomcomics.net\/blog\/category\/novedades\/"},"img":{"alt_text":"007book","src":"https:\/\/i0.wp.com\/www.atomcomics.net\/wp-content\/uploads\/007book.jpeg?resize=350%2C200","width":350,"height":200},"classes":[]},{"id":9884,"url":"https:\/\/www.atomcomics.net\/blog\/2017\/08\/05\/cerrado-por-vacaciones\/","url_meta":{"origin":8072,"position":2},"title":"Cerrado por vacaciones","author":"ATOM COMICS","date":"5, agosto, 2017","format":false,"excerpt":"Nos vamos de vacaciones. Atom C\u00f3mics\u00a0permanecer\u00e1\u00a0cerrado del 6 al 22 de Agosto. Atom Goya\u00a0permanecer\u00e1\u00a0cerrado del 6 al 27 de Agosto. Ademas, el\u00a0s\u00e1bado 5 de Agosto s\u00f3lo haremos horario de ma\u00f1ana. Siempre con estilo","rel":"","context":"En \u00abNoticias\u00bb","block_context":{"text":"Noticias","link":"https:\/\/www.atomcomics.net\/blog\/category\/noticias\/"},"img":{"alt_text":"","src":"https:\/\/i0.wp.com\/www.atomcomics.net\/blog\/wp-content\/uploads\/10-little-fauss-big-halsy-robert-redford-style-02.jpg?fit=1200%2C812&ssl=1&resize=350%2C200","width":350,"height":200,"srcset":"https:\/\/i0.wp.com\/www.atomcomics.net\/blog\/wp-content\/uploads\/10-little-fauss-big-halsy-robert-redford-style-02.jpg?fit=1200%2C812&ssl=1&resize=350%2C200 1x, https:\/\/i0.wp.com\/www.atomcomics.net\/blog\/wp-content\/uploads\/10-little-fauss-big-halsy-robert-redford-style-02.jpg?fit=1200%2C812&ssl=1&resize=525%2C300 1.5x, https:\/\/i0.wp.com\/www.atomcomics.net\/blog\/wp-content\/uploads\/10-little-fauss-big-halsy-robert-redford-style-02.jpg?fit=1200%2C812&ssl=1&resize=700%2C400 2x, https:\/\/i0.wp.com\/www.atomcomics.net\/blog\/wp-content\/uploads\/10-little-fauss-big-halsy-robert-redford-style-02.jpg?fit=1200%2C812&ssl=1&resize=1050%2C600 3x"},"classes":[]},{"id":13504,"url":"https:\/\/www.atomcomics.net\/blog\/2021\/08\/14\/vacaciones-atom-comics-2\/","url_meta":{"origin":8072,"position":3},"title":"Vacaciones Atom C\u00f3mics","author":"ATOM COMICS","date":"14, agosto, 2021","format":false,"excerpt":"Ha llegado el momento del descanso total. Atom C\u00f3mics #Bilbao c\/Fuencarral 134 (entrada por Alburquerque) se marcha de vacaciones, bueno, los libreros son los que se marchan de vacaciones. La librer\u00eda permanecer\u00e1 cerrada desde el 15 de agosto hasta el 31 del mismo mes. Volveremos el d\u00eda 1 de septiembre.\u00a0\u2026","rel":"","context":"Entrada similar","block_context":{"text":"Entrada similar","link":""},"img":{"alt_text":"","src":"https:\/\/i0.wp.com\/www.atomcomics.net\/blog\/wp-content\/uploads\/imbattable-pascal-jousselin-journal-spirou-plage.png?fit=900%2C600&ssl=1&resize=350%2C200","width":350,"height":200,"srcset":"https:\/\/i0.wp.com\/www.atomcomics.net\/blog\/wp-content\/uploads\/imbattable-pascal-jousselin-journal-spirou-plage.png?fit=900%2C600&ssl=1&resize=350%2C200 1x, https:\/\/i0.wp.com\/www.atomcomics.net\/blog\/wp-content\/uploads\/imbattable-pascal-jousselin-journal-spirou-plage.png?fit=900%2C600&ssl=1&resize=525%2C300 1.5x, https:\/\/i0.wp.com\/www.atomcomics.net\/blog\/wp-content\/uploads\/imbattable-pascal-jousselin-journal-spirou-plage.png?fit=900%2C600&ssl=1&resize=700%2C400 2x"},"classes":[]},{"id":14821,"url":"https:\/\/www.atomcomics.net\/blog\/2025\/08\/07\/vacaciones-atomicas-2\/","url_meta":{"origin":8072,"position":4},"title":"Vacaciones at\u00f3micas","author":"ATOM COMICS","date":"7, agosto, 2025","format":false,"excerpt":"","rel":"","context":"Entrada similar","block_context":{"text":"Entrada similar","link":""},"img":{"alt_text":"","src":"https:\/\/i0.wp.com\/www.atomcomics.net\/blog\/wp-content\/uploads\/vacas.jpg?fit=1080%2C1080&ssl=1&resize=350%2C200","width":350,"height":200,"srcset":"https:\/\/i0.wp.com\/www.atomcomics.net\/blog\/wp-content\/uploads\/vacas.jpg?fit=1080%2C1080&ssl=1&resize=350%2C200 1x, https:\/\/i0.wp.com\/www.atomcomics.net\/blog\/wp-content\/uploads\/vacas.jpg?fit=1080%2C1080&ssl=1&resize=525%2C300 1.5x, https:\/\/i0.wp.com\/www.atomcomics.net\/blog\/wp-content\/uploads\/vacas.jpg?fit=1080%2C1080&ssl=1&resize=700%2C400 2x, https:\/\/i0.wp.com\/www.atomcomics.net\/blog\/wp-content\/uploads\/vacas.jpg?fit=1080%2C1080&ssl=1&resize=1050%2C600 3x"},"classes":[]},{"id":13486,"url":"https:\/\/www.atomcomics.net\/blog\/2021\/08\/06\/vacaciones-atomgoya\/","url_meta":{"origin":8072,"position":5},"title":"Vacaciones #AtomGoya","author":"ATOM COMICS","date":"6, agosto, 2021","format":false,"excerpt":"Ha llegado ese momento de descansar. #AtomGoya cierra por vacaciones desde el d\u00eda 7 de agosto a las 14.30h hasta el 24 del mismo mes. Volviendo a la actividad y con las pilas cargadas el d\u00eda 25. Asimismo, os informamos que los s\u00e1bados de agosto s\u00f3lo abriremos por la ma\u00f1ana,\u2026","rel":"","context":"Entrada similar","block_context":{"text":"Entrada similar","link":""},"img":{"alt_text":"","src":"https:\/\/i0.wp.com\/www.atomcomics.net\/blog\/wp-content\/uploads\/Les-5-meilleurs-albums-de-Gaston-Lagaffe.jpg?fit=998%2C662&ssl=1&resize=350%2C200","width":350,"height":200,"srcset":"https:\/\/i0.wp.com\/www.atomcomics.net\/blog\/wp-content\/uploads\/Les-5-meilleurs-albums-de-Gaston-Lagaffe.jpg?fit=998%2C662&ssl=1&resize=350%2C200 1x, https:\/\/i0.wp.com\/www.atomcomics.net\/blog\/wp-content\/uploads\/Les-5-meilleurs-albums-de-Gaston-Lagaffe.jpg?fit=998%2C662&ssl=1&resize=525%2C300 1.5x, https:\/\/i0.wp.com\/www.atomcomics.net\/blog\/wp-content\/uploads\/Les-5-meilleurs-albums-de-Gaston-Lagaffe.jpg?fit=998%2C662&ssl=1&resize=700%2C400 2x"},"classes":[]}],"jetpack_sharing_enabled":true,"_links":{"self":[{"href":"https:\/\/www.atomcomics.net\/blog\/wp-json\/wp\/v2\/posts\/8072","targetHints":{"allow":["GET"]}}],"collection":[{"href":"https:\/\/www.atomcomics.net\/blog\/wp-json\/wp\/v2\/posts"}],"about":[{"href":"https:\/\/www.atomcomics.net\/blog\/wp-json\/wp\/v2\/types\/post"}],"author":[{"embeddable":true,"href":"https:\/\/www.atomcomics.net\/blog\/wp-json\/wp\/v2\/users\/1"}],"replies":[{"embeddable":true,"href":"https:\/\/www.atomcomics.net\/blog\/wp-json\/wp\/v2\/comments?post=8072"}],"version-history":[{"count":7,"href":"https:\/\/www.atomcomics.net\/blog\/wp-json\/wp\/v2\/posts\/8072\/revisions"}],"predecessor-version":[{"id":8080,"href":"https:\/\/www.atomcomics.net\/blog\/wp-json\/wp\/v2\/posts\/8072\/revisions\/8080"}],"wp:featuredmedia":[{"embeddable":true,"href":"https:\/\/www.atomcomics.net\/blog\/wp-json\/wp\/v2\/media\/9921"}],"wp:attachment":[{"href":"https:\/\/www.atomcomics.net\/blog\/wp-json\/wp\/v2\/media?parent=8072"}],"wp:term":[{"taxonomy":"category","embeddable":true,"href":"https:\/\/www.atomcomics.net\/blog\/wp-json\/wp\/v2\/categories?post=8072"},{"taxonomy":"post_tag","embeddable":true,"href":"https:\/\/www.atomcomics.net\/blog\/wp-json\/wp\/v2\/tags?post=8072"}],"curies":[{"name":"wp","href":"https:\/\/api.w.org\/{rel}","templated":true}]}}