{"id":8083,"date":"2015-08-25T11:56:49","date_gmt":"2015-08-25T09:56:49","guid":{"rendered":"http:\/\/www.atomcomics.net\/?p=8083"},"modified":"2015-08-25T11:56:49","modified_gmt":"2015-08-25T09:56:49","slug":"tras-el-descanso-toca-trabajar","status":"publish","type":"post","link":"https:\/\/www.atomcomics.net\/blog\/2015\/08\/25\/tras-el-descanso-toca-trabajar\/","title":{"rendered":"Tras el descanso toca trabajar"},"content":{"rendered":"<h4 style=\"text-align: center;\">HEMOS VUELTO<\/h4>\n<p><img data-recalc-dims=\"1\" loading=\"lazy\" decoding=\"async\" class=\"aligncenter\" src=\"https:\/\/bimbler.files.wordpress.com\/2008\/05\/futurama501.jpg?resize=720%2C576\" alt=\"\" width=\"720\" height=\"576\" \/><\/p>\n<p style=\"text-align: center;\">Ya estamos abiertos y listos para la acci\u00f3n, os esperamos.<\/p>\n","protected":false},"excerpt":{"rendered":"<p>HEMOS VUELTO Ya estamos abiertos y listos para la acci\u00f3n, os esperamos.<\/p>\n","protected":false},"author":1,"featured_media":9921,"comment_status":"closed","ping_status":"open","sticky":false,"template":"","format":"standard","meta":{"jetpack_post_was_ever_published":false,"_jetpack_newsletter_access":"","_jetpack_dont_email_post_to_subs":false,"_jetpack_newsletter_tier_id":0,"_jetpack_memberships_contains_paywalled_content":false,"_jetpack_memberships_contains_paid_content":false,"footnotes":"","jetpack_publicize_message":"Tras el descanso toca trabajar","jetpack_publicize_feature_enabled":true,"jetpack_social_post_already_shared":true,"jetpack_social_options":{"image_generator_settings":{"template":"highway","default_image_id":0,"font":"","enabled":false},"version":2}},"categories":[1],"tags":[],"class_list":["post-8083","post","type-post","status-publish","format-standard","has-post-thumbnail","hentry","category-uncategorized"],"jetpack_publicize_connections":[],"jetpack_featured_media_url":"https:\/\/i0.wp.com\/www.atomcomics.net\/blog\/wp-content\/uploads\/logonegro.png?fit=473%2C191&ssl=1","jetpack_shortlink":"https:\/\/wp.me\/p53Ua-26n","jetpack-related-posts":[{"id":3386,"url":"https:\/\/www.atomcomics.net\/blog\/2011\/08\/22\/hemos-vuelto-ya-abiertos\/","url_meta":{"origin":8083,"position":0},"title":"HEMOS VUELTO, YA ABIERTOS","author":"ATOM COMICS","date":"22, agosto, 2011","format":false,"excerpt":"Hola, Pues ya estamos aqu\u00ed, hemos vuelto tras nuestro descanso vacacional. Pod\u00e9is pasaros cuando quer\u00e1is a por vuestras lecturas favoritos. En definitiva... \u00a1HEMOS ABIERTO!","rel":"","context":"En \u00abNoticias\u00bb","block_context":{"text":"Noticias","link":"https:\/\/www.atomcomics.net\/blog\/category\/noticias\/"},"img":{"alt_text":"","src":"","width":0,"height":0},"classes":[]},{"id":12047,"url":"https:\/\/www.atomcomics.net\/blog\/2019\/08\/26\/hemos-vuelto-3\/","url_meta":{"origin":8083,"position":1},"title":"Hemos vuelto","author":"ATOM COMICS","date":"26, agosto, 2019","format":false,"excerpt":"Ya estamos aqu\u00ed. \u00a1Os esperamos!","rel":"","context":"Entrada similar","block_context":{"text":"Entrada similar","link":""},"img":{"alt_text":"","src":"","width":0,"height":0},"classes":[]},{"id":77,"url":"https:\/\/www.atomcomics.net\/blog\/2005\/08\/22\/cual-fenixhemos-vuelto\/","url_meta":{"origin":8083,"position":2},"title":"cual fenix&#8230;hemos vuelto","author":"ATOM COMICS","date":"22, agosto, 2005","format":false,"excerpt":"Hola a tod@s, Ya hemos regresado de nuestro descanso vacacional, bueno Sim\u00f3n aun anda de parranda, pero el caso es que la tienda ya est\u00e1 abierta... as\u00ed que ya pod\u00e9is pasaros cuando quer\u00e1is, que s\u00e9 que nos hab\u00e9is echado de menos (o quiz\u00e1s de m\u00e1s?) Bueno, lo dicho, \u00a1\u00a1\u00a1YA ESTAMOS\u2026","rel":"","context":"Con 2 comentarios","block_context":{"text":"Con 2 comentarios","link":"https:\/\/www.atomcomics.net\/blog\/2005\/08\/22\/cual-fenixhemos-vuelto\/#comments"},"img":{"alt_text":"","src":"","width":0,"height":0},"classes":[]},{"id":14040,"url":"https:\/\/www.atomcomics.net\/blog\/2022\/08\/24\/hemos-vuelto-4\/","url_meta":{"origin":8083,"position":3},"title":"Hemos vuelto","author":"ATOM COMICS","date":"24, agosto, 2022","format":false,"excerpt":"Tan sencillo como que estamos abiertos :)","rel":"","context":"Entrada similar","block_context":{"text":"Entrada similar","link":""},"img":{"alt_text":"","src":"https:\/\/i0.wp.com\/www.atomcomics.net\/blog\/wp-content\/uploads\/maxresdefault-2.jpg?fit=1200%2C675&ssl=1&resize=350%2C200","width":350,"height":200,"srcset":"https:\/\/i0.wp.com\/www.atomcomics.net\/blog\/wp-content\/uploads\/maxresdefault-2.jpg?fit=1200%2C675&ssl=1&resize=350%2C200 1x, https:\/\/i0.wp.com\/www.atomcomics.net\/blog\/wp-content\/uploads\/maxresdefault-2.jpg?fit=1200%2C675&ssl=1&resize=525%2C300 1.5x, https:\/\/i0.wp.com\/www.atomcomics.net\/blog\/wp-content\/uploads\/maxresdefault-2.jpg?fit=1200%2C675&ssl=1&resize=700%2C400 2x, https:\/\/i0.wp.com\/www.atomcomics.net\/blog\/wp-content\/uploads\/maxresdefault-2.jpg?fit=1200%2C675&ssl=1&resize=1050%2C600 3x"},"classes":[]},{"id":11182,"url":"https:\/\/www.atomcomics.net\/blog\/2018\/07\/27\/tenemos-que-hablar-de-agosto\/","url_meta":{"origin":8083,"position":4},"title":"Tenemos que hablar de agosto","author":"ATOM COMICS","date":"27, julio, 2018","format":false,"excerpt":"Agosto ya est\u00e1 aqu\u00ed y nos pregunt\u00e1is \"\u00bfOs vais de vacaciones?\" Y la respuesta es s\u00ed. Cerraremos unos d\u00edas durante el mes de\u00a0Octavio Augusto. Ambas Atom C\u00f3mics permanecer\u00e1n cerradas desde el domingo 12 de agosto\u00a0hasta el lunes 27. Adicionalmente, los s\u00e1bados de agosto s\u00f3lo abriremos de 10.45h a 14.00h. Sabemos\u2026","rel":"","context":"Entrada similar","block_context":{"text":"Entrada similar","link":""},"img":{"alt_text":"","src":"https:\/\/i0.wp.com\/www.atomcomics.net\/wp-content\/uploads\/xl1XYq8-744x496.jpg?resize=350%2C200","width":350,"height":200,"srcset":"https:\/\/i0.wp.com\/www.atomcomics.net\/wp-content\/uploads\/xl1XYq8-744x496.jpg?resize=350%2C200 1x, https:\/\/i0.wp.com\/www.atomcomics.net\/wp-content\/uploads\/xl1XYq8-744x496.jpg?resize=525%2C300 1.5x, https:\/\/i0.wp.com\/www.atomcomics.net\/wp-content\/uploads\/xl1XYq8-744x496.jpg?resize=700%2C400 2x"},"classes":[]},{"id":1955,"url":"https:\/\/www.atomcomics.net\/blog\/2009\/08\/17\/traslado-conseguido-feijoo-11-nuevo-hogar\/","url_meta":{"origin":8083,"position":5},"title":"Traslado conseguido: Feijoo, 11. Nuevo hogar.","author":"ATOM COMICS","date":"17, agosto, 2009","format":false,"excerpt":"Ya hemos terminado de mudarnos a la nueva direcci\u00f3n, muy cerca de la anterior (al otro lado de Bravo Murillo). Desde este lunes tarde estamos abiertos en los horarios habituales: 11:00-14:00 y 17:00-21:00. Nuestro nuevo n\u00famero de tel\u00e9fono es 911-15-12-14. Para reservar cosas seguid utilizando atomcomics@atomcomics.net. Y nada m\u00e1s. Espero\u2026","rel":"","context":"Con 3 comentarios","block_context":{"text":"Con 3 comentarios","link":"https:\/\/www.atomcomics.net\/blog\/2009\/08\/17\/traslado-conseguido-feijoo-11-nuevo-hogar\/#comments"},"img":{"alt_text":"","src":"","width":0,"height":0},"classes":[]}],"jetpack_sharing_enabled":true,"_links":{"self":[{"href":"https:\/\/www.atomcomics.net\/blog\/wp-json\/wp\/v2\/posts\/8083","targetHints":{"allow":["GET"]}}],"collection":[{"href":"https:\/\/www.atomcomics.net\/blog\/wp-json\/wp\/v2\/posts"}],"about":[{"href":"https:\/\/www.atomcomics.net\/blog\/wp-json\/wp\/v2\/types\/post"}],"author":[{"embeddable":true,"href":"https:\/\/www.atomcomics.net\/blog\/wp-json\/wp\/v2\/users\/1"}],"replies":[{"embeddable":true,"href":"https:\/\/www.atomcomics.net\/blog\/wp-json\/wp\/v2\/comments?post=8083"}],"version-history":[{"count":1,"href":"https:\/\/www.atomcomics.net\/blog\/wp-json\/wp\/v2\/posts\/8083\/revisions"}],"predecessor-version":[{"id":8084,"href":"https:\/\/www.atomcomics.net\/blog\/wp-json\/wp\/v2\/posts\/8083\/revisions\/8084"}],"wp:featuredmedia":[{"embeddable":true,"href":"https:\/\/www.atomcomics.net\/blog\/wp-json\/wp\/v2\/media\/9921"}],"wp:attachment":[{"href":"https:\/\/www.atomcomics.net\/blog\/wp-json\/wp\/v2\/media?parent=8083"}],"wp:term":[{"taxonomy":"category","embeddable":true,"href":"https:\/\/www.atomcomics.net\/blog\/wp-json\/wp\/v2\/categories?post=8083"},{"taxonomy":"post_tag","embeddable":true,"href":"https:\/\/www.atomcomics.net\/blog\/wp-json\/wp\/v2\/tags?post=8083"}],"curies":[{"name":"wp","href":"https:\/\/api.w.org\/{rel}","templated":true}]}}