{"id":8141,"date":"2015-09-14T13:13:47","date_gmt":"2015-09-14T11:13:47","guid":{"rendered":"http:\/\/www.atomcomics.net\/?p=8141"},"modified":"2015-09-14T13:19:50","modified_gmt":"2015-09-14T11:19:50","slug":"recomendamos-las-meninas","status":"publish","type":"post","link":"https:\/\/www.atomcomics.net\/blog\/2015\/09\/14\/recomendamos-las-meninas\/","title":{"rendered":"Recomendamos: Las Meninas"},"content":{"rendered":"<p><span style=\"text-decoration: underline;\"><em><strong><a href=\"http:\/\/www.comicalia.com\/bd-nueva-ola\/14400-las-meninas-9788415685487.html\">LAS MENINAS<\/a><\/strong><\/em><\/span>.\u00a0Gui\u00f3n de <em><span style=\"text-decoration: underline;\"><a href=\"http:\/\/www.comicalia.com\/modules\/authors\/author.php?id=2838\">Santiago Garc\u00eda<\/a><\/span><\/em> y dibujo <span style=\"text-decoration: underline;\"><em><a href=\"http:\/\/www.comicalia.com\/modules\/authors\/author.php?id=3999\">Javier Olivares<\/a><\/em><\/span>, editado por\u00a0Astiberri a\u00a018\u20ac.<\/p>\n<hr \/>\n<p>Lo primero que destaca de<strong><em> Las Meninas<\/em><\/strong> es al talla de los autores. <em>\u00a0Santiago Garc\u00eda<\/em> puede ser uno de los guionistas espa\u00f1oles de mayor conocimiento del medio, ha escrito sobre el medio en el complemento cultural del ABC y es autor del ensayo <em>La Novela Gr\u00e1fica<\/em>. Adem\u00e1s, es el guionista de obras de gran \u00e9xito entre p\u00fablico y cr\u00edtica como <em><a href=\"http:\/\/www.comicalia.com\/bd-nueva-ola\/249-el-vecino-1-y-2-tomo-9788492769285.html\">El Vecino<\/a><\/em> o <em><a href=\"http:\/\/www.comicalia.com\/bd-aventura\/11520-beowulf-comic-9788415685357.html\">Beowulf<\/a><\/em>.\u00a0Por su parte, el nombre <em>Javier Olivares<\/em>\u00a0 puede ser a\u00fan m\u00e1s familiar para los no comiqueros ya\u00a0que ha ilustrado art\u00edculos en <em>El Pa\u00eds Semanal<\/em> o el diario <em>El Mundo<\/em>, as\u00ed como libros para todo tipo de p\u00fablico.<\/p>\n<p><a href=\"http:\/\/www.comicalia.com\/bd-nueva-ola\/14400-las-meninas-9788415685487.html\" rel=\"attachment wp-att-8143\"><img data-recalc-dims=\"1\" loading=\"lazy\" decoding=\"async\" data-attachment-id=\"8143\" data-permalink=\"https:\/\/www.atomcomics.net\/blog\/2015\/09\/14\/recomendamos-las-meninas\/las-meninas\/\" data-orig-file=\"https:\/\/i0.wp.com\/www.atomcomics.net\/blog\/wp-content\/uploads\/las-meninas.jpg?fit=300%2C300&amp;ssl=1\" data-orig-size=\"300,300\" data-comments-opened=\"0\" data-image-meta=\"{&quot;aperture&quot;:&quot;0&quot;,&quot;credit&quot;:&quot;&quot;,&quot;camera&quot;:&quot;&quot;,&quot;caption&quot;:&quot;&quot;,&quot;created_timestamp&quot;:&quot;0&quot;,&quot;copyright&quot;:&quot;&quot;,&quot;focal_length&quot;:&quot;0&quot;,&quot;iso&quot;:&quot;0&quot;,&quot;shutter_speed&quot;:&quot;0&quot;,&quot;title&quot;:&quot;&quot;,&quot;orientation&quot;:&quot;0&quot;}\" data-image-title=\"las-meninas\" data-image-description=\"\" data-image-caption=\"\" data-medium-file=\"https:\/\/i0.wp.com\/www.atomcomics.net\/blog\/wp-content\/uploads\/las-meninas.jpg?fit=300%2C300&amp;ssl=1\" data-large-file=\"https:\/\/i0.wp.com\/www.atomcomics.net\/blog\/wp-content\/uploads\/las-meninas.jpg?fit=300%2C300&amp;ssl=1\" class=\"aligncenter size-full wp-image-8143\" src=\"https:\/\/i0.wp.com\/www.atomcomics.net\/wp-content\/uploads\/las-meninas.jpg?resize=300%2C300\" alt=\"las-meninas\" width=\"300\" height=\"300\" \/><\/a><\/p>\n<p><strong><em>Las Meninas<\/em><\/strong> es una biograf\u00eda libre de Vel\u00e1zquez, se apoya en documentaci\u00f3n e investigaci\u00f3n por parte de los autores, pero no pretende ser una biograf\u00eda completa y academicista. Haciendo un s\u00edmil, <em>Las Meninas<\/em> es a Vel\u00e1zquez lo que <em><a href=\"http:\/\/www.imdb.com\/title\/tt0086879\/\">Amadeus<\/a><\/em>, la pel\u00edcula de Forman, a Mozart; una manera interesante de acercarnos a la obra y vida de un genio.<\/p>\n<p>La trama avanza a trav\u00e9s de la investigaci\u00f3n realizada sobre Vel\u00e1zquez para la posible concesi\u00f3n de la Orden de Santiago. Como si de una caso policial o period\u00edstico se tratase (un <em>whodunit<\/em>), la obra nos presenta la vida de Vel\u00e1zquez contada por sus conocidos, siempre protectores ante el pintor, y su verdadera vida no mostrada al p\u00fablico.<\/p>\n<p>Un buen ritmo,\u00a0 varios juegos narrativos y visuales, as\u00ed como la demostraci\u00f3n del impacto de Las Meninas sobre el p\u00fablico y pintores posteriores, mediante una serie de flashforwards, completan una obra muy recomendable.<\/p>\n<p>Sin duda despu\u00e9s de leer <em>Las Meninas<\/em> apetece visitar <em>El Prado<\/em>.<\/p>\n","protected":false},"excerpt":{"rendered":"<p>LAS MENINAS.\u00a0Gui\u00f3n de Santiago Garc\u00eda y dibujo Javier Olivares, editado por\u00a0Astiberri a\u00a018\u20ac. Lo primero que destaca de Las Meninas es al talla de los autores. \u00a0Santiago Garc\u00eda puede ser uno de los guionistas espa\u00f1oles de&hellip; <a class=\"read-more-link\" href=\"https:\/\/www.atomcomics.net\/blog\/2015\/09\/14\/recomendamos-las-meninas\/\">(seguir leyendo)<\/a><\/p>\n","protected":false},"author":1,"featured_media":9921,"comment_status":"closed","ping_status":"open","sticky":false,"template":"","format":"standard","meta":{"jetpack_post_was_ever_published":false,"_jetpack_newsletter_access":"","_jetpack_dont_email_post_to_subs":false,"_jetpack_newsletter_tier_id":0,"_jetpack_memberships_contains_paywalled_content":false,"_jetpack_memberships_contains_paid_content":false,"footnotes":"","jetpack_publicize_message":"","jetpack_publicize_feature_enabled":true,"jetpack_social_post_already_shared":true,"jetpack_social_options":{"image_generator_settings":{"template":"highway","default_image_id":0,"font":"","enabled":false},"version":2}},"categories":[285],"tags":[],"class_list":["post-8141","post","type-post","status-publish","format-standard","has-post-thumbnail","hentry","category-aca"],"jetpack_publicize_connections":[],"jetpack_featured_media_url":"https:\/\/i0.wp.com\/www.atomcomics.net\/blog\/wp-content\/uploads\/logonegro.png?fit=473%2C191&ssl=1","jetpack_shortlink":"https:\/\/wp.me\/p53Ua-27j","jetpack-related-posts":[{"id":7718,"url":"https:\/\/www.atomcomics.net\/blog\/2015\/02\/27\/nominados-salon-de-comic-de-barcelona-2\/","url_meta":{"origin":8141,"position":0},"title":"Nominados Sal\u00f3n de C\u00f3mic de Barcelona","author":"ATOM COMICS","date":"27, febrero, 2015","format":false,"excerpt":"Desde FICOMIC nos informan de los nominados para los premios del Sal\u00f3n del C\u00f3mic de Barcelona: Mejor obra de autor extranjero publicada en Espa\u00f1a en 2014 A\u00e2ma 4 de Frederick Peeters (Astiberri Ediciones) Aquel verano de Jillian y Mariko Tamaki (Ediciones La C\u00fapula) Ars\u00e8ne Schrauwen de Olivier Schrauwen (Fulgencio Pimentel)\u2026","rel":"","context":"En \u00abNoticias\u00bb","block_context":{"text":"Noticias","link":"https:\/\/www.atomcomics.net\/blog\/category\/noticias\/"},"img":{"alt_text":"","src":"","width":0,"height":0},"classes":[]},{"id":7884,"url":"https:\/\/www.atomcomics.net\/blog\/2015\/05\/14\/firmas-express-javier-olivares-28-de-mayo-1800h\/","url_meta":{"origin":8141,"position":1},"title":"Firmas Express: Javier Olivares 28 de Mayo 18:00h","author":"ATOM COMICS","date":"14, mayo, 2015","format":false,"excerpt":"","rel":"","context":"En \u00abNoticias\u00bb","block_context":{"text":"Noticias","link":"https:\/\/www.atomcomics.net\/blog\/category\/noticias\/"},"img":{"alt_text":"AAFF Poster Meninas","src":"https:\/\/i0.wp.com\/www.atomcomics.net\/wp-content\/uploads\/AAFF-Poster-Meninas-744x1052.jpg?resize=350%2C200","width":350,"height":200,"srcset":"https:\/\/i0.wp.com\/www.atomcomics.net\/wp-content\/uploads\/AAFF-Poster-Meninas-744x1052.jpg?resize=350%2C200 1x, https:\/\/i0.wp.com\/www.atomcomics.net\/wp-content\/uploads\/AAFF-Poster-Meninas-744x1052.jpg?resize=525%2C300 1.5x, https:\/\/i0.wp.com\/www.atomcomics.net\/wp-content\/uploads\/AAFF-Poster-Meninas-744x1052.jpg?resize=700%2C400 2x"},"classes":[]},{"id":7387,"url":"https:\/\/www.atomcomics.net\/blog\/2014\/09\/19\/novedad-tochazo-de-alpha-flight-y-mucho-mas\/","url_meta":{"origin":8141,"position":2},"title":"Novedad: Tochazo de Alpha Flight y mucho m\u00e1s","author":"ATOM COMICS","date":"19, septiembre, 2014","format":false,"excerpt":"MINCH\u00d4 Revista Mincho N\u00ba 2\u00a09,50 \u20ac SALAMANDRA Galveston\u00a018,00 \u20ac Logic\u00f3mix\u00a025,00 \u20ac EDICIONES KIWI ZOMBI D'OR\u00a014,90 \u20ac TROPO MASA\u00a019,00 \u20ac QUATERNI LAS PIEDRAS DE CHIHAYA 3\u00a021,50 \u20ac ALPHA DECAY LA BUSQUEDA EN SUE\u00d1OS DE KADATH...19,90 \u20ac KRAKEN LUCKY LUKE CLASSICS 04. LA...15,00 \u20ac DI\u00c1BOLO DOLLYWOOD. \u00bfQUE HACE UNA MU\u00d1ECA...19,95 \u20ac ELVIS,\u2026","rel":"","context":"En \u00abNovedades\u00bb","block_context":{"text":"Novedades","link":"https:\/\/www.atomcomics.net\/blog\/category\/novedades\/"},"img":{"alt_text":"Revista Mincho N\u00ba 2","src":"https:\/\/i0.wp.com\/www.comicalia.com\/14816-large\/revista-mincho-n-2.jpg?resize=350%2C200","width":350,"height":200},"classes":[]},{"id":13834,"url":"https:\/\/www.atomcomics.net\/blog\/2022\/02\/19\/el-inicio-de-superman-el-final-de-la-patrulla-x-y-genial-adaptacion\/","url_meta":{"origin":8141,"position":3},"title":"El inicio de Superman, el final de La Patrulla-X y genial adaptaci\u00f3n","author":"ATOM COMICS","date":"19, febrero, 2022","format":false,"excerpt":"https:\/\/youtu.be\/1L4t8k0fjV8 Tres c\u00f3mics que molan s\u00ed o s\u00ed Los nuevos favoritos del librero son: SUPERMAN: LAS CUATRO ESTACIONES\u00a0 Puede que sea alien\u00edgena y que est\u00e9 destinado a ser el hombre m\u00e1s poderoso del universo. Pero de momento, Clark Kent es un simple chico de campo que tiene mucho camino que\u2026","rel":"","context":"En \u00abLecturas recomendadas\u00bb","block_context":{"text":"Lecturas recomendadas","link":"https:\/\/www.atomcomics.net\/blog\/category\/aca\/"},"img":{"alt_text":"","src":"https:\/\/i0.wp.com\/www.atomcomics.net\/blog\/wp-content\/uploads\/WhatsApp-Image-2022-02-11-at-09.35.41.jpeg?fit=1200%2C675&ssl=1&resize=350%2C200","width":350,"height":200,"srcset":"https:\/\/i0.wp.com\/www.atomcomics.net\/blog\/wp-content\/uploads\/WhatsApp-Image-2022-02-11-at-09.35.41.jpeg?fit=1200%2C675&ssl=1&resize=350%2C200 1x, https:\/\/i0.wp.com\/www.atomcomics.net\/blog\/wp-content\/uploads\/WhatsApp-Image-2022-02-11-at-09.35.41.jpeg?fit=1200%2C675&ssl=1&resize=525%2C300 1.5x, https:\/\/i0.wp.com\/www.atomcomics.net\/blog\/wp-content\/uploads\/WhatsApp-Image-2022-02-11-at-09.35.41.jpeg?fit=1200%2C675&ssl=1&resize=700%2C400 2x, https:\/\/i0.wp.com\/www.atomcomics.net\/blog\/wp-content\/uploads\/WhatsApp-Image-2022-02-11-at-09.35.41.jpeg?fit=1200%2C675&ssl=1&resize=1050%2C600 3x"},"classes":[]},{"id":12450,"url":"https:\/\/www.atomcomics.net\/blog\/2020\/03\/12\/novedad-para-este-jueves-raro\/","url_meta":{"origin":8141,"position":4},"title":"Novedad para este jueves raro","author":"ATOM COMICS","date":"12, marzo, 2020","format":false,"excerpt":"Seguimos vivos...","rel":"","context":"En \u00abNovedades\u00bb","block_context":{"text":"Novedades","link":"https:\/\/www.atomcomics.net\/blog\/category\/novedades\/"},"img":{"alt_text":"","src":"https:\/\/i0.wp.com\/www.atomcomics.net\/blog\/wp-content\/uploads\/la-esperanza-pese-a-todo-2.jpg?fit=800%2C800&ssl=1&resize=350%2C200","width":350,"height":200,"srcset":"https:\/\/i0.wp.com\/www.atomcomics.net\/blog\/wp-content\/uploads\/la-esperanza-pese-a-todo-2.jpg?fit=800%2C800&ssl=1&resize=350%2C200 1x, https:\/\/i0.wp.com\/www.atomcomics.net\/blog\/wp-content\/uploads\/la-esperanza-pese-a-todo-2.jpg?fit=800%2C800&ssl=1&resize=525%2C300 1.5x, https:\/\/i0.wp.com\/www.atomcomics.net\/blog\/wp-content\/uploads\/la-esperanza-pese-a-todo-2.jpg?fit=800%2C800&ssl=1&resize=700%2C400 2x"},"classes":[]},{"id":14533,"url":"https:\/\/www.atomcomics.net\/blog\/2023\/11\/07\/la-ruta-del-torrezno-pasa-por-atom-comics\/","url_meta":{"origin":8141,"position":5},"title":"La ruta del torrezno pasa por Atom C\u00f3mics","author":"ATOM COMICS","date":"7, noviembre, 2023","format":false,"excerpt":"Se vienen torreznos a Atom C\u00f3mics... y cerveza... y tebeos. El jueves 16 tendremos a Don Santiago Valenzuela en Atom C\u00f3mics c\/Luna 16 firmando su obra. Hace muchos, muchos a\u00f1os, en un destartalado s\u00f3tano de la madrile\u00f1a calle Valverde, un viejo funcionario cre\u00f3 sin saberlo una civilizaci\u00f3n de fundamentalistas religiosos,\u2026","rel":"","context":"Entrada similar","block_context":{"text":"Entrada similar","link":""},"img":{"alt_text":"","src":"https:\/\/i0.wp.com\/www.atomcomics.net\/blog\/wp-content\/uploads\/torreznobabel.png?fit=1100%2C525&ssl=1&resize=350%2C200","width":350,"height":200,"srcset":"https:\/\/i0.wp.com\/www.atomcomics.net\/blog\/wp-content\/uploads\/torreznobabel.png?fit=1100%2C525&ssl=1&resize=350%2C200 1x, https:\/\/i0.wp.com\/www.atomcomics.net\/blog\/wp-content\/uploads\/torreznobabel.png?fit=1100%2C525&ssl=1&resize=525%2C300 1.5x, https:\/\/i0.wp.com\/www.atomcomics.net\/blog\/wp-content\/uploads\/torreznobabel.png?fit=1100%2C525&ssl=1&resize=700%2C400 2x, https:\/\/i0.wp.com\/www.atomcomics.net\/blog\/wp-content\/uploads\/torreznobabel.png?fit=1100%2C525&ssl=1&resize=1050%2C600 3x"},"classes":[]}],"jetpack_sharing_enabled":true,"_links":{"self":[{"href":"https:\/\/www.atomcomics.net\/blog\/wp-json\/wp\/v2\/posts\/8141","targetHints":{"allow":["GET"]}}],"collection":[{"href":"https:\/\/www.atomcomics.net\/blog\/wp-json\/wp\/v2\/posts"}],"about":[{"href":"https:\/\/www.atomcomics.net\/blog\/wp-json\/wp\/v2\/types\/post"}],"author":[{"embeddable":true,"href":"https:\/\/www.atomcomics.net\/blog\/wp-json\/wp\/v2\/users\/1"}],"replies":[{"embeddable":true,"href":"https:\/\/www.atomcomics.net\/blog\/wp-json\/wp\/v2\/comments?post=8141"}],"version-history":[{"count":5,"href":"https:\/\/www.atomcomics.net\/blog\/wp-json\/wp\/v2\/posts\/8141\/revisions"}],"predecessor-version":[{"id":8147,"href":"https:\/\/www.atomcomics.net\/blog\/wp-json\/wp\/v2\/posts\/8141\/revisions\/8147"}],"wp:featuredmedia":[{"embeddable":true,"href":"https:\/\/www.atomcomics.net\/blog\/wp-json\/wp\/v2\/media\/9921"}],"wp:attachment":[{"href":"https:\/\/www.atomcomics.net\/blog\/wp-json\/wp\/v2\/media?parent=8141"}],"wp:term":[{"taxonomy":"category","embeddable":true,"href":"https:\/\/www.atomcomics.net\/blog\/wp-json\/wp\/v2\/categories?post=8141"},{"taxonomy":"post_tag","embeddable":true,"href":"https:\/\/www.atomcomics.net\/blog\/wp-json\/wp\/v2\/tags?post=8141"}],"curies":[{"name":"wp","href":"https:\/\/api.w.org\/{rel}","templated":true}]}}