{"id":8158,"date":"2015-09-18T11:48:41","date_gmt":"2015-09-18T09:48:41","guid":{"rendered":"http:\/\/www.atomcomics.net\/?p=8158"},"modified":"2015-09-18T11:48:41","modified_gmt":"2015-09-18T09:48:41","slug":"comunicado-sobre-los-inhumanos-limited-edition","status":"publish","type":"post","link":"https:\/\/www.atomcomics.net\/blog\/2015\/09\/18\/comunicado-sobre-los-inhumanos-limited-edition\/","title":{"rendered":"Comunicado sobre Los Inhumanos Limited Edition"},"content":{"rendered":"<p style=\"text-align: center;\">-COMUNICADO OFICIAL-<\/p>\n<blockquote><p>Al respecto de la edici\u00f3n del Marvel Limited Edition: Los Inhumanos que se puso a la venta el pasado mi\u00e9rcoles d\u00eda 16 de septiembre en tiendas, Panini Comics Espa\u00f1a y SD Distribuciones quieren comunicar lo siguiente, vistos ciertos errores en la edici\u00f3n:<\/p><\/blockquote>\n<blockquote><p>-Que se paraliza la salida del tomo y se volver\u00e1 a hacer una nueva edici\u00f3n que cumpla con los est\u00e1ndares de calidad adecuados.<\/p>\n<p>A los lectores: Quien haya comprado ya el tomo y encuentre que est\u00e1 defectuoso por el motivo que sea, que lo guarde. Podr\u00e1 intercambiar el defectuoso por la nueva edici\u00f3n tan pronto est\u00e9 disponible.<\/p>\n<p>A las tiendas: Se aceptar\u00e1n devoluciones del tomo en cuesti\u00f3n y se os enviar\u00e1n las mismas unidades que ya tuvieseis pedidas una vez la nueva edici\u00f3n est\u00e9 disponible.<\/p>\n<p>A todos: Pedimos disculpas por las molestias ocasionadas. Somos los primeros sorprendidos por este error y vamos a hacer todo lo que est\u00e9 en nuestra mano para que no vuelva a ocurrir.<\/p>\n<p>La l\u00ednea Marvel L\u00edmited Edition est\u00e1 siendo un \u00e9xito de cr\u00edtica y p\u00fablico y esperamos que lo siga siendo durante el a\u00f1o pr\u00f3ximo con el apoyo de todos.<\/p>\n<p>Seguiremos informando. Si ten\u00e9is cualquier duda os podemos responder por este mismo canal o bien v\u00eda Facebook en <a href=\"http:\/\/fb.com\/sddistribuciones\">fb.com\/sddistribuciones<\/a>\u00a0o v\u00eda twitter en @sddist.<\/p>\n<p>Un saludo<\/p><\/blockquote>\n","protected":false},"excerpt":{"rendered":"<p>-COMUNICADO OFICIAL- Al respecto de la edici\u00f3n del Marvel Limited Edition: Los Inhumanos que se puso a la venta el pasado mi\u00e9rcoles d\u00eda 16 de septiembre en tiendas, Panini Comics Espa\u00f1a y SD Distribuciones quieren&hellip; <a class=\"read-more-link\" href=\"https:\/\/www.atomcomics.net\/blog\/2015\/09\/18\/comunicado-sobre-los-inhumanos-limited-edition\/\">(seguir leyendo)<\/a><\/p>\n","protected":false},"author":1,"featured_media":9921,"comment_status":"closed","ping_status":"open","sticky":false,"template":"","format":"standard","meta":{"jetpack_post_was_ever_published":false,"_jetpack_newsletter_access":"","_jetpack_dont_email_post_to_subs":false,"_jetpack_newsletter_tier_id":0,"_jetpack_memberships_contains_paywalled_content":false,"_jetpack_memberships_contains_paid_content":false,"footnotes":"","jetpack_publicize_message":"Comunicado sobre Los Inhumanos Limited Edition","jetpack_publicize_feature_enabled":true,"jetpack_social_post_already_shared":true,"jetpack_social_options":{"image_generator_settings":{"template":"highway","default_image_id":0,"font":"","enabled":false},"version":2}},"categories":[1],"tags":[],"class_list":["post-8158","post","type-post","status-publish","format-standard","has-post-thumbnail","hentry","category-uncategorized"],"jetpack_publicize_connections":[],"jetpack_featured_media_url":"https:\/\/i0.wp.com\/www.atomcomics.net\/blog\/wp-content\/uploads\/logonegro.png?fit=473%2C191&ssl=1","jetpack_shortlink":"https:\/\/wp.me\/p53Ua-27A","jetpack-related-posts":[{"id":4027,"url":"https:\/\/www.atomcomics.net\/blog\/2012\/04\/26\/naruto-58-defectuoso\/","url_meta":{"origin":8158,"position":0},"title":"Naruto 58 defectuoso","author":"ATOM COMICS","date":"26, abril, 2012","format":false,"excerpt":"Hola, Nos informan desde EDT la edici\u00f3n de Naruto 58 est\u00e1 defectuosa. La p\u00e1gina 170 est\u00e1 en blanco. A partir del pr\u00f3ximo 3 de mayo, estar\u00e1 disponible la edici\u00f3n corregida. Saludos","rel":"","context":"En \u00abNoticias\u00bb","block_context":{"text":"Noticias","link":"https:\/\/www.atomcomics.net\/blog\/category\/noticias\/"},"img":{"alt_text":"","src":"","width":0,"height":0},"classes":[]},{"id":9403,"url":"https:\/\/www.atomcomics.net\/blog\/2017\/01\/04\/novedad-grapas-y-algun-tomo\/","url_meta":{"origin":8158,"position":1},"title":"Novedad: Grapas y alg\u00fan tomo","author":"ATOM COMICS","date":"4, enero, 2017","format":false,"excerpt":"UIB LA CR\u00d3NICA DE LEODEGUNDO VOL. 5 \"El Cantar de Piniol (II) (844 - 960 DC)\"\u00a028,50 \u20ac DOLMEN SUPERAGENTE 327 29,95 \u20ac PANINI UNIVERSO MARVEL PRESENTA 04: LOS... 1,95 \u20ac THOR: DIOSA DEL TRUENO VOL.5 068 1,95 \u20ac STAR WARS. EL RETORNO DEL JEDI La historia de la pel\u00edcula en\u2026","rel":"","context":"En \u00abNovedades\u00bb","block_context":{"text":"Novedades","link":"https:\/\/www.atomcomics.net\/blog\/category\/novedades\/"},"img":{"alt_text":"LA CRONICA DE LEODEGUNDO VOL. 5","src":"https:\/\/i0.wp.com\/www.comicalia.com\/25540-home_default\/la-cronica-de-leodegundo-vol-5.jpg?resize=350%2C200&ssl=1","width":350,"height":200},"classes":[]},{"id":1009,"url":"https:\/\/www.atomcomics.net\/blog\/2008\/04\/01\/comunicado-error-en-la-edicion-de-36-39-malos-tiempos-2\/","url_meta":{"origin":8158,"position":2},"title":"Comunicado: Error en la edici\u00f3n de 36-39 Malos Tiempos #2","author":"ATOM COMICS","date":"1, abril, 2008","format":false,"excerpt":"Glenat informa: Lamentamos informar que la primera edici\u00f3n de la novedad \u201c36-39. Malos tiempos n\u00ba2 tiene 2 p\u00e1ginas intercambiadas, las n\u00ba32 y 33 de nuestra paginaci\u00f3n.Estamos corrigiendo el error y la nueva edici\u00f3n estar\u00e1 disponible en un plazo de 3 semanas.Todos aquellos que lo dese\u00e9is, podr\u00e9is cambiar vuestro ejemplar con\u2026","rel":"","context":"Entrada similar","block_context":{"text":"Entrada similar","link":""},"img":{"alt_text":"","src":"","width":0,"height":0},"classes":[]},{"id":661,"url":"https:\/\/www.atomcomics.net\/blog\/2006\/12\/14\/comunicado-la-cupula-sobre-el-louis-riel\/","url_meta":{"origin":8158,"position":3},"title":"Comunicado La C\u00fapula sobre el Louis Riel","author":"ATOM COMICS","date":"14, diciembre, 2006","format":false,"excerpt":"Seg\u00fan informa \u00c1lvaro Pons desde La Carcel de Papel, que a su vez ha sido informado por La C\u00fapula, ya hay soluci\u00f3n para los problemas de Lois Riel. Vamos con el comunicado de la editorial:Lamentablemente la edici\u00f3n de Louis Riel de Chester Brown ha sido puesta en circulaci\u00f3n con un\u2026","rel":"","context":"En \u00abNoticias\u00bb","block_context":{"text":"Noticias","link":"https:\/\/www.atomcomics.net\/blog\/category\/noticias\/"},"img":{"alt_text":"","src":"","width":0,"height":0},"classes":[]},{"id":9664,"url":"https:\/\/www.atomcomics.net\/blog\/2017\/05\/04\/novedad-mas-lectura-que-lectores\/","url_meta":{"origin":8158,"position":4},"title":"Novedad: M\u00e1s lectura que lectores","author":"ATOM COMICS","date":"4, mayo, 2017","format":false,"excerpt":"NOW EVOLUTION CUENTOS IMPOPULARES VOL 1: CAPERUCITA ROJA 12,00 \u20ac RANDOM HOUSE CUTTLAS\u00a024,95 \u20ac THULE Querida t\u00eda Agatha 17,95 \u20ac BLACKIE BOOKS Esta canci\u00f3n me recuerda a m\u00ed 19,00 \u20ac VALDEMAR El demonio del movimiento ...\"y otros relatos de la zona oscura\".\u00a021,00 \u20ac Invasiones 14,50 \u20ac Malos sue\u00f1os Los mejores\u2026","rel":"","context":"En \u00abNovedades\u00bb","block_context":{"text":"Novedades","link":"https:\/\/www.atomcomics.net\/blog\/category\/novedades\/"},"img":{"alt_text":"CUENTOS IMPOPULARES VOL 1: CAPERUCITA ROJA","src":"https:\/\/i0.wp.com\/www.comicalia.com\/27083-home_default\/cuentos-impopulares-vol-1-caperucita-roja.jpg?resize=350%2C200&ssl=1","width":350,"height":200},"classes":[]},{"id":9746,"url":"https:\/\/www.atomcomics.net\/blog\/2017\/06\/07\/novedad-miercoles-panini-time-y-mas\/","url_meta":{"origin":8158,"position":5},"title":"Novedad: Mi\u00e9rcoles, PANINI TIME (y m\u00e1s)","author":"ATOM COMICS","date":"7, junio, 2017","format":false,"excerpt":"MELUSINA SOCIOLOG\u00cdA DEL MODERNEO\u00a014,90 \u20ac PANINI JESSICA JONES 1. \u00a1DESATADA! 15,00 \u20ac EL ASOMBROSO SPIDERMAN 128. PORTADA...5,95 \u20ac LA NUEVA PATRULLA-X 50\u00a01,95 \u20ac LA IMPOSIBLE PATRULLA-X 611,95 \u20ac LA EXTRAORDINARIA PATRULLA-X 19\u00a01,95 \u20ac \u00a0 INHUMANOS VS. PATRULLA-X 04 (PORTADA...2,50 \u20ac SPIDER-MAN 13\u00a03,50 \u20ac EL ASOMBROSO SPIDERMAN: RENUEVA TUS VOTOS 04\u2026","rel":"","context":"En \u00abNovedades\u00bb","block_context":{"text":"Novedades","link":"https:\/\/www.atomcomics.net\/blog\/category\/novedades\/"},"img":{"alt_text":"SOCIOLOG\u00cdA DEL MODERNEO","src":"https:\/\/i0.wp.com\/www.comicalia.com\/27600-home_default\/sociologia-del-moderneo.jpg?resize=350%2C200&ssl=1","width":350,"height":200},"classes":[]}],"jetpack_sharing_enabled":true,"_links":{"self":[{"href":"https:\/\/www.atomcomics.net\/blog\/wp-json\/wp\/v2\/posts\/8158","targetHints":{"allow":["GET"]}}],"collection":[{"href":"https:\/\/www.atomcomics.net\/blog\/wp-json\/wp\/v2\/posts"}],"about":[{"href":"https:\/\/www.atomcomics.net\/blog\/wp-json\/wp\/v2\/types\/post"}],"author":[{"embeddable":true,"href":"https:\/\/www.atomcomics.net\/blog\/wp-json\/wp\/v2\/users\/1"}],"replies":[{"embeddable":true,"href":"https:\/\/www.atomcomics.net\/blog\/wp-json\/wp\/v2\/comments?post=8158"}],"version-history":[{"count":2,"href":"https:\/\/www.atomcomics.net\/blog\/wp-json\/wp\/v2\/posts\/8158\/revisions"}],"predecessor-version":[{"id":8160,"href":"https:\/\/www.atomcomics.net\/blog\/wp-json\/wp\/v2\/posts\/8158\/revisions\/8160"}],"wp:featuredmedia":[{"embeddable":true,"href":"https:\/\/www.atomcomics.net\/blog\/wp-json\/wp\/v2\/media\/9921"}],"wp:attachment":[{"href":"https:\/\/www.atomcomics.net\/blog\/wp-json\/wp\/v2\/media?parent=8158"}],"wp:term":[{"taxonomy":"category","embeddable":true,"href":"https:\/\/www.atomcomics.net\/blog\/wp-json\/wp\/v2\/categories?post=8158"},{"taxonomy":"post_tag","embeddable":true,"href":"https:\/\/www.atomcomics.net\/blog\/wp-json\/wp\/v2\/tags?post=8158"}],"curies":[{"name":"wp","href":"https:\/\/api.w.org\/{rel}","templated":true}]}}