{"id":8195,"date":"2015-10-06T10:40:12","date_gmt":"2015-10-06T08:40:12","guid":{"rendered":"http:\/\/www.atomcomics.net\/?p=8195"},"modified":"2015-10-05T20:14:15","modified_gmt":"2015-10-05T18:14:15","slug":"novedad-harry-ha-vuelto-y-no-es-el-sucio","status":"publish","type":"post","link":"https:\/\/www.atomcomics.net\/blog\/2015\/10\/06\/novedad-harry-ha-vuelto-y-no-es-el-sucio\/","title":{"rendered":"Novedad: Harry ha vuelto, y no es el sucio"},"content":{"rendered":"<p><span style=\"text-decoration: underline;\"><strong>SALAMANDRA<\/strong><\/span><\/p>\n<ul id=\"product_list\" class=\"categorie_product clear\">\n<li class=\"ajax_block_product first_item item clearfix\">\n<p id=\"product_list_stuffs\"><span class=\"new_product\"><strong><a title=\"Harry Potter y la piedra filosofal. Edici\u00f3n Ilustrada\" href=\"http:\/\/www.comicalia.com\/libro-ilustrado\/18463-harry-potter-y-la-piedra-filosofal-edicion-ilustrada-9788498387070.html\">Harry Potter y la piedra&#8230;<\/a>\u00a0<\/strong><\/span><span class=\"new_product\"><strong><b>32,00 \u20ac<\/b><\/strong><\/span><\/p>\n<p><a class=\"product_img_link\" title=\"Harry Potter y la piedra filosofal. Edici\u00f3n Ilustrada\" href=\"http:\/\/www.comicalia.com\/libro-ilustrado\/18463-harry-potter-y-la-piedra-filosofal-edicion-ilustrada-9788498387070.html\"><img data-recalc-dims=\"1\" loading=\"lazy\" decoding=\"async\" src=\"https:\/\/i0.wp.com\/www.comicalia.com\/19356-large\/harry-potter-y-la-piedra-filosofal-edicion-ilustrada.jpg?resize=129%2C129\" alt=\"Harry Potter y la piedra filosofal. Edici\u00f3n Ilustrada\" width=\"129\" height=\"129\" \/><\/a><\/li>\n<\/ul>\n<p><span style=\"text-decoration: underline;\"><strong>OTROS<\/strong><\/span><\/p>\n<ul id=\"product_list\" class=\"categorie_product clear\">\n<li class=\"ajax_block_product  alternate_item clearfix\">\n<p id=\"product_list_stuffs\"><span class=\"new_product\"><strong><a title=\"MAFALDA AGENDA 2016 ROJA ANILLADA\" href=\"http:\/\/www.comicalia.com\/merchandise-otros\/18442-mafalda-agenda-2016-roja-anillada-7798071442821.html\">MAFALDA AGENDA 2016 ROJA ANILLADA<\/a>\u00a0<\/strong><\/span><span class=\"new_product\"><strong><b>17,90 \u20ac<\/b><\/strong><\/span><\/p>\n<p><a class=\"product_img_link\" title=\"MAFALDA AGENDA 2016 ROJA ANILLADA\" href=\"http:\/\/www.comicalia.com\/merchandise-otros\/18442-mafalda-agenda-2016-roja-anillada-7798071442821.html\"><img data-recalc-dims=\"1\" loading=\"lazy\" decoding=\"async\" src=\"https:\/\/i0.wp.com\/www.comicalia.com\/19339-large\/mafalda-agenda-2016-roja-anillada.jpg?resize=129%2C129\" alt=\"MAFALDA AGENDA 2016 ROJA ANILLADA\" width=\"129\" height=\"129\" \/><\/a><\/li>\n<li class=\"ajax_block_product  item clearfix\">\n<p id=\"product_list_stuffs\"><span class=\"new_product\"><strong><a title=\"MAFALDA AGENDA 2016 TURQUESA ANILLADA\" href=\"http:\/\/www.comicalia.com\/merchandise-otros\/18441-mafalda-agenda-2016-turquesa-anillada-7798071442838.html\">MAFALDA AGENDA 2016 TURQUESA&#8230;<\/a><\/strong><\/span><span class=\"new_product\"><strong><b>17,90 \u20ac<\/b><\/strong><\/span><\/p>\n<p><a class=\"product_img_link\" title=\"MAFALDA AGENDA 2016 TURQUESA ANILLADA\" href=\"http:\/\/www.comicalia.com\/merchandise-otros\/18441-mafalda-agenda-2016-turquesa-anillada-7798071442838.html\"><img data-recalc-dims=\"1\" loading=\"lazy\" decoding=\"async\" src=\"https:\/\/i0.wp.com\/www.comicalia.com\/19338-large\/mafalda-agenda-2016-turquesa-anillada.jpg?resize=129%2C129\" alt=\"MAFALDA AGENDA 2016 TURQUESA ANILLADA\" width=\"129\" height=\"129\" \/><\/a><\/li>\n<li class=\"ajax_block_product  alternate_item clearfix\">\n<p id=\"product_list_stuffs\"><span class=\"new_product\"><strong><a title=\"MAFALDA AGENDA 2016 PEQUE\u00d1A PAGINA X DIA\" href=\"http:\/\/www.comicalia.com\/merchandise-otros\/18440-mafalda-agenda-2016-pequena-pagina-x-dia-7798071442869.html\">MAFALDA AGENDA 2016 PEQUE\u00d1A&#8230;<\/a><\/strong><\/span><span class=\"new_product\"><strong><b>15,90 \u20ac<\/b><\/strong><\/span><\/p>\n<p><a class=\"product_img_link\" title=\"MAFALDA AGENDA 2016 PEQUE\u00d1A PAGINA X DIA\" href=\"http:\/\/www.comicalia.com\/merchandise-otros\/18440-mafalda-agenda-2016-pequena-pagina-x-dia-7798071442869.html\"><img data-recalc-dims=\"1\" loading=\"lazy\" decoding=\"async\" src=\"https:\/\/i0.wp.com\/www.comicalia.com\/19337-large\/mafalda-agenda-2016-pequena-pagina-x-dia.jpg?resize=129%2C129\" alt=\"MAFALDA AGENDA 2016 PEQUE\u00d1A PAGINA X DIA\" width=\"129\" height=\"129\" \/><\/a><\/li>\n<li class=\"ajax_block_product  item clearfix\">\n<p id=\"product_list_stuffs\"><span class=\"new_product\"><strong><a title=\"AGENDA MAFALDA 2016 GRANDE ENCUADERNADA\" href=\"http:\/\/www.comicalia.com\/merchandise-otros\/18439-agenda-mafalda-2016-grande-encuadernada-7798071442845.html\">AGENDA MAFALDA 2016 GRANDE&#8230;<\/a><\/strong><\/span><span class=\"new_product\"><strong><b>17,90 \u20ac<\/b><\/strong><\/span><\/p>\n<p><a class=\"product_img_link\" title=\"AGENDA MAFALDA 2016 GRANDE ENCUADERNADA\" href=\"http:\/\/www.comicalia.com\/merchandise-otros\/18439-agenda-mafalda-2016-grande-encuadernada-7798071442845.html\"><img data-recalc-dims=\"1\" loading=\"lazy\" decoding=\"async\" src=\"https:\/\/i0.wp.com\/www.comicalia.com\/19336-large\/agenda-mafalda-2016-grande-encuadernada.jpg?resize=129%2C129\" alt=\"AGENDA MAFALDA 2016 GRANDE ENCUADERNADA\" width=\"129\" height=\"129\" \/><\/a><\/li>\n<li class=\"ajax_block_product  alternate_item clearfix\">\n<p id=\"product_list_stuffs\"><span class=\"new_product\"><strong><a title=\"CALENDARIO MAFALDA 2016\" href=\"http:\/\/www.comicalia.com\/merchandise-otros\/18437-calendario-mafalda-2016-8437011365163.html\">CALENDARIO MAFALDA 2016<\/a>\u00a0<\/strong><\/span><span class=\"new_product\"><strong><b>15,50 \u20ac<\/b><\/strong><\/span><\/p>\n<p><a class=\"product_img_link\" title=\"CALENDARIO MAFALDA 2016\" href=\"http:\/\/www.comicalia.com\/merchandise-otros\/18437-calendario-mafalda-2016-8437011365163.html\"><img data-recalc-dims=\"1\" loading=\"lazy\" decoding=\"async\" src=\"https:\/\/i0.wp.com\/www.comicalia.com\/19334-large\/calendario-mafalda-2016.jpg?resize=129%2C129\" alt=\"CALENDARIO MAFALDA 2016\" width=\"129\" height=\"129\" \/><\/a><\/li>\n<li class=\"ajax_block_product  item clearfix\">\n<p id=\"product_list_stuffs\"><span class=\"new_product\"><strong><a title=\"CALENDARIO LEY DE MURPHY 2016\" href=\"http:\/\/www.comicalia.com\/merchandise-otros\/18436-calendario-ley-de-murphy-2016-8437011365170.html\">CALENDARIO LEY DE MURPHY 2016<\/a>\u00a0<\/strong><\/span><span class=\"new_product\"><strong><b>15,50 \u20ac<\/b><\/strong><\/span><\/p>\n<p><a class=\"product_img_link\" title=\"CALENDARIO LEY DE MURPHY 2016\" href=\"http:\/\/www.comicalia.com\/merchandise-otros\/18436-calendario-ley-de-murphy-2016-8437011365170.html\"><img data-recalc-dims=\"1\" loading=\"lazy\" decoding=\"async\" src=\"https:\/\/i0.wp.com\/www.comicalia.com\/19333-large\/calendario-ley-de-murphy-2016.jpg?resize=129%2C129\" alt=\"CALENDARIO LEY DE MURPHY 2016\" width=\"129\" height=\"129\" \/><\/a><\/li>\n<\/ul>\n","protected":false},"excerpt":{"rendered":"<p>SALAMANDRA Harry Potter y la piedra&#8230;\u00a032,00 \u20ac OTROS MAFALDA AGENDA 2016 ROJA ANILLADA\u00a017,90 \u20ac MAFALDA AGENDA 2016 TURQUESA&#8230;17,90 \u20ac MAFALDA AGENDA 2016 PEQUE\u00d1A&#8230;15,90 \u20ac AGENDA MAFALDA 2016 GRANDE&#8230;17,90 \u20ac CALENDARIO MAFALDA 2016\u00a015,50 \u20ac CALENDARIO LEY&hellip; <a class=\"read-more-link\" href=\"https:\/\/www.atomcomics.net\/blog\/2015\/10\/06\/novedad-harry-ha-vuelto-y-no-es-el-sucio\/\">(seguir leyendo)<\/a><\/p>\n","protected":false},"author":1,"featured_media":9921,"comment_status":"closed","ping_status":"open","sticky":false,"template":"","format":"standard","meta":{"jetpack_post_was_ever_published":false,"_jetpack_newsletter_access":"","_jetpack_dont_email_post_to_subs":false,"_jetpack_newsletter_tier_id":0,"_jetpack_memberships_contains_paywalled_content":false,"_jetpack_memberships_contains_paid_content":false,"footnotes":"","jetpack_publicize_message":"Novedad: Harry ha vuelto, y no es el sucio","jetpack_publicize_feature_enabled":true,"jetpack_social_post_already_shared":true,"jetpack_social_options":{"image_generator_settings":{"template":"highway","default_image_id":0,"font":"","enabled":false},"version":2}},"categories":[3],"tags":[],"class_list":["post-8195","post","type-post","status-publish","format-standard","has-post-thumbnail","hentry","category-novedades"],"jetpack_publicize_connections":[],"jetpack_featured_media_url":"https:\/\/i0.wp.com\/www.atomcomics.net\/blog\/wp-content\/uploads\/logonegro.png?fit=473%2C191&ssl=1","jetpack_shortlink":"https:\/\/wp.me\/p53Ua-28b","jetpack-related-posts":[{"id":12262,"url":"https:\/\/www.atomcomics.net\/blog\/2019\/11\/28\/otro-jueves-a-tope-de-novedad\/","url_meta":{"origin":8195,"position":0},"title":"Otro jueves a tope de novedad","author":"ATOM COMICS","date":"28, noviembre, 2019","format":false,"excerpt":"El tiempo pasa para todos, menos para Harry","rel":"","context":"En \u00abNovedades\u00bb","block_context":{"text":"Novedades","link":"https:\/\/www.atomcomics.net\/blog\/category\/novedades\/"},"img":{"alt_text":"","src":"https:\/\/i0.wp.com\/www.atomcomics.net\/blog\/wp-content\/uploads\/la-cantina-de-medianoche-02.jpg?fit=800%2C800&ssl=1&resize=350%2C200","width":350,"height":200,"srcset":"https:\/\/i0.wp.com\/www.atomcomics.net\/blog\/wp-content\/uploads\/la-cantina-de-medianoche-02.jpg?fit=800%2C800&ssl=1&resize=350%2C200 1x, https:\/\/i0.wp.com\/www.atomcomics.net\/blog\/wp-content\/uploads\/la-cantina-de-medianoche-02.jpg?fit=800%2C800&ssl=1&resize=525%2C300 1.5x, https:\/\/i0.wp.com\/www.atomcomics.net\/blog\/wp-content\/uploads\/la-cantina-de-medianoche-02.jpg?fit=800%2C800&ssl=1&resize=700%2C400 2x"},"classes":[]},{"id":11460,"url":"https:\/\/www.atomcomics.net\/blog\/2018\/12\/04\/de-boda-y-sin-bautizo\/","url_meta":{"origin":8195,"position":1},"title":"De boda y sin bautizo","author":"ATOM COMICS","date":"4, diciembre, 2018","format":false,"excerpt":"ECC COLECCI\u00d3N NOVELAS GR\u00c1FICAS - ESPECIAL... 24,99 \u20ac AQUAMAN N\u00daM. 25\/ 11 13,50 \u20ac ALL-STAR BATMAN VOL. 01: YO, MI PEOR ENEMIGO 19,50 \u20ac BATMAN N\u00daM. 81\/ 26 3,25 \u20ac BATMAN\/FLASH: LA CHAPA (EDICI\u00d3N DELUXE) 22,00 \u20ac BATMAN: LA BODA (EDICI\u00d3N ESPECIAL LIMITADA) \u201cS\u00ed, padre. Me convertir\u00e9 en Murci\u00e9lago.\u201d9,95 \u20ac\u2026","rel":"","context":"En \u00abNovedades\u00bb","block_context":{"text":"Novedades","link":"https:\/\/www.atomcomics.net\/blog\/category\/novedades\/"},"img":{"alt_text":"","src":"https:\/\/i0.wp.com\/www.atomcomics.net\/blog\/wp-content\/uploads\/batman-la-boda-edicion-especial-limitada-e1543919463636.jpg?fit=800%2C450&ssl=1&resize=350%2C200","width":350,"height":200,"srcset":"https:\/\/i0.wp.com\/www.atomcomics.net\/blog\/wp-content\/uploads\/batman-la-boda-edicion-especial-limitada-e1543919463636.jpg?fit=800%2C450&ssl=1&resize=350%2C200 1x, https:\/\/i0.wp.com\/www.atomcomics.net\/blog\/wp-content\/uploads\/batman-la-boda-edicion-especial-limitada-e1543919463636.jpg?fit=800%2C450&ssl=1&resize=525%2C300 1.5x, https:\/\/i0.wp.com\/www.atomcomics.net\/blog\/wp-content\/uploads\/batman-la-boda-edicion-especial-limitada-e1543919463636.jpg?fit=800%2C450&ssl=1&resize=700%2C400 2x"},"classes":[]},{"id":11729,"url":"https:\/\/www.atomcomics.net\/blog\/2019\/03\/21\/jueves-en-nada-viernes-y-mas-novedad\/","url_meta":{"origin":8195,"position":2},"title":"Jueves, en nada viernes (y m\u00e1s novedad)","author":"ATOM COMICS","date":"21, marzo, 2019","format":false,"excerpt":"SALAMANDRA Harry Potter y la piedra filosofal... 20,00 \u20ac PANINI X-23 01. DOS CUMPLEA\u00d1OS Y TRES FUNERALES 16,00 \u20ac OJO DE HALC\u00d3N DE MATT FRACTION Y DAVID AJA 45,00 \u20ac LOS INHUMANOS: POR DERECHO DE NACIMIENTO 20,00 \u20ac IRON MAN DE KIERON GILLEN 01: DEMONIOS Y... 27,00 \u20ac IRON MAN\u2026","rel":"","context":"En \u00abNovedades\u00bb","block_context":{"text":"Novedades","link":"https:\/\/www.atomcomics.net\/blog\/category\/novedades\/"},"img":{"alt_text":"","src":"https:\/\/i0.wp.com\/www.atomcomics.net\/blog\/wp-content\/uploads\/zombi-joyce-carol-oates-e1553164199545.jpg?fit=800%2C450&ssl=1&resize=350%2C200","width":350,"height":200,"srcset":"https:\/\/i0.wp.com\/www.atomcomics.net\/blog\/wp-content\/uploads\/zombi-joyce-carol-oates-e1553164199545.jpg?fit=800%2C450&ssl=1&resize=350%2C200 1x, https:\/\/i0.wp.com\/www.atomcomics.net\/blog\/wp-content\/uploads\/zombi-joyce-carol-oates-e1553164199545.jpg?fit=800%2C450&ssl=1&resize=525%2C300 1.5x, https:\/\/i0.wp.com\/www.atomcomics.net\/blog\/wp-content\/uploads\/zombi-joyce-carol-oates-e1553164199545.jpg?fit=800%2C450&ssl=1&resize=700%2C400 2x"},"classes":[]},{"id":9475,"url":"https:\/\/www.atomcomics.net\/blog\/2017\/02\/03\/novedad-miedo-y-colorear\/","url_meta":{"origin":8195,"position":3},"title":"Novedad: Miedo y colorear","author":"ATOM COMICS","date":"3, febrero, 2017","format":false,"excerpt":"OTROS LA CASA DE LAS CRUCES 17,95 \u20ac TIDE HAVEN (EL REFUGIO DE LAS MAREAS) 17,95 \u20ac HARRY POTTER ANIMALES FANT\u00c1STICOS. LIBRO... 12,90 \u20ac","rel":"","context":"En \u00abNovedades\u00bb","block_context":{"text":"Novedades","link":"https:\/\/www.atomcomics.net\/blog\/category\/novedades\/"},"img":{"alt_text":"LA CASA DE LAS CRUCES","src":"https:\/\/i0.wp.com\/www.comicalia.com\/25915-home_default\/la-casa-de-las-cruces.jpg?resize=350%2C200&ssl=1","width":350,"height":200},"classes":[]},{"id":9561,"url":"https:\/\/www.atomcomics.net\/blog\/2017\/03\/22\/novedad-hilda-potter\/","url_meta":{"origin":8195,"position":4},"title":"Novedad: \u00a1Hilda Potter!","author":"ATOM COMICS","date":"22, marzo, 2017","format":false,"excerpt":"SALAMANDRA Quidditch a trav\u00e9s de los tiempos 10,00 \u20ac Animales fant\u00e1sticos y d\u00f3nde encontrarlos 10,00 \u20ac Los cuentos de Beedle el bardo 10,00 \u20ac BARBARA FIORE HILDA Y EL BOSQUE DE PIEDRA 18,00 \u20ac","rel":"","context":"En \u00abNovedades\u00bb","block_context":{"text":"Novedades","link":"https:\/\/www.atomcomics.net\/blog\/category\/novedades\/"},"img":{"alt_text":"Quidditch a trav\u00e9s de los tiempos","src":"https:\/\/i0.wp.com\/www.comicalia.com\/26469-home_default\/quidditch-a-traves-de-los-tiempos.jpg?resize=350%2C200&ssl=1","width":350,"height":200},"classes":[]},{"id":10467,"url":"https:\/\/www.atomcomics.net\/blog\/2017\/11\/29\/azkaban-ilustrado\/","url_meta":{"origin":8195,"position":5},"title":"Azkaban ilustrado","author":"ATOM COMICS","date":"29, noviembre, 2017","format":false,"excerpt":"SALAMANDRA HARRY POTTER Y EL PRISIONERO DE AZKABAN -...\u00a035,00 \u20ac","rel":"","context":"En \u00abNovedades\u00bb","block_context":{"text":"Novedades","link":"https:\/\/www.atomcomics.net\/blog\/category\/novedades\/"},"img":{"alt_text":"","src":"https:\/\/i0.wp.com\/www.atomcomics.net\/blog\/wp-content\/uploads\/9788498388251-e1511954903645.jpg?fit=797%2C451&ssl=1&resize=350%2C200","width":350,"height":200,"srcset":"https:\/\/i0.wp.com\/www.atomcomics.net\/blog\/wp-content\/uploads\/9788498388251-e1511954903645.jpg?fit=797%2C451&ssl=1&resize=350%2C200 1x, https:\/\/i0.wp.com\/www.atomcomics.net\/blog\/wp-content\/uploads\/9788498388251-e1511954903645.jpg?fit=797%2C451&ssl=1&resize=525%2C300 1.5x, https:\/\/i0.wp.com\/www.atomcomics.net\/blog\/wp-content\/uploads\/9788498388251-e1511954903645.jpg?fit=797%2C451&ssl=1&resize=700%2C400 2x"},"classes":[]}],"jetpack_sharing_enabled":true,"_links":{"self":[{"href":"https:\/\/www.atomcomics.net\/blog\/wp-json\/wp\/v2\/posts\/8195","targetHints":{"allow":["GET"]}}],"collection":[{"href":"https:\/\/www.atomcomics.net\/blog\/wp-json\/wp\/v2\/posts"}],"about":[{"href":"https:\/\/www.atomcomics.net\/blog\/wp-json\/wp\/v2\/types\/post"}],"author":[{"embeddable":true,"href":"https:\/\/www.atomcomics.net\/blog\/wp-json\/wp\/v2\/users\/1"}],"replies":[{"embeddable":true,"href":"https:\/\/www.atomcomics.net\/blog\/wp-json\/wp\/v2\/comments?post=8195"}],"version-history":[{"count":1,"href":"https:\/\/www.atomcomics.net\/blog\/wp-json\/wp\/v2\/posts\/8195\/revisions"}],"predecessor-version":[{"id":8196,"href":"https:\/\/www.atomcomics.net\/blog\/wp-json\/wp\/v2\/posts\/8195\/revisions\/8196"}],"wp:featuredmedia":[{"embeddable":true,"href":"https:\/\/www.atomcomics.net\/blog\/wp-json\/wp\/v2\/media\/9921"}],"wp:attachment":[{"href":"https:\/\/www.atomcomics.net\/blog\/wp-json\/wp\/v2\/media?parent=8195"}],"wp:term":[{"taxonomy":"category","embeddable":true,"href":"https:\/\/www.atomcomics.net\/blog\/wp-json\/wp\/v2\/categories?post=8195"},{"taxonomy":"post_tag","embeddable":true,"href":"https:\/\/www.atomcomics.net\/blog\/wp-json\/wp\/v2\/tags?post=8195"}],"curies":[{"name":"wp","href":"https:\/\/api.w.org\/{rel}","templated":true}]}}