{"id":8322,"date":"2015-11-19T13:32:16","date_gmt":"2015-11-19T11:32:16","guid":{"rendered":"http:\/\/www.atomcomics.net\/?p=8322"},"modified":"2015-11-19T13:32:16","modified_gmt":"2015-11-19T11:32:16","slug":"novedad-calentando-motores-2","status":"publish","type":"post","link":"https:\/\/www.atomcomics.net\/blog\/2015\/11\/19\/novedad-calentando-motores-2\/","title":{"rendered":"Novedad: Calentando motores"},"content":{"rendered":"<p><span style=\"text-decoration: underline;\"><strong>FORTUNA<\/strong><\/span><\/p>\n<ul id=\"product_list\" class=\"categorie_product clear\">\n<li class=\"ajax_block_product first_item item clearfix\">\n<p id=\"product_list_stuffs\"><span class=\"new_product\"><strong><a title=\"LOS JOLLEY-ROGERS Y LA CUEVA DE LA MUERTE\" href=\"http:\/\/www.comicalia.com\/libro-ilustrado\/19132-los-jolley-rogers-y-la-cueva-de-la-muerte-9788494309410.html\">LOS JOLLEY-ROGERS Y LA CUEVA DE&#8230;<\/a><\/strong><\/span><span class=\"new_product\"><strong><b>11,95 \u20ac<\/b><\/strong><\/span><\/p>\n<p><a class=\"product_img_link\" title=\"LOS JOLLEY-ROGERS Y LA CUEVA DE LA MUERTE\" href=\"http:\/\/www.comicalia.com\/libro-ilustrado\/19132-los-jolley-rogers-y-la-cueva-de-la-muerte-9788494309410.html\"><img data-recalc-dims=\"1\" loading=\"lazy\" decoding=\"async\" src=\"https:\/\/i0.wp.com\/www.comicalia.com\/20101-large\/los-jolley-rogers-y-la-cueva-de-la-muerte.jpg?resize=129%2C129\" alt=\"LOS JOLLEY-ROGERS Y LA CUEVA DE LA MUERTE\" width=\"129\" height=\"129\" \/><\/a><\/li>\n<\/ul>\n<p><span style=\"text-decoration: underline;\"><strong>EDITORIAL BASE<\/strong><\/span><\/p>\n<ul id=\"product_list\" class=\"categorie_product clear\">\n<li class=\"ajax_block_product  alternate_item clearfix\">\n<p id=\"product_list_stuffs\"><span class=\"new_product\"><strong><a title=\"BABY PRINZ. MARSUPILAMI n\u00ba 5\" href=\"http:\/\/www.comicalia.com\/bd-aventura\/19130-baby-prinz-marsupilami-n-5-9788415706533.html\">BABY PRINZ. MARSUPILAMI n\u00ba 5<\/a>\u00a0<\/strong><\/span><span class=\"new_product\"><strong><b>14,00 \u20ac<\/b><\/strong><\/span><\/p>\n<p><a class=\"product_img_link\" title=\"BABY PRINZ. MARSUPILAMI n\u00ba 5\" href=\"http:\/\/www.comicalia.com\/bd-aventura\/19130-baby-prinz-marsupilami-n-5-9788415706533.html\"><img data-recalc-dims=\"1\" loading=\"lazy\" decoding=\"async\" src=\"https:\/\/i0.wp.com\/www.comicalia.com\/20099-large\/baby-prinz-marsupilami-n-5.jpg?resize=129%2C129\" alt=\"BABY PRINZ. MARSUPILAMI n\u00ba 5\" width=\"129\" height=\"129\" \/><\/a><\/li>\n<li class=\"ajax_block_product  item clearfix\">\n<p id=\"product_list_stuffs\"><span class=\"new_product\"><strong><a title=\"EL REGALO PELUDO (el peluche m\u00e1s el libro)\" href=\"http:\/\/www.comicalia.com\/bd-aventura\/19129-el-regalo-peludo-incluye-un-peluche-9788415706526.html\">EL REGALO PELUDO (el peluche m\u00e1s&#8230;<\/a><\/strong><\/span><span class=\"new_product\"><strong><b>19,80 \u20ac<\/b><\/strong><\/span><\/p>\n<p><a class=\"product_img_link\" title=\"EL REGALO PELUDO (el peluche m\u00e1s el libro)\" href=\"http:\/\/www.comicalia.com\/bd-aventura\/19129-el-regalo-peludo-incluye-un-peluche-9788415706526.html\"><img data-recalc-dims=\"1\" loading=\"lazy\" decoding=\"async\" src=\"https:\/\/i0.wp.com\/www.comicalia.com\/20098-large\/el-regalo-peludo-incluye-un-peluche.jpg?resize=129%2C129\" alt=\"EL REGALO PELUDO (incluye un peluche))\" width=\"129\" height=\"129\" \/><\/a><\/li>\n<\/ul>\n<p><span style=\"text-decoration: underline;\"><strong>DEHAVILLAND EDICIONES<\/strong><\/span><\/p>\n<ul id=\"product_list\" class=\"categorie_product clear\">\n<li class=\"ajax_block_product  alternate_item clearfix\">\n<p id=\"product_list_stuffs\"><span class=\"new_product\"><strong><a title=\"LOSE\" href=\"http:\/\/www.comicalia.com\/fantasia-otros-mundos\/19128-lose-9788494323287.html\">LOSE<\/a>\u00a0<\/strong><\/span><span class=\"new_product\"><strong><b>17,00 \u20ac<\/b><\/strong><\/span><\/p>\n<p><a class=\"product_img_link\" title=\"LOSE\" href=\"http:\/\/www.comicalia.com\/fantasia-otros-mundos\/19128-lose-9788494323287.html\"><img data-recalc-dims=\"1\" loading=\"lazy\" decoding=\"async\" src=\"https:\/\/i0.wp.com\/www.comicalia.com\/20097-large\/lose.jpg?resize=129%2C129\" alt=\"LOSE\" width=\"129\" height=\"129\" \/><\/a><\/li>\n<\/ul>\n<p><span style=\"text-decoration: underline;\"><strong>PONENT MON<\/strong><\/span><\/p>\n<ul id=\"product_list\" class=\"categorie_product clear\">\n<li class=\"ajax_block_product  item clearfix\">\n<p id=\"product_list_stuffs\"><span class=\"new_product\"><strong><a title=\"EL CID (Integral)\" href=\"http:\/\/www.comicalia.com\/bd-aventura\/19127-el-cid-integral-9781910856086.html\">EL CID (Integral)<\/a>\u00a0<\/strong><\/span><span class=\"new_product\"><strong><b>38,00 \u20ac<\/b><\/strong><\/span><\/p>\n<p><a class=\"product_img_link\" title=\"EL CID (Integral)\" href=\"http:\/\/www.comicalia.com\/bd-aventura\/19127-el-cid-integral-9781910856086.html\"><img data-recalc-dims=\"1\" loading=\"lazy\" decoding=\"async\" src=\"https:\/\/i0.wp.com\/www.comicalia.com\/20096-large\/el-cid-integral.jpg?resize=129%2C129\" alt=\"EL CID (Integral)\" width=\"129\" height=\"129\" \/><\/a><\/li>\n<\/ul>\n<p><span style=\"text-decoration: underline;\"><strong>DUOMO EDICIONES<\/strong><\/span><\/p>\n<ul id=\"product_list\" class=\"categorie_product clear\">\n<li class=\"ajax_block_product  item clearfix\">\n<p id=\"product_list_stuffs\"><span class=\"new_product\"><strong><a title=\"EL HOMBRE QUE PLANTABA \u00c1RBOLES \/ POP UP\" href=\"http:\/\/www.comicalia.com\/libro-ilustrado\/19119-el-hombre-que-plantaba-arboles-pop-up-9788416261932.html\">EL HOMBRE QUE PLANTABA \u00c1RBOLES \/&#8230;<\/a><\/strong><\/span><span class=\"new_product\"><strong><b>14,00 \u20ac<\/b><\/strong><\/span><\/p>\n<p><a class=\"product_img_link\" title=\"EL HOMBRE QUE PLANTABA \u00c1RBOLES \/ POP UP\" href=\"http:\/\/www.comicalia.com\/libro-ilustrado\/19119-el-hombre-que-plantaba-arboles-pop-up-9788416261932.html\"><img data-recalc-dims=\"1\" loading=\"lazy\" decoding=\"async\" src=\"https:\/\/i0.wp.com\/www.comicalia.com\/20088-large\/el-hombre-que-plantaba-arboles-pop-up.jpg?resize=129%2C129\" alt=\"EL HOMBRE QUE PLANTABA \u00c1RBOLES \/ POP UP\" width=\"129\" height=\"129\" \/><\/a><\/li>\n<\/ul>\n<p><span style=\"text-decoration: underline;\"><strong>FINEO<\/strong><\/span><\/p>\n<ul id=\"product_list\" class=\"categorie_product clear\">\n<li class=\"ajax_block_product  alternate_item clearfix\">\n<p id=\"product_list_stuffs\"><span class=\"new_product\"><strong><a title=\"ENSE\u00d1AR\" href=\"http:\/\/www.comicalia.com\/libro-ilustrado\/19118-ensenar-9788416470020.html\">ENSE\u00d1AR<\/a>\u00a0<\/strong><\/span><span class=\"new_product\"><strong><b>25,90 \u20ac<\/b><\/strong><\/span><\/p>\n<p><a class=\"product_img_link\" title=\"ENSE\u00d1AR\" href=\"http:\/\/www.comicalia.com\/libro-ilustrado\/19118-ensenar-9788416470020.html\"><img data-recalc-dims=\"1\" loading=\"lazy\" decoding=\"async\" src=\"https:\/\/i0.wp.com\/www.comicalia.com\/20087-large\/ensenar.jpg?resize=129%2C129\" alt=\"ENSE\u00d1AR\" width=\"129\" height=\"129\" \/><\/a><\/li>\n<\/ul>\n<p><span style=\"text-decoration: underline;\"><strong>DEL NUEVO EXTREMO ESPA\u00d1A<\/strong><\/span><\/p>\n<ul id=\"product_list\" class=\"categorie_product clear\">\n<li class=\"ajax_block_product last_item item clearfix\">\n<p id=\"product_list_stuffs\"><span class=\"new_product\"><strong><a title=\"CUENTOS CL\u00c1SICOS DE MARIA PASCUAL\" href=\"http:\/\/www.comicalia.com\/libro-ilustrado\/19117-cuentos-clasicos-de-maria-pascual-9788494426872.html\">CUENTOS CL\u00c1SICOS DE MARIA PASCUAL<\/a>\u00a0<\/strong><\/span><span class=\"new_product\"><strong><b>19,90 \u20ac<\/b><\/strong><\/span><\/p>\n<p><a class=\"product_img_link\" title=\"CUENTOS CL\u00c1SICOS DE MARIA PASCUAL\" href=\"http:\/\/www.comicalia.com\/libro-ilustrado\/19117-cuentos-clasicos-de-maria-pascual-9788494426872.html\"><img data-recalc-dims=\"1\" loading=\"lazy\" decoding=\"async\" src=\"https:\/\/i0.wp.com\/www.comicalia.com\/20086-large\/cuentos-clasicos-de-maria-pascual.jpg?resize=129%2C129\" alt=\"CUENTOS CL\u00c1SICOS DE MARIA PASCUAL\" width=\"129\" height=\"129\" \/><\/a><\/li>\n<\/ul>\n<p><span style=\"text-decoration: underline;\"><strong>N\u00f3RDICA<\/strong><\/span><\/p>\n<ul id=\"product_list\" class=\"categorie_product clear\">\n<li class=\"ajax_block_product first_item item clearfix\">\n<p id=\"product_list_stuffs\"><span class=\"new_product\"><strong><a title=\"CALENDARIO DEL ILUSTRADOR 2016\t\" href=\"http:\/\/www.comicalia.com\/merchandise-otros\/19116-calendario-del-ilustrador-2016--9788416440474.html\">CALENDARIO DEL ILUSTRADOR 2016<\/a>\u00a0<\/strong><\/span><span class=\"new_product\"><strong><b>9,95 \u20ac<\/b><\/strong><\/span><\/p>\n<p><a class=\"product_img_link\" title=\"CALENDARIO DEL ILUSTRADOR 2016\t\" href=\"http:\/\/www.comicalia.com\/merchandise-otros\/19116-calendario-del-ilustrador-2016--9788416440474.html\"><img data-recalc-dims=\"1\" loading=\"lazy\" decoding=\"async\" src=\"https:\/\/i0.wp.com\/www.comicalia.com\/20085-large\/calendario-del-ilustrador-2016-.jpg?resize=129%2C129\" alt=\"CALENDARIO DEL ILUSTRADOR 2016\t\" width=\"129\" height=\"129\" \/><\/a><\/li>\n<\/ul>\n<p><span style=\"text-decoration: underline;\"><strong>HASBRO<\/strong><\/span><\/p>\n<ul id=\"product_list\" class=\"categorie_product clear\">\n<li class=\"ajax_block_product  item clearfix\">\n<p id=\"product_list_stuffs\"><span class=\"new_product\"><strong><a title=\"Star Wars Episode VII Black Series 6-inch Veh\u00edculo 2015 First Order Special Forces TIE Fighter 65 cm\" href=\"http:\/\/www.comicalia.com\/figuras\/19087-star-wars-episode-vii-black-series-6-inch-vehiculo-2015-first-order-special-forces-tie-fighter-65-cm-0501099495139.html\">Star Wars Episode VII Black&#8230;<\/a><\/strong><\/span><span class=\"new_product\"><strong><b>249,00 \u20ac<\/b><\/strong><\/span><\/p>\n<p><a class=\"product_img_link\" title=\"Star Wars Episode VII Black Series 6-inch Veh\u00edculo 2015 First Order Special Forces TIE Fighter 65 cm\" href=\"http:\/\/www.comicalia.com\/figuras\/19087-star-wars-episode-vii-black-series-6-inch-vehiculo-2015-first-order-special-forces-tie-fighter-65-cm-0501099495139.html\"><img data-recalc-dims=\"1\" loading=\"lazy\" decoding=\"async\" src=\"https:\/\/i0.wp.com\/www.comicalia.com\/20042-large\/star-wars-episode-vii-black-series-6-inch-vehiculo-2015-first-order-special-forces-tie-fighter-65-cm.jpg?resize=129%2C129\" alt=\"Star Wars Episode VII Black Series 6-inch Veh\u00edculo 2015 First Order Special Forces TIE Fighter 65 cm\" width=\"129\" height=\"129\" \/><\/a><\/li>\n<\/ul>\n","protected":false},"excerpt":{"rendered":"<p>FORTUNA LOS JOLLEY-ROGERS Y LA CUEVA DE&#8230;11,95 \u20ac EDITORIAL BASE BABY PRINZ. MARSUPILAMI n\u00ba 5\u00a014,00 \u20ac EL REGALO PELUDO (el peluche m\u00e1s&#8230;19,80 \u20ac DEHAVILLAND EDICIONES LOSE\u00a017,00 \u20ac PONENT MON EL CID (Integral)\u00a038,00 \u20ac DUOMO EDICIONES&hellip; <a class=\"read-more-link\" href=\"https:\/\/www.atomcomics.net\/blog\/2015\/11\/19\/novedad-calentando-motores-2\/\">(seguir leyendo)<\/a><\/p>\n","protected":false},"author":1,"featured_media":9921,"comment_status":"closed","ping_status":"open","sticky":false,"template":"","format":"standard","meta":{"jetpack_post_was_ever_published":false,"_jetpack_newsletter_access":"","_jetpack_dont_email_post_to_subs":false,"_jetpack_newsletter_tier_id":0,"_jetpack_memberships_contains_paywalled_content":false,"_jetpack_memberships_contains_paid_content":false,"footnotes":"","jetpack_publicize_message":"Novedad: Calentando motores @EditorialBase @dehavilland_ed @ponentmon_spain @Nordica_Libros","jetpack_publicize_feature_enabled":true,"jetpack_social_post_already_shared":true,"jetpack_social_options":{"image_generator_settings":{"template":"highway","default_image_id":0,"font":"","enabled":false},"version":2}},"categories":[3],"tags":[],"class_list":["post-8322","post","type-post","status-publish","format-standard","has-post-thumbnail","hentry","category-novedades"],"jetpack_publicize_connections":[],"jetpack_featured_media_url":"https:\/\/i0.wp.com\/www.atomcomics.net\/blog\/wp-content\/uploads\/logonegro.png?fit=473%2C191&ssl=1","jetpack_shortlink":"https:\/\/wp.me\/p53Ua-2ae","jetpack-related-posts":[{"id":769,"url":"https:\/\/www.atomcomics.net\/blog\/2007\/04\/18\/novedad-calentando-motores\/","url_meta":{"origin":8322,"position":0},"title":"Novedad: Calentando motores","author":"ATOM COMICS","date":"18, abril, 2007","format":false,"excerpt":"AMORFASA Trav\u00e9s del Universo - 3\u20ac\u00a0BASURAEDITORIAL Correo Basura 2 - 10\u20acSelecci\u00f3n del mejor\/peor correo electr\u00f3nico que llena nuestros buzones de entrada; humor pol\u00edticamente incorrecto. DIBBUKS Lunas de Papel - 10\u20ac Lunas de papel es la primera obra a tama\u00f1o europeo de Ferm\u00edn Sol\u00eds.\u00a0 PANINIBM: Iron Man #22 - 5,20\u20acBM: Motorista\u2026","rel":"","context":"En \u00abNovedades\u00bb","block_context":{"text":"Novedades","link":"https:\/\/www.atomcomics.net\/blog\/category\/novedades\/"},"img":{"alt_text":"","src":"https:\/\/i0.wp.com\/i62.photobucket.com\/albums\/h108\/atomcomics\/barra-1-1.jpg?resize=350%2C200","width":350,"height":200},"classes":[]},{"id":3596,"url":"https:\/\/www.atomcomics.net\/blog\/2011\/10\/20\/novedad-tomitos-de-panini-y-algo-mas\/","url_meta":{"origin":8322,"position":1},"title":"Novedad: Tomitos de Panini y algo m\u00e1s","author":"ATOM COMICS","date":"20, octubre, 2011","format":false,"excerpt":"LA C\u00daPULA Juke Box - 20\u20ac DIBBUKS Green Manor - 24\u20ac GL\u00c9NAT Destinos #12. La Prisi\u00f3n - 13,95\u20ac Destinos #13. La Venganza - 13,95\u20ac Kenshin #22 - 10\u20ac HERDER EDITORIAL Dante Alighiri. La Divina Comedia, el Manga - 9,80\u20ac PANINI Alias \u00bfQui\u00e9n es Jessica Jones? - 16,50\u20ac Los Vengadores #3.\u2026","rel":"","context":"En \u00abNovedades\u00bb","block_context":{"text":"Novedades","link":"https:\/\/www.atomcomics.net\/blog\/category\/novedades\/"},"img":{"alt_text":"","src":"https:\/\/i0.wp.com\/www.sddistribuciones.com\/novedades2011\/octubre\/21octubre\/comics\/CUP78339464.jpg?resize=350%2C200","width":350,"height":200},"classes":[]},{"id":301,"url":"https:\/\/www.atomcomics.net\/blog\/2006\/04\/07\/novedad-planeta-de-abril\/","url_meta":{"origin":8322,"position":2},"title":"Novedad: Planeta de Abril","author":"ATOM COMICS","date":"7, abril, 2006","format":false,"excerpt":"Planeta - 20th Century Boys #16 - 7,95\u20ac - Asa, El Ejecutor #6 - 9,95\u20ac - El Arbol Que Da Sombra #6 - 11,95\u20ac - Modesty Blaise #3 - 8,95\u20ac - Terry y los Piratas #10 - 9,95\u20ac - Shade: El Hombre Cambiante #5 - 7,95\u20ac - Y, El \u00daltimo\u2026","rel":"","context":"Entrada similar","block_context":{"text":"Entrada similar","link":""},"img":{"alt_text":"","src":"","width":0,"height":0},"classes":[]},{"id":7525,"url":"https:\/\/www.atomcomics.net\/blog\/2014\/11\/27\/novedad-ponent-mon-impedimenta-marsupilamis-y-mas\/","url_meta":{"origin":8322,"position":3},"title":"Novedad: Ponent Mon, Impedimenta, Marsupilamis y m\u00e1s","author":"ATOM COMICS","date":"27, noviembre, 2014","format":false,"excerpt":"PONENT MON TRAMP INTEGRAL 1\u00a040,00 \u20ac ETHAN RINGLER INTEGRAL\u00a044,00 \u20ac EDITORIAL BASE EL BEBE DEL FIN DEL MUNDO\u00a014,00 \u20ac LA COLA DEL MARSUPILAMI\u00a014,00 \u20ac ALGON EL ORIGEN DE LOS TIEMPOS\u00a019,50 \u20ac REINO DE CORDELIA BARON BEAN\u00a016,95 \u20ac QUATERNI GUIA ILUSTRADA DE MONSTRUOS Y...19,50 \u20ac IMPEDIMENTA LA ENCICLOPEDIA DE LA TIERRA...24,95\u2026","rel":"","context":"En \u00abNovedades\u00bb","block_context":{"text":"Novedades","link":"https:\/\/www.atomcomics.net\/blog\/category\/novedades\/"},"img":{"alt_text":"TRAMP INTEGRAL 1\t","src":"https:\/\/i0.wp.com\/www.comicalia.com\/15789-large\/tramp-integral-1-.jpg?resize=350%2C200","width":350,"height":200},"classes":[]},{"id":9431,"url":"https:\/\/www.atomcomics.net\/blog\/2017\/01\/18\/novedad-libros-y-mas-libros-chulos\/","url_meta":{"origin":8322,"position":4},"title":"Novedad: Libros y m\u00e1s libros chulos","author":"ATOM COMICS","date":"18, enero, 2017","format":false,"excerpt":"PRINCIPAL The Wire: Toda la verdad (Gu\u00eda de la serie) El libro definitivo sobre la mejor serie de televisi\u00f3n de la historia\u00a019,90 \u20ac GRAN TRAVES\u00cdA Corona cruel 11,95 \u20ac Historias de miedo Para contar en la oscuridad\u00a013,95 \u20ac OZ \u00a0 Las cr\u00f3nicas de Shannara: Los herederos de... CUARTA ENTREGA DE\u2026","rel":"","context":"En \u00abNovedades\u00bb","block_context":{"text":"Novedades","link":"https:\/\/www.atomcomics.net\/blog\/category\/novedades\/"},"img":{"alt_text":"The Wire: Toda la verdad (Gu\u00eda de la serie)","src":"https:\/\/i0.wp.com\/www.comicalia.com\/25677-home_default\/the-wire-toda-la-verdad-guia-de-la-serie.jpg?resize=350%2C200&ssl=1","width":350,"height":200},"classes":[]},{"id":650,"url":"https:\/\/www.atomcomics.net\/blog\/2006\/11\/30\/novedad-jornadas-de-expocomic-son-dias-de-novedad\/","url_meta":{"origin":8322,"position":5},"title":"Novedad: Jornadas de EXPOCOMIC son d\u00edas de novedad","author":"ATOM COMICS","date":"30, noviembre, 2006","format":false,"excerpt":"Mucha novedad que ha entrado entre ayer y hoy. ASTIBERRIBone vol.2 La Gran Carrera de Vacas - 15\u20acLa Teter\u00eda del Oso Malayo - 18\u20acAngel Sefija Por Tercera Vez - 12\u20ac\u00a0EDICIONES BStar Wars Gu\u00eda Visul de Planetas y Escenarios - 25\u20acStar Wars La Gu\u00eda Definitiva - 25\u20ac\u00a0DIBBUKSEl Banyan Rojo - 12\u20ac\u00a0DOLMENEl\u2026","rel":"","context":"En \u00abNovedades\u00bb","block_context":{"text":"Novedades","link":"https:\/\/www.atomcomics.net\/blog\/category\/novedades\/"},"img":{"alt_text":"","src":"https:\/\/i0.wp.com\/i62.photobucket.com\/albums\/h108\/atomcomics\/barra-1-1.jpg?resize=350%2C200","width":350,"height":200},"classes":[]}],"jetpack_sharing_enabled":true,"_links":{"self":[{"href":"https:\/\/www.atomcomics.net\/blog\/wp-json\/wp\/v2\/posts\/8322","targetHints":{"allow":["GET"]}}],"collection":[{"href":"https:\/\/www.atomcomics.net\/blog\/wp-json\/wp\/v2\/posts"}],"about":[{"href":"https:\/\/www.atomcomics.net\/blog\/wp-json\/wp\/v2\/types\/post"}],"author":[{"embeddable":true,"href":"https:\/\/www.atomcomics.net\/blog\/wp-json\/wp\/v2\/users\/1"}],"replies":[{"embeddable":true,"href":"https:\/\/www.atomcomics.net\/blog\/wp-json\/wp\/v2\/comments?post=8322"}],"version-history":[{"count":1,"href":"https:\/\/www.atomcomics.net\/blog\/wp-json\/wp\/v2\/posts\/8322\/revisions"}],"predecessor-version":[{"id":8323,"href":"https:\/\/www.atomcomics.net\/blog\/wp-json\/wp\/v2\/posts\/8322\/revisions\/8323"}],"wp:featuredmedia":[{"embeddable":true,"href":"https:\/\/www.atomcomics.net\/blog\/wp-json\/wp\/v2\/media\/9921"}],"wp:attachment":[{"href":"https:\/\/www.atomcomics.net\/blog\/wp-json\/wp\/v2\/media?parent=8322"}],"wp:term":[{"taxonomy":"category","embeddable":true,"href":"https:\/\/www.atomcomics.net\/blog\/wp-json\/wp\/v2\/categories?post=8322"},{"taxonomy":"post_tag","embeddable":true,"href":"https:\/\/www.atomcomics.net\/blog\/wp-json\/wp\/v2\/tags?post=8322"}],"curies":[{"name":"wp","href":"https:\/\/api.w.org\/{rel}","templated":true}]}}