{"id":8329,"date":"2015-11-23T13:27:59","date_gmt":"2015-11-23T11:27:59","guid":{"rendered":"http:\/\/www.atomcomics.net\/?p=8329"},"modified":"2015-11-23T13:27:59","modified_gmt":"2015-11-23T11:27:59","slug":"novedad-lunes-frio-pero-con-lecturas","status":"publish","type":"post","link":"https:\/\/www.atomcomics.net\/blog\/2015\/11\/23\/novedad-lunes-frio-pero-con-lecturas\/","title":{"rendered":"Novedad: Lunes fr\u00edo pero con lecturas"},"content":{"rendered":"<p><span style=\"text-decoration: underline;\"><strong>EKARE<\/strong><\/span><\/p>\n<ul id=\"product_list\" class=\"categorie_product clear\">\n<li class=\"ajax_block_product first_item item clearfix\">\n<p id=\"product_list_stuffs\"><span class=\"new_product\"><strong><a title=\"\u00e1lbum [es]\" href=\"http:\/\/www.comicalia.com\/estudio-y-divulgacion\/19218-album-es--9788494429101.html\">\u00e1lbum [es]<\/a>\u00a0<\/strong><\/span><span class=\"new_product\"><strong><b>29,60 \u20ac<\/b><\/strong><\/span><\/p>\n<p><a class=\"product_img_link\" title=\"\u00e1lbum [es]\" href=\"http:\/\/www.comicalia.com\/estudio-y-divulgacion\/19218-album-es--9788494429101.html\"><img data-recalc-dims=\"1\" loading=\"lazy\" decoding=\"async\" src=\"https:\/\/i0.wp.com\/www.comicalia.com\/20188-large\/album-es-.jpg?resize=129%2C129\" alt=\"\u00e1lbum [es]\" width=\"129\" height=\"129\" \/><\/a><\/li>\n<li class=\"ajax_block_product  alternate_item clearfix\">\n<p id=\"product_list_stuffs\"><span class=\"new_product\"><strong><a title=\"Nico y Pato\" href=\"http:\/\/www.comicalia.com\/libro-ilustrado\/19217-nico-y-pato-9788494405006.html\">Nico y Pato<\/a>\u00a0<\/strong><\/span><span class=\"new_product\"><strong><b>8,60 \u20ac<\/b><\/strong><\/span><\/p>\n<p><a class=\"product_img_link\" title=\"Nico y Pato\" href=\"http:\/\/www.comicalia.com\/libro-ilustrado\/19217-nico-y-pato-9788494405006.html\"><img data-recalc-dims=\"1\" loading=\"lazy\" decoding=\"async\" src=\"https:\/\/i0.wp.com\/www.comicalia.com\/20187-large\/nico-y-pato.jpg?resize=129%2C129\" alt=\"Nico y Pato\" width=\"129\" height=\"129\" \/><\/a><\/li>\n<\/ul>\n<p><span style=\"text-decoration: underline;\"><strong>OZ<\/strong><\/span><\/p>\n<ul id=\"product_list\" class=\"categorie_product clear\">\n<li class=\"ajax_block_product  item clearfix\">\n<p id=\"product_list_stuffs\"><span class=\"new_product\"><strong><a title=\"La espada de Shannara\" href=\"http:\/\/www.comicalia.com\/narrativa\/19216-la-espada-de-shannara.html\">La espada de Shannara<\/a>\u00a0<\/strong><\/span><span class=\"new_product\"><strong><b>24,50 \u20ac<\/b><\/strong><\/span><\/p>\n<p><a class=\"product_img_link\" title=\"La espada de Shannara\" href=\"http:\/\/www.comicalia.com\/narrativa\/19216-la-espada-de-shannara.html\"><img data-recalc-dims=\"1\" loading=\"lazy\" decoding=\"async\" src=\"https:\/\/i0.wp.com\/www.comicalia.com\/20186-large\/la-espada-de-shannara.jpg?resize=129%2C129\" alt=\"La espada de Shannara\" width=\"129\" height=\"129\" \/><\/a><\/li>\n<\/ul>\n<p><span style=\"text-decoration: underline;\"><strong>PLANETA<\/strong><\/span><\/p>\n<ul id=\"product_list\" class=\"categorie_product clear\">\n<li class=\"ajax_block_product  alternate_item clearfix\">\n<p id=\"product_list_stuffs\"><span class=\"new_product\"><strong><a title=\"La espada salvaje de Conan volumen 12\" href=\"http:\/\/www.comicalia.com\/fantasia-otros-mundos\/19198-la-espada-salvaje-de-conan-volumen-12-9788468429922.html\">La espada salvaje de Conan&#8230;<\/a><\/strong><\/span><span class=\"new_product\"><strong><b>7,99 \u20ac<\/b><\/strong><\/span><\/p>\n<p><a class=\"product_img_link\" title=\"La espada salvaje de Conan volumen 12\" href=\"http:\/\/www.comicalia.com\/fantasia-otros-mundos\/19198-la-espada-salvaje-de-conan-volumen-12-9788468429922.html\"><img data-recalc-dims=\"1\" loading=\"lazy\" decoding=\"async\" src=\"https:\/\/i0.wp.com\/www.comicalia.com\/20168-large\/la-espada-salvaje-de-conan-volumen-12.jpg?resize=129%2C129\" alt=\"La espada salvaje de Conan volumen 12\" width=\"129\" height=\"129\" \/><\/a><\/li>\n<\/ul>\n","protected":false},"excerpt":{"rendered":"<p>EKARE \u00e1lbum [es]\u00a029,60 \u20ac Nico y Pato\u00a08,60 \u20ac OZ La espada de Shannara\u00a024,50 \u20ac PLANETA La espada salvaje de Conan&#8230;7,99 \u20ac<\/p>\n","protected":false},"author":1,"featured_media":9921,"comment_status":"closed","ping_status":"open","sticky":false,"template":"","format":"standard","meta":{"jetpack_post_was_ever_published":false,"_jetpack_newsletter_access":"","_jetpack_dont_email_post_to_subs":false,"_jetpack_newsletter_tier_id":0,"_jetpack_memberships_contains_paywalled_content":false,"_jetpack_memberships_contains_paid_content":false,"footnotes":"","jetpack_publicize_message":"Novedad: Lunes fr\u00edo pero con lecturas @EdicionesEkare @Oz_Editorial @PlanetadComic","jetpack_publicize_feature_enabled":true,"jetpack_social_post_already_shared":true,"jetpack_social_options":{"image_generator_settings":{"template":"highway","default_image_id":0,"font":"","enabled":false},"version":2}},"categories":[3],"tags":[],"class_list":["post-8329","post","type-post","status-publish","format-standard","has-post-thumbnail","hentry","category-novedades"],"jetpack_publicize_connections":[],"jetpack_featured_media_url":"https:\/\/i0.wp.com\/www.atomcomics.net\/blog\/wp-content\/uploads\/logonegro.png?fit=473%2C191&ssl=1","jetpack_shortlink":"https:\/\/wp.me\/p53Ua-2al","jetpack-related-posts":[{"id":7447,"url":"https:\/\/www.atomcomics.net\/blog\/2014\/10\/24\/novedad-libro-ilustrado\/","url_meta":{"origin":8329,"position":0},"title":"Novedad: Libro ilustrado","author":"ATOM COMICS","date":"24, octubre, 2014","format":false,"excerpt":"EKARE Issun B\u00f4shi\u00a012,50 \u20ac Sof\u00eda viaja a la Ant\u00e1rtida\u00a0\u00a011,25 \u20ac BARBARA FIORE EL TALLER DE LAS MARIPOSAS X...18,00 \u20ac EL PATO Y LA MUERTE X ANIVERSARIO\u00a018,00 \u20ac EMIGRANTES X ANIVERSARIO\u00a020,00 \u20ac LA TRILOG\u00cdA DEL LIMITE\u00a020,00 \u20ac","rel":"","context":"En \u00abNovedades\u00bb","block_context":{"text":"Novedades","link":"https:\/\/www.atomcomics.net\/blog\/category\/novedades\/"},"img":{"alt_text":"Issun B\u00f4shi","src":"https:\/\/i0.wp.com\/www.comicalia.com\/15270-large\/issun-boshi.jpg?resize=350%2C200","width":350,"height":200},"classes":[]},{"id":8592,"url":"https:\/\/www.atomcomics.net\/blog\/2016\/02\/29\/novedad-ekare-con-libros-preciosos\/","url_meta":{"origin":8329,"position":1},"title":"Novedad: Ekar\u00e9 con libros preciosos","author":"ATOM COMICS","date":"29, febrero, 2016","format":false,"excerpt":"EKAR\u00c9 Conoc\u00ed a un dinosaurio\u00a011,90 \u20ac \u00bfCu\u00e1nta tierra necesita un hombre?\u00a013,60 \u20ac","rel":"","context":"En \u00abNovedades\u00bb","block_context":{"text":"Novedades","link":"https:\/\/www.atomcomics.net\/blog\/category\/novedades\/"},"img":{"alt_text":"Conoc\u00ed a un dinosaurio","src":"https:\/\/i0.wp.com\/www.comicalia.com\/21466-large\/conoci-a-un-dinosaurio.jpg?resize=350%2C200","width":350,"height":200},"classes":[]},{"id":502,"url":"https:\/\/www.atomcomics.net\/blog\/2006\/08\/14\/novedad-lunes-de-puente-pero-dc-no-descansa\/","url_meta":{"origin":8329,"position":2},"title":"Novedad: Lunes de puente pero DC no descansa","author":"ATOM COMICS","date":"14, agosto, 2006","format":false,"excerpt":"Hoy tenemos mucha grapa DC:PLANETA- Doom Patrol #10 - 3,50\u20ac- Flash #9 - 1,95\u20ac- Superman\/Batman #9 - 2,50\u20ac- J\u00f3venes Titanes #10 - 1,95\u20ac Contin\u00faan las interesantes J\u00f3venes Titanes y Flash, aunque esta \u00faltima est\u00e1 en peor nivel que tiempo atr\u00e1s. Asimismo, tenemos a los m\u00e1s grandes superheroes juntos en con\u2026","rel":"","context":"En \u00abNovedades\u00bb","block_context":{"text":"Novedades","link":"https:\/\/www.atomcomics.net\/blog\/category\/novedades\/"},"img":{"alt_text":"Jovenes Titanes #10","src":"https:\/\/i0.wp.com\/www.planetacomic.net\/imagenes\/comics\/jovenestitanesregular10_01g.jpg?resize=350%2C200","width":350,"height":200},"classes":[]},{"id":958,"url":"https:\/\/www.atomcomics.net\/blog\/2008\/01\/14\/novedad-lunes-y-cosas-nuevas\/","url_meta":{"origin":8329,"position":3},"title":"Novedad: Lunes&#8230; y COSAS NUEVAS","author":"ATOM COMICS","date":"14, enero, 2008","format":false,"excerpt":"PLANETA JLA #5 - 1,95\u20ac DC Presenta #9: J\u00f3venes Titanes #5 - 3,50\u20ac N\u00f4gami Un Detective Demon\u00edaco #2 - 5,50\u20ac Dicen que hay detectives que necesitan resolver misterios para sobrevivir. En el caso de Neuro, un demonio de otra dimensi\u00f3n, es una necesidad literal, ya que se alimenta de ellos.\u2026","rel":"","context":"En \u00abNovedades\u00bb","block_context":{"text":"Novedades","link":"https:\/\/www.atomcomics.net\/blog\/category\/novedades\/"},"img":{"alt_text":"","src":"https:\/\/i0.wp.com\/i62.photobucket.com\/albums\/h108\/atomcomics\/barra-1-1.jpg?resize=350%2C200","width":350,"height":200},"classes":[]},{"id":1466,"url":"https:\/\/www.atomcomics.net\/blog\/2009\/01\/15\/novedad-variadito\/","url_meta":{"origin":8329,"position":4},"title":"Novedad: Variadito","author":"ATOM COMICS","date":"15, enero, 2009","format":false,"excerpt":"BANG Petit Peintre - 15\u20ac Esta edici\u00f3n de Petit Peintre es la segunda realizada por los autores. La primera versi\u00f3n fue presentada en 1985 por Magic-strip, y desde luego est\u00e1 m\u00e1s que agotada. Corn\u00e9lius decidi\u00f3 junto con los autores proponer una reedici\u00f3n, dibuj\u00e1ndola de nuevo integralmente. En 2003 sali\u00f3 a\u2026","rel":"","context":"En \u00abNovedades\u00bb","block_context":{"text":"Novedades","link":"https:\/\/www.atomcomics.net\/blog\/category\/novedades\/"},"img":{"alt_text":"","src":"https:\/\/i0.wp.com\/i62.photobucket.com\/albums\/h108\/atomcomics\/barra-1-1.jpg?resize=350%2C200","width":350,"height":200},"classes":[]},{"id":1840,"url":"https:\/\/www.atomcomics.net\/blog\/2009\/06\/18\/novedad-rica-novedad\/","url_meta":{"origin":8329,"position":5},"title":"Novedad: Rica novedad","author":"ATOM COMICS","date":"18, junio, 2009","format":false,"excerpt":"DOLMEN Gorka. El Viento de Odei - 19,95\u20ac Uno de los personajes m\u00e1s destacados de la producci\u00f3n espa\u00f1ola de los \u00faltimos a\u00f1os es, sin ninguna duda, Gorka. Despu\u00e9s de unas andanzas en la extinta Camale\u00f3n Editorial, vivi\u00f3 su mejor momento con la serie limitada de cuatro entregas El Viento de\u2026","rel":"","context":"En \u00abNovedades\u00bb","block_context":{"text":"Novedades","link":"https:\/\/www.atomcomics.net\/blog\/category\/novedades\/"},"img":{"alt_text":"","src":"https:\/\/i0.wp.com\/www.sddistribuciones.com\/novedades2009\/junio\/19junio\/NEWSLETTER\/DOLGORKAODE.jpg?resize=350%2C200","width":350,"height":200},"classes":[]}],"jetpack_sharing_enabled":true,"_links":{"self":[{"href":"https:\/\/www.atomcomics.net\/blog\/wp-json\/wp\/v2\/posts\/8329","targetHints":{"allow":["GET"]}}],"collection":[{"href":"https:\/\/www.atomcomics.net\/blog\/wp-json\/wp\/v2\/posts"}],"about":[{"href":"https:\/\/www.atomcomics.net\/blog\/wp-json\/wp\/v2\/types\/post"}],"author":[{"embeddable":true,"href":"https:\/\/www.atomcomics.net\/blog\/wp-json\/wp\/v2\/users\/1"}],"replies":[{"embeddable":true,"href":"https:\/\/www.atomcomics.net\/blog\/wp-json\/wp\/v2\/comments?post=8329"}],"version-history":[{"count":1,"href":"https:\/\/www.atomcomics.net\/blog\/wp-json\/wp\/v2\/posts\/8329\/revisions"}],"predecessor-version":[{"id":8330,"href":"https:\/\/www.atomcomics.net\/blog\/wp-json\/wp\/v2\/posts\/8329\/revisions\/8330"}],"wp:featuredmedia":[{"embeddable":true,"href":"https:\/\/www.atomcomics.net\/blog\/wp-json\/wp\/v2\/media\/9921"}],"wp:attachment":[{"href":"https:\/\/www.atomcomics.net\/blog\/wp-json\/wp\/v2\/media?parent=8329"}],"wp:term":[{"taxonomy":"category","embeddable":true,"href":"https:\/\/www.atomcomics.net\/blog\/wp-json\/wp\/v2\/categories?post=8329"},{"taxonomy":"post_tag","embeddable":true,"href":"https:\/\/www.atomcomics.net\/blog\/wp-json\/wp\/v2\/tags?post=8329"}],"curies":[{"name":"wp","href":"https:\/\/api.w.org\/{rel}","templated":true}]}}