{"id":8341,"date":"2015-11-24T18:20:04","date_gmt":"2015-11-24T16:20:04","guid":{"rendered":"http:\/\/www.atomcomics.net\/?p=8341"},"modified":"2015-11-24T18:20:04","modified_gmt":"2015-11-24T16:20:04","slug":"novedad-esto-no-para-4","status":"publish","type":"post","link":"https:\/\/www.atomcomics.net\/blog\/2015\/11\/24\/novedad-esto-no-para-4\/","title":{"rendered":"Novedad: Esto no para"},"content":{"rendered":"<p><span style=\"text-decoration: underline;\"><strong>SALAMANDRA<\/strong><\/span><\/p>\n<ul id=\"product_list\" class=\"categorie_product clear\">\n<li class=\"ajax_block_product first_item item clearfix\">\n<p id=\"product_list_stuffs\"><span class=\"new_product\"><strong><a title=\"Chucrut\" href=\"http:\/\/www.comicalia.com\/bd-nueva-ola\/19240-chucrut-9788416131181.html\">Chucrut<\/a>\u00a0<\/strong><\/span><span class=\"new_product\"><strong><b>17,00 \u20ac<\/b><\/strong><\/span><\/p>\n<p><a class=\"product_img_link\" title=\"Chucrut\" href=\"http:\/\/www.comicalia.com\/bd-nueva-ola\/19240-chucrut-9788416131181.html\"><img data-recalc-dims=\"1\" loading=\"lazy\" decoding=\"async\" src=\"https:\/\/i0.wp.com\/www.comicalia.com\/20209-large\/chucrut.jpg?resize=129%2C129\" alt=\"Chucrut\" width=\"129\" height=\"129\" \/><\/a><\/li>\n<\/ul>\n<p><span style=\"text-decoration: underline;\"><strong>SOLIDARIDAD OBRERA<\/strong><\/span><\/p>\n<ul id=\"product_list\" class=\"categorie_product clear\">\n<li class=\"ajax_block_product  alternate_item clearfix\">\n<p id=\"product_list_stuffs\"><span class=\"new_product\"><strong><a title=\"El Coraz\u00f3n del Sue\u00f1o. VERANO Y OTO\u00d1O DE 1936\" href=\"http:\/\/www.comicalia.com\/bd-nueva-ola\/19239-el-corazon-del-sueno-verano-y-otono-de-1936-9788461704354.html\">El Coraz\u00f3n del Sue\u00f1o. VERANO Y&#8230;<\/a><\/strong><\/span><span class=\"new_product\"><strong><b>20,00 \u20ac<\/b><\/strong><\/span><\/p>\n<p><a class=\"product_img_link\" title=\"El Coraz\u00f3n del Sue\u00f1o. VERANO Y OTO\u00d1O DE 1936\" href=\"http:\/\/www.comicalia.com\/bd-nueva-ola\/19239-el-corazon-del-sueno-verano-y-otono-de-1936-9788461704354.html\"><img data-recalc-dims=\"1\" loading=\"lazy\" decoding=\"async\" src=\"https:\/\/i0.wp.com\/www.comicalia.com\/20208-large\/el-corazon-del-sueno-verano-y-otono-de-1936.jpg?resize=129%2C129\" alt=\"El Coraz\u00f3n del Sue\u00f1o. VERANO Y OTO\u00d1O DE 1936\" width=\"129\" height=\"129\" \/><\/a><\/li>\n<\/ul>\n<p><span style=\"text-decoration: underline;\"><strong>BANDAI<\/strong><\/span><\/p>\n<ul id=\"product_list\" class=\"categorie_product clear\">\n<li class=\"ajax_block_product first_item item clearfix\">\n<p id=\"product_list_stuffs\"><span class=\"new_product\"><strong><a title=\"PICCOLO FIGURA 14 CM DRAGON BALL KAI SH FIGUARTS\" href=\"http:\/\/www.comicalia.com\/figuras\/19232-piccolo-figura-14-cm-dragon-ball-kai-sh-figuarts-4543112599148.html\">PICCOLO FIGURA 14 CM DRAGON BALL&#8230;<\/a><\/strong><\/span><span class=\"new_product\"><strong><b>29,95 \u20ac<\/b><\/strong><\/span><\/p>\n<p><a class=\"product_img_link\" title=\"PICCOLO FIGURA 14 CM DRAGON BALL KAI SH FIGUARTS\" href=\"http:\/\/www.comicalia.com\/figuras\/19232-piccolo-figura-14-cm-dragon-ball-kai-sh-figuarts-4543112599148.html\"><img data-recalc-dims=\"1\" loading=\"lazy\" decoding=\"async\" src=\"https:\/\/i0.wp.com\/www.comicalia.com\/20202-large\/piccolo-figura-14-cm-dragon-ball-kai-sh-figuarts.jpg?resize=129%2C129\" alt=\"PICCOLO FIGURA 14 CM DRAGON BALL KAI SH FIGUARTS\" width=\"129\" height=\"129\" \/><\/a><\/li>\n<\/ul>\n<p><span style=\"text-decoration: underline;\"><strong>LA FUGA EDICIONES<\/strong><\/span><\/p>\n<ul id=\"product_list\" class=\"categorie_product clear\">\n<li class=\"ajax_block_product  alternate_item clearfix\">\n<p id=\"product_list_stuffs\"><span class=\"new_product\"><strong><a title=\"HUMOR FANTASMAL\" href=\"http:\/\/www.comicalia.com\/narrativa\/19231-humor-fantasmal-9788494309670.html\">HUMOR FANTASMAL<\/a>\u00a0<\/strong><\/span><span class=\"new_product\"><strong><b>16,50 \u20ac<\/b><\/strong><\/span><\/p>\n<p><a class=\"product_img_link\" title=\"HUMOR FANTASMAL\" href=\"http:\/\/www.comicalia.com\/narrativa\/19231-humor-fantasmal-9788494309670.html\"><img data-recalc-dims=\"1\" loading=\"lazy\" decoding=\"async\" src=\"https:\/\/i0.wp.com\/www.comicalia.com\/20201-large\/humor-fantasmal.jpg?resize=129%2C129\" alt=\"HUMOR FANTASMAL\" width=\"129\" height=\"129\" \/><\/a><\/li>\n<\/ul>\n<p><span style=\"text-decoration: underline;\"><strong>PONENT MON<\/strong><\/span><\/p>\n<ul id=\"product_list\" class=\"categorie_product clear\">\n<li class=\"ajax_block_product  item clearfix\">\n<p id=\"product_list_stuffs\"><span class=\"new_product\"><strong><a title=\"TANGUY Y LAVERDURE INTEGRAL 4\t\" href=\"http:\/\/www.comicalia.com\/bd-aventura\/19230-tanguy-y-laverdure-integral-4--9781910856192.html\">TANGUY Y LAVERDURE INTEGRAL 4<\/a>\u00a0<\/strong><\/span><span class=\"new_product\"><strong><b>32,00 \u20ac<\/b><\/strong><\/span><\/p>\n<p><a class=\"product_img_link\" title=\"TANGUY Y LAVERDURE INTEGRAL 4\t\" href=\"http:\/\/www.comicalia.com\/bd-aventura\/19230-tanguy-y-laverdure-integral-4--9781910856192.html\"><img data-recalc-dims=\"1\" loading=\"lazy\" decoding=\"async\" src=\"https:\/\/i0.wp.com\/www.comicalia.com\/20200-large\/tanguy-y-laverdure-integral-4-.jpg?resize=129%2C129\" alt=\"TANGUY Y LAVERDURE INTEGRAL 4\t\" width=\"129\" height=\"129\" \/><\/a><\/li>\n<li class=\"ajax_block_product  alternate_item clearfix\">\n<p id=\"product_list_stuffs\"><span class=\"new_product\"><strong><a title=\"MAC COY INTEGRAL 3\" href=\"http:\/\/www.comicalia.com\/bd-aventura\/19229-mac-coy-integral-3-9781910856123.html\">MAC COY INTEGRAL 3<\/a>\u00a0<\/strong><\/span><span class=\"new_product\"><strong><b>38,00 \u20ac<\/b><\/strong><\/span><\/p>\n<p><a class=\"product_img_link\" title=\"MAC COY INTEGRAL 3\" href=\"http:\/\/www.comicalia.com\/bd-aventura\/19229-mac-coy-integral-3-9781910856123.html\"><img data-recalc-dims=\"1\" loading=\"lazy\" decoding=\"async\" src=\"https:\/\/i0.wp.com\/www.comicalia.com\/20199-large\/mac-coy-integral-3.jpg?resize=129%2C129\" alt=\"MAC COY INTEGRAL 3\" width=\"129\" height=\"129\" \/><\/a><\/li>\n<li class=\"ajax_block_product  item clearfix\">\n<p id=\"product_list_stuffs\"><span class=\"new_product\"><strong><a title=\"EL VIAJERO DE LA TUNDRA\" href=\"http:\/\/www.comicalia.com\/manga-seinen\/19228-el-viajero-de-la-tundra-9781910856093.html\">EL VIAJERO DE LA TUNDRA<\/a>\u00a0<\/strong><\/span><span class=\"new_product\"><strong><b>16,00 \u20ac<\/b><\/strong><\/span><\/p>\n<p><a class=\"product_img_link\" title=\"EL VIAJERO DE LA TUNDRA\" href=\"http:\/\/www.comicalia.com\/manga-seinen\/19228-el-viajero-de-la-tundra-9781910856093.html\"><img data-recalc-dims=\"1\" loading=\"lazy\" decoding=\"async\" src=\"https:\/\/i0.wp.com\/www.comicalia.com\/20198-large\/el-viajero-de-la-tundra.jpg?resize=129%2C129\" alt=\"EL VIAJERO DE LA TUNDRA\" width=\"129\" height=\"129\" \/><\/a><\/li>\n<\/ul>\n<p><span style=\"text-decoration: underline;\"><strong>ERASMUS EDICIONES<\/strong><\/span><\/p>\n<ul id=\"product_list\" class=\"categorie_product clear\">\n<li class=\"ajax_block_product  alternate_item clearfix\">\n<p id=\"product_list_stuffs\"><span class=\"new_product\"><strong><a title=\"PIELES ROJAS Y BLANCOS\" href=\"http:\/\/www.comicalia.com\/narrativa\/19227-pieles-rojas-y-blancos-9788415462484.html\">PIELES ROJAS Y BLANCOS<\/a>\u00a0<\/strong><\/span><span class=\"new_product\"><strong><b>18,90 \u20ac<\/b><\/strong><\/span><\/p>\n<p><a class=\"product_img_link\" title=\"PIELES ROJAS Y BLANCOS\" href=\"http:\/\/www.comicalia.com\/narrativa\/19227-pieles-rojas-y-blancos-9788415462484.html\"><img data-recalc-dims=\"1\" loading=\"lazy\" decoding=\"async\" src=\"https:\/\/i0.wp.com\/www.comicalia.com\/20197-large\/pieles-rojas-y-blancos.jpg?resize=129%2C129\" alt=\"PIELES ROJAS Y BLANCOS\" width=\"129\" height=\"129\" \/><\/a><\/li>\n<\/ul>\n<p><span style=\"text-decoration: underline;\"><strong>REINO DE CORDELIA<\/strong><\/span><\/p>\n<ul id=\"product_list\" class=\"categorie_product clear\">\n<li class=\"ajax_block_product  item clearfix\">\n<p id=\"product_list_stuffs\"><span class=\"new_product\"><strong><a title=\"MALDITAS PESADILLAS INDIGESTAS\" href=\"http:\/\/www.comicalia.com\/comic-de-autor\/19226-malditas-pesadillas-indigestas-9788415973423.html\">MALDITAS PESADILLAS INDIGESTAS<\/a>\u00a0<\/strong><\/span><span class=\"new_product\"><strong><b>20,95 \u20ac<\/b><\/strong><\/span><\/p>\n<p><a class=\"product_img_link\" title=\"MALDITAS PESADILLAS INDIGESTAS\" href=\"http:\/\/www.comicalia.com\/comic-de-autor\/19226-malditas-pesadillas-indigestas-9788415973423.html\"><img data-recalc-dims=\"1\" loading=\"lazy\" decoding=\"async\" src=\"https:\/\/i0.wp.com\/www.comicalia.com\/20196-large\/malditas-pesadillas-indigestas.jpg?resize=129%2C129\" alt=\"MALDITAS PESADILLAS INDIGESTAS\" width=\"129\" height=\"129\" \/><\/a><\/li>\n<\/ul>\n<p><span style=\"text-decoration: underline;\"><strong>QUATERNI<\/strong><\/span><\/p>\n<ul id=\"product_list\" class=\"categorie_product clear\">\n<li class=\"ajax_block_product  alternate_item clearfix\">\n<p id=\"product_list_stuffs\"><span class=\"new_product\"><strong><a title=\"LA GUERRA CONTRA NOBUNAGA\t\" href=\"http:\/\/www.comicalia.com\/narrativa\/19225-la-guerra-contra-nobunaga--9788494285899.html\">LA GUERRA CONTRA NOBUNAGA<\/a>\u00a0<\/strong><\/span><span class=\"new_product\"><strong><b>22,50 \u20ac<\/b><\/strong><\/span><\/p>\n<p><a class=\"product_img_link\" title=\"LA GUERRA CONTRA NOBUNAGA\t\" href=\"http:\/\/www.comicalia.com\/narrativa\/19225-la-guerra-contra-nobunaga--9788494285899.html\"><img data-recalc-dims=\"1\" loading=\"lazy\" decoding=\"async\" src=\"https:\/\/i0.wp.com\/www.comicalia.com\/20195-large\/la-guerra-contra-nobunaga-.jpg?resize=129%2C129\" alt=\"LA GUERRA CONTRA NOBUNAGA\t\" width=\"129\" height=\"129\" \/><\/a><\/li>\n<\/ul>\n<p><span style=\"text-decoration: underline;\"><strong>AVENTURAS LITERARIAS<\/strong><\/span><\/p>\n<ul id=\"product_list\" class=\"categorie_product clear\">\n<li class=\"ajax_block_product  item clearfix\">\n<p id=\"product_list_stuffs\"><span class=\"new_product\"><strong><a title=\"LONDRES EN LAS NOVELAS DE SHERLOCK HOLMES\t\" href=\"http:\/\/www.comicalia.com\/merchandise-otros\/19224-londres-en-las-novelas-de-sherlock-holmes--9788494301650.html\">LONDRES EN LAS NOVELAS DE&#8230;<\/a><\/strong><\/span><span class=\"new_product\"><strong><b>17,95 \u20ac<\/b><\/strong><\/span><\/p>\n<p><a class=\"product_img_link\" title=\"LONDRES EN LAS NOVELAS DE SHERLOCK HOLMES\t\" href=\"http:\/\/www.comicalia.com\/merchandise-otros\/19224-londres-en-las-novelas-de-sherlock-holmes--9788494301650.html\"><img data-recalc-dims=\"1\" loading=\"lazy\" decoding=\"async\" src=\"https:\/\/i0.wp.com\/www.comicalia.com\/20194-large\/londres-en-las-novelas-de-sherlock-holmes-.jpg?resize=129%2C129\" alt=\"LONDRES EN LAS NOVELAS DE SHERLOCK HOLMES\t\" width=\"129\" height=\"129\" \/><\/a><\/li>\n<li class=\"ajax_block_product  alternate_item clearfix\">\n<p id=\"product_list_stuffs\"><span class=\"new_product\"><strong><a title=\"LA VUELTA AL MUNDO EN 80 D\u00cdAS (mapa)\" href=\"http:\/\/www.comicalia.com\/merchandise-otros\/19223-la-vuelta-al-mundo-en-80-dias-mapa-9788494301698.html\">LA VUELTA AL MUNDO EN 80 D\u00cdAS&#8230;<\/a><\/strong><\/span><span class=\"new_product\"><strong><b>17,95 \u20ac<\/b><\/strong><\/span><\/p>\n<p><a class=\"product_img_link\" title=\"LA VUELTA AL MUNDO EN 80 D\u00cdAS (mapa)\" href=\"http:\/\/www.comicalia.com\/merchandise-otros\/19223-la-vuelta-al-mundo-en-80-dias-mapa-9788494301698.html\"><img data-recalc-dims=\"1\" loading=\"lazy\" decoding=\"async\" src=\"https:\/\/i0.wp.com\/www.comicalia.com\/20193-large\/la-vuelta-al-mundo-en-80-dias-mapa.jpg?resize=129%2C129\" alt=\"LA VUELTA AL MUNDO EN 80 D\u00cdAS (mapa)\" width=\"129\" height=\"129\" \/><\/a><\/li>\n<li class=\"ajax_block_product  item clearfix\">\n<p id=\"product_list_stuffs\"><span class=\"new_product\"><strong><a title=\"LONDRES EN LAS NOVELAS DE JANE AUSTEN\" href=\"http:\/\/www.comicalia.com\/merchandise-otros\/19222-londres-en-las-novelas-de-jane-austen-9788494301629.html\">LONDRES EN LAS NOVELAS DE JANE&#8230;<\/a><\/strong><\/span><span class=\"new_product\"><strong><b>17,95 \u20ac<\/b><\/strong><\/span><\/p>\n<p><a class=\"product_img_link\" title=\"LONDRES EN LAS NOVELAS DE JANE AUSTEN\" href=\"http:\/\/www.comicalia.com\/merchandise-otros\/19222-londres-en-las-novelas-de-jane-austen-9788494301629.html\"><img data-recalc-dims=\"1\" loading=\"lazy\" decoding=\"async\" src=\"https:\/\/i0.wp.com\/www.comicalia.com\/20192-large\/londres-en-las-novelas-de-jane-austen.jpg?resize=129%2C129\" alt=\"LONDRES EN LAS NOVELAS DE JANE AUSTEN\" width=\"129\" height=\"129\" \/><\/a><\/li>\n<\/ul>\n<p><span style=\"text-decoration: underline;\"><strong>NOTORIOUS<\/strong><\/span><\/p>\n<ul id=\"product_list\" class=\"categorie_product clear\">\n<li class=\"ajax_block_product  alternate_item clearfix\">\n<p id=\"product_list_stuffs\"><span class=\"new_product\"><strong><a title=\"EL CINE NEGRO 2\" href=\"http:\/\/www.comicalia.com\/estudio-y-divulgacion\/19221-el-cine-negro-2-9788415606291.html\">EL CINE NEGRO 2<\/a>\u00a0<\/strong><\/span><span class=\"new_product\"><strong><b>39,95 \u20ac<\/b><\/strong><\/span><\/p>\n<p><a class=\"product_img_link\" title=\"EL CINE NEGRO 2\" href=\"http:\/\/www.comicalia.com\/estudio-y-divulgacion\/19221-el-cine-negro-2-9788415606291.html\"><img data-recalc-dims=\"1\" loading=\"lazy\" decoding=\"async\" src=\"https:\/\/i0.wp.com\/www.comicalia.com\/20191-large\/el-cine-negro-2.jpg?resize=129%2C129\" alt=\"EL CINE NEGRO 2\" width=\"129\" height=\"129\" \/><\/a><\/li>\n<li class=\"ajax_block_product last_item item clearfix\">\n<p id=\"product_list_stuffs\"><span class=\"new_product\"><strong><a title=\"EL CINE NEGRO\" href=\"http:\/\/www.comicalia.com\/estudio-y-divulgacion\/19220-el-cine-negro-9788493790547.html\">EL CINE NEGRO<\/a>\u00a0<\/strong><\/span><span class=\"new_product\"><strong><b>39,95 \u20ac<\/b><\/strong><\/span><\/p>\n<p><a class=\"product_img_link\" title=\"EL CINE NEGRO\" href=\"http:\/\/www.comicalia.com\/estudio-y-divulgacion\/19220-el-cine-negro-9788493790547.html\"><img data-recalc-dims=\"1\" loading=\"lazy\" decoding=\"async\" src=\"https:\/\/i0.wp.com\/www.comicalia.com\/20190-large\/el-cine-negro.jpg?resize=129%2C129\" alt=\"EL CINE NEGRO\" width=\"129\" height=\"129\" \/><\/a><\/li>\n<\/ul>\n<p><span style=\"text-decoration: underline;\"><strong>LIBROS DEL ASTEROIDE<\/strong><\/span><\/p>\n<ul id=\"product_list\" class=\"categorie_product clear\">\n<li class=\"ajax_block_product last_item item clearfix\">\n<p id=\"product_list_stuffs\"><span class=\"new_product\"><strong><a title=\"LA VUELTA DEL TORNO\" href=\"http:\/\/www.comicalia.com\/narrativa\/19219-la-vuelta-del-torno-9788415625780.html\">LA VUELTA DEL TORNO<\/a>\u00a0<\/strong><\/span><span class=\"new_product\"><strong><b>15,95 \u20ac<\/b><\/strong><\/span><\/p>\n<p><a class=\"product_img_link\" title=\"LA VUELTA DEL TORNO\" href=\"http:\/\/www.comicalia.com\/narrativa\/19219-la-vuelta-del-torno-9788415625780.html\"><img data-recalc-dims=\"1\" loading=\"lazy\" decoding=\"async\" src=\"https:\/\/i0.wp.com\/www.comicalia.com\/20189-large\/la-vuelta-del-torno.jpg?resize=129%2C129\" alt=\"LA VUELTA DEL TORNO\" width=\"129\" height=\"129\" \/><\/a><\/li>\n<\/ul>\n","protected":false},"excerpt":{"rendered":"<p>SALAMANDRA Chucrut\u00a017,00 \u20ac SOLIDARIDAD OBRERA El Coraz\u00f3n del Sue\u00f1o. VERANO Y&#8230;20,00 \u20ac BANDAI PICCOLO FIGURA 14 CM DRAGON BALL&#8230;29,95 \u20ac LA FUGA EDICIONES HUMOR FANTASMAL\u00a016,50 \u20ac PONENT MON TANGUY Y LAVERDURE INTEGRAL 4\u00a032,00 \u20ac MAC&hellip; <a class=\"read-more-link\" href=\"https:\/\/www.atomcomics.net\/blog\/2015\/11\/24\/novedad-esto-no-para-4\/\">(seguir leyendo)<\/a><\/p>\n","protected":false},"author":1,"featured_media":9921,"comment_status":"closed","ping_status":"open","sticky":false,"template":"","format":"standard","meta":{"jetpack_post_was_ever_published":false,"_jetpack_newsletter_access":"","_jetpack_dont_email_post_to_subs":false,"_jetpack_newsletter_tier_id":0,"_jetpack_memberships_contains_paywalled_content":false,"_jetpack_memberships_contains_paid_content":false,"footnotes":"","jetpack_publicize_message":"Novedad: Esto no para @SalamandraGraph @ponentmon_spain @quaterni @reinodecordelia @LibrosAsteroide","jetpack_publicize_feature_enabled":true,"jetpack_social_post_already_shared":true,"jetpack_social_options":{"image_generator_settings":{"template":"highway","default_image_id":0,"font":"","enabled":false},"version":2}},"categories":[3],"tags":[],"class_list":["post-8341","post","type-post","status-publish","format-standard","has-post-thumbnail","hentry","category-novedades"],"jetpack_publicize_connections":[],"jetpack_featured_media_url":"https:\/\/i0.wp.com\/www.atomcomics.net\/blog\/wp-content\/uploads\/logonegro.png?fit=473%2C191&ssl=1","jetpack_shortlink":"https:\/\/wp.me\/p53Ua-2ax","jetpack-related-posts":[{"id":7401,"url":"https:\/\/www.atomcomics.net\/blog\/2014\/09\/25\/novedad-por-ahora-esto\/","url_meta":{"origin":8341,"position":0},"title":"Novedad: Por ahora esto&#8230;","author":"ATOM COMICS","date":"25, septiembre, 2014","format":false,"excerpt":"SALAMANDRA La entrega\u00a015,00 \u20ac BARBARA FIORE OJAL\u00c1 PUDIERA FORMULAR UN DESEO\u00a018,00 \u20ac PONENT MON BUDDY LONGWAY INTEGRAL\u00a040,00 \u20ac DESVELO DISJECTA MEMBRA\u00a017,00 \u20ac","rel":"","context":"En \u00abNovedades\u00bb","block_context":{"text":"Novedades","link":"https:\/\/www.atomcomics.net\/blog\/category\/novedades\/"},"img":{"alt_text":"La entrega","src":"https:\/\/i0.wp.com\/www.comicalia.com\/14908-large\/la-entrega.jpg?resize=350%2C200","width":350,"height":200},"classes":[]},{"id":8343,"url":"https:\/\/www.atomcomics.net\/blog\/2015\/11\/26\/novedad-grunges-suicidas-percy\/","url_meta":{"origin":8341,"position":1},"title":"Novedad: Grunges, suicidas, Percy&#8230;","author":"ATOM COMICS","date":"26, noviembre, 2015","format":false,"excerpt":"PLANETA La espada salvaje de Conan...7,99 \u20ac ES POP Todo el mundo adora nuestra ciudad\u00a026,00 \u20ac COMANEGRA MANUAL DE AUTOAYUDA PARA SUICIDAS\u00a014,00 \u20ac SALAMANDRA Percy Jackson y los dioses del...17,00 \u20ac","rel":"","context":"En \u00abNovedades\u00bb","block_context":{"text":"Novedades","link":"https:\/\/www.atomcomics.net\/blog\/category\/novedades\/"},"img":{"alt_text":"La espada salvaje de Conan volumen 14","src":"https:\/\/i0.wp.com\/www.comicalia.com\/20294-large\/la-espada-salvaje-de-conan-volumen-14.jpg?resize=350%2C200","width":350,"height":200},"classes":[]},{"id":8766,"url":"https:\/\/www.atomcomics.net\/blog\/2016\/05\/04\/novedad-libros-preciosos\/","url_meta":{"origin":8341,"position":2},"title":"Novedad: Libros preciosos","author":"ATOM COMICS","date":"4, mayo, 2016","format":false,"excerpt":"LIBROS DEL ZORRO ROJO El cielo sobre Berl\u00edn\u00a019,95 \u20ac Carta al mundo y otros poemas\u00a017,90 \u20ac VALDEMAR El jard\u00edn de humo. Y otros...9,00 \u20ac Cuentos completos (Conrad)\u00a040,00 \u20ac Los albigenses\u00a033,00 \u20ac TURNER PUBLICACIONES Inocentes y otras\u00a019,90 \u20ac ES POP Swing frente al nazi\u00a017,95 \u20ac BLACKIE BOOKS Las palabras y la\u2026","rel":"","context":"En \u00abNovedades\u00bb","block_context":{"text":"Novedades","link":"https:\/\/www.atomcomics.net\/blog\/category\/novedades\/"},"img":{"alt_text":"El cielo sobre Berl\u00edn","src":"https:\/\/i0.wp.com\/www.comicalia.com\/22358-large\/el-cielo-sobre-berlin.jpg?resize=350%2C200","width":350,"height":200},"classes":[]},{"id":9162,"url":"https:\/\/www.atomcomics.net\/blog\/2016\/09\/21\/novedad-hay-estanteria-para-tanto-libro\/","url_meta":{"origin":8341,"position":3},"title":"Novedad: \u00bfHay estanter\u00eda para tanto libro?","author":"ATOM COMICS","date":"21, septiembre, 2016","format":false,"excerpt":"SALAMANDRA GRAPHIC JANE, EL ZORRO Y YO\u00a020,00 \u20ac FORTUNA MIS VECINOS LOS PIRATAS\u00a015,90 \u20ac PONENT MON EMANON VAGABUNDA\u00a020,00 \u20ac 1212 LAS NAVAS DE TOLOSA\u00a018,00 \u20ac HOJA DE LATA EDITORIAL El oro perdido de los Arienim\u00a019,90 \u20ac LIBROS DEL K.O. 10 INGOBERNABLES\u00a015,90 \u20ac TROPO MOLINO DE LAS MOMIAS\u00a019,95 \u20ac ED. DEL\u2026","rel":"","context":"En \u00abNovedades\u00bb","block_context":{"text":"Novedades","link":"https:\/\/www.atomcomics.net\/blog\/category\/novedades\/"},"img":{"alt_text":"JANE, EL ZORRO Y YO","src":"https:\/\/i0.wp.com\/www.comicalia.com\/23766-large\/jane-el-zorro-y-yo.jpg?resize=350%2C200","width":350,"height":200},"classes":[]},{"id":7730,"url":"https:\/\/www.atomcomics.net\/blog\/2015\/03\/04\/novedad-un-aprende-a-dibujar-muy-chulo-y-mas\/","url_meta":{"origin":8341,"position":4},"title":"Novedad: Un aprende a dibujar muy chulo y m\u00e1s","author":"ATOM COMICS","date":"4, marzo, 2015","format":false,"excerpt":"SALAMANDRA El \u00e1rabe del futuro\u00a019,00 \u20ac DIBBUKS BIENVENIDOS A KRPKRUETT\u00a015,00 \u20ac ABDEL\u00a016,00 \u20ac EL NADIR EL MANGA DE LOS CUATRO INMIGRANTES\u00a017,00 \u20ac IMPEDIMENTA CARTEL \"LOS CHICOS LISTOS LEEN...6,95 \u20ac CARTEL \"LAS CHICAS LISTAS LEEN...6,95 \u20ac PALIDO FUEGO LA VUELTA AL MUNDO\u00a018,90 \u20ac SATORI SOBRE EL DRAG\u00d3N DEL ABISMO\u00a019,00 \u20ac PONENT\u2026","rel":"","context":"En \u00abNovedades\u00bb","block_context":{"text":"Novedades","link":"https:\/\/www.atomcomics.net\/blog\/category\/novedades\/"},"img":{"alt_text":"El \u00e1rabe del futuro","src":"https:\/\/i0.wp.com\/www.comicalia.com\/16984-large\/el-arabe-del-futuro.jpg?resize=350%2C200","width":350,"height":200},"classes":[]},{"id":7459,"url":"https:\/\/www.atomcomics.net\/blog\/2014\/10\/29\/novedad-salamandra-graphic\/","url_meta":{"origin":8341,"position":5},"title":"Novedad: Salamandra Graphic","author":"ATOM COMICS","date":"29, octubre, 2014","format":false,"excerpt":"SALAMANDRA GRAPHIC Inercia\u00a019,00 \u20ac","rel":"","context":"En \u00abNovedades\u00bb","block_context":{"text":"Novedades","link":"https:\/\/www.atomcomics.net\/blog\/category\/novedades\/"},"img":{"alt_text":"Inercia","src":"https:\/\/i0.wp.com\/www.comicalia.com\/15392-large\/inercia.jpg?resize=350%2C200","width":350,"height":200},"classes":[]}],"jetpack_sharing_enabled":true,"_links":{"self":[{"href":"https:\/\/www.atomcomics.net\/blog\/wp-json\/wp\/v2\/posts\/8341","targetHints":{"allow":["GET"]}}],"collection":[{"href":"https:\/\/www.atomcomics.net\/blog\/wp-json\/wp\/v2\/posts"}],"about":[{"href":"https:\/\/www.atomcomics.net\/blog\/wp-json\/wp\/v2\/types\/post"}],"author":[{"embeddable":true,"href":"https:\/\/www.atomcomics.net\/blog\/wp-json\/wp\/v2\/users\/1"}],"replies":[{"embeddable":true,"href":"https:\/\/www.atomcomics.net\/blog\/wp-json\/wp\/v2\/comments?post=8341"}],"version-history":[{"count":1,"href":"https:\/\/www.atomcomics.net\/blog\/wp-json\/wp\/v2\/posts\/8341\/revisions"}],"predecessor-version":[{"id":8342,"href":"https:\/\/www.atomcomics.net\/blog\/wp-json\/wp\/v2\/posts\/8341\/revisions\/8342"}],"wp:featuredmedia":[{"embeddable":true,"href":"https:\/\/www.atomcomics.net\/blog\/wp-json\/wp\/v2\/media\/9921"}],"wp:attachment":[{"href":"https:\/\/www.atomcomics.net\/blog\/wp-json\/wp\/v2\/media?parent=8341"}],"wp:term":[{"taxonomy":"category","embeddable":true,"href":"https:\/\/www.atomcomics.net\/blog\/wp-json\/wp\/v2\/categories?post=8341"},{"taxonomy":"post_tag","embeddable":true,"href":"https:\/\/www.atomcomics.net\/blog\/wp-json\/wp\/v2\/tags?post=8341"}],"curies":[{"name":"wp","href":"https:\/\/api.w.org\/{rel}","templated":true}]}}