{"id":8383,"date":"2015-12-12T10:55:57","date_gmt":"2015-12-12T08:55:57","guid":{"rendered":"http:\/\/www.atomcomics.net\/?p=8383"},"modified":"2015-12-11T20:57:08","modified_gmt":"2015-12-11T18:57:08","slug":"recomendaciones-para-navidad-por-parte-de-roman-camacho","status":"publish","type":"post","link":"https:\/\/www.atomcomics.net\/blog\/2015\/12\/12\/recomendaciones-para-navidad-por-parte-de-roman-camacho\/","title":{"rendered":"Recomendaciones para Navidad por parte de Roman Camacho"},"content":{"rendered":"<div>\n<p><a href=\"http:\/\/www.comicalia.com\/libro-ilustrado\/18291-el-peon-de-la-reina-blanca-9788416113927.html\">Roman Camacho<\/a>, autor de <em><a href=\"http:\/\/www.comicalia.com\/libro-ilustrado\/18291-el-peon-de-la-reina-blanca-9788416113927.html\">El Pe\u00f3n de la Reina Blanca<\/a><\/em>,\u00a0nos env\u00eda\u00a0su selecci\u00f3n navide\u00f1a, o algo parecido.<\/p>\n<hr \/>\n<p>Llegan estas fechas, con el a\u00f1o a punto de decirnos adi\u00f3s y los aficionados al c\u00f3mic nos paramos un momento, aunque no seamos conscientes de ello, para pensar qu\u00e9 c\u00f3mics nos han movido algo dentro cuando los hemos le\u00eddo a lo largo de los \u00faltimos 365 d\u00edas.<\/p>\n<\/div>\n<div>Hojeamos los tebeos que hay expuestos en las repisas de nuestra tienda favorita deseando que entre alguien preguntando qu\u00e9 c\u00f3mic pueden regalar a \u00abuna persona que le gustan mucho\u00bb. Naturalmente, para que el momento sea realmente m\u00e1gico, ese alguien no debe tener ninguna idea sobre el mundillo de las vi\u00f1etas y los bocadillos; <em>Spiderman<\/em> es \u00e9se que sale en camisetas y tiene una l\u00ednea de juguetes y <em>Superman<\/em> es el de la capa y los calzoncillos por fuera \u00bfno?<\/div>\n<div><\/div>\n<div>Pues bien amigos, voy a desvelaros aqu\u00ed y ahora <strong>8 de mis debilidades<\/strong> comiqueras que sugerir para <strong>regalar estas Navidades<\/strong>. \u00bfPor qu\u00e9 8 y no 10? Bueno, he pretendido no caer en t\u00f3picos a la hora de escribir este texto, y por eso no vais a encontrar nada de <em><a href=\"http:\/\/www.comicalia.com\/superheroes-dc\/10474-watchmen-9788416194803.html\">Alan Moore<\/a><\/em>, ni <em>Maus<\/em>, ni <em><a href=\"http:\/\/www.comicalia.com\/superheroes-marvel\/867-civil-war-marvel-deluxe-9788498855142.html\">Civil War<\/a><\/em>, ni el <a href=\"http:\/\/www.comicalia.com\/superheroes-dc\/8003-batman-ano-uno-9788416518241.html\"><em>Batman<\/em> de<em> Frank Miller<\/em><\/a> o el <em><a href=\"http:\/\/www.comicalia.com\/superheroes-marvel\/18530-la-tumba-de-dracula-04-marvel-limited-edition-9788415830696.html\">Dr\u00e1cula<\/a><\/em> de <em>Colan<\/em>. Tampoco <em><a href=\"http:\/\/www.comicalia.com\/bd-aventura\/19280-blueberry-edicion-integral-1-9788467921021.html\">Blueberry<\/a>, Tint\u00edn, <a href=\"http:\/\/www.comicalia.com\/bd-aventura\/18655-asterix-36-el-papiro-del-cesar-9788469604687.html\">Ast\u00e9rix<\/a> ni Sandman, <a href=\"http:\/\/www.comicalia.com\/fantasia-otros-mundos\/13871-predicador-num-01-de-9-rumbo-a-texas-9788416374694.html\">Predicador<\/a>, 100 balas <\/em>o<em> <a href=\"http:\/\/www.comicalia.com\/comic-de-autor\/10601-criminal-integral-01-9788490244401.html\">Criminal<\/a><\/em>.<\/div>\n<div><\/div>\n<div>Para los ne\u00f3fitos el texto anterior a penas tendr\u00e1 sentido alguno y para los aficionados espero que se pregunten \u00ab\u00bfentonces de qu\u00e9 @#%&amp;$ (narices) va a hablar este *!@#~\u00ac (tipo)?\u00bb y se animen a leer mi art\u00edculo hasta el final.<\/div>\n<div><\/div>\n<ul>\n<li><a href=\"http:\/\/www.comicalia.com\/superheroes-dc\/13866-la-leyenda-de-hawkman-9788416152766.html\" target=\"_blank\"><img data-recalc-dims=\"1\" loading=\"lazy\" decoding=\"async\" class=\"alignright\" src=\"https:\/\/i0.wp.com\/www.comicalia.com\/14157-large\/la-leyenda-de-hawkman.jpg?resize=299%2C299\" alt=\"\" width=\"299\" height=\"299\" \/><span style=\"text-decoration: underline;\"><strong>La leyenda de Hawkman<\/strong><\/span><\/a>, de <strong><em>Ben Raab<\/em><\/strong> y <strong><em>Michael Lark<\/em><\/strong> (ECC ediciones). Para aquellos que sigan enamorados con los c\u00f3mics de la edad de plata, aqu\u00ed tienen una historia de s\u00faper h\u00e9roes con el toque ex\u00f3tico y m\u00edstico que rodea a este personaje de DC C\u00f3mics. Con un gui\u00f3n perfectamente estructurado, que rinde homenaje al c\u00f3mic y al cine de aventuras y un dibujo perfecto en su sencillez e ideal para narrar este tipo de historias. Hay muchas historias estupendas de Hawkman, pero ninguna mejor que \u00e9sta.<\/li>\n<li><span style=\"text-decoration: underline;\"><strong><a href=\"http:\/\/www.comicalia.com\/fantasia-otros-mundos\/11569-xenozoic-9788415225935.html\" target=\"_blank\">Xenozoic<\/a><\/strong><\/span>, <img data-recalc-dims=\"1\" loading=\"lazy\" decoding=\"async\" class=\"alignright\" src=\"https:\/\/i0.wp.com\/www.vi\u00f1etario.com\/wp-content\/uploads\/2014\/05\/xenozoic_portada_p.jpg?resize=238%2C300\" alt=\"\" width=\"238\" height=\"300\" \/>de <strong><em>Mark Schultz<\/em><\/strong> (Aleta ediciones). \u00bfTe gustan los dinosaurios y las historias sin m\u00e1s pretensiones que entretener? \u00bfRecuerdas con nostalgia pel\u00edculas como \u00abViaje al coraz\u00f3n de la Tierra\u00bb? \u00bfQuieres sorprender o sorprenderte con un libro redondo que re\u00fane la obra completa de estos comics alternativos que vieron por primera vez la luza all\u00e1 por 1987? \u00bfTe suena eso de \u00abCadillacs y dinosaurios\u00bb? \u00bfQu\u00e9 no hay nadie que maneje mejor el blanco y negro que Mark Schultz? No dudes, \u00e9ste c\u00f3mic es el que andas buscando.<\/li>\n<li><span style=\"text-decoration: underline;\"><strong><a href=\"http:\/\/www.comicalia.com\/bd-aventura\/16270-conquistador-edicion-integral-1-9788467918274.html\" target=\"_blank\">Conquistador<\/a><\/strong><\/span>, <img data-recalc-dims=\"1\" loading=\"lazy\" decoding=\"async\" class=\"alignright\" src=\"https:\/\/i0.wp.com\/www.comicalia.com\/17064-large\/conquistador-edicion-integral-1.jpg?resize=300%2C300\" alt=\"\" width=\"300\" height=\"300\" \/>de <strong><em>Jean Dufaux<\/em><\/strong> y <strong><em>Xavier<\/em><\/strong> (Norma editorial). La mezcla de novela hist\u00f3rica con la aventura, el terror y la ciencia ficci\u00f3n, no es algo habitual de encontrar, si bien es cierto que a todos nos recorri\u00f3 un escalofr\u00edo de gustirrin\u00edn cuando descubrimos en \u00abDepredador 2\u00bb que esos vecinos algo beligerantes que tenemos cazando por la galaxia est\u00e1n con nosotros desde hace siglos. Ya <em>Lovecraft<\/em> jugaba con la idea de horrores arcanos viviendo en nuestro mundo a la espera de que se diera el caldo de cultivo adecuado para que volvieran a resurgir. Pues algo as\u00ed, pero con un enfoque menos cient\u00edfico, vamos a encontrar en esta original y muy entretenida historia espectacularmente dibujada. Eso s\u00ed, la historia no finaliza en este libro, sino que continuar\u00e1 en un segundo tomo. Esto lo convierte en el regalo perfecto para alguien al que quieres volver a ver y te cuesta tener una excusa para hacerlo :)<\/li>\n<li><span style=\"text-decoration: underline;\"><strong><a href=\"http:\/\/www.comicalia.com\/bd-aventura\/16264-moby-dick-integral-9788467917239.html\" target=\"_blank\"><img data-recalc-dims=\"1\" loading=\"lazy\" decoding=\"async\" class=\"alignright\" src=\"https:\/\/i0.wp.com\/www.comicalia.com\/17058-large\/moby-dick-integral.jpg?resize=300%2C300\" alt=\"\" width=\"300\" height=\"300\" \/>Moby Dick<\/a><\/strong><\/span>, de <strong><em>Chabout\u00e9<\/em><\/strong> (Norma editorial). El cl\u00e1sico de Herman Melville es adaptado en esta obra de manera excepcional. Realmente te hace sentir uno m\u00e1s de la tripulaci\u00f3n del Pequod. Para amantes de la literatura universal que sientan curiosidad por su intrusi\u00f3n en el noveno arte, o viceversa. A punto de estrenarse \u00abEn el coraz\u00f3n del oc\u00e9ano\u00bb, esta opci\u00f3n se convierte en un regalo perfecto y mol\u00f3n para estas fiestas (y cualquier d\u00eda que venga despu\u00e9s).<\/li>\n<li><span style=\"text-decoration: underline;\"><strong>Creepy<\/strong> <\/span>presenta <img data-recalc-dims=\"1\" loading=\"lazy\" decoding=\"async\" class=\"alignright\" src=\"https:\/\/i0.wp.com\/www.comicalia.com\/10776-large\/creepy-bernie-wrightson.jpg?resize=300%2C300\" alt=\"\" width=\"300\" height=\"300\" \/><strong><em><a href=\"http:\/\/www.comicalia.com\/fantasia-otros-mundos\/10052-creepy-presenta-richard-corben-9788415480860.html\" target=\"_blank\">Richard Corben<\/a><\/em> \/ <em><a href=\"http:\/\/www.comicalia.com\/fantasia-otros-mundos\/10959-creepy-bernie-wrightson-9788415821779.html\" target=\"_blank\">Bernie Wrightson<\/a><\/em> <\/strong>(Planeta de Agostini). Estos dos monstruos del c\u00f3mic de terror nos ofrecen aqu\u00ed sus mejores galas en estilos absolutamente distintos. De la voluptuosidad y la invasi\u00f3n que de nuestro espacio hace el trazo de Corben, al detallismo exagerado, t\u00e9trico y sobrecogedor del blanco y negro de Wrightson que nos sumerge y nos asfixia en el interior de cada una de sus vi\u00f1etas. Los guiones, en especial los de Bruce Jones son de lo mejorcito que ofreci\u00f3 esta publicaci\u00f3n de Warren all\u00e1 por los 70. No acompa\u00f1an el ambiente navide\u00f1o, es cierto, salvo que creas, como el bueno de Jack en \u00abPesadilla antes de Navidad\u00bb en Santa Clavos.<\/li>\n<li><span style=\"text-decoration: underline;\"><strong><a href=\"http:\/\/www.comicalia.com\/superheroes-marvel\/16631-los-vengadores-2-la-era-de-ultron-marvel-deluxe-9788490941249.html\" target=\"_blank\"><img data-recalc-dims=\"1\" loading=\"lazy\" decoding=\"async\" class=\"alignright\" src=\"https:\/\/i0.wp.com\/www.comicalia.com\/17469-large\/los-vengadores-2-la-era-de-ultron-marvel-deluxe.jpg?resize=300%2C300\" alt=\"\" width=\"300\" height=\"300\" \/>La era de Ultr\u00f3n<\/a><\/strong><\/span>, de <strong><em>Brian Michael Bendis, Brian Hitch<\/em><\/strong> y <strong><em>Carlos Pacheco<\/em><\/strong> (Panini). Volvemos de nuevo al g\u00e9nero de superh\u00e9roes m\u00e1s palomitero. Eso es lo que encontraremos en este sensacional tomo recopilatorio con la saga completa de la que tom\u00f3 el nombre la secuela de Los Vengadores de Joss Whedon. Un gui\u00f3n muy entretenido que re\u00fane a la plana mayor de los h\u00e9roes Marvel en uno de sus momentos m\u00e1s dram\u00e1ticos. El mundo ha sucumbido ante el poder de la inteligencia artificial suprema, <em>Ultr\u00f3n<\/em>, y los S\u00faper h\u00e9roes han sido derrotados. Un prometedor punto de partida que se desarrolla en 10 n\u00fameros contenidos en el libro. Si <em>Michael Ende<\/em> te sorprendi\u00f3 al narrar su <em>Historia Interminable<\/em> en dos tintas para diferenciar el mundo real del de la fantas\u00eda, aqu\u00ed seguro que la alternancia entre <em>Hitch<\/em> y <em>Pacheco<\/em> no te decepcionar\u00e1.<\/li>\n<li><strong><span style=\"text-decoration: underline;\"><a href=\"http:\/\/www.comicalia.com\/fantasia-otros-mundos\/14303-tarzan-el-origen-del-hombre-mono-vol1-9788494291418.html\" target=\"_blank\"><img data-recalc-dims=\"1\" loading=\"lazy\" decoding=\"async\" class=\"alignright\" src=\"https:\/\/i0.wp.com\/www.comicalia.com\/14646-large\/tarzan-el-origen-del-hombre-mono-vol1.jpg?resize=300%2C300\" alt=\"\" width=\"300\" height=\"300\" \/>Tarzan<\/a><\/span><\/strong>, de <strong><em>Joe Kubert<\/em><\/strong> (de Yermo ediciones). Cuando hablamos de este personaje, nos viene a la mente <em>Johnny Weissmuller<\/em> y su expl\u00e9ndido y nost\u00e1lgico <em>Tarz\u00e1n<\/em>. A los seguidores de las tiras de prensa originales, los nombres de <em>Harold Foster, Burne Hogarth <\/em>o<em> <a href=\"http:\/\/www.comicalia.com\/buscar?orderby=position&amp;orderway=desc&amp;search_query=russ+manning&amp;submit_search=Buscar\" target=\"_blank\">Russ Manning<\/a><\/em>. Unos y otros han visto publicada su obra en nuestro pa\u00eds con m\u00e1s o menos fortuna. El <em>Tarz\u00e1n<\/em> de <em>Joe Kubert<\/em> hab\u00eda estado esperando una edici\u00f3n as\u00ed desde hace muchos a\u00f1os. Yermo ediciones nos trae la mejor \u00e9poca del personaje en su formato de comic book. De hecho, el rostro que tenemos asociado en nuestro cerebro al Tarz\u00e1n de los c\u00f3mics seguro que ser\u00eda el que retrataba <em>Joe Kubert<\/em> en estas vi\u00f1etas recopiladas en tres preciosos vol\u00famenes que por fin tenemos a nuestra disposici\u00f3n en Espa\u00f1a.<\/li>\n<\/ul>\n<div>Me dejo cosas en el tintero, claro que s\u00ed. Y es que esto de la lectura tiene lo bueno de que nunca se acaba, se puede releer, comentar, pensar, recomendar y lo mejor de todo (al final he ca\u00eddo en un t\u00f3pico navide\u00f1o): <strong>COMPARTIR<\/strong>.<\/div>\n<div><\/div>\n<div style=\"text-align: center;\"><span style=\"text-decoration: underline;\">\u00a1Felices fiestas y felices lecturas!<\/span><\/div>\n","protected":false},"excerpt":{"rendered":"<p>Roman Camacho, autor de El Pe\u00f3n de la Reina Blanca,\u00a0nos env\u00eda\u00a0su selecci\u00f3n navide\u00f1a, o algo parecido. Llegan estas fechas, con el a\u00f1o a punto de decirnos adi\u00f3s y los aficionados al c\u00f3mic nos paramos un&hellip; <a class=\"read-more-link\" href=\"https:\/\/www.atomcomics.net\/blog\/2015\/12\/12\/recomendaciones-para-navidad-por-parte-de-roman-camacho\/\">(seguir leyendo)<\/a><\/p>\n","protected":false},"author":1,"featured_media":9921,"comment_status":"closed","ping_status":"open","sticky":false,"template":"","format":"standard","meta":{"jetpack_post_was_ever_published":false,"_jetpack_newsletter_access":"","_jetpack_dont_email_post_to_subs":false,"_jetpack_newsletter_tier_id":0,"_jetpack_memberships_contains_paywalled_content":false,"_jetpack_memberships_contains_paid_content":false,"footnotes":"","jetpack_publicize_message":"Recomendaciones para Navidad por parte de Roman Camacho","jetpack_publicize_feature_enabled":true,"jetpack_social_post_already_shared":true,"jetpack_social_options":{"image_generator_settings":{"template":"highway","default_image_id":0,"font":"","enabled":false},"version":2}},"categories":[4],"tags":[],"class_list":["post-8383","post","type-post","status-publish","format-standard","has-post-thumbnail","hentry","category-resenas"],"jetpack_publicize_connections":[],"jetpack_featured_media_url":"https:\/\/i0.wp.com\/www.atomcomics.net\/blog\/wp-content\/uploads\/logonegro.png?fit=473%2C191&ssl=1","jetpack_shortlink":"https:\/\/wp.me\/p53Ua-2bd","jetpack-related-posts":[{"id":8331,"url":"https:\/\/www.atomcomics.net\/blog\/2015\/11\/23\/el-lector-recomiemda-los-jueces-oscuros\/","url_meta":{"origin":8383,"position":0},"title":"El lector recomiemda: Los jueces oscuros","author":"ATOM COMICS","date":"23, noviembre, 2015","format":false,"excerpt":"Roman Camacho, autor de El Pe\u00f3n de la Reina Blanca,\u00a0nos env\u00eda una lectura recomendada: JUEZ DREDD: LOS JUECES OSCUROS de John Wagner y Greg Staples. Edita Kraken por 19,90\u20ac John Wagner no quer\u00eda escribir esta historia. El autor que diera fama con sus guiones al Juez Dredd no ten\u00eda ganas\u2026","rel":"","context":"En \u00abEl lector recomienda\u00bb","block_context":{"text":"El lector recomienda","link":"https:\/\/www.atomcomics.net\/blog\/category\/el-lector-recomienda\/"},"img":{"alt_text":"","src":"https:\/\/i0.wp.com\/www.comicalia.com\/19873-large\/juez-dredd-los-jueces-oscuros.jpg?resize=350%2C200","width":350,"height":200},"classes":[]},{"id":193,"url":"https:\/\/www.atomcomics.net\/blog\/2005\/12\/22\/novedades-mananeras-jueves-22-diciembre\/","url_meta":{"origin":8383,"position":1},"title":"Novedades ma\u00f1aneras jueves 22 diciembre","author":"ATOM COMICS","date":"22, diciembre, 2005","format":false,"excerpt":"\u00bfC\u00f3mo va la loter\u00eda, le ha tocado a alguien? Si es as\u00ed, espero que antes de iros a las Bermudas os pas\u00e9is por aqu\u00ed y os invit\u00e9is a algo. A nosotros nos ha tocado una de novedades: Panini (y asociados) Los 4 Fant\u00e1sticos en DVD -serie dibujos animados- (4DVDs) -\u2026","rel":"","context":"Entrada similar","block_context":{"text":"Entrada similar","link":""},"img":{"alt_text":"","src":"","width":0,"height":0},"classes":[]},{"id":8498,"url":"https:\/\/www.atomcomics.net\/blog\/2016\/01\/15\/mark-waid-el-guionista-sin-miedo\/","url_meta":{"origin":8383,"position":2},"title":"Mark Waid, el guionista sin miedo","author":"ATOM COMICS","date":"15, enero, 2016","format":false,"excerpt":"Por\u00a0Roman Camacho\u00a0autor de El Pe\u00f3n de la Reina Blanca. Todos los que vemos ya los 40 en el retrovisor de nuestra vida, o los que lo ven como ese coche al que hay que adelantar dentro de muy poco de forma irremediable, todos esos que seguimos amando los tebeos, todos\u2026","rel":"","context":"En \u00abLecturas recomendadas\u00bb","block_context":{"text":"Lecturas recomendadas","link":"https:\/\/www.atomcomics.net\/blog\/category\/aca\/"},"img":{"alt_text":"","src":"https:\/\/i0.wp.com\/estaticos03.elmundo.es\/blogs\/elmundo\/comicwood\/imagenes_posts\/2015\/04\/11\/136911.jpg?resize=350%2C200","width":350,"height":200},"classes":[]},{"id":14739,"url":"https:\/\/www.atomcomics.net\/blog\/2024\/11\/08\/evento-profesionales-del-8-al-10-de-nov\/","url_meta":{"origin":8383,"position":3},"title":"Evento Profesionales (del 8 al 10 de nov)","author":"ATOM COMICS","date":"8, noviembre, 2024","format":false,"excerpt":"Es el evento que celebramos en el Barrio del c\u00f3mic de Madrid entre los d\u00edas 8 y 10 de noviembre (este fin de semana) donde se da encuentro entre aspirantes, profesionales y p\u00fablico lector aficionado al c\u00f3mic, la animaci\u00f3n... Os pasamos los encuentros que se celebrar\u00e1n en nuestro local de\u2026","rel":"","context":"En \u00abNoticias\u00bb","block_context":{"text":"Noticias","link":"https:\/\/www.atomcomics.net\/blog\/category\/noticias\/"},"img":{"alt_text":"","src":"https:\/\/i0.wp.com\/www.atomcomics.net\/blog\/wp-content\/uploads\/GbjLSDJWIAAZsWo.jpeg?fit=680%2C680&ssl=1&resize=350%2C200","width":350,"height":200,"srcset":"https:\/\/i0.wp.com\/www.atomcomics.net\/blog\/wp-content\/uploads\/GbjLSDJWIAAZsWo.jpeg?fit=680%2C680&ssl=1&resize=350%2C200 1x, https:\/\/i0.wp.com\/www.atomcomics.net\/blog\/wp-content\/uploads\/GbjLSDJWIAAZsWo.jpeg?fit=680%2C680&ssl=1&resize=525%2C300 1.5x"},"classes":[]},{"id":6067,"url":"https:\/\/www.atomcomics.net\/blog\/2013\/10\/16\/podcast-altamente-ilogico-11-continuidad-y-pedro-angosto\/","url_meta":{"origin":8383,"position":4},"title":"Podcast Altamente Il\u00f3gico 11: Continuidad y Pedro Angosto","author":"ATOM COMICS","date":"16, octubre, 2013","format":false,"excerpt":"Nos visita Pedro Angosto, se ve que le ca\u00edmos bien y repite. Contando con \u00e9l como experto comiquero hoy hablamos de continuidad, qu\u00e9 significa ese palabro, sirve para algo, alfa u omega del c\u00f3mic. Pero como nos va lo de pon\u00e9rselo complicado a los invitados y a los oyentes, pues\u2026","rel":"","context":"En \u00abPodcast\u00bb","block_context":{"text":"Podcast","link":"https:\/\/www.atomcomics.net\/blog\/category\/pod\/"},"img":{"alt_text":"superman-tumblr","src":"https:\/\/i0.wp.com\/www.atomcomics.net\/wp-content\/uploads\/superman-tumblr.gif?resize=350%2C200","width":350,"height":200},"classes":[]},{"id":286,"url":"https:\/\/www.atomcomics.net\/blog\/2006\/03\/27\/resena-el-caso-del-velo\/","url_meta":{"origin":8383,"position":5},"title":"Rese\u00f1a: El Caso del Velo","author":"ATOM COMICS","date":"27, marzo, 2006","format":false,"excerpt":"EL CASO DEL VELO Editorial: NORMAAutores: P\u00e9tillon \/ Ren\u00e9 Formato: Carton\u00e9 48 p\u00e1ginas Tama\u00f1o 17x23 cm Edici\u00f3n Original: \"L'affaire du Voile\" Precio: 11\u20ac \u00c9ste album es uno de esos raros casos en los que un comic salta a los medios no especializados de comunicaci\u00f3n, el motivo, su calidad pero mayormente,\u2026","rel":"","context":"En \u00abRese\u00f1as\u00bb","block_context":{"text":"Rese\u00f1as","link":"https:\/\/www.atomcomics.net\/blog\/category\/resenas\/"},"img":{"alt_text":"","src":"","width":0,"height":0},"classes":[]}],"jetpack_sharing_enabled":true,"_links":{"self":[{"href":"https:\/\/www.atomcomics.net\/blog\/wp-json\/wp\/v2\/posts\/8383","targetHints":{"allow":["GET"]}}],"collection":[{"href":"https:\/\/www.atomcomics.net\/blog\/wp-json\/wp\/v2\/posts"}],"about":[{"href":"https:\/\/www.atomcomics.net\/blog\/wp-json\/wp\/v2\/types\/post"}],"author":[{"embeddable":true,"href":"https:\/\/www.atomcomics.net\/blog\/wp-json\/wp\/v2\/users\/1"}],"replies":[{"embeddable":true,"href":"https:\/\/www.atomcomics.net\/blog\/wp-json\/wp\/v2\/comments?post=8383"}],"version-history":[{"count":3,"href":"https:\/\/www.atomcomics.net\/blog\/wp-json\/wp\/v2\/posts\/8383\/revisions"}],"predecessor-version":[{"id":8391,"href":"https:\/\/www.atomcomics.net\/blog\/wp-json\/wp\/v2\/posts\/8383\/revisions\/8391"}],"wp:featuredmedia":[{"embeddable":true,"href":"https:\/\/www.atomcomics.net\/blog\/wp-json\/wp\/v2\/media\/9921"}],"wp:attachment":[{"href":"https:\/\/www.atomcomics.net\/blog\/wp-json\/wp\/v2\/media?parent=8383"}],"wp:term":[{"taxonomy":"category","embeddable":true,"href":"https:\/\/www.atomcomics.net\/blog\/wp-json\/wp\/v2\/categories?post=8383"},{"taxonomy":"post_tag","embeddable":true,"href":"https:\/\/www.atomcomics.net\/blog\/wp-json\/wp\/v2\/tags?post=8383"}],"curies":[{"name":"wp","href":"https:\/\/api.w.org\/{rel}","templated":true}]}}