{"id":8400,"date":"2015-12-14T14:16:35","date_gmt":"2015-12-14T12:16:35","guid":{"rendered":"http:\/\/www.atomcomics.net\/?p=8400"},"modified":"2015-12-14T14:16:35","modified_gmt":"2015-12-14T12:16:35","slug":"bulldog-con-28-de-diciembre-en-atom-comics","status":"publish","type":"post","link":"https:\/\/www.atomcomics.net\/blog\/2015\/12\/14\/bulldog-con-28-de-diciembre-en-atom-comics\/","title":{"rendered":"Bulldog Con, 28 de Diciembre en Atom C\u00f3mics"},"content":{"rendered":"<p><a href=\"http:\/\/www.atomcomics.net\/2015\/12\/14\/bulldog-con-28-de-diciembre-en-atom-comics\/sjobgtqk\/\" rel=\"attachment wp-att-8401\"><img data-recalc-dims=\"1\" loading=\"lazy\" decoding=\"async\" data-attachment-id=\"8401\" data-permalink=\"https:\/\/www.atomcomics.net\/blog\/2015\/12\/14\/bulldog-con-28-de-diciembre-en-atom-comics\/sjobgtqk\/\" data-orig-file=\"https:\/\/i0.wp.com\/www.atomcomics.net\/blog\/wp-content\/uploads\/SjobgtqK.jpg?fit=678%2C960&amp;ssl=1\" data-orig-size=\"678,960\" data-comments-opened=\"0\" data-image-meta=\"{&quot;aperture&quot;:&quot;0&quot;,&quot;credit&quot;:&quot;&quot;,&quot;camera&quot;:&quot;&quot;,&quot;caption&quot;:&quot;&quot;,&quot;created_timestamp&quot;:&quot;0&quot;,&quot;copyright&quot;:&quot;&quot;,&quot;focal_length&quot;:&quot;0&quot;,&quot;iso&quot;:&quot;0&quot;,&quot;shutter_speed&quot;:&quot;0&quot;,&quot;title&quot;:&quot;&quot;,&quot;orientation&quot;:&quot;0&quot;}\" data-image-title=\"SjobgtqK\" data-image-description=\"\" data-image-caption=\"\" data-medium-file=\"https:\/\/i0.wp.com\/www.atomcomics.net\/blog\/wp-content\/uploads\/SjobgtqK.jpg?fit=678%2C960&amp;ssl=1\" data-large-file=\"https:\/\/i0.wp.com\/www.atomcomics.net\/blog\/wp-content\/uploads\/SjobgtqK.jpg?fit=678%2C960&amp;ssl=1\" class=\"aligncenter size-full wp-image-8401\" src=\"https:\/\/i0.wp.com\/www.atomcomics.net\/wp-content\/uploads\/SjobgtqK.jpg?resize=678%2C960\" alt=\"SjobgtqK\" width=\"678\" height=\"960\" srcset=\"https:\/\/i0.wp.com\/www.atomcomics.net\/blog\/wp-content\/uploads\/SjobgtqK.jpg?w=678&amp;ssl=1 678w, https:\/\/i0.wp.com\/www.atomcomics.net\/blog\/wp-content\/uploads\/SjobgtqK.jpg?resize=420%2C595&amp;ssl=1 420w\" sizes=\"auto, (max-width: 678px) 100vw, 678px\" \/><\/a><\/p>\n","protected":false},"excerpt":{"rendered":"","protected":false},"author":1,"featured_media":9921,"comment_status":"closed","ping_status":"open","sticky":false,"template":"","format":"standard","meta":{"jetpack_post_was_ever_published":false,"_jetpack_newsletter_access":"","_jetpack_dont_email_post_to_subs":false,"_jetpack_newsletter_tier_id":0,"_jetpack_memberships_contains_paywalled_content":false,"_jetpack_memberships_contains_paid_content":false,"footnotes":"","jetpack_publicize_message":"Bulldog Con el 28 de Diciembre en Atom C\u00f3mics","jetpack_publicize_feature_enabled":true,"jetpack_social_post_already_shared":true,"jetpack_social_options":{"image_generator_settings":{"template":"highway","default_image_id":0,"font":"","enabled":false},"version":2}},"categories":[6],"tags":[],"class_list":["post-8400","post","type-post","status-publish","format-standard","has-post-thumbnail","hentry","category-noticias"],"jetpack_publicize_connections":[],"jetpack_featured_media_url":"https:\/\/i0.wp.com\/www.atomcomics.net\/blog\/wp-content\/uploads\/logonegro.png?fit=473%2C191&ssl=1","jetpack_shortlink":"https:\/\/wp.me\/p53Ua-2bu","jetpack-related-posts":[{"id":8408,"url":"https:\/\/www.atomcomics.net\/blog\/2015\/12\/16\/bulldog-con-28-diciembre-con-jesus-hervas\/","url_meta":{"origin":8400,"position":0},"title":"Bulldog Con 28 Diciembre con Jes\u00fas Herv\u00e1s","author":"ATOM COMICS","date":"16, diciembre, 2015","format":false,"excerpt":"Nos congratula anunciar que el primer invitado a las Bulldog Con que se celebrar\u00e1 el d\u00eda 28 de Diciembre en Atom C\u00f3mics es: Jes\u00fas Herv\u00e1s \u00a0autor de\u00a0Diluvio Ya no existe tierra firme. Se ha convertido en agua. Un agua que lo ha sumergido todo bajo infatigables aguaceros. Bajo el diluvio.\u2026","rel":"","context":"En \u00abBulldog\u00bb","block_context":{"text":"Bulldog","link":"https:\/\/www.atomcomics.net\/blog\/category\/bulldog\/"},"img":{"alt_text":"CWSEid7WwAA5kwK","src":"https:\/\/i0.wp.com\/www.atomcomics.net\/wp-content\/uploads\/CWSEid7WwAA5kwK.jpg?resize=350%2C200","width":350,"height":200},"classes":[]},{"id":8419,"url":"https:\/\/www.atomcomics.net\/blog\/2015\/12\/17\/bulldog-con-28-diciembre-con-edu-ocana\/","url_meta":{"origin":8400,"position":1},"title":"BULLDOG CON 28 DICIEMBRE CON EDU OCA\u00d1A","author":"ATOM COMICS","date":"17, diciembre, 2015","format":false,"excerpt":"Anunciamos llenos de orgullo\u00a0otro\u00a0invitado a la\u00a0Bulldog Con\u00a0que se celebrar\u00e1 el d\u00eda 28 de Diciembre en Atom C\u00f3mics, se trata de: Edu Oca\u00f1a autor de Los cuadernos de Darwin En 1859, El origen de las especies de Charles Darwin sacudi\u00f3 los cimientos de la moral de la sociedad victoriana. Pero cuando\u2026","rel":"","context":"En \u00abBulldog\u00bb","block_context":{"text":"Bulldog","link":"https:\/\/www.atomcomics.net\/blog\/category\/bulldog\/"},"img":{"alt_text":"CWW1aExWIAQ8Llf (1)","src":"https:\/\/i0.wp.com\/www.atomcomics.net\/wp-content\/uploads\/CWW1aExWIAQ8Llf-1.jpg?resize=350%2C200","width":350,"height":200},"classes":[]},{"id":8454,"url":"https:\/\/www.atomcomics.net\/blog\/2015\/12\/26\/bulldog-con-lunes-28-17-30h-atom-comics\/","url_meta":{"origin":8400,"position":2},"title":"Bulldog Con &#8211; Lunes 28 &#8211; 17.30h &#8211; Atom C\u00f3mics","author":"ATOM COMICS","date":"26, diciembre, 2015","format":false,"excerpt":"El pr\u00f3ximo lunes 28 de diciembre se celebrar\u00e1 la tercera Bulldog Con (la primera se celebr\u00f3\u00a0en M\u00f3stoles en agosto y la segunda en Sabadell y Terrassa el pasado mes de noviembre). Ahora volvemos a Madrid, celebraremos esta edici\u00f3n en Atom C\u00f3mics (Calle Fuencarral 134,\u00a0entrada por Alburquerque). La entrada, como siempre,\u2026","rel":"","context":"En \u00abBulldog\u00bb","block_context":{"text":"Bulldog","link":"https:\/\/www.atomcomics.net\/blog\/category\/bulldog\/"},"img":{"alt_text":"SjobgtqK","src":"https:\/\/i0.wp.com\/www.atomcomics.net\/wp-content\/uploads\/SjobgtqK.jpg?resize=350%2C200","width":350,"height":200},"classes":[]},{"id":8464,"url":"https:\/\/www.atomcomics.net\/blog\/2015\/12\/30\/altamente-ilogico-21-bulldog-con-2015\/","url_meta":{"origin":8400,"position":3},"title":"Altamente Il\u00f3gico 21: Bulldog Con 2015","author":"ATOM COMICS","date":"30, diciembre, 2015","format":false,"excerpt":"Programa muy especial ya que se trata de la charla que se mantuvo en Atom C\u00f3mics el 28 de diciembre de 2015 con motivo de la Bulldog Con. Josep Busquet modera y participa en \u201cTu a Bruselas y yo a California 2\u201d, una mesa redonda donde se habl\u00f3 de las\u2026","rel":"","context":"En \u00abBulldog\u00bb","block_context":{"text":"Bulldog","link":"https:\/\/www.atomcomics.net\/blog\/category\/bulldog\/"},"img":{"alt_text":"","src":"","width":0,"height":0},"classes":[]},{"id":8439,"url":"https:\/\/www.atomcomics.net\/blog\/2015\/12\/21\/bulldog-con-28-diciembre-con-alberto-jimenez-alburquerque\/","url_meta":{"origin":8400,"position":4},"title":"BULLDOG CON 28 DICIEMBRE CON ALBERTO JIMENEZ ALBURQUERQUE","author":"ATOM COMICS","date":"21, diciembre, 2015","format":false,"excerpt":"Y m\u00e1s firmas en la\u00a0Bulldog Con\u00a0del d\u00eda 28 de Diciembre con: Alberto Jimenez Alburquerque autor de: Carta 44 Es el primer d\u00eda de Stephen Blades como presidente de los Estados Unidos de Am\u00e9rica y hay mucho trabajo por hacer: crisis econ\u00f3mica, guerras en marcha y un sistema sanitario a punto\u2026","rel":"","context":"En \u00abBulldog\u00bb","block_context":{"text":"Bulldog","link":"https:\/\/www.atomcomics.net\/blog\/category\/bulldog\/"},"img":{"alt_text":"CWZ-BE6WIAAMypR","src":"https:\/\/i0.wp.com\/www.atomcomics.net\/wp-content\/uploads\/CWZ-BE6WIAAMypR-744x941.jpg?resize=350%2C200","width":350,"height":200},"classes":[]},{"id":14218,"url":"https:\/\/www.atomcomics.net\/blog\/2022\/11\/28\/ninjamal-en-atom-comics-10-de-diciembre\/","url_meta":{"origin":8400,"position":5},"title":"Ninjamal en Atom C\u00f3mics &#8211; 10 de diciembre","author":"ATOM COMICS","date":"28, noviembre, 2022","format":false,"excerpt":"Foster Ediciones y Atom C\u00f3mics os invitan a la presentaci\u00f3n de Ninjamal, el nuevo c\u00f3mic de Jorge Gonz\u00e1lez de Castro. Esperamos veros el s\u00e1bado 10 de diciembre a las 12.45h, s\u00ed de ma\u00f1ana, en Atom C\u00f3mics c\/ Fuencarral 134 (entrada por Alburquerque).\u00a0 Charla, dibujo, firmas... y quiz\u00e1s luego todos nos\u2026","rel":"","context":"En \u00abNoticias\u00bb","block_context":{"text":"Noticias","link":"https:\/\/www.atomcomics.net\/blog\/category\/noticias\/"},"img":{"alt_text":"","src":"https:\/\/i0.wp.com\/www.atomcomics.net\/blog\/wp-content\/uploads\/pagina_ninjamal-2.jpg?fit=1080%2C1080&ssl=1&resize=350%2C200","width":350,"height":200,"srcset":"https:\/\/i0.wp.com\/www.atomcomics.net\/blog\/wp-content\/uploads\/pagina_ninjamal-2.jpg?fit=1080%2C1080&ssl=1&resize=350%2C200 1x, https:\/\/i0.wp.com\/www.atomcomics.net\/blog\/wp-content\/uploads\/pagina_ninjamal-2.jpg?fit=1080%2C1080&ssl=1&resize=525%2C300 1.5x, https:\/\/i0.wp.com\/www.atomcomics.net\/blog\/wp-content\/uploads\/pagina_ninjamal-2.jpg?fit=1080%2C1080&ssl=1&resize=700%2C400 2x, https:\/\/i0.wp.com\/www.atomcomics.net\/blog\/wp-content\/uploads\/pagina_ninjamal-2.jpg?fit=1080%2C1080&ssl=1&resize=1050%2C600 3x"},"classes":[]}],"jetpack_sharing_enabled":true,"_links":{"self":[{"href":"https:\/\/www.atomcomics.net\/blog\/wp-json\/wp\/v2\/posts\/8400","targetHints":{"allow":["GET"]}}],"collection":[{"href":"https:\/\/www.atomcomics.net\/blog\/wp-json\/wp\/v2\/posts"}],"about":[{"href":"https:\/\/www.atomcomics.net\/blog\/wp-json\/wp\/v2\/types\/post"}],"author":[{"embeddable":true,"href":"https:\/\/www.atomcomics.net\/blog\/wp-json\/wp\/v2\/users\/1"}],"replies":[{"embeddable":true,"href":"https:\/\/www.atomcomics.net\/blog\/wp-json\/wp\/v2\/comments?post=8400"}],"version-history":[{"count":2,"href":"https:\/\/www.atomcomics.net\/blog\/wp-json\/wp\/v2\/posts\/8400\/revisions"}],"predecessor-version":[{"id":8403,"href":"https:\/\/www.atomcomics.net\/blog\/wp-json\/wp\/v2\/posts\/8400\/revisions\/8403"}],"wp:featuredmedia":[{"embeddable":true,"href":"https:\/\/www.atomcomics.net\/blog\/wp-json\/wp\/v2\/media\/9921"}],"wp:attachment":[{"href":"https:\/\/www.atomcomics.net\/blog\/wp-json\/wp\/v2\/media?parent=8400"}],"wp:term":[{"taxonomy":"category","embeddable":true,"href":"https:\/\/www.atomcomics.net\/blog\/wp-json\/wp\/v2\/categories?post=8400"},{"taxonomy":"post_tag","embeddable":true,"href":"https:\/\/www.atomcomics.net\/blog\/wp-json\/wp\/v2\/tags?post=8400"}],"curies":[{"name":"wp","href":"https:\/\/api.w.org\/{rel}","templated":true}]}}