{"id":8408,"date":"2015-12-16T12:11:16","date_gmt":"2015-12-16T10:11:16","guid":{"rendered":"http:\/\/www.atomcomics.net\/?p=8408"},"modified":"2015-12-16T12:11:16","modified_gmt":"2015-12-16T10:11:16","slug":"bulldog-con-28-diciembre-con-jesus-hervas","status":"publish","type":"post","link":"https:\/\/www.atomcomics.net\/blog\/2015\/12\/16\/bulldog-con-28-diciembre-con-jesus-hervas\/","title":{"rendered":"Bulldog Con 28 Diciembre con Jes\u00fas Herv\u00e1s"},"content":{"rendered":"<p>Nos congratula anunciar que el primer invitado a las <span style=\"text-decoration: underline;\"><strong><a href=\"http:\/\/www.atomcomics.net\/2015\/12\/14\/bulldog-con-28-de-diciembre-en-atom-comics\/\">Bulldog Con<\/a><\/strong><\/span> que se celebrar\u00e1 el d\u00eda 28 de Diciembre en Atom C\u00f3mics es:<\/p>\n<h2 style=\"text-align: center;\"><span style=\"text-decoration: underline;\"><strong>Jes\u00fas Herv\u00e1s<\/strong><\/span><a href=\"http:\/\/www.atomcomics.net\/2015\/12\/16\/bulldog-con-28-diciembre-con-jesus-hervas\/cwseid7wwaa5kwk\/\" rel=\"attachment wp-att-8409\"><img data-recalc-dims=\"1\" loading=\"lazy\" decoding=\"async\" data-attachment-id=\"8409\" data-permalink=\"https:\/\/www.atomcomics.net\/blog\/2015\/12\/16\/bulldog-con-28-diciembre-con-jesus-hervas\/cwseid7wwaa5kwk\/\" data-orig-file=\"https:\/\/i0.wp.com\/www.atomcomics.net\/blog\/wp-content\/uploads\/CWSEid7WwAA5kwK.jpg?fit=600%2C448&amp;ssl=1\" data-orig-size=\"600,448\" data-comments-opened=\"0\" data-image-meta=\"{&quot;aperture&quot;:&quot;0&quot;,&quot;credit&quot;:&quot;&quot;,&quot;camera&quot;:&quot;&quot;,&quot;caption&quot;:&quot;&quot;,&quot;created_timestamp&quot;:&quot;0&quot;,&quot;copyright&quot;:&quot;&quot;,&quot;focal_length&quot;:&quot;0&quot;,&quot;iso&quot;:&quot;0&quot;,&quot;shutter_speed&quot;:&quot;0&quot;,&quot;title&quot;:&quot;&quot;,&quot;orientation&quot;:&quot;0&quot;}\" data-image-title=\"CWSEid7WwAA5kwK\" data-image-description=\"\" data-image-caption=\"\" data-medium-file=\"https:\/\/i0.wp.com\/www.atomcomics.net\/blog\/wp-content\/uploads\/CWSEid7WwAA5kwK.jpg?fit=600%2C448&amp;ssl=1\" data-large-file=\"https:\/\/i0.wp.com\/www.atomcomics.net\/blog\/wp-content\/uploads\/CWSEid7WwAA5kwK.jpg?fit=600%2C448&amp;ssl=1\" class=\"wp-image-8409 aligncenter\" src=\"https:\/\/i0.wp.com\/www.atomcomics.net\/wp-content\/uploads\/CWSEid7WwAA5kwK.jpg?resize=376%2C281\" alt=\"CWSEid7WwAA5kwK\" width=\"376\" height=\"281\" srcset=\"https:\/\/i0.wp.com\/www.atomcomics.net\/blog\/wp-content\/uploads\/CWSEid7WwAA5kwK.jpg?w=600&amp;ssl=1 600w, https:\/\/i0.wp.com\/www.atomcomics.net\/blog\/wp-content\/uploads\/CWSEid7WwAA5kwK.jpg?resize=420%2C314&amp;ssl=1 420w\" sizes=\"auto, (max-width: 376px) 100vw, 376px\" \/><\/a><\/h2>\n<p style=\"text-align: center;\">\u00a0autor de\u00a0<span style=\"text-decoration: underline;\"><strong><a href=\"http:\/\/www.comicalia.com\/bd-nueva-ola\/17295-diluvio-edicion-integral-9788467918984.html\">Diluvio<\/a><\/strong><\/span><\/p>\n<p><a href=\"http:\/\/www.comicalia.com\/bd-nueva-ola\/17295-diluvio-edicion-integral-9788467918984.html\"><img data-recalc-dims=\"1\" loading=\"lazy\" decoding=\"async\" class=\"alignleft\" src=\"https:\/\/i0.wp.com\/www.comicalia.com\/18153-large\/diluvio-edicion-integral.jpg?resize=300%2C300\" alt=\"\" width=\"300\" height=\"300\" \/><\/a><\/p>\n<blockquote><p>Ya no existe tierra firme. Se ha convertido en agua. Un agua que lo ha sumergido todo bajo infatigables aguaceros. Bajo el diluvio.<\/p>\n<p>El guionista franc\u00e9s Nicolas Pona y el dibujante y colorista espa\u00f1ol Jes\u00fas Herv\u00e1s conciben esta obra de ciencia ficci\u00f3n dist\u00f3pica en la que una clon y un mutante solitario\u00a0protagonizan una aventura de proporciones \u00e9picas y una inesperada historia de amor.<\/p><\/blockquote>\n","protected":false},"excerpt":{"rendered":"<p>Nos congratula anunciar que el primer invitado a las Bulldog Con que se celebrar\u00e1 el d\u00eda 28 de Diciembre en Atom C\u00f3mics es: Jes\u00fas Herv\u00e1s \u00a0autor de\u00a0Diluvio Ya no existe tierra firme. Se ha convertido&hellip; <a class=\"read-more-link\" href=\"https:\/\/www.atomcomics.net\/blog\/2015\/12\/16\/bulldog-con-28-diciembre-con-jesus-hervas\/\">(seguir leyendo)<\/a><\/p>\n","protected":false},"author":1,"featured_media":9921,"comment_status":"closed","ping_status":"open","sticky":false,"template":"","format":"standard","meta":{"jetpack_post_was_ever_published":false,"_jetpack_newsletter_access":"","_jetpack_dont_email_post_to_subs":false,"_jetpack_newsletter_tier_id":0,"_jetpack_memberships_contains_paywalled_content":false,"_jetpack_memberships_contains_paid_content":false,"footnotes":"","jetpack_publicize_message":"Bulldog Con 28 Diciembre con Jes\u00fas Herv\u00e1s","jetpack_publicize_feature_enabled":true,"jetpack_social_post_already_shared":true,"jetpack_social_options":{"image_generator_settings":{"template":"highway","default_image_id":0,"font":"","enabled":false},"version":2}},"categories":[287],"tags":[],"class_list":["post-8408","post","type-post","status-publish","format-standard","has-post-thumbnail","hentry","category-bulldog"],"jetpack_publicize_connections":[],"jetpack_featured_media_url":"https:\/\/i0.wp.com\/www.atomcomics.net\/blog\/wp-content\/uploads\/logonegro.png?fit=473%2C191&ssl=1","jetpack_shortlink":"https:\/\/wp.me\/p53Ua-2bC","jetpack-related-posts":[{"id":8464,"url":"https:\/\/www.atomcomics.net\/blog\/2015\/12\/30\/altamente-ilogico-21-bulldog-con-2015\/","url_meta":{"origin":8408,"position":0},"title":"Altamente Il\u00f3gico 21: Bulldog Con 2015","author":"ATOM COMICS","date":"30, diciembre, 2015","format":false,"excerpt":"Programa muy especial ya que se trata de la charla que se mantuvo en Atom C\u00f3mics el 28 de diciembre de 2015 con motivo de la Bulldog Con. Josep Busquet modera y participa en \u201cTu a Bruselas y yo a California 2\u201d, una mesa redonda donde se habl\u00f3 de las\u2026","rel":"","context":"En \u00abBulldog\u00bb","block_context":{"text":"Bulldog","link":"https:\/\/www.atomcomics.net\/blog\/category\/bulldog\/"},"img":{"alt_text":"","src":"","width":0,"height":0},"classes":[]},{"id":8454,"url":"https:\/\/www.atomcomics.net\/blog\/2015\/12\/26\/bulldog-con-lunes-28-17-30h-atom-comics\/","url_meta":{"origin":8408,"position":1},"title":"Bulldog Con &#8211; Lunes 28 &#8211; 17.30h &#8211; Atom C\u00f3mics","author":"ATOM COMICS","date":"26, diciembre, 2015","format":false,"excerpt":"El pr\u00f3ximo lunes 28 de diciembre se celebrar\u00e1 la tercera Bulldog Con (la primera se celebr\u00f3\u00a0en M\u00f3stoles en agosto y la segunda en Sabadell y Terrassa el pasado mes de noviembre). Ahora volvemos a Madrid, celebraremos esta edici\u00f3n en Atom C\u00f3mics (Calle Fuencarral 134,\u00a0entrada por Alburquerque). La entrada, como siempre,\u2026","rel":"","context":"En \u00abBulldog\u00bb","block_context":{"text":"Bulldog","link":"https:\/\/www.atomcomics.net\/blog\/category\/bulldog\/"},"img":{"alt_text":"SjobgtqK","src":"https:\/\/i0.wp.com\/www.atomcomics.net\/wp-content\/uploads\/SjobgtqK.jpg?resize=350%2C200","width":350,"height":200},"classes":[]},{"id":8400,"url":"https:\/\/www.atomcomics.net\/blog\/2015\/12\/14\/bulldog-con-28-de-diciembre-en-atom-comics\/","url_meta":{"origin":8408,"position":2},"title":"Bulldog Con, 28 de Diciembre en Atom C\u00f3mics","author":"ATOM COMICS","date":"14, diciembre, 2015","format":false,"excerpt":"","rel":"","context":"En \u00abNoticias\u00bb","block_context":{"text":"Noticias","link":"https:\/\/www.atomcomics.net\/blog\/category\/noticias\/"},"img":{"alt_text":"SjobgtqK","src":"https:\/\/i0.wp.com\/www.atomcomics.net\/wp-content\/uploads\/SjobgtqK.jpg?resize=350%2C200","width":350,"height":200,"srcset":"https:\/\/i0.wp.com\/www.atomcomics.net\/wp-content\/uploads\/SjobgtqK.jpg?resize=350%2C200 1x, https:\/\/i0.wp.com\/www.atomcomics.net\/wp-content\/uploads\/SjobgtqK.jpg?resize=525%2C300 1.5x"},"classes":[]},{"id":8419,"url":"https:\/\/www.atomcomics.net\/blog\/2015\/12\/17\/bulldog-con-28-diciembre-con-edu-ocana\/","url_meta":{"origin":8408,"position":3},"title":"BULLDOG CON 28 DICIEMBRE CON EDU OCA\u00d1A","author":"ATOM COMICS","date":"17, diciembre, 2015","format":false,"excerpt":"Anunciamos llenos de orgullo\u00a0otro\u00a0invitado a la\u00a0Bulldog Con\u00a0que se celebrar\u00e1 el d\u00eda 28 de Diciembre en Atom C\u00f3mics, se trata de: Edu Oca\u00f1a autor de Los cuadernos de Darwin En 1859, El origen de las especies de Charles Darwin sacudi\u00f3 los cimientos de la moral de la sociedad victoriana. Pero cuando\u2026","rel":"","context":"En \u00abBulldog\u00bb","block_context":{"text":"Bulldog","link":"https:\/\/www.atomcomics.net\/blog\/category\/bulldog\/"},"img":{"alt_text":"CWW1aExWIAQ8Llf (1)","src":"https:\/\/i0.wp.com\/www.atomcomics.net\/wp-content\/uploads\/CWW1aExWIAQ8Llf-1.jpg?resize=350%2C200","width":350,"height":200},"classes":[]},{"id":8439,"url":"https:\/\/www.atomcomics.net\/blog\/2015\/12\/21\/bulldog-con-28-diciembre-con-alberto-jimenez-alburquerque\/","url_meta":{"origin":8408,"position":4},"title":"BULLDOG CON 28 DICIEMBRE CON ALBERTO JIMENEZ ALBURQUERQUE","author":"ATOM COMICS","date":"21, diciembre, 2015","format":false,"excerpt":"Y m\u00e1s firmas en la\u00a0Bulldog Con\u00a0del d\u00eda 28 de Diciembre con: Alberto Jimenez Alburquerque autor de: Carta 44 Es el primer d\u00eda de Stephen Blades como presidente de los Estados Unidos de Am\u00e9rica y hay mucho trabajo por hacer: crisis econ\u00f3mica, guerras en marcha y un sistema sanitario a punto\u2026","rel":"","context":"En \u00abBulldog\u00bb","block_context":{"text":"Bulldog","link":"https:\/\/www.atomcomics.net\/blog\/category\/bulldog\/"},"img":{"alt_text":"CWZ-BE6WIAAMypR","src":"https:\/\/i0.wp.com\/www.atomcomics.net\/wp-content\/uploads\/CWZ-BE6WIAAMypR-744x941.jpg?resize=350%2C200","width":350,"height":200},"classes":[]},{"id":8046,"url":"https:\/\/www.atomcomics.net\/blog\/2015\/07\/27\/altamente-ilogico-20-confesiones-de-un-guionista-junto-a-josep-busquet\/","url_meta":{"origin":8408,"position":5},"title":"Altamente Il\u00f3gico 20: Confesiones de un guionista junto a Josep Busquet","author":"ATOM COMICS","date":"27, julio, 2015","format":false,"excerpt":"Los secretos de guionista quedar\u00e1n al final expuestos en este podcast. Sometemos a Josep Busquet a la tortura de nuestras (y vuestras) preguntas. Javi Gonz\u00e1lez (Suxinsu) y Dani el librero preguntan al autor de Fargons & Gorgons, La \u00faltima aventura, Le petit bulldog, La revoluci\u00f3n de los pinceles y tantos\u2026","rel":"","context":"En \u00abPodcast\u00bb","block_context":{"text":"Podcast","link":"https:\/\/www.atomcomics.net\/blog\/category\/pod\/"},"img":{"alt_text":"","src":"","width":0,"height":0},"classes":[]}],"jetpack_sharing_enabled":true,"_links":{"self":[{"href":"https:\/\/www.atomcomics.net\/blog\/wp-json\/wp\/v2\/posts\/8408","targetHints":{"allow":["GET"]}}],"collection":[{"href":"https:\/\/www.atomcomics.net\/blog\/wp-json\/wp\/v2\/posts"}],"about":[{"href":"https:\/\/www.atomcomics.net\/blog\/wp-json\/wp\/v2\/types\/post"}],"author":[{"embeddable":true,"href":"https:\/\/www.atomcomics.net\/blog\/wp-json\/wp\/v2\/users\/1"}],"replies":[{"embeddable":true,"href":"https:\/\/www.atomcomics.net\/blog\/wp-json\/wp\/v2\/comments?post=8408"}],"version-history":[{"count":7,"href":"https:\/\/www.atomcomics.net\/blog\/wp-json\/wp\/v2\/posts\/8408\/revisions"}],"predecessor-version":[{"id":8416,"href":"https:\/\/www.atomcomics.net\/blog\/wp-json\/wp\/v2\/posts\/8408\/revisions\/8416"}],"wp:featuredmedia":[{"embeddable":true,"href":"https:\/\/www.atomcomics.net\/blog\/wp-json\/wp\/v2\/media\/9921"}],"wp:attachment":[{"href":"https:\/\/www.atomcomics.net\/blog\/wp-json\/wp\/v2\/media?parent=8408"}],"wp:term":[{"taxonomy":"category","embeddable":true,"href":"https:\/\/www.atomcomics.net\/blog\/wp-json\/wp\/v2\/categories?post=8408"},{"taxonomy":"post_tag","embeddable":true,"href":"https:\/\/www.atomcomics.net\/blog\/wp-json\/wp\/v2\/tags?post=8408"}],"curies":[{"name":"wp","href":"https:\/\/api.w.org\/{rel}","templated":true}]}}