{"id":8454,"date":"2015-12-26T20:35:32","date_gmt":"2015-12-26T18:35:32","guid":{"rendered":"http:\/\/www.atomcomics.net\/?p=8454"},"modified":"2015-12-26T20:35:32","modified_gmt":"2015-12-26T18:35:32","slug":"bulldog-con-lunes-28-17-30h-atom-comics","status":"publish","type":"post","link":"https:\/\/www.atomcomics.net\/blog\/2015\/12\/26\/bulldog-con-lunes-28-17-30h-atom-comics\/","title":{"rendered":"Bulldog Con &#8211; Lunes 28 &#8211; 17.30h &#8211; Atom C\u00f3mics"},"content":{"rendered":"<p>El pr\u00f3ximo<span style=\"text-decoration: underline;\"> lunes 28 de diciembre<\/span> se celebrar\u00e1 la tercera <span style=\"text-decoration: underline;\"><strong>Bulldog Con<\/strong><\/span> (la primera se celebr\u00f3\u00a0en M\u00f3stoles en agosto y la segunda en Sabadell y Terrassa el pasado mes de noviembre).<\/p>\n<p>Ahora volvemos a Madrid, celebraremos esta edici\u00f3n en Atom C\u00f3mics (Calle Fuencarral 134,\u00a0entrada por Alburquerque). La entrada, como siempre, es completamente GRATUITA<\/p>\n<p>(\u00a1Guardad vuestro dinero para comprar c\u00f3mics!)<a href=\"http:\/\/www.atomcomics.net\/2015\/12\/14\/bulldog-con-28-de-diciembre-en-atom-comics\/sjobgtqk\/\" rel=\"attachment wp-att-8401\"><img data-recalc-dims=\"1\" loading=\"lazy\" decoding=\"async\" data-attachment-id=\"8401\" data-permalink=\"https:\/\/www.atomcomics.net\/blog\/2015\/12\/14\/bulldog-con-28-de-diciembre-en-atom-comics\/sjobgtqk\/\" data-orig-file=\"https:\/\/i0.wp.com\/www.atomcomics.net\/blog\/wp-content\/uploads\/SjobgtqK.jpg?fit=678%2C960&amp;ssl=1\" data-orig-size=\"678,960\" data-comments-opened=\"0\" data-image-meta=\"{&quot;aperture&quot;:&quot;0&quot;,&quot;credit&quot;:&quot;&quot;,&quot;camera&quot;:&quot;&quot;,&quot;caption&quot;:&quot;&quot;,&quot;created_timestamp&quot;:&quot;0&quot;,&quot;copyright&quot;:&quot;&quot;,&quot;focal_length&quot;:&quot;0&quot;,&quot;iso&quot;:&quot;0&quot;,&quot;shutter_speed&quot;:&quot;0&quot;,&quot;title&quot;:&quot;&quot;,&quot;orientation&quot;:&quot;0&quot;}\" data-image-title=\"SjobgtqK\" data-image-description=\"\" data-image-caption=\"\" data-medium-file=\"https:\/\/i0.wp.com\/www.atomcomics.net\/blog\/wp-content\/uploads\/SjobgtqK.jpg?fit=678%2C960&amp;ssl=1\" data-large-file=\"https:\/\/i0.wp.com\/www.atomcomics.net\/blog\/wp-content\/uploads\/SjobgtqK.jpg?fit=678%2C960&amp;ssl=1\" class=\"aligncenter  wp-image-8401\" src=\"https:\/\/i0.wp.com\/www.atomcomics.net\/wp-content\/uploads\/SjobgtqK.jpg?resize=349%2C494\" alt=\"SjobgtqK\" width=\"349\" height=\"494\" srcset=\"https:\/\/i0.wp.com\/www.atomcomics.net\/blog\/wp-content\/uploads\/SjobgtqK.jpg?w=678&amp;ssl=1 678w, https:\/\/i0.wp.com\/www.atomcomics.net\/blog\/wp-content\/uploads\/SjobgtqK.jpg?resize=420%2C595&amp;ssl=1 420w\" sizes=\"auto, (max-width: 349px) 100vw, 349px\" \/><\/a><\/p>\n<p><span style=\"text-decoration: underline;\">Pero&#8230;\u00bfQu\u00e9 es una Bulldog Con?<\/span><\/p>\n<p>Como a <strong>Josep Busquet<\/strong> no le invitaban a salones, decidi\u00f3 montarse su sal\u00f3n con sus\u00a0dibujantes y amigos que pudieran venir a presentar sus obras. Como no era plan de llamarlo\u00a0Busquet Con, decidi\u00f3 llamarlo Bulldog Con.<\/p>\n<p>En una Bulldog Con se puede encontrar todo lo que uno quiere ver en un Sal\u00f3n: <span style=\"text-decoration: underline;\">Firmas de\u00a0autores, charlas, mesas redondas, presentaci\u00f3n de nuevos c\u00f3mics o anuncios de varios\u00a0proyectos<\/span>.<\/p>\n<p>En esta edici\u00f3n contaremos con la presencia de tres grandes autores: <strong>Jes\u00fas Herv\u00e1s<\/strong> (<em><a href=\"http:\/\/www.comicalia.com\/bd-nueva-ola\/17295-diluvio-edicion-integral-9788467918984.html\">Diluvio<\/a>,\u00a0Hellraiser, Sons of Anarchy<\/em>), <strong>Edu Oca\u00f1a<\/strong> (<em><a href=\"http:\/\/www.comicalia.com\/bd-aventura\/15358-los-cuadernos-de-darwin-obra-completa-9788494325977.html\">Los cuadernos de Darwin<\/a>, Histoires de France<\/em>) y\u00a0<strong>Alberto Jim\u00e9nez Alburquerque<\/strong> (<em>Ella, <a href=\"http:\/\/www.comicalia.com\/fantasia-otros-mundos\/17292-la-carta-44-1-velocidad-de-escape-9788467919196.html\">La Carta 44<\/a><\/em>)<br \/>\n<img data-recalc-dims=\"1\" loading=\"lazy\" decoding=\"async\" data-attachment-id=\"8455\" data-permalink=\"https:\/\/www.atomcomics.net\/blog\/2015\/12\/26\/bulldog-con-lunes-28-17-30h-atom-comics\/los-cuadernos-de-darwin-obra-completa\/\" data-orig-file=\"https:\/\/i0.wp.com\/www.atomcomics.net\/blog\/wp-content\/uploads\/los-cuadernos-de-darwin-obra-completa.jpg?fit=300%2C300&amp;ssl=1\" data-orig-size=\"300,300\" data-comments-opened=\"0\" data-image-meta=\"{&quot;aperture&quot;:&quot;0&quot;,&quot;credit&quot;:&quot;&quot;,&quot;camera&quot;:&quot;&quot;,&quot;caption&quot;:&quot;&quot;,&quot;created_timestamp&quot;:&quot;0&quot;,&quot;copyright&quot;:&quot;&quot;,&quot;focal_length&quot;:&quot;0&quot;,&quot;iso&quot;:&quot;0&quot;,&quot;shutter_speed&quot;:&quot;0&quot;,&quot;title&quot;:&quot;&quot;,&quot;orientation&quot;:&quot;0&quot;}\" data-image-title=\"los-cuadernos-de-darwin-obra-completa\" data-image-description=\"\" data-image-caption=\"\" data-medium-file=\"https:\/\/i0.wp.com\/www.atomcomics.net\/blog\/wp-content\/uploads\/los-cuadernos-de-darwin-obra-completa.jpg?fit=300%2C300&amp;ssl=1\" data-large-file=\"https:\/\/i0.wp.com\/www.atomcomics.net\/blog\/wp-content\/uploads\/los-cuadernos-de-darwin-obra-completa.jpg?fit=300%2C300&amp;ssl=1\" class=\" wp-image-8455 alignnone\" src=\"https:\/\/i0.wp.com\/www.atomcomics.net\/wp-content\/uploads\/los-cuadernos-de-darwin-obra-completa.jpg?resize=175%2C175\" alt=\"los-cuadernos-de-darwin-obra-completa\" width=\"175\" height=\"175\" \/><img data-recalc-dims=\"1\" loading=\"lazy\" decoding=\"async\" class=\"alignnone\" src=\"https:\/\/i0.wp.com\/www.comicalia.com\/18153-large\/diluvio-edicion-integral.jpg?resize=132%2C132\" alt=\"\" width=\"132\" height=\"132\" \/><img data-recalc-dims=\"1\" loading=\"lazy\" decoding=\"async\" class=\"alignnone\" src=\"https:\/\/i0.wp.com\/www.comicalia.com\/18159-large\/la-carta-44-1-velocidad-de-escape.jpg?resize=134%2C134\" alt=\"\" width=\"134\" height=\"134\" \/><a href=\"http:\/\/www.atomcomics.net\/2015\/12\/26\/bulldog-con-lunes-28-17-30h-atom-comics\/los-cuadernos-de-darwin-obra-completa\/\" rel=\"attachment wp-att-8455\"><br \/>\n<\/a>Todos ellos participaran, con Josep Busquet moderando, en la charla <strong><em>\u00abTu a Bruselas y yo a\u00a0California 2\u00bb<\/em><\/strong>, una mesa redonda donde hablaremos de las diferencias de trabajar para el\u00a0mercado norteamericano y el europeo. La primera parte ya la hicimos en Sabadell con Efa y\u00a0Francis Portela y fue todo un \u00e9xito, se qued\u00f3 la cosa corta as\u00ed que hemos decidido repetirla\u00a0con nuevos invitados.<\/p>\n<p>Como siempre, las Bulldog Con son as\u00ed, es posible que incorporemos m\u00e1s autores y cosas de\u00a0\u00faltima hora de la que os informaremos como es debido.<\/p>\n<p>\u00a1Os esperamos a todos!<\/p>\n","protected":false},"excerpt":{"rendered":"<p>El pr\u00f3ximo lunes 28 de diciembre se celebrar\u00e1 la tercera Bulldog Con (la primera se celebr\u00f3\u00a0en M\u00f3stoles en agosto y la segunda en Sabadell y Terrassa el pasado mes de noviembre). Ahora volvemos a Madrid,&hellip; <a class=\"read-more-link\" href=\"https:\/\/www.atomcomics.net\/blog\/2015\/12\/26\/bulldog-con-lunes-28-17-30h-atom-comics\/\">(seguir leyendo)<\/a><\/p>\n","protected":false},"author":1,"featured_media":9921,"comment_status":"closed","ping_status":"open","sticky":false,"template":"","format":"standard","meta":{"jetpack_post_was_ever_published":false,"_jetpack_newsletter_access":"","_jetpack_dont_email_post_to_subs":false,"_jetpack_newsletter_tier_id":0,"_jetpack_memberships_contains_paywalled_content":false,"_jetpack_memberships_contains_paid_content":false,"footnotes":"","jetpack_publicize_message":"Bulldog Con - Lunes 28 - 17.30h - Atom C\u00f3mics","jetpack_publicize_feature_enabled":true,"jetpack_social_post_already_shared":true,"jetpack_social_options":{"image_generator_settings":{"template":"highway","default_image_id":0,"font":"","enabled":false},"version":2}},"categories":[287],"tags":[],"class_list":["post-8454","post","type-post","status-publish","format-standard","has-post-thumbnail","hentry","category-bulldog"],"jetpack_publicize_connections":[],"jetpack_featured_media_url":"https:\/\/i0.wp.com\/www.atomcomics.net\/blog\/wp-content\/uploads\/logonegro.png?fit=473%2C191&ssl=1","jetpack_shortlink":"https:\/\/wp.me\/p53Ua-2cm","jetpack-related-posts":[{"id":8464,"url":"https:\/\/www.atomcomics.net\/blog\/2015\/12\/30\/altamente-ilogico-21-bulldog-con-2015\/","url_meta":{"origin":8454,"position":0},"title":"Altamente Il\u00f3gico 21: Bulldog Con 2015","author":"ATOM COMICS","date":"30, diciembre, 2015","format":false,"excerpt":"Programa muy especial ya que se trata de la charla que se mantuvo en Atom C\u00f3mics el 28 de diciembre de 2015 con motivo de la Bulldog Con. Josep Busquet modera y participa en \u201cTu a Bruselas y yo a California 2\u201d, una mesa redonda donde se habl\u00f3 de las\u2026","rel":"","context":"En \u00abBulldog\u00bb","block_context":{"text":"Bulldog","link":"https:\/\/www.atomcomics.net\/blog\/category\/bulldog\/"},"img":{"alt_text":"","src":"","width":0,"height":0},"classes":[]},{"id":8046,"url":"https:\/\/www.atomcomics.net\/blog\/2015\/07\/27\/altamente-ilogico-20-confesiones-de-un-guionista-junto-a-josep-busquet\/","url_meta":{"origin":8454,"position":1},"title":"Altamente Il\u00f3gico 20: Confesiones de un guionista junto a Josep Busquet","author":"ATOM COMICS","date":"27, julio, 2015","format":false,"excerpt":"Los secretos de guionista quedar\u00e1n al final expuestos en este podcast. Sometemos a Josep Busquet a la tortura de nuestras (y vuestras) preguntas. Javi Gonz\u00e1lez (Suxinsu) y Dani el librero preguntan al autor de Fargons & Gorgons, La \u00faltima aventura, Le petit bulldog, La revoluci\u00f3n de los pinceles y tantos\u2026","rel":"","context":"En \u00abPodcast\u00bb","block_context":{"text":"Podcast","link":"https:\/\/www.atomcomics.net\/blog\/category\/pod\/"},"img":{"alt_text":"","src":"","width":0,"height":0},"classes":[]},{"id":8400,"url":"https:\/\/www.atomcomics.net\/blog\/2015\/12\/14\/bulldog-con-28-de-diciembre-en-atom-comics\/","url_meta":{"origin":8454,"position":2},"title":"Bulldog Con, 28 de Diciembre en Atom C\u00f3mics","author":"ATOM COMICS","date":"14, diciembre, 2015","format":false,"excerpt":"","rel":"","context":"En \u00abNoticias\u00bb","block_context":{"text":"Noticias","link":"https:\/\/www.atomcomics.net\/blog\/category\/noticias\/"},"img":{"alt_text":"SjobgtqK","src":"https:\/\/i0.wp.com\/www.atomcomics.net\/wp-content\/uploads\/SjobgtqK.jpg?resize=350%2C200","width":350,"height":200,"srcset":"https:\/\/i0.wp.com\/www.atomcomics.net\/wp-content\/uploads\/SjobgtqK.jpg?resize=350%2C200 1x, https:\/\/i0.wp.com\/www.atomcomics.net\/wp-content\/uploads\/SjobgtqK.jpg?resize=525%2C300 1.5x"},"classes":[]},{"id":8419,"url":"https:\/\/www.atomcomics.net\/blog\/2015\/12\/17\/bulldog-con-28-diciembre-con-edu-ocana\/","url_meta":{"origin":8454,"position":3},"title":"BULLDOG CON 28 DICIEMBRE CON EDU OCA\u00d1A","author":"ATOM COMICS","date":"17, diciembre, 2015","format":false,"excerpt":"Anunciamos llenos de orgullo\u00a0otro\u00a0invitado a la\u00a0Bulldog Con\u00a0que se celebrar\u00e1 el d\u00eda 28 de Diciembre en Atom C\u00f3mics, se trata de: Edu Oca\u00f1a autor de Los cuadernos de Darwin En 1859, El origen de las especies de Charles Darwin sacudi\u00f3 los cimientos de la moral de la sociedad victoriana. Pero cuando\u2026","rel":"","context":"En \u00abBulldog\u00bb","block_context":{"text":"Bulldog","link":"https:\/\/www.atomcomics.net\/blog\/category\/bulldog\/"},"img":{"alt_text":"CWW1aExWIAQ8Llf (1)","src":"https:\/\/i0.wp.com\/www.atomcomics.net\/wp-content\/uploads\/CWW1aExWIAQ8Llf-1.jpg?resize=350%2C200","width":350,"height":200},"classes":[]},{"id":8408,"url":"https:\/\/www.atomcomics.net\/blog\/2015\/12\/16\/bulldog-con-28-diciembre-con-jesus-hervas\/","url_meta":{"origin":8454,"position":4},"title":"Bulldog Con 28 Diciembre con Jes\u00fas Herv\u00e1s","author":"ATOM COMICS","date":"16, diciembre, 2015","format":false,"excerpt":"Nos congratula anunciar que el primer invitado a las Bulldog Con que se celebrar\u00e1 el d\u00eda 28 de Diciembre en Atom C\u00f3mics es: Jes\u00fas Herv\u00e1s \u00a0autor de\u00a0Diluvio Ya no existe tierra firme. Se ha convertido en agua. Un agua que lo ha sumergido todo bajo infatigables aguaceros. Bajo el diluvio.\u2026","rel":"","context":"En \u00abBulldog\u00bb","block_context":{"text":"Bulldog","link":"https:\/\/www.atomcomics.net\/blog\/category\/bulldog\/"},"img":{"alt_text":"CWSEid7WwAA5kwK","src":"https:\/\/i0.wp.com\/www.atomcomics.net\/wp-content\/uploads\/CWSEid7WwAA5kwK.jpg?resize=350%2C200","width":350,"height":200},"classes":[]},{"id":7583,"url":"https:\/\/www.atomcomics.net\/blog\/2014\/12\/26\/josep-busquet-el-sabado-27-en-atom-comics\/","url_meta":{"origin":8454,"position":5},"title":"Josep Busquet el s\u00e1bado 27 en Atom C\u00f3mics","author":"ATOM COMICS","date":"26, diciembre, 2014","format":false,"excerpt":"","rel":"","context":"Entrada similar","block_context":{"text":"Entrada similar","link":""},"img":{"alt_text":"Cartel Josep Busquets","src":"https:\/\/i0.wp.com\/www.atomcomics.net\/wp-content\/uploads\/Cartel-Josep-Busquets-724x1024.jpg?resize=350%2C200","width":350,"height":200},"classes":[]}],"jetpack_sharing_enabled":true,"_links":{"self":[{"href":"https:\/\/www.atomcomics.net\/blog\/wp-json\/wp\/v2\/posts\/8454","targetHints":{"allow":["GET"]}}],"collection":[{"href":"https:\/\/www.atomcomics.net\/blog\/wp-json\/wp\/v2\/posts"}],"about":[{"href":"https:\/\/www.atomcomics.net\/blog\/wp-json\/wp\/v2\/types\/post"}],"author":[{"embeddable":true,"href":"https:\/\/www.atomcomics.net\/blog\/wp-json\/wp\/v2\/users\/1"}],"replies":[{"embeddable":true,"href":"https:\/\/www.atomcomics.net\/blog\/wp-json\/wp\/v2\/comments?post=8454"}],"version-history":[{"count":2,"href":"https:\/\/www.atomcomics.net\/blog\/wp-json\/wp\/v2\/posts\/8454\/revisions"}],"predecessor-version":[{"id":8457,"href":"https:\/\/www.atomcomics.net\/blog\/wp-json\/wp\/v2\/posts\/8454\/revisions\/8457"}],"wp:featuredmedia":[{"embeddable":true,"href":"https:\/\/www.atomcomics.net\/blog\/wp-json\/wp\/v2\/media\/9921"}],"wp:attachment":[{"href":"https:\/\/www.atomcomics.net\/blog\/wp-json\/wp\/v2\/media?parent=8454"}],"wp:term":[{"taxonomy":"category","embeddable":true,"href":"https:\/\/www.atomcomics.net\/blog\/wp-json\/wp\/v2\/categories?post=8454"},{"taxonomy":"post_tag","embeddable":true,"href":"https:\/\/www.atomcomics.net\/blog\/wp-json\/wp\/v2\/tags?post=8454"}],"curies":[{"name":"wp","href":"https:\/\/api.w.org\/{rel}","templated":true}]}}