{"id":8464,"date":"2015-12-30T19:12:19","date_gmt":"2015-12-30T17:12:19","guid":{"rendered":"http:\/\/www.atomcomics.net\/?p=8464"},"modified":"2015-12-31T12:54:58","modified_gmt":"2015-12-31T10:54:58","slug":"altamente-ilogico-21-bulldog-con-2015","status":"publish","type":"post","link":"https:\/\/www.atomcomics.net\/blog\/2015\/12\/30\/altamente-ilogico-21-bulldog-con-2015\/","title":{"rendered":"Altamente Il\u00f3gico 21: Bulldog Con 2015"},"content":{"rendered":"<p>Programa muy especial ya que se trata de la charla que se mantuvo en Atom C\u00f3mics el 28 de diciembre de 2015 con motivo de la Bulldog Con.<\/p>\n<p><strong>Josep Busquet<\/strong> modera y participa en \u201c<span style=\"text-decoration: underline;\"><a href=\"http:\/\/www.ivoox.com\/altamente-ilogico-21-bulldog-con-2015-audios-mp3_rf_9925278_1.html\">Tu a Bruselas y yo a California 2<\/a><\/span>\u201d, una mesa redonda donde se habl\u00f3 de las diferencias de trabajar para el mercado norteamericano y el europeo.<\/p>\n<p>Para ello se cont\u00f3 con la presencia de tres grandes autores: <strong>Jes\u00fas Herv\u00e1s<\/strong> (<em>Diluvio, Hellraiser, Sons of Anarchy<\/em>), <strong>Edu Oca\u00f1a<\/strong> (<em>Los cuadernos de Darwin, Histoires de France<\/em>) y <strong>Alberto Jim\u00e9nez Alburquerque<\/strong> (<em>Ella, La Carta 44<\/em>)<br \/>\n<iframe loading=\"lazy\" id=\"audio_9925278\" style=\"border: 1px solid #EEE; box-sizing: border-box; width: 100%;\" src=\"https:\/\/www.ivoox.com\/player_ej_9925278_4_1.html?c1=ff6600\" width=\"300\" height=\"200\" frameborder=\"0\" scrolling=\"no\" allowfullscreen=\"allowfullscreen\"><\/iframe><\/p>\n<p>Altamente Il\u00f3gico es el podcast de Atom C\u00f3mics, librer\u00eda especializada de Madrid, con el apoyo de www.comicalia.com<br \/>\nUna producci\u00f3n de:<br \/>\nATOM COMICS<br \/>\nc\/ Fuencarral 134 (entrada por Alburquerque) \u2013 28010 Madrid<br \/>\ninfo@atomcomics.net<br \/>\nwww.atomcomics.net y www.comicalia.com<\/p>\n","protected":false},"excerpt":{"rendered":"<p>Programa muy especial ya que se trata de la charla que se mantuvo en Atom C\u00f3mics el 28 de diciembre de 2015 con motivo de la Bulldog Con. Josep Busquet modera y participa en \u201cTu&hellip; <a class=\"read-more-link\" href=\"https:\/\/www.atomcomics.net\/blog\/2015\/12\/30\/altamente-ilogico-21-bulldog-con-2015\/\">(seguir leyendo)<\/a><\/p>\n","protected":false},"author":1,"featured_media":9921,"comment_status":"closed","ping_status":"open","sticky":false,"template":"","format":"standard","meta":{"jetpack_post_was_ever_published":false,"_jetpack_newsletter_access":"","_jetpack_dont_email_post_to_subs":false,"_jetpack_newsletter_tier_id":0,"_jetpack_memberships_contains_paywalled_content":false,"_jetpack_memberships_contains_paid_content":false,"footnotes":"","jetpack_publicize_message":"","jetpack_publicize_feature_enabled":true,"jetpack_social_post_already_shared":true,"jetpack_social_options":{"image_generator_settings":{"template":"highway","default_image_id":0,"font":"","enabled":false},"version":2}},"categories":[287,46],"tags":[],"class_list":["post-8464","post","type-post","status-publish","format-standard","has-post-thumbnail","hentry","category-bulldog","category-pod"],"jetpack_publicize_connections":[],"jetpack_featured_media_url":"https:\/\/i0.wp.com\/www.atomcomics.net\/blog\/wp-content\/uploads\/logonegro.png?fit=473%2C191&ssl=1","jetpack_shortlink":"https:\/\/wp.me\/p53Ua-2cw","jetpack-related-posts":[{"id":8046,"url":"https:\/\/www.atomcomics.net\/blog\/2015\/07\/27\/altamente-ilogico-20-confesiones-de-un-guionista-junto-a-josep-busquet\/","url_meta":{"origin":8464,"position":0},"title":"Altamente Il\u00f3gico 20: Confesiones de un guionista junto a Josep Busquet","author":"ATOM COMICS","date":"27, julio, 2015","format":false,"excerpt":"Los secretos de guionista quedar\u00e1n al final expuestos en este podcast. Sometemos a Josep Busquet a la tortura de nuestras (y vuestras) preguntas. Javi Gonz\u00e1lez (Suxinsu) y Dani el librero preguntan al autor de Fargons & Gorgons, La \u00faltima aventura, Le petit bulldog, La revoluci\u00f3n de los pinceles y tantos\u2026","rel":"","context":"En \u00abPodcast\u00bb","block_context":{"text":"Podcast","link":"https:\/\/www.atomcomics.net\/blog\/category\/pod\/"},"img":{"alt_text":"","src":"","width":0,"height":0},"classes":[]},{"id":10053,"url":"https:\/\/www.atomcomics.net\/blog\/2017\/08\/28\/altamente-ilogico-26-autasasinofilia-hulka-bois-maury-y-mas\/","url_meta":{"origin":8464,"position":1},"title":"Altamente il\u00f3gico 26. Autasasinofilia, Hulka, Bois-Maury y m\u00e1s","author":"ATOM COMICS","date":"28, agosto, 2017","format":false,"excerpt":"Un nuevo cap\u00edtulo de Altamente il\u00f3gico. Un podcast cuanto menos il\u00f3gico.","rel":"","context":"En \u00abPodcast\u00bb","block_context":{"text":"Podcast","link":"https:\/\/www.atomcomics.net\/blog\/category\/pod\/"},"img":{"alt_text":"","src":"https:\/\/i0.wp.com\/www.atomcomics.net\/blog\/wp-content\/uploads\/autasasinofilia-01-e1503913919665.jpg?fit=800%2C400&ssl=1&resize=350%2C200","width":350,"height":200,"srcset":"https:\/\/i0.wp.com\/www.atomcomics.net\/blog\/wp-content\/uploads\/autasasinofilia-01-e1503913919665.jpg?fit=800%2C400&ssl=1&resize=350%2C200 1x, https:\/\/i0.wp.com\/www.atomcomics.net\/blog\/wp-content\/uploads\/autasasinofilia-01-e1503913919665.jpg?fit=800%2C400&ssl=1&resize=525%2C300 1.5x, https:\/\/i0.wp.com\/www.atomcomics.net\/blog\/wp-content\/uploads\/autasasinofilia-01-e1503913919665.jpg?fit=800%2C400&ssl=1&resize=700%2C400 2x"},"classes":[]},{"id":11350,"url":"https:\/\/www.atomcomics.net\/blog\/2018\/10\/23\/altamente-ilogico-32-terraza-viento-wismichu-el-pene-de-batman\/","url_meta":{"origin":8464,"position":2},"title":"Altamente il\u00f3gico 32. Terraza, viento, Wismichu, el pene de Batman&#8230;","author":"ATOM COMICS","date":"23, octubre, 2018","format":false,"excerpt":"Pese al viento, pedimos perd\u00f3n por el audio, Ana Rodr\u00edguez, Javi Suxinsu y Dani-el librero volvieron a reunirse para hablar, ya no hay tema, ya no hay actualidad, ya no hay nada, s\u00f3lo queda: ALTAMENTE IL\u00d3GICO. Hablamos de c\u00f3mics de terror, de Hickman, de Sitges, del pene de Batman y\u2026","rel":"","context":"En \u00abPodcast\u00bb","block_context":{"text":"Podcast","link":"https:\/\/www.atomcomics.net\/blog\/category\/pod\/"},"img":{"alt_text":"","src":"https:\/\/i0.wp.com\/www.atomcomics.net\/blog\/wp-content\/uploads\/batmans-censored-penis.png?fit=807%2C416&ssl=1&resize=350%2C200","width":350,"height":200,"srcset":"https:\/\/i0.wp.com\/www.atomcomics.net\/blog\/wp-content\/uploads\/batmans-censored-penis.png?fit=807%2C416&ssl=1&resize=350%2C200 1x, https:\/\/i0.wp.com\/www.atomcomics.net\/blog\/wp-content\/uploads\/batmans-censored-penis.png?fit=807%2C416&ssl=1&resize=525%2C300 1.5x, https:\/\/i0.wp.com\/www.atomcomics.net\/blog\/wp-content\/uploads\/batmans-censored-penis.png?fit=807%2C416&ssl=1&resize=700%2C400 2x"},"classes":[]},{"id":6207,"url":"https:\/\/www.atomcomics.net\/blog\/2013\/12\/26\/altamente-ilogico-lo-mejor-de-2013\/","url_meta":{"origin":8464,"position":3},"title":"Altamente Il\u00f3gico: Lo mejor de 2013","author":"ATOM COMICS","date":"26, diciembre, 2013","format":false,"excerpt":"Os traemos el \u00faltimo podcast del a\u00f1o, y como no, va de lo mejor de 2013. Sentimos la calidad del audio, cosas del directo. \u00a1FELIZ 2014! Altamente il\u00f3gico es una producci\u00f3n de: ATOM COMICS c\/ Fuencarral 134 \u2013 28010 Madrid info@atomcomics.net www.atomcomics.net y www.comicalia.com","rel":"","context":"En \u00abPodcast\u00bb","block_context":{"text":"Podcast","link":"https:\/\/www.atomcomics.net\/blog\/category\/pod\/"},"img":{"alt_text":"Bb269BkIYAEiSnY","src":"https:\/\/i0.wp.com\/www.atomcomics.net\/wp-content\/uploads\/Bb269BkIYAEiSnY.jpg?resize=350%2C200","width":350,"height":200},"classes":[]},{"id":6571,"url":"https:\/\/www.atomcomics.net\/blog\/2014\/02\/20\/altamente-ilogico-oscars-premios-comiqueros-y-desparrame-mental\/","url_meta":{"origin":8464,"position":4},"title":"Altamente il\u00f3gico: Oscars, premios comiqueros y desparrame mental","author":"ATOM COMICS","date":"20, febrero, 2014","format":false,"excerpt":"Nuevo podcast, el segundo en neo-Atom y esta vez nos vamos al cine. M\u00e1s concretamente a los Oscars. Luigi, Javi (Suxinsu) y el librero apuestan sobre los futuros Oscars. Como no, se menciona a Nathan Fillion aunque nada tenga que ver. Adem\u00e1s, se habla de los premios de c\u00f3mic y\u2026","rel":"","context":"En \u00abPodcast\u00bb","block_context":{"text":"Podcast","link":"https:\/\/www.atomcomics.net\/blog\/category\/pod\/"},"img":{"alt_text":"OSCARS","src":"https:\/\/i0.wp.com\/www.atomcomics.net\/wp-content\/uploads\/OSCARS.jpg?resize=350%2C200","width":350,"height":200},"classes":[]},{"id":11169,"url":"https:\/\/www.atomcomics.net\/blog\/2018\/07\/23\/altamente-ilogico-31-en-la-cama-con-la-pantoja-en-el-madcool-leyendo-tebeos-de-verano\/","url_meta":{"origin":8464,"position":5},"title":"Altamente Il\u00f3gico 31. En la cama con la Pantoja en el Madcool leyendo tebeos de verano","author":"ATOM COMICS","date":"23, julio, 2018","format":false,"excerpt":"Especial lecturas veraniegas y otras idas de pinza No lo ped\u00edais pero aqu\u00ed est\u00e1, un nuevo episodio del podcast m\u00e1s at\u00f3mico, Altamente Il\u00f3gico ha regresado. Y esta vez lo hace lo al aire libre: comienza la Era Open. Ana Rodr\u00edguez, Javi Suxinsu y Dani-el librero repasan la actualidad, el pasado,\u2026","rel":"","context":"En \u00abLecturas recomendadas\u00bb","block_context":{"text":"Lecturas recomendadas","link":"https:\/\/www.atomcomics.net\/blog\/category\/aca\/"},"img":{"alt_text":"","src":"https:\/\/i0.wp.com\/www.atomcomics.net\/blog\/wp-content\/uploads\/a82fae3d-3bd0-4a82-9651-11027815d15b-e1532193740847.jpg?fit=800%2C416&ssl=1&resize=350%2C200","width":350,"height":200,"srcset":"https:\/\/i0.wp.com\/www.atomcomics.net\/blog\/wp-content\/uploads\/a82fae3d-3bd0-4a82-9651-11027815d15b-e1532193740847.jpg?fit=800%2C416&ssl=1&resize=350%2C200 1x, https:\/\/i0.wp.com\/www.atomcomics.net\/blog\/wp-content\/uploads\/a82fae3d-3bd0-4a82-9651-11027815d15b-e1532193740847.jpg?fit=800%2C416&ssl=1&resize=525%2C300 1.5x, https:\/\/i0.wp.com\/www.atomcomics.net\/blog\/wp-content\/uploads\/a82fae3d-3bd0-4a82-9651-11027815d15b-e1532193740847.jpg?fit=800%2C416&ssl=1&resize=700%2C400 2x"},"classes":[]}],"jetpack_sharing_enabled":true,"_links":{"self":[{"href":"https:\/\/www.atomcomics.net\/blog\/wp-json\/wp\/v2\/posts\/8464","targetHints":{"allow":["GET"]}}],"collection":[{"href":"https:\/\/www.atomcomics.net\/blog\/wp-json\/wp\/v2\/posts"}],"about":[{"href":"https:\/\/www.atomcomics.net\/blog\/wp-json\/wp\/v2\/types\/post"}],"author":[{"embeddable":true,"href":"https:\/\/www.atomcomics.net\/blog\/wp-json\/wp\/v2\/users\/1"}],"replies":[{"embeddable":true,"href":"https:\/\/www.atomcomics.net\/blog\/wp-json\/wp\/v2\/comments?post=8464"}],"version-history":[{"count":2,"href":"https:\/\/www.atomcomics.net\/blog\/wp-json\/wp\/v2\/posts\/8464\/revisions"}],"predecessor-version":[{"id":8472,"href":"https:\/\/www.atomcomics.net\/blog\/wp-json\/wp\/v2\/posts\/8464\/revisions\/8472"}],"wp:featuredmedia":[{"embeddable":true,"href":"https:\/\/www.atomcomics.net\/blog\/wp-json\/wp\/v2\/media\/9921"}],"wp:attachment":[{"href":"https:\/\/www.atomcomics.net\/blog\/wp-json\/wp\/v2\/media?parent=8464"}],"wp:term":[{"taxonomy":"category","embeddable":true,"href":"https:\/\/www.atomcomics.net\/blog\/wp-json\/wp\/v2\/categories?post=8464"},{"taxonomy":"post_tag","embeddable":true,"href":"https:\/\/www.atomcomics.net\/blog\/wp-json\/wp\/v2\/tags?post=8464"}],"curies":[{"name":"wp","href":"https:\/\/api.w.org\/{rel}","templated":true}]}}